{"id":1059,"date":"2020-06-19T11:40:14","date_gmt":"2020-06-19T09:40:14","guid":{"rendered":"http:\/\/mos.kamienna-gora.pl\/?p=1059"},"modified":"2020-06-19T20:03:27","modified_gmt":"2020-06-19T18:03:27","slug":"wyniki-wspolzawodnictwa-szkol-powiatu-kamiennogorskiego","status":"publish","type":"post","link":"http:\/\/mos.kamienna-gora.pl\/index.php\/2020\/06\/19\/wyniki-wspolzawodnictwa-szkol-powiatu-kamiennogorskiego\/","title":{"rendered":"Wyniki wsp\u00f3\u0142zawodnictwa sportowego szk\u00f3\u0142 powiatu kamiennog\u00f3rskiego"},"content":{"rendered":"<p><strong>Szanowni Dyrektorzy, Nauczyciele , Rodzice i Uczniowie<\/strong><\/p>\n<p>ze wzgl\u0119du na obecn\u0105 sytuacj\u0119 epidemiologiczn\u0105 \u00a0zwi\u0105zan\u0105 z pandemi\u0105 COVID -19 nie jeste\u015bmy w stanie, tak jak, ka\u017cdego roku w czerwcu uroczy\u015bcie podsumowa\u0107 sportowych zmaga\u0144 dzieci i m\u0142odzie\u017cy na Spotkaniu Mistrz\u00f3w Sportu Szkolnego.<\/p>\n<p>Pomimo utrudnie\u0144, kt\u00f3re zdominowa\u0142y Nasze dotychczasowe \u017cycie uda\u0142o nam si\u0119 podsumowa\u0107 rywalizacj\u0119 sportow\u0105 szk\u00f3\u0142. W ramach wsp\u00f3\u0142zawodnictwa \u00a0MOS \u00a0prowadzi\u0142 punktacje osobno w kategorii dziewcz\u0105t i ch\u0142opc\u00f3w zar\u00f3wno w szko\u0142ach podstawowych oraz\u00a0 licealnych ( zawody do 12 marca 2020 r.)\u00a0<\/p>\n<p>\u00a0Do punktacji szk\u00f3\u0142 wliczono:<\/p>\n<ul>\n<li>Igrzyska Dzieci &#8211; 10\u00a0 najlepszych wynik\u00f3w ,\u00a0<\/li>\n<li>Igrzyska M\u0142odzie\u017cy Szkolnej &#8211; 10\u00a0 najlepszych wynik\u00f3w<\/li>\n<li>Licealiada &#8211; 10 najlepszych wynik\u00f3w\u00a0\u00a0\u00a0<\/li>\n<\/ul>\n<p><u>Wyniki wsp\u00f3\u0142zawodnictwa sportowego szk\u00f3\u0142 podstawowych i licealnych powiatu kamiennog\u00f3rskiego<\/u><u> za rok szkolny 2019\/2020<\/u><\/p>\n<p><strong>Igrzyska Dzieci <\/strong><span style=\"font-size: inherit;\">Dziewcz\u0119ta:<\/span><\/p>\n<ol>\n<li><strong>Szko\u0142a Podstawowa nr 2 Kamienna G\u00f3ra<\/strong><\/li>\n<li><strong>Szko\u0142a Podstawowa w Lubawce<\/strong><\/li>\n<li><strong>Szko\u0142a Podstawowa w Pisarzowicach<\/strong><\/li>\n<li>Szko\u0142a Podstawowa nr 1 Kamienna G\u00f3ra<\/li>\n<li>Szko\u0142a Podstawowa w Marciszowie<\/li>\n<li>Szko\u0142a Podstawowa w Che\u0142msku \u015al\u0105skim<\/li>\n<li>Szko\u0142a Podstawowa w Krzeszowie<\/li>\n<li>Szko\u0142a Podstawowa w Szarocinie<\/li>\n<li>Szko\u0142a Podstawowa w Miszkowicach<\/li>\n<li>Szko\u0142a Podstawowa w Ptaszkowie<\/li>\n<li><span style=\"font-size: inherit;\">ZSS Szko\u0142a Podstawowa \u00a0w Kamiennej G\u00f3rze<\/span><\/li>\n<\/ol>\n<p>Ch\u0142opcy:<\/p>\n<ol>\n<li><strong>Szko\u0142a Podstawowa nr 2 Kamienna G\u00f3ra<\/strong><\/li>\n<li><strong>Szko\u0142a Podstawowa w Pisarzowicach<\/strong><\/li>\n<li><strong>Szko\u0142a Podstawowa nr 1 Kamienna G\u00f3ra<\/strong><\/li>\n<li>Szko\u0142a Podstawowa w Krzeszowie \u00a0\u00a0\u00a0\u00a0\u00a0\u00a0\u00a0\u00a0<\/li>\n<li>Szko\u0142a Podstawowa w Lubawce \u00a0\u00a0\u00a0\u00a0\u00a0\u00a0\u00a0\u00a0<\/li>\n<li>Szko\u0142a Podstawowa w Che\u0142msku \u015al\u0105skim<\/li>\n<li>Szko\u0142a Podstawowa w Marciszowie<\/li>\n<li>Szko\u0142a Podstawowa w Miszkowicach<\/li>\n<li>Szko\u0142a Podstawowa w Szarocinie<\/li>\n<li>Szko\u0142a Podstawowa w Ptaszkowie<\/li>\n<li><span style=\"font-size: inherit;\">ZSS Szko\u0142a Podstawowa \u00a0w Kamiennej G\u00f3rze<\/span><\/li>\n<\/ol>\n<p><strong>Igrzyska M\u0142odzie\u017cy Szkolnej<\/strong><\/p>\n<p>Dziewcz\u0119ta:<\/p>\n<ol>\n<li><strong>Szko\u0142a Podstawowa nr 2 Kamienna G\u00f3ra<\/strong><\/li>\n<li><strong>Szko\u0142a Podstawowa w Lubawce \u00a0\u00a0\u00a0\u00a0\u00a0\u00a0\u00a0\u00a0\u00a0\u00a0\u00a0\u00a0\u00a0\u00a0\u00a0\u00a0\u00a0\u00a0\u00a0\u00a0\u00a0\u00a0\u00a0\u00a0\u00a0\u00a0\u00a0<\/strong><\/li>\n<li><strong>Szko\u0142a Podstawowa w Krzeszowie<\/strong><\/li>\n<li>Szko\u0142a Podstawowa nr 1 Kamienna G\u00f3ra<\/li>\n<li>Szko\u0142a Podstawowa w Miszkowicach<\/li>\n<li>Szko\u0142a Podstawowa w Pisarzowicach<\/li>\n<li>Szko\u0142a Podstawowa w Ptaszkowie<\/li>\n<li>Szko\u0142a Podstawowa w Szarocinie<\/li>\n<li>Szko\u0142a Podstawowa w Marciszowie \u00a0\u00a0\u00a0\u00a0\u00a0\u00a0\u00a0\u00a0\u00a0\u00a0\u00a0\u00a0\u00a0\u00a0\u00a0\u00a0\u00a0\u00a0<\/li>\n<li>Szko\u0142a Podstawowa w Che\u0142msku \u015al\u0105skim<\/li>\n<li><span style=\"font-size: inherit;\">ZSS Szko\u0142a Podstawowa \u00a0w Kamiennej G\u00f3rze<\/span>\u00a0 \u00a0 \u00a0 \u00a0 \u00a0 \u00a0<\/li>\n<\/ol>\n<p>Ch\u0142opcy:<\/p>\n<ol>\n<li><strong>Szko\u0142a Podstawowa nr 2 Kamienna G\u00f3ra<\/strong><\/li>\n<li><strong>Szko\u0142a Podstawowa nr 1 Kamienna G\u00f3ra<\/strong><\/li>\n<li><strong>Szko\u0142a Podstawowa w Krzeszowie<\/strong><\/li>\n<li>Szko\u0142a Podstawowa w Lubawce<\/li>\n<li>Szko\u0142a Podstawowa w Pisarzowicach<\/li>\n<li>Szko\u0142a Podstawowa w Miszkowicach<\/li>\n<li>Szko\u0142a Podstawowa w Marciszowie<\/li>\n<li>Szko\u0142a Podstawowa w Szarocinie<\/li>\n<li>Szko\u0142a Podstawowa w Che\u0142msku \u015al\u0105skim<\/li>\n<li>Szko\u0142a Podstawowa w Ptaszkowie\u00a0\u00a0\u00a0\u00a0\u00a0\u00a0\u00a0\u00a0\u00a0\u00a0\u00a0<\/li>\n<li><span style=\"font-size: inherit;\">ZSS Szko\u0142a Podstawowa \u00a0w Kamiennej G\u00f3rze<\/span>\u00a0<\/li>\n<\/ol>\n<p><strong>Licealiada M\u0142odzie\u017cy<\/strong><\/p>\n<p>Dziewcz\u0119ta:<\/p>\n<ol>\n<li><strong>Liceum Og\u00f3lnokszta\u0142c\u0105ce w Kamiennej G\u00f3rze<\/strong><\/li>\n<li>Zesp\u00f3\u0142 Szk\u00f3\u0142 Zawodowych i Og\u00f3lnokszta\u0142c\u0105cych w Kamiennej G\u00f3rze<\/li>\n<\/ol>\n<p>Ch\u0142opcy:<\/p>\n<ol>\n<li>\n<p><strong>Zesp\u00f3l Szk\u00f3l Zawodowych i Og\u00f3lnokszta\u0142c\u0105cych w Kamiennej G\u00f3rze<\/strong><\/p>\n<\/li>\n<li><span style=\"font-size: inherit;\">Liceum Og\u00f3lnokszta\u0142c\u0105ce w Kamiennej G\u00f3rze<\/span><\/li>\n<\/ol>\n<p style=\"text-align: right;\"><strong>\u00a0\u00a0\u00a0\u00a0\u00a0\u00a0\u00a0\u00a0\u00a0\u00a0\u00a0\u00a0\u00a0\u00a0\u00a0\u00a0\u00a0\u00a0\u00a0\u00a0\u00a0\u00a0\u00a0\u00a0\u00a0\u00a0\u00a0\u00a0\u00a0\u00a0\u00a0\u00a0\u00a0\u00a0\u00a0\u00a0\u00a0\u00a0\u00a0\u00a0\u00a0\u00a0\u00a0\u00a0\u00a0\u00a0\u00a0\u00a0\u00a0\u00a0\u00a0\u00a0\u00a0\u00a0\u00a0\u00a0\u00a0\u00a0\u00a0\u00a0\u00a0\u00a0\u00a0\u00a0\u00a0\u00a0\u00a0\u00a0\u00a0\u00a0\u00a0\u00a0\u00a0\u00a0\u00a0\u00a0\u00a0\u00a0\u00a0\u00a0\u00a0\u00a0\u00a0\u00a0\u00a0\u00a0\u00a0\u00a0\u00a0\u00a0\u00a0\u00a0\u00a0\u00a0\u00a0\u00a0\u00a0\u00a0\u00a0\u00a0\u00a0\u00a0\u00a0\u00a0\u00a0\u00a0\u00a0\u00a0\u00a0\u00a0\u00a0\u00a0\u00a0\u00a0\u00a0\u00a0\u00a0\u00a0\u00a0\u00a0\u00a0\u00a0\u00a0\u00a0\u00a0\u00a0\u00a0\u00a0 GRATULUJEMY !!!<\/strong><\/p>\n\n\n<figure class=\"wp-block-gallery aligncenter columns-2 is-cropped wp-block-gallery-1 is-layout-flex wp-block-gallery-is-layout-flex\"><ul class=\"blocks-gallery-grid\"><li class=\"blocks-gallery-item\"><figure><a href=\"http:\/\/mos.kamienna-gora.pl\/wp-content\/uploads\/2020\/06\/65709514_890729231275689_506222613786263552_n-1.jpg\"><img loading=\"lazy\" decoding=\"async\" width=\"720\" height=\"480\" data-attachment-id=\"1060\" data-permalink=\"http:\/\/mos.kamienna-gora.pl\/index.php\/2020\/06\/19\/wyniki-wspolzawodnictwa-szkol-powiatu-kamiennogorskiego\/65709514_890729231275689_506222613786263552_n-1\/\" data-orig-file=\"http:\/\/mos.kamienna-gora.pl\/wp-content\/uploads\/2020\/06\/65709514_890729231275689_506222613786263552_n-1.jpg\" data-orig-size=\"720,480\" data-comments-opened=\"1\" data-image-meta=\"{&quot;aperture&quot;:&quot;0&quot;,&quot;credit&quot;:&quot;Artur Kubieniec&quot;,&quot;camera&quot;:&quot;&quot;,&quot;caption&quot;:&quot;&quot;,&quot;created_timestamp&quot;:&quot;0&quot;,&quot;copyright&quot;:&quot;&quot;,&quot;focal_length&quot;:&quot;0&quot;,&quot;iso&quot;:&quot;0&quot;,&quot;shutter_speed&quot;:&quot;0&quot;,&quot;title&quot;:&quot;&quot;,&quot;orientation&quot;:&quot;0&quot;}\" data-image-title=\"65709514_890729231275689_506222613786263552_n-1\" data-image-description=\"\" data-image-caption=\"\" data-large-file=\"http:\/\/mos.kamienna-gora.pl\/wp-content\/uploads\/2020\/06\/65709514_890729231275689_506222613786263552_n-1.jpg\" src=\"http:\/\/mos.kamienna-gora.pl\/wp-content\/uploads\/2020\/06\/65709514_890729231275689_506222613786263552_n-1.jpg\" alt=\"\" data-id=\"1060\" data-full-url=\"http:\/\/mos.kamienna-gora.pl\/wp-content\/uploads\/2020\/06\/65709514_890729231275689_506222613786263552_n-1.jpg\" data-link=\"http:\/\/mos.kamienna-gora.pl\/?attachment_id=1060\" class=\"wp-image-1060\" srcset=\"http:\/\/mos.kamienna-gora.pl\/wp-content\/uploads\/2020\/06\/65709514_890729231275689_506222613786263552_n-1.jpg 720w, http:\/\/mos.kamienna-gora.pl\/wp-content\/uploads\/2020\/06\/65709514_890729231275689_506222613786263552_n-1-300x200.jpg 300w\" sizes=\"auto, (max-width: 720px) 100vw, 720px\" \/><\/a><\/figure><\/li><li class=\"blocks-gallery-item\"><figure><a href=\"http:\/\/mos.kamienna-gora.pl\/wp-content\/uploads\/2020\/06\/RR30023-1.jpg\"><img loading=\"lazy\" decoding=\"async\" width=\"683\" height=\"1024\" data-attachment-id=\"1061\" data-permalink=\"http:\/\/mos.kamienna-gora.pl\/index.php\/2020\/06\/19\/wyniki-wspolzawodnictwa-szkol-powiatu-kamiennogorskiego\/rr30023-1\/\" data-orig-file=\"http:\/\/mos.kamienna-gora.pl\/wp-content\/uploads\/2020\/06\/RR30023-1.jpg\" data-orig-size=\"800,1200\" data-comments-opened=\"1\" data-image-meta=\"{&quot;aperture&quot;:&quot;2.8&quot;,&quot;credit&quot;:&quot;Artur Kubieniec&quot;,&quot;camera&quot;:&quot;Canon EOS 6D&quot;,&quot;caption&quot;:&quot;&quot;,&quot;created_timestamp&quot;:&quot;1560769090&quot;,&quot;copyright&quot;:&quot;&quot;,&quot;focal_length&quot;:&quot;48&quot;,&quot;iso&quot;:&quot;4000&quot;,&quot;shutter_speed&quot;:&quot;0.01&quot;,&quot;title&quot;:&quot;&quot;,&quot;orientation&quot;:&quot;0&quot;}\" data-image-title=\"RR30023-1\" data-image-description=\"\" data-image-caption=\"\" data-large-file=\"http:\/\/mos.kamienna-gora.pl\/wp-content\/uploads\/2020\/06\/RR30023-1-683x1024.jpg\" src=\"http:\/\/mos.kamienna-gora.pl\/wp-content\/uploads\/2020\/06\/RR30023-1-683x1024.jpg\" alt=\"\" data-id=\"1061\" data-full-url=\"http:\/\/mos.kamienna-gora.pl\/wp-content\/uploads\/2020\/06\/RR30023-1.jpg\" data-link=\"http:\/\/mos.kamienna-gora.pl\/?attachment_id=1061\" class=\"wp-image-1061\" srcset=\"http:\/\/mos.kamienna-gora.pl\/wp-content\/uploads\/2020\/06\/RR30023-1-683x1024.jpg 683w, http:\/\/mos.kamienna-gora.pl\/wp-content\/uploads\/2020\/06\/RR30023-1-200x300.jpg 200w, http:\/\/mos.kamienna-gora.pl\/wp-content\/uploads\/2020\/06\/RR30023-1-768x1152.jpg 768w, http:\/\/mos.kamienna-gora.pl\/wp-content\/uploads\/2020\/06\/RR30023-1.jpg 800w\" sizes=\"auto, (max-width: 683px) 100vw, 683px\" \/><\/a><\/figure><\/li><\/ul><\/figure>\n","protected":false},"excerpt":{"rendered":"<p>Szanowni Dyrektorzy, Nauczyciele , Rodzice i Uczniowie ze wzgl\u0119du na obecn\u0105 sytuacj\u0119 epidemiologiczn\u0105 \u00a0zwi\u0105zan\u0105 z pandemi\u0105 COVID -19 nie jeste\u015bmy&hellip;<\/p>\n","protected":false},"author":1,"featured_media":1060,"comment_status":"open","ping_status":"open","sticky":false,"template":"","format":"standard","meta":{"jetpack_post_was_ever_published":false,"_jetpack_newsletter_access":"","_jetpack_dont_email_post_to_subs":false,"_jetpack_newsletter_tier_id":0,"_jetpack_memberships_contains_paywalled_content":false,"_jetpack_memberships_contains_paid_content":false,"footnotes":""},"categories":[3],"tags":[],"class_list":["post-1059","post","type-post","status-publish","format-standard","has-post-thumbnail","hentry","category-komunikaty"],"jetpack_featured_media_url":"http:\/\/mos.kamienna-gora.pl\/wp-content\/uploads\/2020\/06\/65709514_890729231275689_506222613786263552_n-1.jpg","jetpack_sharing_enabled":true,"jetpack_shortlink":"https:\/\/wp.me\/paEJ1v-h5","jetpack-related-posts":[],"_links":{"self":[{"href":"http:\/\/mos.kamienna-gora.pl\/index.php\/wp-json\/wp\/v2\/posts\/1059","targetHints":{"allow":["GET"]}}],"collection":[{"href":"http:\/\/mos.kamienna-gora.pl\/index.php\/wp-json\/wp\/v2\/posts"}],"about":[{"href":"http:\/\/mos.kamienna-gora.pl\/index.php\/wp-json\/wp\/v2\/types\/post"}],"author":[{"embeddable":true,"href":"http:\/\/mos.kamienna-gora.pl\/index.php\/wp-json\/wp\/v2\/users\/1"}],"replies":[{"embeddable":true,"href":"http:\/\/mos.kamienna-gora.pl\/index.php\/wp-json\/wp\/v2\/comments?post=1059"}],"version-history":[{"count":5,"href":"http:\/\/mos.kamienna-gora.pl\/index.php\/wp-json\/wp\/v2\/posts\/1059\/revisions"}],"predecessor-version":[{"id":1069,"href":"http:\/\/mos.kamienna-gora.pl\/index.php\/wp-json\/wp\/v2\/posts\/1059\/revisions\/1069"}],"wp:featuredmedia":[{"embeddable":true,"href":"http:\/\/mos.kamienna-gora.pl\/index.php\/wp-json\/wp\/v2\/media\/1060"}],"wp:attachment":[{"href":"http:\/\/mos.kamienna-gora.pl\/index.php\/wp-json\/wp\/v2\/media?parent=1059"}],"wp:term":[{"taxonomy":"category","embeddable":true,"href":"http:\/\/mos.kamienna-gora.pl\/index.php\/wp-json\/wp\/v2\/categories?post=1059"},{"taxonomy":"post_tag","embeddable":true,"href":"http:\/\/mos.kamienna-gora.pl\/index.php\/wp-json\/wp\/v2\/tags?post=1059"}],"curies":[{"name":"wp","href":"https:\/\/api.w.org\/{rel}","templated":true}]}}