{"id":1095,"date":"2020-09-25T13:11:26","date_gmt":"2020-09-25T11:11:26","guid":{"rendered":"http:\/\/mos.kamienna-gora.pl\/?p=1095"},"modified":"2020-09-25T13:11:26","modified_gmt":"2020-09-25T11:11:26","slug":"dwuboj-nowoczesny-dziewczat-i-chlopcow-igrzyska-dzieci-oraz-igrzyska-mlodziezy-szkolnej","status":"publish","type":"post","link":"http:\/\/mos.kamienna-gora.pl\/index.php\/2020\/09\/25\/dwuboj-nowoczesny-dziewczat-i-chlopcow-igrzyska-dzieci-oraz-igrzyska-mlodziezy-szkolnej\/","title":{"rendered":"Dwub\u00f3j nowoczesny dziewcz\u0105t i ch\u0142opc\u00f3w -Igrzyska Dzieci oraz Igrzyska M\u0142odzie\u017cy Szkolnej"},"content":{"rendered":"\n<p>W dniu 25.09.2020 r. w Kamiennej G\u00f3rze odby\u0142y si\u0119 pierwsze zawody powiatowe w roku szkolnym 2020\/2021. Dwub\u00f3j nowoczesny w kategorii dziewcz\u0105t i ch\u0142opc\u00f3w w Igrzyskach Dzieci oraz Igrzyskach M\u0142odzie\u017cy Szkolnej.<\/p>\n<p>Wyniki zawod\u00f3w:<\/p>\n<p><strong>IGRZYSKA DZIECI DZIEWCZ\u0104T:<\/strong><\/p>\n<p>BIEG &#8211; P\u0141YWANIE<\/p>\n<p><strong><u>Dziewcz\u0119ta:<\/u>\u00a0\u00a0\u00a0\u00a0\u00a0\u00a0\u00a0\u00a0\u00a0\u00a0\u00a0\u00a0\u00a0\u00a0\u00a0\u00a0\u00a0\u00a0\u00a0\u00a0\u00a0\u00a0<\/strong><\/p>\n<p><strong>\u00a0 \u00a0 \u00a0 \u00a0 \u00a0 \u00a0 \u00a0 \u00a0 \u00a0 \u00a0 \u00a0 \u00a0 \u00a0 \u00a0 \u00a0 \u00a0 \u00a0 \u00a0 \u00a0 \u00a0 \u00a0 \u00a0 szko\u0142a\u00a0\u00a0\u00a0\u00a0\u00a0\u00a0\u00a0\u00a0\u00a0\u00a0\u00a0\u00a0\u00a0\u00a0\u00a0\u00a0\u00a0\u00a0\u00a0\u00a0\u00a0\u00a0 <u>czas\u00a0 1000 m<\/u>\u00a0\u00a0 \u00a0 <u>czas 100 m \u00a0\u00a0 pkt<\/u><\/strong><\/p>\n<p>\u00a0<\/p>\n<ol>\n<li><strong>Gotowt Zofia\u00a0 \u00a0 \u00a0 \u00a0SP 2 KG I\u00a0\u00a0\u00a0\u00a0\u00a0\u00a0\u00a0 \u00a0\u00a0\u00a0\u00a0\u00a0\u00a0\u00a0\u00a0\u00a0\u00a0\u00a0 4:13,09\u00a0\u00a0\u00a0\u00a0\u00a0\u00a0\u00a0\u00a0\u00a0\u00a0\u00a0\u00a0\u00a0 1:29,70\u00a0\u00a0\u00a0\u00a0\u00a0\u00a0 3211\u00a0\u00a0\u00a0\u00a0 <\/strong><\/li>\n<\/ol>\n<p><strong>\u00a0\u00a0\u00a0 Maziakowska Maja\u00a0 \u00a0 SP 2 KG I\u00a0\u00a0\u00a0\u00a0\u00a0\u00a0 \u00a0\u00a0\u00a0\u00a0\u00a0\u00a0\u00a0\u00a0\u00a0\u00a0\u00a0 4:51,36\u00a0\u00a0\u00a0\u00a0\u00a0\u00a0\u00a0\u00a0\u00a0\u00a0\u00a0\u00a0\u00a0 1:24,35\u00a0\u00a0\u00a0\u00a0\u00a0\u00a0 \u00a0<\/strong><\/p>\n<ol start=\"2\">\n<li>Biel Anastazja\u00a0 \u00a0 \u00a0SP 2 KG II\u00a0 \u00a0 \u00a0 \u00a0 \u00a0 \u00a0 \u00a0 \u00a0 \u00a0 5:40,84\u00a0\u00a0\u00a0\u00a0\u00a0\u00a0\u00a0\u00a0\u00a0\u00a0\u00a0\u00a0\u00a0 1:34,49\u00a0\u00a0\u00a0\u00a0\u00a0\u00a0\u00a0 2513<\/li>\n<\/ol>\n<p>\u00a0\u00a0\u00a0 Chmielewska Inez\u00a0 \u00a0 \u00a0 \u00a0SP 2 KG II\u00a0\u00a0\u00a0\u00a0\u00a0\u00a0\u00a0\u00a0\u00a0\u00a0\u00a0\u00a0\u00a0\u00a0\u00a0\u00a0 4:57,67\u00a0\u00a0\u00a0\u00a0\u00a0\u00a0\u00a0\u00a0\u00a0\u00a0\u00a0\u00a0\u00a0 1:32,05<\/p>\n<ol start=\"3\">\n<li>Jede Wiktoria\u00a0 \u00a0 \u00a0 \u00a0SP 2 KG III \u00a0\u00a0\u00a0\u00a0\u00a0\u00a0\u00a0\u00a0\u00a0\u00a0\u00a0 6:03,47\u00a0\u00a0\u00a0\u00a0\u00a0\u00a0\u00a0\u00a0\u00a0\u00a0\u00a0\u00a0\u00a0 1:27,60\u00a0\u00a0\u00a0\u00a0\u00a0\u00a0 2200<\/li>\n<\/ol>\n<p>\u00a0\u00a0\u00a0 Ostrowska Wiktoria\u00a0 \u00a0 \u00a0SP 2 KG III\u00a0 \u00a0 \u00a0 \u00a0 \u00a0 \u00a0 \u00a06:03,76\u00a0 \u00a0 \u00a0 \u00a0 \u00a0 \u00a01:29,29\u00a0<\/p>\n<p><strong><u>Punktacja indywidualna:<\/u><\/strong><\/p>\n<ol>\n<li><strong> Gotowt Zofia SP 2 KG I\u00a0 \u00a0 \u00a0 \u00a0 \u00a0 \u00a0 \u00a0 \u00a0 \u00a0 \u00a0\u00a0<\/strong> <strong>4:13,09\u00a0\u00a0\u00a0\u00a0\u00a0\u00a0\u00a0\u00a0\u00a0\u00a0\u00a0\u00a0\u00a0 1:29,70\u00a0\u00a0\u00a0\u00a0\u00a0\u00a0\u00a0\u00a0 1685<\/strong><\/li>\n<li><strong> Maziakowska Maja SP 2 KG I\u00a0 \u00a0 \u00a0 \u00a0 \u00a04:51,36\u00a0\u00a0\u00a0\u00a0\u00a0\u00a0\u00a0\u00a0\u00a0\u00a0\u00a0\u00a0\u00a0 1:24,35\u00a0\u00a0\u00a0\u00a0\u00a0\u00a0\u00a0 1526\u00a0\u00a0 <\/strong><\/li>\n<li>Chmielewska Inez SP 2 KG II\u00a0 \u00a0 \u00a0 \u00a0 \u00a0 \u00a0 4:57,67\u00a0\u00a0\u00a0\u00a0\u00a0\u00a0\u00a0\u00a0\u00a0\u00a0\u00a0\u00a0\u00a0 1:32,05\u00a0\u00a0\u00a0\u00a0\u00a0\u00a0\u00a0\u00a0 1385<\/li>\n<li>Biel Anastazja SP 2 KG II\u00a0 \u00a0 \u00a0 \u00a0 \u00a0 \u00a0 \u00a0 \u00a0 \u00a0 \u00a0 5:40,84\u00a0\u00a0\u00a0\u00a0\u00a0\u00a0\u00a0\u00a0\u00a0\u00a0\u00a0\u00a0\u00a0 1:34,49\u00a0\u00a0\u00a0\u00a0\u00a0\u00a0\u00a0 \u00a01128<\/li>\n<li>Jede Wiktoria SP 2 KG III\u00a0 \u00a0 \u00a0 \u00a0 \u00a0 \u00a0 \u00a0 \u00a0 \u00a0 \u00a06:03,47\u00a0\u00a0\u00a0\u00a0\u00a0\u00a0\u00a0\u00a0\u00a0\u00a0\u00a0\u00a0\u00a0 1:27,60\u00a0\u00a0\u00a0\u00a0\u00a0\u00a0\u00a0\u00a0 1110<\/li>\n<li>Ostrowska Wiktoria SP 2 KG III\u00a0 \u00a0 \u00a0 \u00a06:03,76\u00a0\u00a0\u00a0\u00a0\u00a0\u00a0\u00a0\u00a0\u00a0\u00a0\u00a0\u00a0\u00a0 1:29,29\u00a0\u00a0\u00a0\u00a0\u00a0\u00a0\u00a0\u00a0\u00a0 1090<\/li>\n<\/ol>\n<p><strong>\u00a0 \u00a0\u00a0<\/strong><\/p>\n<p><strong>IGRZYSKA DZIECI CH\u0141OPC\u00d3W:<\/strong><\/p>\n<p><strong><u>Ch\u0142opcy:<\/u>\u00a0\u00a0\u00a0\u00a0\u00a0\u00a0\u00a0\u00a0\u00a0\u00a0\u00a0\u00a0\u00a0\u00a0\u00a0\u00a0\u00a0\u00a0\u00a0\u00a0\u00a0\u00a0\u00a0\u00a0\u00a0\u00a0\u00a0\u00a0\u00a0\u00a0<\/strong><\/p>\n<p><strong>\u00a0 \u00a0 \u00a0 \u00a0 \u00a0 \u00a0 \u00a0 \u00a0 \u00a0 \u00a0 \u00a0 \u00a0 \u00a0 \u00a0 \u00a0 \u00a0 \u00a0 \u00a0 \u00a0szko\u0142a\u00a0\u00a0\u00a0\u00a0\u00a0\u00a0\u00a0\u00a0\u00a0 \u00a0\u00a0\u00a0\u00a0\u00a0\u00a0\u00a0\u00a0\u00a0\u00a0\u00a0 \u00a0 <u>czas\u00a0 1000 m<\/u> \u00a0 \u00a0\u00a0\u00a0\u00a0\u00a0<u>czas 100 m\u00a0\u00a0\u00a0\u00a0\u00a0 pkt<\/u><\/strong><\/p>\n<p><strong>Maksymilian<\/strong><\/p>\n<ol>\n<li><strong>Golasi\u0144ski \u2013 Dragan SP 2 KG\u00a0 \u00a0 \u00a0 \u00a0 \u00a0 \u00a0 4:29,50\u00a0\u00a0\u00a0\u00a0\u00a0\u00a0\u00a0\u00a0\u00a0\u00a0\u00a0\u00a0\u00a0\u00a0\u00a0\u00a0\u00a0\u00a0 1:24.80\u00a0\u00a0\u00a0\u00a0\u00a0\u00a0\u00a0\u00a0 2820<\/strong><\/li>\n<\/ol>\n<p>\u00a0<\/p>\n<ol start=\"2\">\n<li><strong> Wolak Marcin\u00a0 \u00a0 \u00a0 \u00a0 \u00a0 SP 2 KG\u00a0 \u00a0 \u00a0 \u00a0 \u00a0 \u00a0 \u00a0 3:49,50\u00a0\u00a0\u00a0\u00a0\u00a0\u00a0\u00a0\u00a0\u00a0\u00a0\u00a0\u00a0\u00a0\u00a0\u00a0\u00a0\u00a0\u00a0 1:42,50<\/strong><\/li>\n<\/ol>\n<p><strong><u>\u00a0<\/u><\/strong><\/p>\n<p><strong><u>Klasyfikacja indywidualna:<\/u><\/strong><\/p>\n<p><strong><u>\u00a0<\/u><\/strong><\/p>\n<p><strong>1<\/strong>. <strong>Wolak Marcin\u00a0 \u00a0 \u00a0 \u00a0 \u00a0 \u00a0 SP 2 KG\u00a0 \u00a0 \u00a0 \u00a0 \u00a0 \u00a03:49,50\u00a0\u00a0\u00a0\u00a0\u00a0\u00a0\u00a0\u00a0\u00a0\u00a0\u00a0\u00a0\u00a0\u00a0\u00a0\u00a0\u00a0\u00a0 1:42,50\u00a0\u00a0\u00a0\u00a0\u00a0 1423<\/strong><\/p>\n<p>2.Golasi\u0144ski \u2013 Dragan\u00a0 \u00a0 \u00a0 SP 2 KG\u00a0 \u00a0 \u00a0 \u00a0 4:29,50\u00a0\u00a0\u00a0\u00a0\u00a0\u00a0\u00a0\u00a0\u00a0\u00a0\u00a0\u00a0\u00a0\u00a0\u00a0\u00a0\u00a0\u00a0 1:24.80\u00a0\u00a0 \u00a0\u00a0\u00a01397<\/p>\n<ol>\n<li style=\"list-style-type: none;\">\n<ol start=\"3\">\n<li>M\u0119drala Szymon 4:12,75\u00a0 \u00a0 \u00a0 \u00a0 \u00a0 \u00a0 \u00a01:50,00\u00a0 \u00a0 \u00a01193\u00a0 \u00a0 \u00a0 \u00a0 \u00a0 \u00a0 \u00a0 \u00a0 \u00a0 \u00a0 \u00a0 \u00a0 \u00a0 \u00a0 \u00a0 \u00a0 \u00a0 \u00a0 \u00a0 \u00a0 \u00a0 \u00a0 \u00a0<\/li>\n<\/ol>\n<\/li>\n<\/ol>\n<p><strong>IGRZYSKA M\u0141ODZIE\u017bY SZKOLNEJ DZIEWCZ\u0104T:<\/strong><\/p>\n<p>BIEG &#8211; P\u0141YWANIE<\/p>\n<p><strong><u>Dziewcz\u0119ta:<\/u>\u00a0\u00a0\u00a0\u00a0\u00a0\u00a0\u00a0\u00a0\u00a0\u00a0\u00a0\u00a0\u00a0\u00a0\u00a0\u00a0\u00a0\u00a0\u00a0\u00a0\u00a0\u00a0\u00a0\u00a0\u00a0\u00a0 \u00a0<\/strong><\/p>\n<p><strong>\u00a0 \u00a0 \u00a0 \u00a0 \u00a0 \u00a0 \u00a0 \u00a0 \u00a0 \u00a0 \u00a0 \u00a0 \u00a0 \u00a0 \u00a0 \u00a0 \u00a0 \u00a0 \u00a0 \u00a0 \u00a0 \u00a0szko\u0142a\u00a0\u00a0\u00a0\u00a0\u00a0\u00a0\u00a0\u00a0\u00a0\u00a0\u00a0\u00a0\u00a0\u00a0\u00a0\u00a0\u00a0\u00a0\u00a0\u00a0\u00a0\u00a0 <u>czas\u00a0 1000 m<\/u>\u00a0\u00a0 \u00a0 <u>czas 100 m \u00a0\u00a0 pkt<\/u><\/strong><\/p>\n<p><strong><u>\u00a0<\/u><\/strong><\/p>\n<ol>\n<li><strong> Siedlarz Ola SP 2 KG\u00a0 \u00a0 \u00a0 \u00a0 \u00a0 \u00a0 \u00a0 \u00a0 \u00a0 \u00a0 \u00a0 \u00a0 \u00a0 \u00a0 \u00a04:15,39\u00a0\u00a0\u00a0\u00a0\u00a0\u00a0\u00a0\u00a0\u00a0\u00a0 1:25,55\u00a0\u00a0\u00a0\u00a0\u00a0\u00a0\u00a0\u00a0\u00a0\u00a0 3112<\/strong><\/li>\n<\/ol>\n<p><strong>\u00a0\u00a0\u00a0 Jacak Alicja\u00a0 \u00a0 \u00a0 \u00a0 \u00a0 \u00a0 \u00a0 SP 2 KG\u00a0\u00a0\u00a0\u00a0\u00a0\u00a0\u00a0\u00a0\u00a0\u00a0\u00a0\u00a0\u00a0\u00a0\u00a0\u00a0\u00a0\u00a0\u00a0\u00a0 5:00,11\u00a0\u00a0\u00a0\u00a0\u00a0\u00a0\u00a0\u00a0\u00a0\u00a0 1:31,42\u00a0\u00a0\u00a0\u00a0\u00a0\u00a0\u00a0\u00a0\u00a0\u00a0\u00a0\u00a0\u00a0\u00a0\u00a0\u00a0\u00a0\u00a0\u00a0\u00a0\u00a0\u00a0 <\/strong><\/p>\n<p>\u00a0<\/p>\n<p><strong><u>Punktacja indywidualna:<\/u><\/strong><\/p>\n<p><strong><u>\u00a0<\/u><\/strong><\/p>\n<ol>\n<li><strong> Siodlarz Ola <\/strong><strong>\u00a0 \u00a0 \u00a0 \u00a0 \u00a0SP 2 KG\u00a0\u00a0\u00a0\u00a0\u00a0\u00a0\u00a0\u00a0\u00a0\u00a0\u00a0\u00a0\u00a0\u00a0\u00a0\u00a0\u00a0\u00a0\u00a0\u00a0\u00a0\u00a0 4:15,39\u00a0\u00a0\u00a0\u00a0\u00a0\u00a0\u00a0\u00a0\u00a0\u00a0 1:25,55\u00a0\u00a0\u00a0\u00a0\u00a0\u00a0\u00a0\u00a0\u00a0\u00a0\u00a0 1724<\/strong><\/li>\n<li>Jacak Alicja\u00a0 \u00a0 \u00a0 \u00a0 \u00a0 \u00a0 \u00a0SP 2 KG\u00a0\u00a0\u00a0\u00a0\u00a0\u00a0\u00a0\u00a0\u00a0\u00a0\u00a0\u00a0\u00a0\u00a0\u00a0\u00a0\u00a0\u00a0\u00a0\u00a0\u00a0\u00a0 5:00,11\u00a0\u00a0\u00a0\u00a0\u00a0\u00a0\u00a0\u00a0\u00a0\u00a0\u00a0 1:31,42\u00a0\u00a0\u00a0\u00a0\u00a0\u00a0\u00a0\u00a0\u00a0\u00a0\u00a0 1388<\/li>\n<li>Wi\u0144cza Marta\u00a0 \u00a0 \u00a0 \u00a0 SP 2 KG\u00a0\u00a0\u00a0\u00a0\u00a0\u00a0\u00a0\u00a0\u00a0\u00a0\u00a0\u00a0\u00a0\u00a0\u00a0\u00a0\u00a0\u00a0\u00a0\u00a0\u00a0\u00a0 5:09,99\u00a0\u00a0\u00a0\u00a0\u00a0\u00a0\u00a0\u00a0\u00a0\u00a0\u00a0 1:34,14\u00a0\u00a0\u00a0\u00a0\u00a0\u00a0\u00a0\u00a0\u00a0\u00a0\u00a0 1298<\/li>\n<\/ol>\n<p>\u00a0<\/p>\n<p><strong>IGRZYSKA M\u0141ODZIE\u017bY SZKOLNEJ CH\u0141OPC\u00d3W:<\/strong><\/p>\n<p><strong><u>Ch\u0142opcy:<\/u>\u00a0\u00a0\u00a0\u00a0\u00a0\u00a0\u00a0\u00a0\u00a0\u00a0\u00a0\u00a0\u00a0\u00a0\u00a0\u00a0\u00a0\u00a0\u00a0\u00a0\u00a0\u00a0\u00a0\u00a0<\/strong><\/p>\n<p><strong>\u00a0 \u00a0 \u00a0 \u00a0 \u00a0 \u00a0 \u00a0 \u00a0 \u00a0 \u00a0 \u00a0 \u00a0 \u00a0 \u00a0 \u00a0 \u00a0 \u00a0 \u00a0 \u00a0 szko\u0142a\u00a0\u00a0\u00a0\u00a0\u00a0\u00a0\u00a0\u00a0\u00a0 \u00a0\u00a0\u00a0\u00a0\u00a0\u00a0\u00a0\u00a0\u00a0\u00a0\u00a0 \u00a0 <u>czas\u00a0 1000 m<\/u> \u00a0 \u00a0\u00a0\u00a0\u00a0\u00a0<u>czas 100 m\u00a0\u00a0\u00a0\u00a0\u00a0 pkt<\/u><\/strong><\/p>\n<p>\u00a0<\/p>\n<ol>\n<li><strong> Matujzo Marcel SP 2 KG I\u00a0 \u00a0 \u00a0 \u00a0 \u00a0 \u00a0 \u00a0 \u00a0 \u00a03:46,71\u00a0\u00a0\u00a0\u00a0\u00a0\u00a0\u00a0\u00a0\u00a0\u00a0\u00a0\u00a0\u00a0\u00a0\u00a0\u00a0\u00a0 1:09,90\u00a0\u00a0\u00a0\u00a0\u00a0\u00a0 3448<\/strong><\/li>\n<\/ol>\n<p><strong>\u00a0\u00a0\u00a0 Stawarz Maciej\u00a0 \u00a0 \u00a0 SP 2 KG I\u00a0\u00a0\u00a0\u00a0\u00a0\u00a0\u00a0\u00a0\u00a0\u00a0\u00a0\u00a0\u00a0\u00a0\u00a0\u00a0\u00a0\u00a0 4:19,50\u00a0\u00a0\u00a0\u00a0\u00a0\u00a0\u00a0\u00a0\u00a0\u00a0\u00a0\u00a0\u00a0\u00a0\u00a0\u00a0\u00a0 1:12,50<\/strong><\/p>\n<ol start=\"2\">\n<li>Rozmus Micha\u0142 SP 2 KG II\u00a0\u00a0\u00a0\u00a0\u00a0\u00a0\u00a0\u00a0\u00a0\u00a0\u00a0\u00a0\u00a0\u00a0\u00a0\u00a0\u00a0\u00a0 3:47,48\u00a0\u00a0\u00a0\u00a0\u00a0\u00a0\u00a0\u00a0\u00a0\u00a0\u00a0\u00a0\u00a0\u00a0\u00a0\u00a0\u00a0 1:37,87\u00a0\u00a0\u00a0\u00a0\u00a0\u00a0 3025<\/li>\n<\/ol>\n<p>\u00a0\u00a0\u00a0 Maziakowski Maciej\u00a0 \u00a0SP 2 KG II\u00a0 \u00a0 \u00a0 \u00a0 \u00a0 \u00a0 \u00a0 \u00a04:27,50\u00a0\u00a0\u00a0\u00a0\u00a0\u00a0\u00a0\u00a0\u00a0\u00a0\u00a0\u00a0\u00a0\u00a0\u00a0\u00a0\u00a0 1:14,80<\/p>\n<p><strong><u>Klasyfikacja indywidualna:<\/u><\/strong><strong><u>\u00a0<\/u><\/strong><\/p>\n<ol>\n<li><strong> Matujzo Marcel SP 2 KG\u00a0 \u00a0 \u00a0 \u00a0 \u00a0 \u00a0 \u00a0 \u00a0 \u00a0 \u00a0 \u00a03:46,71\u00a0\u00a0\u00a0\u00a0\u00a0\u00a0\u00a0\u00a0\u00a0\u00a0\u00a0\u00a0\u00a0\u00a0\u00a0\u00a0\u00a0 1:09,90\u00a0\u00a0\u00a0\u00a0\u00a0\u00a0\u00a0 1853<\/strong><\/li>\n<li>Stawarz Maciej \u00a0SP 2 KG I\u00a0\u00a0\u00a0\u00a0\u00a0\u00a0\u00a0\u00a0\u00a0\u00a0\u00a0\u00a0\u00a0\u00a0\u00a0\u00a0\u00a0 \u00a0\u00a04:19,50\u00a0\u00a0\u00a0\u00a0\u00a0\u00a0 \u00a0\u00a0\u00a0\u00a0\u00a0\u00a0\u00a0\u00a0\u00a0\u00a0\u00a01:12,50\u00a0\u00a0\u00a0\u00a0\u00a0\u00a0\u00a0 1613<\/li>\n<li>Maziakowski Maciej SP 2 KG II\u00a0 \u00a0 \u00a0 \u00a0 \u00a0 \u00a04:27,50\u00a0\u00a0\u00a0\u00a0\u00a0\u00a0\u00a0\u00a0\u00a0\u00a0\u00a0\u00a0\u00a0\u00a0\u00a0\u00a0\u00a0 1:14,80\u00a0\u00a0\u00a0\u00a0\u00a0\u00a0\u00a0 1496<\/li>\n<li>Rozmus Micha\u0142 SP 2 KG II\u00a0 \u00a0 \u00a0 \u00a0 \u00a0 \u00a0 \u00a0 \u00a0 \u00a0 \u00a0 3:47,48\u00a0\u00a0\u00a0\u00a0\u00a0\u00a0\u00a0\u00a0\u00a0\u00a0\u00a0\u00a0\u00a0\u00a0\u00a0\u00a0\u00a0 1:37,87\u00a0\u00a0\u00a0\u00a0\u00a0\u00a0\u00a0 1496<\/li>\n<\/ol>\n<p><strong>\u00a0<\/strong><\/p>\n<p>Awans do Fina\u0142u Dolno\u015bl\u0105skiego uzyska\u0142y pierwsze miejsca w ka\u017cdej kategorii wiekowej. Fina\u0142 Wojew\u00f3dzki odb\u0119dzie si\u0119 1.10.2020 r. w Rudzie \u015al\u0105skiej.<\/p>\n\n\n\n<figure class=\"wp-block-image size-large\"><img loading=\"lazy\" decoding=\"async\" width=\"1024\" height=\"576\" data-attachment-id=\"1096\" data-permalink=\"http:\/\/mos.kamienna-gora.pl\/index.php\/2020\/09\/25\/dwuboj-nowoczesny-dziewczat-i-chlopcow-igrzyska-dzieci-oraz-igrzyska-mlodziezy-szkolnej\/20200925_110620\/\" data-orig-file=\"http:\/\/mos.kamienna-gora.pl\/wp-content\/uploads\/2020\/09\/20200925_110620-scaled.jpg\" data-orig-size=\"2560,1440\" data-comments-opened=\"1\" data-image-meta=\"{&quot;aperture&quot;:&quot;1.7&quot;,&quot;credit&quot;:&quot;&quot;,&quot;camera&quot;:&quot;SM-J530F&quot;,&quot;caption&quot;:&quot;&quot;,&quot;created_timestamp&quot;:&quot;1601031980&quot;,&quot;copyright&quot;:&quot;&quot;,&quot;focal_length&quot;:&quot;3.71&quot;,&quot;iso&quot;:&quot;250&quot;,&quot;shutter_speed&quot;:&quot;0.04&quot;,&quot;title&quot;:&quot;&quot;,&quot;orientation&quot;:&quot;1&quot;}\" data-image-title=\"20200925_110620\" data-image-description=\"\" data-image-caption=\"\" data-large-file=\"http:\/\/mos.kamienna-gora.pl\/wp-content\/uploads\/2020\/09\/20200925_110620-1024x576.jpg\" src=\"http:\/\/mos.kamienna-gora.pl\/wp-content\/uploads\/2020\/09\/20200925_110620-1024x576.jpg\" alt=\"\" class=\"wp-image-1096\" srcset=\"http:\/\/mos.kamienna-gora.pl\/wp-content\/uploads\/2020\/09\/20200925_110620-1024x576.jpg 1024w, http:\/\/mos.kamienna-gora.pl\/wp-content\/uploads\/2020\/09\/20200925_110620-300x169.jpg 300w, http:\/\/mos.kamienna-gora.pl\/wp-content\/uploads\/2020\/09\/20200925_110620-768x432.jpg 768w, http:\/\/mos.kamienna-gora.pl\/wp-content\/uploads\/2020\/09\/20200925_110620-1536x864.jpg 1536w, http:\/\/mos.kamienna-gora.pl\/wp-content\/uploads\/2020\/09\/20200925_110620-2048x1152.jpg 2048w, http:\/\/mos.kamienna-gora.pl\/wp-content\/uploads\/2020\/09\/20200925_110620-1140x641.jpg 1140w, http:\/\/mos.kamienna-gora.pl\/wp-content\/uploads\/2020\/09\/20200925_110620-720x405.jpg 720w\" sizes=\"auto, (max-width: 1024px) 100vw, 1024px\" \/><\/figure>\n\n\n\n<figure class=\"wp-block-gallery columns-0 is-cropped wp-block-gallery-1 is-layout-flex wp-block-gallery-is-layout-flex\"><ul class=\"blocks-gallery-grid\"><\/ul><\/figure>\n\n\n\n<figure class=\"wp-block-image size-large\"><img loading=\"lazy\" decoding=\"async\" width=\"1024\" height=\"576\" data-attachment-id=\"1097\" data-permalink=\"http:\/\/mos.kamienna-gora.pl\/index.php\/2020\/09\/25\/dwuboj-nowoczesny-dziewczat-i-chlopcow-igrzyska-dzieci-oraz-igrzyska-mlodziezy-szkolnej\/20200925_092148\/\" data-orig-file=\"http:\/\/mos.kamienna-gora.pl\/wp-content\/uploads\/2020\/09\/20200925_092148-scaled.jpg\" data-orig-size=\"2560,1440\" data-comments-opened=\"1\" data-image-meta=\"{&quot;aperture&quot;:&quot;1.7&quot;,&quot;credit&quot;:&quot;&quot;,&quot;camera&quot;:&quot;SM-J530F&quot;,&quot;caption&quot;:&quot;&quot;,&quot;created_timestamp&quot;:&quot;1601025708&quot;,&quot;copyright&quot;:&quot;&quot;,&quot;focal_length&quot;:&quot;3.71&quot;,&quot;iso&quot;:&quot;64&quot;,&quot;shutter_speed&quot;:&quot;0.01&quot;,&quot;title&quot;:&quot;&quot;,&quot;orientation&quot;:&quot;1&quot;}\" data-image-title=\"20200925_092148\" data-image-description=\"\" data-image-caption=\"\" data-large-file=\"http:\/\/mos.kamienna-gora.pl\/wp-content\/uploads\/2020\/09\/20200925_092148-1024x576.jpg\" src=\"http:\/\/mos.kamienna-gora.pl\/wp-content\/uploads\/2020\/09\/20200925_092148-1024x576.jpg\" alt=\"\" class=\"wp-image-1097\" srcset=\"http:\/\/mos.kamienna-gora.pl\/wp-content\/uploads\/2020\/09\/20200925_092148-1024x576.jpg 1024w, http:\/\/mos.kamienna-gora.pl\/wp-content\/uploads\/2020\/09\/20200925_092148-300x169.jpg 300w, http:\/\/mos.kamienna-gora.pl\/wp-content\/uploads\/2020\/09\/20200925_092148-768x432.jpg 768w, http:\/\/mos.kamienna-gora.pl\/wp-content\/uploads\/2020\/09\/20200925_092148-1536x864.jpg 1536w, http:\/\/mos.kamienna-gora.pl\/wp-content\/uploads\/2020\/09\/20200925_092148-2048x1152.jpg 2048w, http:\/\/mos.kamienna-gora.pl\/wp-content\/uploads\/2020\/09\/20200925_092148-1140x641.jpg 1140w, http:\/\/mos.kamienna-gora.pl\/wp-content\/uploads\/2020\/09\/20200925_092148-720x405.jpg 720w\" sizes=\"auto, (max-width: 1024px) 100vw, 1024px\" \/><\/figure>\n\n\n\n<figure class=\"wp-block-image size-large\"><img loading=\"lazy\" decoding=\"async\" width=\"1024\" height=\"576\" data-attachment-id=\"1099\" data-permalink=\"http:\/\/mos.kamienna-gora.pl\/index.php\/2020\/09\/25\/dwuboj-nowoczesny-dziewczat-i-chlopcow-igrzyska-dzieci-oraz-igrzyska-mlodziezy-szkolnej\/20200925_092938\/\" data-orig-file=\"http:\/\/mos.kamienna-gora.pl\/wp-content\/uploads\/2020\/09\/20200925_092938-scaled.jpg\" data-orig-size=\"2560,1440\" data-comments-opened=\"1\" data-image-meta=\"{&quot;aperture&quot;:&quot;1.7&quot;,&quot;credit&quot;:&quot;&quot;,&quot;camera&quot;:&quot;SM-J530F&quot;,&quot;caption&quot;:&quot;&quot;,&quot;created_timestamp&quot;:&quot;1601026178&quot;,&quot;copyright&quot;:&quot;&quot;,&quot;focal_length&quot;:&quot;3.71&quot;,&quot;iso&quot;:&quot;40&quot;,&quot;shutter_speed&quot;:&quot;0.01&quot;,&quot;title&quot;:&quot;&quot;,&quot;orientation&quot;:&quot;1&quot;}\" data-image-title=\"20200925_092938\" data-image-description=\"\" data-image-caption=\"\" data-large-file=\"http:\/\/mos.kamienna-gora.pl\/wp-content\/uploads\/2020\/09\/20200925_092938-1024x576.jpg\" src=\"http:\/\/mos.kamienna-gora.pl\/wp-content\/uploads\/2020\/09\/20200925_092938-1024x576.jpg\" alt=\"\" class=\"wp-image-1099\" srcset=\"http:\/\/mos.kamienna-gora.pl\/wp-content\/uploads\/2020\/09\/20200925_092938-1024x576.jpg 1024w, http:\/\/mos.kamienna-gora.pl\/wp-content\/uploads\/2020\/09\/20200925_092938-300x169.jpg 300w, http:\/\/mos.kamienna-gora.pl\/wp-content\/uploads\/2020\/09\/20200925_092938-768x432.jpg 768w, http:\/\/mos.kamienna-gora.pl\/wp-content\/uploads\/2020\/09\/20200925_092938-1536x864.jpg 1536w, http:\/\/mos.kamienna-gora.pl\/wp-content\/uploads\/2020\/09\/20200925_092938-2048x1152.jpg 2048w, http:\/\/mos.kamienna-gora.pl\/wp-content\/uploads\/2020\/09\/20200925_092938-1140x641.jpg 1140w, http:\/\/mos.kamienna-gora.pl\/wp-content\/uploads\/2020\/09\/20200925_092938-720x405.jpg 720w\" sizes=\"auto, (max-width: 1024px) 100vw, 1024px\" \/><\/figure>\n\n\n\n<figure class=\"wp-block-image size-large\"><img loading=\"lazy\" decoding=\"async\" width=\"1024\" height=\"576\" data-attachment-id=\"1100\" data-permalink=\"http:\/\/mos.kamienna-gora.pl\/index.php\/2020\/09\/25\/dwuboj-nowoczesny-dziewczat-i-chlopcow-igrzyska-dzieci-oraz-igrzyska-mlodziezy-szkolnej\/20200925_104509\/\" data-orig-file=\"http:\/\/mos.kamienna-gora.pl\/wp-content\/uploads\/2020\/09\/20200925_104509-scaled.jpg\" data-orig-size=\"2560,1440\" data-comments-opened=\"1\" data-image-meta=\"{&quot;aperture&quot;:&quot;1.7&quot;,&quot;credit&quot;:&quot;&quot;,&quot;camera&quot;:&quot;SM-J530F&quot;,&quot;caption&quot;:&quot;&quot;,&quot;created_timestamp&quot;:&quot;1601030709&quot;,&quot;copyright&quot;:&quot;&quot;,&quot;focal_length&quot;:&quot;3.71&quot;,&quot;iso&quot;:&quot;250&quot;,&quot;shutter_speed&quot;:&quot;0.04&quot;,&quot;title&quot;:&quot;&quot;,&quot;orientation&quot;:&quot;1&quot;}\" data-image-title=\"20200925_104509\" data-image-description=\"\" data-image-caption=\"\" data-large-file=\"http:\/\/mos.kamienna-gora.pl\/wp-content\/uploads\/2020\/09\/20200925_104509-1024x576.jpg\" src=\"http:\/\/mos.kamienna-gora.pl\/wp-content\/uploads\/2020\/09\/20200925_104509-1024x576.jpg\" alt=\"\" class=\"wp-image-1100\" srcset=\"http:\/\/mos.kamienna-gora.pl\/wp-content\/uploads\/2020\/09\/20200925_104509-1024x576.jpg 1024w, http:\/\/mos.kamienna-gora.pl\/wp-content\/uploads\/2020\/09\/20200925_104509-300x169.jpg 300w, http:\/\/mos.kamienna-gora.pl\/wp-content\/uploads\/2020\/09\/20200925_104509-768x432.jpg 768w, http:\/\/mos.kamienna-gora.pl\/wp-content\/uploads\/2020\/09\/20200925_104509-1536x864.jpg 1536w, http:\/\/mos.kamienna-gora.pl\/wp-content\/uploads\/2020\/09\/20200925_104509-2048x1152.jpg 2048w, http:\/\/mos.kamienna-gora.pl\/wp-content\/uploads\/2020\/09\/20200925_104509-1140x641.jpg 1140w, http:\/\/mos.kamienna-gora.pl\/wp-content\/uploads\/2020\/09\/20200925_104509-720x405.jpg 720w\" sizes=\"auto, (max-width: 1024px) 100vw, 1024px\" \/><\/figure>\n\n\n\n<figure class=\"wp-block-image size-large\"><img loading=\"lazy\" decoding=\"async\" width=\"1024\" height=\"576\" data-attachment-id=\"1101\" data-permalink=\"http:\/\/mos.kamienna-gora.pl\/index.php\/2020\/09\/25\/dwuboj-nowoczesny-dziewczat-i-chlopcow-igrzyska-dzieci-oraz-igrzyska-mlodziezy-szkolnej\/20200925_092135\/\" data-orig-file=\"http:\/\/mos.kamienna-gora.pl\/wp-content\/uploads\/2020\/09\/20200925_092135-scaled.jpg\" data-orig-size=\"2560,1440\" data-comments-opened=\"1\" data-image-meta=\"{&quot;aperture&quot;:&quot;1.7&quot;,&quot;credit&quot;:&quot;&quot;,&quot;camera&quot;:&quot;SM-J530F&quot;,&quot;caption&quot;:&quot;&quot;,&quot;created_timestamp&quot;:&quot;1601025694&quot;,&quot;copyright&quot;:&quot;&quot;,&quot;focal_length&quot;:&quot;3.71&quot;,&quot;iso&quot;:&quot;64&quot;,&quot;shutter_speed&quot;:&quot;0.01&quot;,&quot;title&quot;:&quot;&quot;,&quot;orientation&quot;:&quot;1&quot;}\" data-image-title=\"20200925_092135\" data-image-description=\"\" data-image-caption=\"\" data-large-file=\"http:\/\/mos.kamienna-gora.pl\/wp-content\/uploads\/2020\/09\/20200925_092135-1024x576.jpg\" src=\"http:\/\/mos.kamienna-gora.pl\/wp-content\/uploads\/2020\/09\/20200925_092135-1024x576.jpg\" alt=\"\" class=\"wp-image-1101\" srcset=\"http:\/\/mos.kamienna-gora.pl\/wp-content\/uploads\/2020\/09\/20200925_092135-1024x576.jpg 1024w, http:\/\/mos.kamienna-gora.pl\/wp-content\/uploads\/2020\/09\/20200925_092135-300x169.jpg 300w, http:\/\/mos.kamienna-gora.pl\/wp-content\/uploads\/2020\/09\/20200925_092135-768x432.jpg 768w, http:\/\/mos.kamienna-gora.pl\/wp-content\/uploads\/2020\/09\/20200925_092135-1536x864.jpg 1536w, http:\/\/mos.kamienna-gora.pl\/wp-content\/uploads\/2020\/09\/20200925_092135-2048x1152.jpg 2048w, http:\/\/mos.kamienna-gora.pl\/wp-content\/uploads\/2020\/09\/20200925_092135-1140x641.jpg 1140w, http:\/\/mos.kamienna-gora.pl\/wp-content\/uploads\/2020\/09\/20200925_092135-720x405.jpg 720w\" sizes=\"auto, (max-width: 1024px) 100vw, 1024px\" \/><\/figure>\n","protected":false},"excerpt":{"rendered":"<p>W dniu 25.09.2020 r. w Kamiennej G\u00f3rze odby\u0142y si\u0119 pierwsze zawody powiatowe w roku szkolnym 2020\/2021. Dwub\u00f3j nowoczesny w kategorii&hellip;<\/p>\n","protected":false},"author":1,"featured_media":1096,"comment_status":"open","ping_status":"open","sticky":false,"template":"","format":"standard","meta":{"jetpack_post_was_ever_published":false,"_jetpack_newsletter_access":"","_jetpack_dont_email_post_to_subs":false,"_jetpack_newsletter_tier_id":0,"_jetpack_memberships_contains_paywalled_content":false,"_jetpack_memberships_contains_paid_content":false,"footnotes":""},"categories":[3,7],"tags":[],"class_list":["post-1095","post","type-post","status-publish","format-standard","has-post-thumbnail","hentry","category-komunikaty","category-zawody-powiatowe"],"jetpack_featured_media_url":"http:\/\/mos.kamienna-gora.pl\/wp-content\/uploads\/2020\/09\/20200925_110620-scaled.jpg","jetpack_sharing_enabled":true,"jetpack_shortlink":"https:\/\/wp.me\/paEJ1v-hF","jetpack-related-posts":[],"_links":{"self":[{"href":"http:\/\/mos.kamienna-gora.pl\/index.php\/wp-json\/wp\/v2\/posts\/1095","targetHints":{"allow":["GET"]}}],"collection":[{"href":"http:\/\/mos.kamienna-gora.pl\/index.php\/wp-json\/wp\/v2\/posts"}],"about":[{"href":"http:\/\/mos.kamienna-gora.pl\/index.php\/wp-json\/wp\/v2\/types\/post"}],"author":[{"embeddable":true,"href":"http:\/\/mos.kamienna-gora.pl\/index.php\/wp-json\/wp\/v2\/users\/1"}],"replies":[{"embeddable":true,"href":"http:\/\/mos.kamienna-gora.pl\/index.php\/wp-json\/wp\/v2\/comments?post=1095"}],"version-history":[{"count":1,"href":"http:\/\/mos.kamienna-gora.pl\/index.php\/wp-json\/wp\/v2\/posts\/1095\/revisions"}],"predecessor-version":[{"id":1102,"href":"http:\/\/mos.kamienna-gora.pl\/index.php\/wp-json\/wp\/v2\/posts\/1095\/revisions\/1102"}],"wp:featuredmedia":[{"embeddable":true,"href":"http:\/\/mos.kamienna-gora.pl\/index.php\/wp-json\/wp\/v2\/media\/1096"}],"wp:attachment":[{"href":"http:\/\/mos.kamienna-gora.pl\/index.php\/wp-json\/wp\/v2\/media?parent=1095"}],"wp:term":[{"taxonomy":"category","embeddable":true,"href":"http:\/\/mos.kamienna-gora.pl\/index.php\/wp-json\/wp\/v2\/categories?post=1095"},{"taxonomy":"post_tag","embeddable":true,"href":"http:\/\/mos.kamienna-gora.pl\/index.php\/wp-json\/wp\/v2\/tags?post=1095"}],"curies":[{"name":"wp","href":"https:\/\/api.w.org\/{rel}","templated":true}]}}