{"id":1121,"date":"2020-10-08T11:40:46","date_gmt":"2020-10-08T09:40:46","guid":{"rendered":"http:\/\/mos.kamienna-gora.pl\/?p=1121"},"modified":"2020-10-08T11:40:46","modified_gmt":"2020-10-08T09:40:46","slug":"sztafetowe-biegi-przelajowe-dziewczat-igrzyska-dzieci","status":"publish","type":"post","link":"http:\/\/mos.kamienna-gora.pl\/index.php\/2020\/10\/08\/sztafetowe-biegi-przelajowe-dziewczat-igrzyska-dzieci\/","title":{"rendered":"Sztafetowe Biegi Prze\u0142ajowe dziewcz\u0105t &#8211; Igrzyska Dzieci"},"content":{"rendered":"\n<p>Dnia 08 pa\u017adziernika 2020 roku na stadionie przy ulicy S\u0142owackiego w Kamiennej G\u00f3rze odby\u0142 si\u0119 fina\u0142 powiatowy w sztafetowych biegach prze\u0142ajowych w kategorii dziewcz\u0105t w ramach Igrzysk Dzieci. Ka\u017cda dru\u017cyna sk\u0142ada\u0142a si\u0119 z 6 zawodniczek. Do przebiegni\u0119cia 800 metr\u00f3w. Zsumowany czas zawodniczek da\u0142 ko\u0144cowy wynik:<\/p>\n<p>Do rywalizacji 4 szko\u0142y:<\/p>\n<p>a podstawowa z Krzeszowa<\/p>\n<p>&#8211; Szko\u0142a Podstawowa z Marciszowa<\/p>\n<p>&#8211; Szko\u0142a Podstawowa z Lubawki<\/p>\n<p>&#8211; Szko\u0142a Podstawowa nr 2 z Kamiennej G\u00f3ry<\/p>\n<p>\u00a0<\/p>\n<p>Kolejno\u015b\u0107 ko\u0144cowa:<\/p>\n<ol>\n<li><strong>Szko\u0142a Podstawowa z Lubawki 11:32,65 min.<\/strong><\/li>\n<li>Szko\u0142a Podstawowa z Marciszowa \u00a0\u00a0\u00a0\u00a0\u00a0\u00a0\u00a0\u00a0\u00a0\u00a0\u00a0 <strong>12:27,37 min.<\/strong><\/li>\n<li>Szko\u0142a Podstawowa z Krzeszowa <strong>13:05,31 min.<\/strong><\/li>\n<li>Szko\u0142a Podstawowa nr 2 z Kamiennej G\u00f3ry <strong>13:20,14 min.<\/strong><\/li>\n<\/ol>\n<p>\u00a0<\/p>\n<p>\u00a0<\/p>\n<p>\u00a0<\/p>\n<p>Szko\u0142a Podstawowa z Lubawki uzyska\u0142a awans do zawod\u00f3w Wojew\u00f3dzkich.<\/p>\n\n\n\n<figure class=\"wp-block-image size-large\"><img loading=\"lazy\" decoding=\"async\" width=\"1024\" height=\"576\" data-attachment-id=\"1122\" data-permalink=\"http:\/\/mos.kamienna-gora.pl\/index.php\/2020\/10\/08\/sztafetowe-biegi-przelajowe-dziewczat-igrzyska-dzieci\/20201008_095950\/\" data-orig-file=\"http:\/\/mos.kamienna-gora.pl\/wp-content\/uploads\/2020\/10\/20201008_095950-scaled.jpg\" data-orig-size=\"2560,1440\" data-comments-opened=\"1\" data-image-meta=\"{&quot;aperture&quot;:&quot;1.7&quot;,&quot;credit&quot;:&quot;&quot;,&quot;camera&quot;:&quot;SM-J530F&quot;,&quot;caption&quot;:&quot;&quot;,&quot;created_timestamp&quot;:&quot;1602151189&quot;,&quot;copyright&quot;:&quot;&quot;,&quot;focal_length&quot;:&quot;3.71&quot;,&quot;iso&quot;:&quot;40&quot;,&quot;shutter_speed&quot;:&quot;0.0039370078740157&quot;,&quot;title&quot;:&quot;&quot;,&quot;orientation&quot;:&quot;1&quot;}\" data-image-title=\"20201008_095950\" data-image-description=\"\" data-image-caption=\"\" data-large-file=\"http:\/\/mos.kamienna-gora.pl\/wp-content\/uploads\/2020\/10\/20201008_095950-1024x576.jpg\" src=\"http:\/\/mos.kamienna-gora.pl\/wp-content\/uploads\/2020\/10\/20201008_095950-1024x576.jpg\" alt=\"\" class=\"wp-image-1122\" srcset=\"http:\/\/mos.kamienna-gora.pl\/wp-content\/uploads\/2020\/10\/20201008_095950-1024x576.jpg 1024w, http:\/\/mos.kamienna-gora.pl\/wp-content\/uploads\/2020\/10\/20201008_095950-300x169.jpg 300w, http:\/\/mos.kamienna-gora.pl\/wp-content\/uploads\/2020\/10\/20201008_095950-768x432.jpg 768w, http:\/\/mos.kamienna-gora.pl\/wp-content\/uploads\/2020\/10\/20201008_095950-1536x864.jpg 1536w, http:\/\/mos.kamienna-gora.pl\/wp-content\/uploads\/2020\/10\/20201008_095950-2048x1152.jpg 2048w, http:\/\/mos.kamienna-gora.pl\/wp-content\/uploads\/2020\/10\/20201008_095950-1140x641.jpg 1140w, http:\/\/mos.kamienna-gora.pl\/wp-content\/uploads\/2020\/10\/20201008_095950-720x405.jpg 720w\" sizes=\"auto, (max-width: 1024px) 100vw, 1024px\" \/><\/figure>\n\n\n\n<figure class=\"wp-block-image size-large\"><img loading=\"lazy\" decoding=\"async\" width=\"576\" height=\"1024\" data-attachment-id=\"1123\" data-permalink=\"http:\/\/mos.kamienna-gora.pl\/index.php\/2020\/10\/08\/sztafetowe-biegi-przelajowe-dziewczat-igrzyska-dzieci\/20201008_101737\/\" data-orig-file=\"http:\/\/mos.kamienna-gora.pl\/wp-content\/uploads\/2020\/10\/20201008_101737-scaled.jpg\" data-orig-size=\"1440,2560\" data-comments-opened=\"1\" data-image-meta=\"{&quot;aperture&quot;:&quot;1.7&quot;,&quot;credit&quot;:&quot;&quot;,&quot;camera&quot;:&quot;SM-J530F&quot;,&quot;caption&quot;:&quot;&quot;,&quot;created_timestamp&quot;:&quot;1602152257&quot;,&quot;copyright&quot;:&quot;&quot;,&quot;focal_length&quot;:&quot;3.71&quot;,&quot;iso&quot;:&quot;40&quot;,&quot;shutter_speed&quot;:&quot;0.0020746887966805&quot;,&quot;title&quot;:&quot;&quot;,&quot;orientation&quot;:&quot;1&quot;}\" data-image-title=\"20201008_101737\" data-image-description=\"\" data-image-caption=\"\" data-large-file=\"http:\/\/mos.kamienna-gora.pl\/wp-content\/uploads\/2020\/10\/20201008_101737-576x1024.jpg\" src=\"http:\/\/mos.kamienna-gora.pl\/wp-content\/uploads\/2020\/10\/20201008_101737-576x1024.jpg\" alt=\"\" class=\"wp-image-1123\" srcset=\"http:\/\/mos.kamienna-gora.pl\/wp-content\/uploads\/2020\/10\/20201008_101737-576x1024.jpg 576w, http:\/\/mos.kamienna-gora.pl\/wp-content\/uploads\/2020\/10\/20201008_101737-169x300.jpg 169w, http:\/\/mos.kamienna-gora.pl\/wp-content\/uploads\/2020\/10\/20201008_101737-768x1365.jpg 768w, http:\/\/mos.kamienna-gora.pl\/wp-content\/uploads\/2020\/10\/20201008_101737-864x1536.jpg 864w, http:\/\/mos.kamienna-gora.pl\/wp-content\/uploads\/2020\/10\/20201008_101737-1152x2048.jpg 1152w, http:\/\/mos.kamienna-gora.pl\/wp-content\/uploads\/2020\/10\/20201008_101737-scaled.jpg 1440w\" sizes=\"auto, (max-width: 576px) 100vw, 576px\" \/><\/figure>\n\n\n\n<figure class=\"wp-block-image size-large\"><img loading=\"lazy\" decoding=\"async\" width=\"576\" height=\"1024\" data-attachment-id=\"1124\" data-permalink=\"http:\/\/mos.kamienna-gora.pl\/index.php\/2020\/10\/08\/sztafetowe-biegi-przelajowe-dziewczat-igrzyska-dzieci\/20201008_101755\/\" data-orig-file=\"http:\/\/mos.kamienna-gora.pl\/wp-content\/uploads\/2020\/10\/20201008_101755-scaled.jpg\" data-orig-size=\"1440,2560\" data-comments-opened=\"1\" data-image-meta=\"{&quot;aperture&quot;:&quot;1.7&quot;,&quot;credit&quot;:&quot;&quot;,&quot;camera&quot;:&quot;SM-J530F&quot;,&quot;caption&quot;:&quot;&quot;,&quot;created_timestamp&quot;:&quot;1602152275&quot;,&quot;copyright&quot;:&quot;&quot;,&quot;focal_length&quot;:&quot;3.71&quot;,&quot;iso&quot;:&quot;40&quot;,&quot;shutter_speed&quot;:&quot;0.0025125628140704&quot;,&quot;title&quot;:&quot;&quot;,&quot;orientation&quot;:&quot;1&quot;}\" data-image-title=\"20201008_101755\" data-image-description=\"\" data-image-caption=\"\" data-large-file=\"http:\/\/mos.kamienna-gora.pl\/wp-content\/uploads\/2020\/10\/20201008_101755-576x1024.jpg\" src=\"http:\/\/mos.kamienna-gora.pl\/wp-content\/uploads\/2020\/10\/20201008_101755-576x1024.jpg\" alt=\"\" class=\"wp-image-1124\" srcset=\"http:\/\/mos.kamienna-gora.pl\/wp-content\/uploads\/2020\/10\/20201008_101755-576x1024.jpg 576w, http:\/\/mos.kamienna-gora.pl\/wp-content\/uploads\/2020\/10\/20201008_101755-169x300.jpg 169w, http:\/\/mos.kamienna-gora.pl\/wp-content\/uploads\/2020\/10\/20201008_101755-768x1365.jpg 768w, http:\/\/mos.kamienna-gora.pl\/wp-content\/uploads\/2020\/10\/20201008_101755-864x1536.jpg 864w, http:\/\/mos.kamienna-gora.pl\/wp-content\/uploads\/2020\/10\/20201008_101755-1152x2048.jpg 1152w, http:\/\/mos.kamienna-gora.pl\/wp-content\/uploads\/2020\/10\/20201008_101755-scaled.jpg 1440w\" sizes=\"auto, (max-width: 576px) 100vw, 576px\" \/><\/figure>\n\n\n\n<figure class=\"wp-block-image size-large\"><img loading=\"lazy\" decoding=\"async\" width=\"1024\" height=\"576\" data-attachment-id=\"1125\" data-permalink=\"http:\/\/mos.kamienna-gora.pl\/index.php\/2020\/10\/08\/sztafetowe-biegi-przelajowe-dziewczat-igrzyska-dzieci\/20201008_101929\/\" data-orig-file=\"http:\/\/mos.kamienna-gora.pl\/wp-content\/uploads\/2020\/10\/20201008_101929-scaled.jpg\" data-orig-size=\"2560,1440\" data-comments-opened=\"1\" data-image-meta=\"{&quot;aperture&quot;:&quot;1.7&quot;,&quot;credit&quot;:&quot;&quot;,&quot;camera&quot;:&quot;SM-J530F&quot;,&quot;caption&quot;:&quot;&quot;,&quot;created_timestamp&quot;:&quot;1602152369&quot;,&quot;copyright&quot;:&quot;&quot;,&quot;focal_length&quot;:&quot;3.71&quot;,&quot;iso&quot;:&quot;40&quot;,&quot;shutter_speed&quot;:&quot;0.0027397260273973&quot;,&quot;title&quot;:&quot;&quot;,&quot;orientation&quot;:&quot;1&quot;}\" data-image-title=\"20201008_101929\" data-image-description=\"\" data-image-caption=\"\" data-large-file=\"http:\/\/mos.kamienna-gora.pl\/wp-content\/uploads\/2020\/10\/20201008_101929-1024x576.jpg\" src=\"http:\/\/mos.kamienna-gora.pl\/wp-content\/uploads\/2020\/10\/20201008_101929-1024x576.jpg\" alt=\"\" class=\"wp-image-1125\" srcset=\"http:\/\/mos.kamienna-gora.pl\/wp-content\/uploads\/2020\/10\/20201008_101929-1024x576.jpg 1024w, http:\/\/mos.kamienna-gora.pl\/wp-content\/uploads\/2020\/10\/20201008_101929-300x169.jpg 300w, http:\/\/mos.kamienna-gora.pl\/wp-content\/uploads\/2020\/10\/20201008_101929-768x432.jpg 768w, http:\/\/mos.kamienna-gora.pl\/wp-content\/uploads\/2020\/10\/20201008_101929-1536x864.jpg 1536w, http:\/\/mos.kamienna-gora.pl\/wp-content\/uploads\/2020\/10\/20201008_101929-2048x1152.jpg 2048w, http:\/\/mos.kamienna-gora.pl\/wp-content\/uploads\/2020\/10\/20201008_101929-1140x641.jpg 1140w, http:\/\/mos.kamienna-gora.pl\/wp-content\/uploads\/2020\/10\/20201008_101929-720x405.jpg 720w\" sizes=\"auto, (max-width: 1024px) 100vw, 1024px\" \/><\/figure>\n","protected":false},"excerpt":{"rendered":"<p>Dnia 08 pa\u017adziernika 2020 roku na stadionie przy ulicy S\u0142owackiego w Kamiennej G\u00f3rze odby\u0142 si\u0119 fina\u0142 powiatowy w sztafetowych biegach&hellip;<\/p>\n","protected":false},"author":1,"featured_media":1125,"comment_status":"open","ping_status":"open","sticky":false,"template":"","format":"standard","meta":{"jetpack_post_was_ever_published":false,"_jetpack_newsletter_access":"","_jetpack_dont_email_post_to_subs":false,"_jetpack_newsletter_tier_id":0,"_jetpack_memberships_contains_paywalled_content":false,"_jetpack_memberships_contains_paid_content":false,"footnotes":""},"categories":[1,7],"tags":[],"class_list":["post-1121","post","type-post","status-publish","format-standard","has-post-thumbnail","hentry","category-wydarzenia","category-zawody-powiatowe"],"jetpack_featured_media_url":"http:\/\/mos.kamienna-gora.pl\/wp-content\/uploads\/2020\/10\/20201008_101929-scaled.jpg","jetpack_sharing_enabled":true,"jetpack_shortlink":"https:\/\/wp.me\/paEJ1v-i5","jetpack-related-posts":[],"_links":{"self":[{"href":"http:\/\/mos.kamienna-gora.pl\/index.php\/wp-json\/wp\/v2\/posts\/1121","targetHints":{"allow":["GET"]}}],"collection":[{"href":"http:\/\/mos.kamienna-gora.pl\/index.php\/wp-json\/wp\/v2\/posts"}],"about":[{"href":"http:\/\/mos.kamienna-gora.pl\/index.php\/wp-json\/wp\/v2\/types\/post"}],"author":[{"embeddable":true,"href":"http:\/\/mos.kamienna-gora.pl\/index.php\/wp-json\/wp\/v2\/users\/1"}],"replies":[{"embeddable":true,"href":"http:\/\/mos.kamienna-gora.pl\/index.php\/wp-json\/wp\/v2\/comments?post=1121"}],"version-history":[{"count":1,"href":"http:\/\/mos.kamienna-gora.pl\/index.php\/wp-json\/wp\/v2\/posts\/1121\/revisions"}],"predecessor-version":[{"id":1126,"href":"http:\/\/mos.kamienna-gora.pl\/index.php\/wp-json\/wp\/v2\/posts\/1121\/revisions\/1126"}],"wp:featuredmedia":[{"embeddable":true,"href":"http:\/\/mos.kamienna-gora.pl\/index.php\/wp-json\/wp\/v2\/media\/1125"}],"wp:attachment":[{"href":"http:\/\/mos.kamienna-gora.pl\/index.php\/wp-json\/wp\/v2\/media?parent=1121"}],"wp:term":[{"taxonomy":"category","embeddable":true,"href":"http:\/\/mos.kamienna-gora.pl\/index.php\/wp-json\/wp\/v2\/categories?post=1121"},{"taxonomy":"post_tag","embeddable":true,"href":"http:\/\/mos.kamienna-gora.pl\/index.php\/wp-json\/wp\/v2\/tags?post=1121"}],"curies":[{"name":"wp","href":"https:\/\/api.w.org\/{rel}","templated":true}]}}