{"id":1206,"date":"2021-06-18T08:39:11","date_gmt":"2021-06-18T06:39:11","guid":{"rendered":"http:\/\/mos.kamienna-gora.pl\/?p=1206"},"modified":"2021-06-18T08:39:11","modified_gmt":"2021-06-18T06:39:11","slug":"zawody-powiatowe-klas-ii-w-trojboju-lekkoatletycznym","status":"publish","type":"post","link":"http:\/\/mos.kamienna-gora.pl\/index.php\/2021\/06\/18\/zawody-powiatowe-klas-ii-w-trojboju-lekkoatletycznym\/","title":{"rendered":"Zawody Powiatowe klas II w tr\u00f3jboju lekkoatletycznym"},"content":{"rendered":"\n<p>Dnia 17.06.2021 r. na stadionie przy ulicy S\u0142owackiego w Kamiennej G\u00f3rze odby\u0142y si\u0119 zawody powiatowe w tr\u00f3jboju lekkoatletycznym klas II. Ze wzgl\u0119du, \u017ce zg\u0142osi\u0142a si\u0119 jedna szko\u0142a zawody zosta\u0142y zmienione na konkurencje indywidualne. W zawodach wzi\u0119\u0142a udzia\u0142 szko\u0142a Podstawowa z Krzeszowa. Rywalizacja toczy\u0142a si\u0119 w biegu na 60 m, w rzucie pi\u0142eczk\u0105 palantow\u0105, oraz w skoku w dal. Tak\u017ce policzona zosta\u0142a punktacja zsumowanych punkt\u00f3w za wszystkie konkurencje tzw. Open\u00a0 \u00a0 \u00a0 \u00a0 \u00a0 \u00a0<\/p>\n<p><strong>Dziewcz\u0119ta;<\/strong><\/p>\n<p><strong>Bieg na 60 m.<\/strong><\/p>\n<ol>\n<li>Cyran Roksana 10:85<\/li>\n<li>Marika Zaj\u0105c 10.99<\/li>\n<li>3.Wyrostek Alicja\u00a0 11:24<\/li>\n<\/ol>\n<p><strong>Skok w dal<\/strong><\/p>\n<ol>\n<li>Cyran Roksana 2:85<\/li>\n<li>Marika Zaj\u0105c 2:40<\/li>\n<li>3.Wyrostek Alicja\u00a0 2:26<\/li>\n<\/ol>\n<p><strong>Rzut pi\u0142eczk\u0105 palantow\u0105<\/strong><\/p>\n<ol>\n<li>Homoncik Alicja 15:20<\/li>\n<li>Cyran Roksana 13:50<\/li>\n<li>Marika Zaj\u0105c 10:80<\/li>\n<\/ol>\n<p><strong>Ch\u0142opcy;<\/strong><\/p>\n<p><strong>Bieg na 60 m.<\/strong><\/p>\n<ol>\n<li>Michalski Filip 9:85<\/li>\n<li>Bodziony Dominik 9:90<\/li>\n<li>3.Buziewicz Witold 11:08<\/li>\n<\/ol>\n<p><strong>Skok w dal<\/strong><\/p>\n<ol>\n<li>Buiewicz Witold 3:08<\/li>\n<li>Filip Michalski 2:90<\/li>\n<li>Ko\u0142odziej Tymon 2:73<\/li>\n<\/ol>\n<p><strong>Rzut pi\u0142eczk\u0105 palantow\u0105<\/strong><\/p>\n<ol>\n<li>Ko\u0142odziej Tymon 22:20<\/li>\n<li>Michalski Filip 17:30<\/li>\n<li>Buziewicz Witold 14:10<\/li>\n<\/ol>\n<p>OPEN:<\/p>\n<ol>\n<li>Michalski Filip 28 pkt.<\/li>\n<li>Buziewicz Witold 23 pkt.<\/li>\n<li>Cyran Roksana 22 pkt.<\/li>\n<\/ol>\n<p>\u00a0<\/p>\n\n\n\n<figure class=\"wp-block-gallery columns-0 is-cropped wp-block-gallery-1 is-layout-flex wp-block-gallery-is-layout-flex\"><ul class=\"blocks-gallery-grid\"><\/ul><\/figure>\n\n\n\n<figure class=\"wp-block-image size-large\"><img loading=\"lazy\" decoding=\"async\" width=\"1024\" height=\"576\" data-attachment-id=\"1211\" data-permalink=\"http:\/\/mos.kamienna-gora.pl\/index.php\/2021\/06\/18\/zawody-powiatowe-klas-ii-w-trojboju-lekkoatletycznym\/20210617_102900\/\" data-orig-file=\"http:\/\/mos.kamienna-gora.pl\/wp-content\/uploads\/2021\/06\/20210617_102900-scaled.jpg\" data-orig-size=\"2560,1440\" data-comments-opened=\"1\" data-image-meta=\"{&quot;aperture&quot;:&quot;1.7&quot;,&quot;credit&quot;:&quot;&quot;,&quot;camera&quot;:&quot;SM-J530F&quot;,&quot;caption&quot;:&quot;&quot;,&quot;created_timestamp&quot;:&quot;1623925740&quot;,&quot;copyright&quot;:&quot;&quot;,&quot;focal_length&quot;:&quot;3.71&quot;,&quot;iso&quot;:&quot;40&quot;,&quot;shutter_speed&quot;:&quot;0.0027855153203343&quot;,&quot;title&quot;:&quot;&quot;,&quot;orientation&quot;:&quot;1&quot;}\" data-image-title=\"20210617_102900\" data-image-description=\"\" data-image-caption=\"\" data-large-file=\"http:\/\/mos.kamienna-gora.pl\/wp-content\/uploads\/2021\/06\/20210617_102900-1024x576.jpg\" src=\"http:\/\/mos.kamienna-gora.pl\/wp-content\/uploads\/2021\/06\/20210617_102900-1024x576.jpg\" alt=\"\" class=\"wp-image-1211\" srcset=\"http:\/\/mos.kamienna-gora.pl\/wp-content\/uploads\/2021\/06\/20210617_102900-1024x576.jpg 1024w, http:\/\/mos.kamienna-gora.pl\/wp-content\/uploads\/2021\/06\/20210617_102900-300x169.jpg 300w, http:\/\/mos.kamienna-gora.pl\/wp-content\/uploads\/2021\/06\/20210617_102900-768x432.jpg 768w, http:\/\/mos.kamienna-gora.pl\/wp-content\/uploads\/2021\/06\/20210617_102900-1536x864.jpg 1536w, http:\/\/mos.kamienna-gora.pl\/wp-content\/uploads\/2021\/06\/20210617_102900-2048x1152.jpg 2048w, http:\/\/mos.kamienna-gora.pl\/wp-content\/uploads\/2021\/06\/20210617_102900-1140x641.jpg 1140w, http:\/\/mos.kamienna-gora.pl\/wp-content\/uploads\/2021\/06\/20210617_102900-720x405.jpg 720w\" sizes=\"auto, (max-width: 1024px) 100vw, 1024px\" \/><\/figure>\n\n\n\n<figure class=\"wp-block-image size-large\"><img loading=\"lazy\" decoding=\"async\" width=\"1024\" height=\"576\" data-attachment-id=\"1210\" data-permalink=\"http:\/\/mos.kamienna-gora.pl\/index.php\/2021\/06\/18\/zawody-powiatowe-klas-ii-w-trojboju-lekkoatletycznym\/20210617_102751\/\" data-orig-file=\"http:\/\/mos.kamienna-gora.pl\/wp-content\/uploads\/2021\/06\/20210617_102751-scaled.jpg\" data-orig-size=\"2560,1440\" data-comments-opened=\"1\" data-image-meta=\"{&quot;aperture&quot;:&quot;1.7&quot;,&quot;credit&quot;:&quot;&quot;,&quot;camera&quot;:&quot;SM-J530F&quot;,&quot;caption&quot;:&quot;&quot;,&quot;created_timestamp&quot;:&quot;1623925671&quot;,&quot;copyright&quot;:&quot;&quot;,&quot;focal_length&quot;:&quot;3.71&quot;,&quot;iso&quot;:&quot;40&quot;,&quot;shutter_speed&quot;:&quot;0.0037037037037037&quot;,&quot;title&quot;:&quot;&quot;,&quot;orientation&quot;:&quot;1&quot;}\" data-image-title=\"20210617_102751\" data-image-description=\"\" data-image-caption=\"\" data-large-file=\"http:\/\/mos.kamienna-gora.pl\/wp-content\/uploads\/2021\/06\/20210617_102751-1024x576.jpg\" src=\"http:\/\/mos.kamienna-gora.pl\/wp-content\/uploads\/2021\/06\/20210617_102751-1024x576.jpg\" alt=\"\" class=\"wp-image-1210\" srcset=\"http:\/\/mos.kamienna-gora.pl\/wp-content\/uploads\/2021\/06\/20210617_102751-1024x576.jpg 1024w, http:\/\/mos.kamienna-gora.pl\/wp-content\/uploads\/2021\/06\/20210617_102751-300x169.jpg 300w, http:\/\/mos.kamienna-gora.pl\/wp-content\/uploads\/2021\/06\/20210617_102751-768x432.jpg 768w, http:\/\/mos.kamienna-gora.pl\/wp-content\/uploads\/2021\/06\/20210617_102751-1536x864.jpg 1536w, http:\/\/mos.kamienna-gora.pl\/wp-content\/uploads\/2021\/06\/20210617_102751-2048x1152.jpg 2048w, http:\/\/mos.kamienna-gora.pl\/wp-content\/uploads\/2021\/06\/20210617_102751-1140x641.jpg 1140w, http:\/\/mos.kamienna-gora.pl\/wp-content\/uploads\/2021\/06\/20210617_102751-720x405.jpg 720w\" sizes=\"auto, (max-width: 1024px) 100vw, 1024px\" \/><\/figure>\n\n\n\n<figure class=\"wp-block-image size-large\"><img loading=\"lazy\" decoding=\"async\" width=\"1024\" height=\"576\" data-attachment-id=\"1209\" data-permalink=\"http:\/\/mos.kamienna-gora.pl\/index.php\/2021\/06\/18\/zawody-powiatowe-klas-ii-w-trojboju-lekkoatletycznym\/20210617_102427\/\" data-orig-file=\"http:\/\/mos.kamienna-gora.pl\/wp-content\/uploads\/2021\/06\/20210617_102427-scaled.jpg\" data-orig-size=\"2560,1440\" data-comments-opened=\"1\" data-image-meta=\"{&quot;aperture&quot;:&quot;1.7&quot;,&quot;credit&quot;:&quot;&quot;,&quot;camera&quot;:&quot;SM-J530F&quot;,&quot;caption&quot;:&quot;&quot;,&quot;created_timestamp&quot;:&quot;1623925467&quot;,&quot;copyright&quot;:&quot;&quot;,&quot;focal_length&quot;:&quot;3.71&quot;,&quot;iso&quot;:&quot;40&quot;,&quot;shutter_speed&quot;:&quot;0.0022988505747126&quot;,&quot;title&quot;:&quot;&quot;,&quot;orientation&quot;:&quot;1&quot;}\" data-image-title=\"20210617_102427\" data-image-description=\"\" data-image-caption=\"\" data-large-file=\"http:\/\/mos.kamienna-gora.pl\/wp-content\/uploads\/2021\/06\/20210617_102427-1024x576.jpg\" src=\"http:\/\/mos.kamienna-gora.pl\/wp-content\/uploads\/2021\/06\/20210617_102427-1024x576.jpg\" alt=\"\" class=\"wp-image-1209\" srcset=\"http:\/\/mos.kamienna-gora.pl\/wp-content\/uploads\/2021\/06\/20210617_102427-1024x576.jpg 1024w, http:\/\/mos.kamienna-gora.pl\/wp-content\/uploads\/2021\/06\/20210617_102427-300x169.jpg 300w, http:\/\/mos.kamienna-gora.pl\/wp-content\/uploads\/2021\/06\/20210617_102427-768x432.jpg 768w, http:\/\/mos.kamienna-gora.pl\/wp-content\/uploads\/2021\/06\/20210617_102427-1536x864.jpg 1536w, http:\/\/mos.kamienna-gora.pl\/wp-content\/uploads\/2021\/06\/20210617_102427-2048x1152.jpg 2048w, http:\/\/mos.kamienna-gora.pl\/wp-content\/uploads\/2021\/06\/20210617_102427-1140x641.jpg 1140w, http:\/\/mos.kamienna-gora.pl\/wp-content\/uploads\/2021\/06\/20210617_102427-720x405.jpg 720w\" sizes=\"auto, (max-width: 1024px) 100vw, 1024px\" \/><\/figure>\n\n\n\n<figure class=\"wp-block-image size-large\"><img loading=\"lazy\" decoding=\"async\" width=\"576\" height=\"1024\" data-attachment-id=\"1208\" data-permalink=\"http:\/\/mos.kamienna-gora.pl\/index.php\/2021\/06\/18\/zawody-powiatowe-klas-ii-w-trojboju-lekkoatletycznym\/20210617_095915\/\" data-orig-file=\"http:\/\/mos.kamienna-gora.pl\/wp-content\/uploads\/2021\/06\/20210617_095915-scaled.jpg\" data-orig-size=\"1440,2560\" data-comments-opened=\"1\" data-image-meta=\"{&quot;aperture&quot;:&quot;1.7&quot;,&quot;credit&quot;:&quot;&quot;,&quot;camera&quot;:&quot;SM-J530F&quot;,&quot;caption&quot;:&quot;&quot;,&quot;created_timestamp&quot;:&quot;1623923955&quot;,&quot;copyright&quot;:&quot;&quot;,&quot;focal_length&quot;:&quot;3.71&quot;,&quot;iso&quot;:&quot;40&quot;,&quot;shutter_speed&quot;:&quot;0.00046189376443418&quot;,&quot;title&quot;:&quot;&quot;,&quot;orientation&quot;:&quot;1&quot;}\" data-image-title=\"20210617_095915\" data-image-description=\"\" data-image-caption=\"\" data-large-file=\"http:\/\/mos.kamienna-gora.pl\/wp-content\/uploads\/2021\/06\/20210617_095915-576x1024.jpg\" src=\"http:\/\/mos.kamienna-gora.pl\/wp-content\/uploads\/2021\/06\/20210617_095915-576x1024.jpg\" alt=\"\" class=\"wp-image-1208\" srcset=\"http:\/\/mos.kamienna-gora.pl\/wp-content\/uploads\/2021\/06\/20210617_095915-576x1024.jpg 576w, http:\/\/mos.kamienna-gora.pl\/wp-content\/uploads\/2021\/06\/20210617_095915-169x300.jpg 169w, http:\/\/mos.kamienna-gora.pl\/wp-content\/uploads\/2021\/06\/20210617_095915-768x1365.jpg 768w, http:\/\/mos.kamienna-gora.pl\/wp-content\/uploads\/2021\/06\/20210617_095915-864x1536.jpg 864w, http:\/\/mos.kamienna-gora.pl\/wp-content\/uploads\/2021\/06\/20210617_095915-1152x2048.jpg 1152w, http:\/\/mos.kamienna-gora.pl\/wp-content\/uploads\/2021\/06\/20210617_095915-scaled.jpg 1440w\" sizes=\"auto, (max-width: 576px) 100vw, 576px\" \/><\/figure>\n\n\n\n<figure class=\"wp-block-image size-large\"><img loading=\"lazy\" decoding=\"async\" width=\"576\" height=\"1024\" data-attachment-id=\"1207\" data-permalink=\"http:\/\/mos.kamienna-gora.pl\/index.php\/2021\/06\/18\/zawody-powiatowe-klas-ii-w-trojboju-lekkoatletycznym\/20210617_093345\/\" data-orig-file=\"http:\/\/mos.kamienna-gora.pl\/wp-content\/uploads\/2021\/06\/20210617_093345-scaled.jpg\" data-orig-size=\"1440,2560\" data-comments-opened=\"1\" data-image-meta=\"{&quot;aperture&quot;:&quot;1.7&quot;,&quot;credit&quot;:&quot;&quot;,&quot;camera&quot;:&quot;SM-J530F&quot;,&quot;caption&quot;:&quot;&quot;,&quot;created_timestamp&quot;:&quot;1623922425&quot;,&quot;copyright&quot;:&quot;&quot;,&quot;focal_length&quot;:&quot;3.71&quot;,&quot;iso&quot;:&quot;40&quot;,&quot;shutter_speed&quot;:&quot;0.0008&quot;,&quot;title&quot;:&quot;&quot;,&quot;orientation&quot;:&quot;1&quot;}\" data-image-title=\"20210617_093345\" data-image-description=\"\" data-image-caption=\"\" data-large-file=\"http:\/\/mos.kamienna-gora.pl\/wp-content\/uploads\/2021\/06\/20210617_093345-576x1024.jpg\" src=\"http:\/\/mos.kamienna-gora.pl\/wp-content\/uploads\/2021\/06\/20210617_093345-576x1024.jpg\" alt=\"\" class=\"wp-image-1207\" srcset=\"http:\/\/mos.kamienna-gora.pl\/wp-content\/uploads\/2021\/06\/20210617_093345-576x1024.jpg 576w, http:\/\/mos.kamienna-gora.pl\/wp-content\/uploads\/2021\/06\/20210617_093345-169x300.jpg 169w, http:\/\/mos.kamienna-gora.pl\/wp-content\/uploads\/2021\/06\/20210617_093345-768x1365.jpg 768w, http:\/\/mos.kamienna-gora.pl\/wp-content\/uploads\/2021\/06\/20210617_093345-864x1536.jpg 864w, http:\/\/mos.kamienna-gora.pl\/wp-content\/uploads\/2021\/06\/20210617_093345-1152x2048.jpg 1152w, http:\/\/mos.kamienna-gora.pl\/wp-content\/uploads\/2021\/06\/20210617_093345-scaled.jpg 1440w\" sizes=\"auto, (max-width: 576px) 100vw, 576px\" \/><\/figure>\n","protected":false},"excerpt":{"rendered":"<p>Dnia 17.06.2021 r. na stadionie przy ulicy S\u0142owackiego w Kamiennej G\u00f3rze odby\u0142y si\u0119 zawody powiatowe w tr\u00f3jboju lekkoatletycznym klas II.&hellip;<\/p>\n","protected":false},"author":1,"featured_media":1211,"comment_status":"open","ping_status":"open","sticky":false,"template":"","format":"standard","meta":{"jetpack_post_was_ever_published":false,"_jetpack_newsletter_access":"","_jetpack_dont_email_post_to_subs":false,"_jetpack_newsletter_tier_id":0,"_jetpack_memberships_contains_paywalled_content":false,"_jetpack_memberships_contains_paid_content":false,"footnotes":""},"categories":[1,7],"tags":[],"class_list":["post-1206","post","type-post","status-publish","format-standard","has-post-thumbnail","hentry","category-wydarzenia","category-zawody-powiatowe"],"jetpack_featured_media_url":"http:\/\/mos.kamienna-gora.pl\/wp-content\/uploads\/2021\/06\/20210617_102900-scaled.jpg","jetpack_sharing_enabled":true,"jetpack_shortlink":"https:\/\/wp.me\/paEJ1v-js","jetpack-related-posts":[],"_links":{"self":[{"href":"http:\/\/mos.kamienna-gora.pl\/index.php\/wp-json\/wp\/v2\/posts\/1206","targetHints":{"allow":["GET"]}}],"collection":[{"href":"http:\/\/mos.kamienna-gora.pl\/index.php\/wp-json\/wp\/v2\/posts"}],"about":[{"href":"http:\/\/mos.kamienna-gora.pl\/index.php\/wp-json\/wp\/v2\/types\/post"}],"author":[{"embeddable":true,"href":"http:\/\/mos.kamienna-gora.pl\/index.php\/wp-json\/wp\/v2\/users\/1"}],"replies":[{"embeddable":true,"href":"http:\/\/mos.kamienna-gora.pl\/index.php\/wp-json\/wp\/v2\/comments?post=1206"}],"version-history":[{"count":1,"href":"http:\/\/mos.kamienna-gora.pl\/index.php\/wp-json\/wp\/v2\/posts\/1206\/revisions"}],"predecessor-version":[{"id":1212,"href":"http:\/\/mos.kamienna-gora.pl\/index.php\/wp-json\/wp\/v2\/posts\/1206\/revisions\/1212"}],"wp:featuredmedia":[{"embeddable":true,"href":"http:\/\/mos.kamienna-gora.pl\/index.php\/wp-json\/wp\/v2\/media\/1211"}],"wp:attachment":[{"href":"http:\/\/mos.kamienna-gora.pl\/index.php\/wp-json\/wp\/v2\/media?parent=1206"}],"wp:term":[{"taxonomy":"category","embeddable":true,"href":"http:\/\/mos.kamienna-gora.pl\/index.php\/wp-json\/wp\/v2\/categories?post=1206"},{"taxonomy":"post_tag","embeddable":true,"href":"http:\/\/mos.kamienna-gora.pl\/index.php\/wp-json\/wp\/v2\/tags?post=1206"}],"curies":[{"name":"wp","href":"https:\/\/api.w.org\/{rel}","templated":true}]}}