{"id":1277,"date":"2021-09-20T12:39:31","date_gmt":"2021-09-20T10:39:31","guid":{"rendered":"http:\/\/mos.kamienna-gora.pl\/?p=1277"},"modified":"2021-09-20T12:39:31","modified_gmt":"2021-09-20T10:39:31","slug":"sztafetowe-biegi-przelajowe-dziewczat-i-chlopcow-w-igrzyskach-dzieci","status":"publish","type":"post","link":"http:\/\/mos.kamienna-gora.pl\/index.php\/2021\/09\/20\/sztafetowe-biegi-przelajowe-dziewczat-i-chlopcow-w-igrzyskach-dzieci\/","title":{"rendered":"Sztafetowe biegi prze\u0142ajowe dziewcz\u0105t i ch\u0142opc\u00f3w w Igrzyskach dzieci"},"content":{"rendered":"\n<p>Dnia 20.09.2021 roku na stadionie przy ulicy S\u0142owackiego w Kamiennej G\u00f3rze odby\u0142 si\u0119 fina\u0142 powiatowy w sztafetowych biegach prze\u0142ajowych w kategorii dziewcz\u0105t oraz ch\u0142opc\u00f3w w ramach Igrzysk Dzieci. Ka\u017cda dru\u017cyna sk\u0142ada\u0142a si\u0119 z 6 zawodnik\u00f3w. Dziewcz\u0119ta rywalizowa\u0142y na dystansie 800 m., natomiast ch\u0142opcy na dystansie 1000m. Zsumowany czas \u00a0da\u0142 ko\u0144cowy wynik:<\/p>\n<p>Dziewcz\u0119ta:<\/p>\n<p>\u00a0-Szko\u0142a Podstawowa z Pisarzowic<\/p>\n<p>&#8211; Szko\u0142a Podstawowa z Marciszowa<\/p>\n<p>&#8211; Szko\u0142a Podstawowa z Lubawki<\/p>\n<p>&#8211; Szko\u0142a Podstawowa nr 2 z Kamiennej G\u00f3ry<\/p>\n<p>&#8211; Szko\u0142a Podstawowa z Miszkowic<\/p>\n<p>Kolejno\u015b\u0107 ko\u0144cowa:<\/p>\n<ol>\n<li><strong>Szko\u0142a Podstawowa z Lubawki\u00a0 \u00a0 \u00a0 \u00a0 \u00a0 \u00a0 \u00a0 \u00a0 \u00a0 \u00a0 \u00a0 \u00a0 \u00a0 \u00a0 \u00a0 \u00a024:06,21 min.<\/strong><\/li>\n<li>Szko\u0142a Podstawowa z Pisarzowic\u00a0\u00a0\u00a0\u00a0\u00a0\u00a0\u00a0\u00a0\u00a0\u00a0\u00a0\u00a0\u00a0\u00a0\u00a0\u00a0\u00a0\u00a0\u00a0\u00a0\u00a0\u00a0\u00a0\u00a0\u00a0\u00a0\u00a0\u00a0 <strong>24:35,64 min.<\/strong><\/li>\n<li>Szko\u0142a Podstawowa nr 2 z Kamiennej G\u00f3ry \u00a0\u00a0\u00a0\u00a0\u00a0\u00a0\u00a0\u00a0\u00a0\u00a0\u00a0 <strong>25:28,14 min.<\/strong><\/li>\n<li>Szko\u0142a Podstawowa z Miszkowic\u00a0\u00a0\u00a0\u00a0\u00a0\u00a0\u00a0\u00a0\u00a0\u00a0\u00a0\u00a0\u00a0\u00a0\u00a0\u00a0\u00a0\u00a0\u00a0\u00a0\u00a0\u00a0\u00a0\u00a0\u00a0\u00a0\u00a0\u00a0 <strong>28:05,79 min.<\/strong><\/li>\n<\/ol>\n<p>Sk\u0142ad Szko\u0142a Podstawowa z Lubawki: Bogus\u0142awska Zuzia, Chwastek Sara, Dere\u0144 Hania, Kulikowska Zuzanna, Lamek Maja, Matusik Lena, Sopata Milena, Rysz Lena, opiekun. Maciej Tkaczenko<\/p>\n<p>Szko\u0142a Podstawowa z Lubawki uzyska\u0142a awans do zawod\u00f3w Wojew\u00f3dzkich, kt\u00f3re odb\u0119d\u0105 si\u0119 12.10.2021 r w Twardog\u00f3rze.<\/p>\n<p>Ch\u0142opcy:<\/p>\n<p>&#8211; Szko\u0142a Podstawowa z Pisarzowic<\/p>\n<p>&#8211; Szko\u0142a Podstawowa z Marciszowa<\/p>\n<p>&#8211; Szko\u0142a Podstawowa z Lubawki<\/p>\n<p>&#8211; Szko\u0142a Podstawowa nr 2 z Kamiennej G\u00f3ry<\/p>\n<p>&#8211; Szko\u0142a Podstawowa z Miszkowic<\/p>\n<p>Kolejno\u015b\u0107 ko\u0144cowa:<\/p>\n<ol>\n<li><strong>Szko\u0142a Podstawowa nr 2 z Kamiennej G\u00f3ry\u00a0 \u00a0 \u00a0 \u00a0 \u00a0 24:16,16 min.<\/strong><\/li>\n<li>Szko\u0142a Podstawowa z Miszkowic\u00a0\u00a0\u00a0\u00a0\u00a0\u00a0\u00a0\u00a0\u00a0\u00a0\u00a0\u00a0\u00a0\u00a0\u00a0\u00a0 \u00a0\u00a0\u00a0\u00a0\u00a0\u00a0\u00a0\u00a0\u00a0\u00a0\u00a0 <strong>27:50,48 min.<\/strong><\/li>\n<li>Szko\u0142a Podstawowa z Lubawki\u00a0\u00a0\u00a0\u00a0\u00a0\u00a0\u00a0\u00a0\u00a0\u00a0\u00a0\u00a0\u00a0\u00a0\u00a0\u00a0\u00a0\u00a0\u00a0 \u00a0\u00a0\u00a0\u00a0\u00a0\u00a0\u00a0\u00a0\u00a0\u00a0\u00a0 <strong>27:50,88 min.<\/strong><\/li>\n<li>Szko\u0142a Podstawowa z Pisarzowic\u00a0\u00a0\u00a0\u00a0\u00a0\u00a0\u00a0\u00a0\u00a0\u00a0\u00a0\u00a0\u00a0\u00a0\u00a0\u00a0\u00a0\u00a0\u00a0\u00a0\u00a0\u00a0\u00a0\u00a0\u00a0\u00a0\u00a0\u00a0 <strong>28:00,09 min.<\/strong><\/li>\n<li>Szko\u0142a Podstawowa z Marciszowa\u00a0\u00a0\u00a0\u00a0\u00a0\u00a0\u00a0\u00a0\u00a0\u00a0\u00a0\u00a0\u00a0\u00a0 <strong>\u00a0 \u00a0 \u00a0 \u00a0 \u00a0 \u00a0 32:48,47 min.<\/strong><\/li>\n<\/ol>\n<p>Sk\u0142ad Szko\u0142a Podstawowa nr 2 z Kamiennej G\u00f3ry:<\/p>\n<p>Fabian Masiel, Mateusz Blicharski, Kacper Cynowski, Grobens Maciej, Steczko Maciej, Steczko Krystian, Szymon \u015anie\u017cek, opiekun \u2013 Piotr Ochrymczuk<\/p>\n<p>Szko\u0142a Podstawowa nr 2 z Kamiennej G\u00f3ry uzyska\u0142a awans do zawod\u00f3w Wojew\u00f3dzkich, kt\u00f3re odb\u0119d\u0105 si\u0119 12.10.2021 r w Twardog\u00f3rze.<\/p>\n<p>\u00a0<\/p>\n\n\n\n<figure class=\"wp-block-gallery columns-1 is-cropped wp-block-gallery-1 is-layout-flex wp-block-gallery-is-layout-flex\"><ul class=\"blocks-gallery-grid\"><li class=\"blocks-gallery-item\"><figure><img loading=\"lazy\" decoding=\"async\" width=\"1024\" height=\"683\" data-attachment-id=\"1278\" data-permalink=\"http:\/\/mos.kamienna-gora.pl\/index.php\/2021\/09\/20\/sztafetowe-biegi-przelajowe-dziewczat-i-chlopcow-w-igrzyskach-dzieci\/img_0452\/\" data-orig-file=\"http:\/\/mos.kamienna-gora.pl\/wp-content\/uploads\/2021\/09\/IMG_0452-scaled.jpg\" data-orig-size=\"2560,1707\" data-comments-opened=\"1\" data-image-meta=\"{&quot;aperture&quot;:&quot;5.6&quot;,&quot;credit&quot;:&quot;&quot;,&quot;camera&quot;:&quot;Canon EOS 4000D&quot;,&quot;caption&quot;:&quot;&quot;,&quot;created_timestamp&quot;:&quot;1632132045&quot;,&quot;copyright&quot;:&quot;&quot;,&quot;focal_length&quot;:&quot;32&quot;,&quot;iso&quot;:&quot;100&quot;,&quot;shutter_speed&quot;:&quot;0.008&quot;,&quot;title&quot;:&quot;&quot;,&quot;orientation&quot;:&quot;1&quot;}\" data-image-title=\"IMG_0452\" data-image-description=\"\" data-image-caption=\"\" data-large-file=\"http:\/\/mos.kamienna-gora.pl\/wp-content\/uploads\/2021\/09\/IMG_0452-1024x683.jpg\" src=\"http:\/\/mos.kamienna-gora.pl\/wp-content\/uploads\/2021\/09\/IMG_0452-1024x683.jpg\" alt=\"\" data-id=\"1278\" data-full-url=\"http:\/\/mos.kamienna-gora.pl\/wp-content\/uploads\/2021\/09\/IMG_0452-scaled.jpg\" data-link=\"http:\/\/mos.kamienna-gora.pl\/?attachment_id=1278\" class=\"wp-image-1278\" srcset=\"http:\/\/mos.kamienna-gora.pl\/wp-content\/uploads\/2021\/09\/IMG_0452-1024x683.jpg 1024w, http:\/\/mos.kamienna-gora.pl\/wp-content\/uploads\/2021\/09\/IMG_0452-300x200.jpg 300w, http:\/\/mos.kamienna-gora.pl\/wp-content\/uploads\/2021\/09\/IMG_0452-768x512.jpg 768w, http:\/\/mos.kamienna-gora.pl\/wp-content\/uploads\/2021\/09\/IMG_0452-1536x1024.jpg 1536w, http:\/\/mos.kamienna-gora.pl\/wp-content\/uploads\/2021\/09\/IMG_0452-2048x1365.jpg 2048w\" sizes=\"auto, (max-width: 1024px) 100vw, 1024px\" \/><\/figure><\/li><\/ul><\/figure>\n\n\n\n<figure class=\"wp-block-gallery columns-1 is-cropped wp-block-gallery-2 is-layout-flex wp-block-gallery-is-layout-flex\"><ul class=\"blocks-gallery-grid\"><li class=\"blocks-gallery-item\"><figure><img loading=\"lazy\" decoding=\"async\" width=\"1024\" height=\"683\" data-attachment-id=\"1279\" data-permalink=\"http:\/\/mos.kamienna-gora.pl\/index.php\/2021\/09\/20\/sztafetowe-biegi-przelajowe-dziewczat-i-chlopcow-w-igrzyskach-dzieci\/img_0457\/\" data-orig-file=\"http:\/\/mos.kamienna-gora.pl\/wp-content\/uploads\/2021\/09\/IMG_0457-scaled.jpg\" data-orig-size=\"2560,1707\" data-comments-opened=\"1\" data-image-meta=\"{&quot;aperture&quot;:&quot;5.6&quot;,&quot;credit&quot;:&quot;&quot;,&quot;camera&quot;:&quot;Canon EOS 4000D&quot;,&quot;caption&quot;:&quot;&quot;,&quot;created_timestamp&quot;:&quot;1632132247&quot;,&quot;copyright&quot;:&quot;&quot;,&quot;focal_length&quot;:&quot;18&quot;,&quot;iso&quot;:&quot;100&quot;,&quot;shutter_speed&quot;:&quot;0.00625&quot;,&quot;title&quot;:&quot;&quot;,&quot;orientation&quot;:&quot;1&quot;}\" data-image-title=\"IMG_0457\" data-image-description=\"\" data-image-caption=\"\" data-large-file=\"http:\/\/mos.kamienna-gora.pl\/wp-content\/uploads\/2021\/09\/IMG_0457-1024x683.jpg\" src=\"http:\/\/mos.kamienna-gora.pl\/wp-content\/uploads\/2021\/09\/IMG_0457-1024x683.jpg\" alt=\"\" data-id=\"1279\" data-full-url=\"http:\/\/mos.kamienna-gora.pl\/wp-content\/uploads\/2021\/09\/IMG_0457-scaled.jpg\" data-link=\"http:\/\/mos.kamienna-gora.pl\/?attachment_id=1279\" class=\"wp-image-1279\" srcset=\"http:\/\/mos.kamienna-gora.pl\/wp-content\/uploads\/2021\/09\/IMG_0457-1024x683.jpg 1024w, http:\/\/mos.kamienna-gora.pl\/wp-content\/uploads\/2021\/09\/IMG_0457-300x200.jpg 300w, http:\/\/mos.kamienna-gora.pl\/wp-content\/uploads\/2021\/09\/IMG_0457-768x512.jpg 768w, http:\/\/mos.kamienna-gora.pl\/wp-content\/uploads\/2021\/09\/IMG_0457-1536x1024.jpg 1536w, http:\/\/mos.kamienna-gora.pl\/wp-content\/uploads\/2021\/09\/IMG_0457-2048x1365.jpg 2048w\" sizes=\"auto, (max-width: 1024px) 100vw, 1024px\" \/><\/figure><\/li><\/ul><\/figure>\n\n\n\n<figure class=\"wp-block-gallery columns-1 is-cropped wp-block-gallery-3 is-layout-flex wp-block-gallery-is-layout-flex\"><ul class=\"blocks-gallery-grid\"><li class=\"blocks-gallery-item\"><figure><img loading=\"lazy\" decoding=\"async\" width=\"1024\" height=\"683\" data-attachment-id=\"1280\" data-permalink=\"http:\/\/mos.kamienna-gora.pl\/index.php\/2021\/09\/20\/sztafetowe-biegi-przelajowe-dziewczat-i-chlopcow-w-igrzyskach-dzieci\/img_0482\/\" data-orig-file=\"http:\/\/mos.kamienna-gora.pl\/wp-content\/uploads\/2021\/09\/IMG_0482-scaled.jpg\" data-orig-size=\"2560,1707\" data-comments-opened=\"1\" data-image-meta=\"{&quot;aperture&quot;:&quot;5&quot;,&quot;credit&quot;:&quot;&quot;,&quot;camera&quot;:&quot;Canon EOS 4000D&quot;,&quot;caption&quot;:&quot;&quot;,&quot;created_timestamp&quot;:&quot;1632132689&quot;,&quot;copyright&quot;:&quot;&quot;,&quot;focal_length&quot;:&quot;40&quot;,&quot;iso&quot;:&quot;400&quot;,&quot;shutter_speed&quot;:&quot;0.0015625&quot;,&quot;title&quot;:&quot;&quot;,&quot;orientation&quot;:&quot;1&quot;}\" data-image-title=\"IMG_0482\" data-image-description=\"\" data-image-caption=\"\" data-large-file=\"http:\/\/mos.kamienna-gora.pl\/wp-content\/uploads\/2021\/09\/IMG_0482-1024x683.jpg\" src=\"http:\/\/mos.kamienna-gora.pl\/wp-content\/uploads\/2021\/09\/IMG_0482-1024x683.jpg\" alt=\"\" data-id=\"1280\" data-full-url=\"http:\/\/mos.kamienna-gora.pl\/wp-content\/uploads\/2021\/09\/IMG_0482-scaled.jpg\" data-link=\"http:\/\/mos.kamienna-gora.pl\/?attachment_id=1280\" class=\"wp-image-1280\" srcset=\"http:\/\/mos.kamienna-gora.pl\/wp-content\/uploads\/2021\/09\/IMG_0482-1024x683.jpg 1024w, http:\/\/mos.kamienna-gora.pl\/wp-content\/uploads\/2021\/09\/IMG_0482-300x200.jpg 300w, http:\/\/mos.kamienna-gora.pl\/wp-content\/uploads\/2021\/09\/IMG_0482-768x512.jpg 768w, http:\/\/mos.kamienna-gora.pl\/wp-content\/uploads\/2021\/09\/IMG_0482-1536x1024.jpg 1536w, http:\/\/mos.kamienna-gora.pl\/wp-content\/uploads\/2021\/09\/IMG_0482-2048x1365.jpg 2048w\" sizes=\"auto, (max-width: 1024px) 100vw, 1024px\" \/><\/figure><\/li><\/ul><\/figure>\n\n\n\n<figure class=\"wp-block-gallery columns-1 is-cropped wp-block-gallery-4 is-layout-flex wp-block-gallery-is-layout-flex\"><ul class=\"blocks-gallery-grid\"><li class=\"blocks-gallery-item\"><figure><img loading=\"lazy\" decoding=\"async\" width=\"1024\" height=\"683\" data-attachment-id=\"1281\" data-permalink=\"http:\/\/mos.kamienna-gora.pl\/index.php\/2021\/09\/20\/sztafetowe-biegi-przelajowe-dziewczat-i-chlopcow-w-igrzyskach-dzieci\/img_0659\/\" data-orig-file=\"http:\/\/mos.kamienna-gora.pl\/wp-content\/uploads\/2021\/09\/IMG_0659-scaled.jpg\" data-orig-size=\"2560,1707\" data-comments-opened=\"1\" data-image-meta=\"{&quot;aperture&quot;:&quot;5&quot;,&quot;credit&quot;:&quot;&quot;,&quot;camera&quot;:&quot;Canon EOS 4000D&quot;,&quot;caption&quot;:&quot;&quot;,&quot;created_timestamp&quot;:&quot;1632136837&quot;,&quot;copyright&quot;:&quot;&quot;,&quot;focal_length&quot;:&quot;21&quot;,&quot;iso&quot;:&quot;100&quot;,&quot;shutter_speed&quot;:&quot;0.008&quot;,&quot;title&quot;:&quot;&quot;,&quot;orientation&quot;:&quot;1&quot;}\" data-image-title=\"IMG_0659\" data-image-description=\"\" data-image-caption=\"\" data-large-file=\"http:\/\/mos.kamienna-gora.pl\/wp-content\/uploads\/2021\/09\/IMG_0659-1024x683.jpg\" src=\"http:\/\/mos.kamienna-gora.pl\/wp-content\/uploads\/2021\/09\/IMG_0659-1024x683.jpg\" alt=\"\" data-id=\"1281\" data-full-url=\"http:\/\/mos.kamienna-gora.pl\/wp-content\/uploads\/2021\/09\/IMG_0659-scaled.jpg\" data-link=\"http:\/\/mos.kamienna-gora.pl\/?attachment_id=1281\" class=\"wp-image-1281\" srcset=\"http:\/\/mos.kamienna-gora.pl\/wp-content\/uploads\/2021\/09\/IMG_0659-1024x683.jpg 1024w, http:\/\/mos.kamienna-gora.pl\/wp-content\/uploads\/2021\/09\/IMG_0659-300x200.jpg 300w, http:\/\/mos.kamienna-gora.pl\/wp-content\/uploads\/2021\/09\/IMG_0659-768x512.jpg 768w, http:\/\/mos.kamienna-gora.pl\/wp-content\/uploads\/2021\/09\/IMG_0659-1536x1024.jpg 1536w, http:\/\/mos.kamienna-gora.pl\/wp-content\/uploads\/2021\/09\/IMG_0659-2048x1365.jpg 2048w\" sizes=\"auto, (max-width: 1024px) 100vw, 1024px\" \/><\/figure><\/li><\/ul><\/figure>\n\n\n\n<figure class=\"wp-block-gallery columns-1 is-cropped wp-block-gallery-5 is-layout-flex wp-block-gallery-is-layout-flex\"><ul class=\"blocks-gallery-grid\"><li class=\"blocks-gallery-item\"><figure><img loading=\"lazy\" decoding=\"async\" width=\"1024\" height=\"683\" data-attachment-id=\"1282\" data-permalink=\"http:\/\/mos.kamienna-gora.pl\/index.php\/2021\/09\/20\/sztafetowe-biegi-przelajowe-dziewczat-i-chlopcow-w-igrzyskach-dzieci\/img_0663\/\" data-orig-file=\"http:\/\/mos.kamienna-gora.pl\/wp-content\/uploads\/2021\/09\/IMG_0663-scaled.jpg\" data-orig-size=\"2560,1707\" data-comments-opened=\"1\" data-image-meta=\"{&quot;aperture&quot;:&quot;5&quot;,&quot;credit&quot;:&quot;&quot;,&quot;camera&quot;:&quot;Canon EOS 4000D&quot;,&quot;caption&quot;:&quot;&quot;,&quot;created_timestamp&quot;:&quot;1632136915&quot;,&quot;copyright&quot;:&quot;&quot;,&quot;focal_length&quot;:&quot;21&quot;,&quot;iso&quot;:&quot;100&quot;,&quot;shutter_speed&quot;:&quot;0.008&quot;,&quot;title&quot;:&quot;&quot;,&quot;orientation&quot;:&quot;1&quot;}\" data-image-title=\"IMG_0663\" data-image-description=\"\" data-image-caption=\"\" data-large-file=\"http:\/\/mos.kamienna-gora.pl\/wp-content\/uploads\/2021\/09\/IMG_0663-1024x683.jpg\" src=\"http:\/\/mos.kamienna-gora.pl\/wp-content\/uploads\/2021\/09\/IMG_0663-1024x683.jpg\" alt=\"\" data-id=\"1282\" data-full-url=\"http:\/\/mos.kamienna-gora.pl\/wp-content\/uploads\/2021\/09\/IMG_0663-scaled.jpg\" data-link=\"http:\/\/mos.kamienna-gora.pl\/?attachment_id=1282\" class=\"wp-image-1282\" srcset=\"http:\/\/mos.kamienna-gora.pl\/wp-content\/uploads\/2021\/09\/IMG_0663-1024x683.jpg 1024w, http:\/\/mos.kamienna-gora.pl\/wp-content\/uploads\/2021\/09\/IMG_0663-300x200.jpg 300w, http:\/\/mos.kamienna-gora.pl\/wp-content\/uploads\/2021\/09\/IMG_0663-768x512.jpg 768w, http:\/\/mos.kamienna-gora.pl\/wp-content\/uploads\/2021\/09\/IMG_0663-1536x1024.jpg 1536w, http:\/\/mos.kamienna-gora.pl\/wp-content\/uploads\/2021\/09\/IMG_0663-2048x1365.jpg 2048w\" sizes=\"auto, (max-width: 1024px) 100vw, 1024px\" \/><\/figure><\/li><\/ul><\/figure>\n","protected":false},"excerpt":{"rendered":"<p>Dnia 20.09.2021 roku na stadionie przy ulicy S\u0142owackiego w Kamiennej G\u00f3rze odby\u0142 si\u0119 fina\u0142 powiatowy w sztafetowych biegach prze\u0142ajowych w&hellip;<\/p>\n","protected":false},"author":1,"featured_media":1282,"comment_status":"open","ping_status":"open","sticky":false,"template":"","format":"standard","meta":{"jetpack_post_was_ever_published":false,"_jetpack_newsletter_access":"","_jetpack_dont_email_post_to_subs":false,"_jetpack_newsletter_tier_id":0,"_jetpack_memberships_contains_paywalled_content":false,"_jetpack_memberships_contains_paid_content":false,"footnotes":""},"categories":[1,7],"tags":[],"class_list":["post-1277","post","type-post","status-publish","format-standard","has-post-thumbnail","hentry","category-wydarzenia","category-zawody-powiatowe"],"jetpack_featured_media_url":"http:\/\/mos.kamienna-gora.pl\/wp-content\/uploads\/2021\/09\/IMG_0663-scaled.jpg","jetpack_sharing_enabled":true,"jetpack_shortlink":"https:\/\/wp.me\/paEJ1v-kB","jetpack-related-posts":[],"_links":{"self":[{"href":"http:\/\/mos.kamienna-gora.pl\/index.php\/wp-json\/wp\/v2\/posts\/1277","targetHints":{"allow":["GET"]}}],"collection":[{"href":"http:\/\/mos.kamienna-gora.pl\/index.php\/wp-json\/wp\/v2\/posts"}],"about":[{"href":"http:\/\/mos.kamienna-gora.pl\/index.php\/wp-json\/wp\/v2\/types\/post"}],"author":[{"embeddable":true,"href":"http:\/\/mos.kamienna-gora.pl\/index.php\/wp-json\/wp\/v2\/users\/1"}],"replies":[{"embeddable":true,"href":"http:\/\/mos.kamienna-gora.pl\/index.php\/wp-json\/wp\/v2\/comments?post=1277"}],"version-history":[{"count":1,"href":"http:\/\/mos.kamienna-gora.pl\/index.php\/wp-json\/wp\/v2\/posts\/1277\/revisions"}],"predecessor-version":[{"id":1283,"href":"http:\/\/mos.kamienna-gora.pl\/index.php\/wp-json\/wp\/v2\/posts\/1277\/revisions\/1283"}],"wp:featuredmedia":[{"embeddable":true,"href":"http:\/\/mos.kamienna-gora.pl\/index.php\/wp-json\/wp\/v2\/media\/1282"}],"wp:attachment":[{"href":"http:\/\/mos.kamienna-gora.pl\/index.php\/wp-json\/wp\/v2\/media?parent=1277"}],"wp:term":[{"taxonomy":"category","embeddable":true,"href":"http:\/\/mos.kamienna-gora.pl\/index.php\/wp-json\/wp\/v2\/categories?post=1277"},{"taxonomy":"post_tag","embeddable":true,"href":"http:\/\/mos.kamienna-gora.pl\/index.php\/wp-json\/wp\/v2\/tags?post=1277"}],"curies":[{"name":"wp","href":"https:\/\/api.w.org\/{rel}","templated":true}]}}