{"id":1325,"date":"2021-09-28T08:49:23","date_gmt":"2021-09-28T06:49:23","guid":{"rendered":"http:\/\/mos.kamienna-gora.pl\/?p=1325"},"modified":"2021-09-28T08:49:23","modified_gmt":"2021-09-28T06:49:23","slug":"pilka-nozna-dziewczat-igrzyska-mlodziezy-szkolnej","status":"publish","type":"post","link":"http:\/\/mos.kamienna-gora.pl\/index.php\/2021\/09\/28\/pilka-nozna-dziewczat-igrzyska-mlodziezy-szkolnej\/","title":{"rendered":"Pi\u0142ka no\u017cna dziewcz\u0105t Igrzyska M\u0142odzie\u017cy Szkolnej"},"content":{"rendered":"\n<p>Dnia 27.09.2021 roku na Orliku przy ulicy Lubawskiej w Kamiennej G\u00f3rze odby\u0142 si\u0119 Fina\u0142 Powiatu Kamiennog\u00f3rskiego w pi\u0142ce no\u017cnej. By\u0142a to rywalizacja dziewcz\u0105t w Igrzyskach M\u0142odzie\u017cy Szkolnej. Turniej rozegrany zosta\u0142 systemem ka\u017cdy z ka\u017cdym. Mecz trwa\u0142 2 po\u0142owy po 10 min. Podczas spotkania na boisku rywalizowa\u0142o 5 zawodniczek w polu oraz bramkarz. Udzia\u0142 w zawodach wzi\u0119\u0142y 4 szko\u0142y:<\/p>\n<p>&#8211; SP 2 Kamienna G\u00f3ra<\/p>\n<p>&#8211; SP Miszkowice<\/p>\n<p>&#8211; SP Lubawka<\/p>\n<p>&#8211; SP Pisarzowice<\/p>\n<p>Turniej rozgrywany by\u0142 systemem ka\u017cdy z ka\u017cdym czas gry 2 x 10 min.<\/p>\n<p>Wyniki poszczeg\u00f3lnych spotka\u0144:<\/p>\n<ol>\n<li>SP nr 2 Kamienna G\u00f3ra \u00a0\u2013 SP Pisarzowice\u00a0\u00a0\u00a0\u00a0\u00a0\u00a0\u00a0\u00a0\u00a0\u00a0\u00a0\u00a0\u00a0\u00a0 2 : 1<\/li>\n<li>SP Lubawka \u00a0\u2013 SP Miszkowice\u00a0\u00a0\u00a0\u00a0\u00a0\u00a0\u00a0\u00a0\u00a0\u00a0\u00a0\u00a0\u00a0\u00a0\u00a0\u00a0\u00a0\u00a0\u00a0\u00a0\u00a0\u00a0\u00a0\u00a0\u00a0\u00a0\u00a0\u00a0\u00a0\u00a0\u00a0\u00a0 1 : 0<\/li>\n<li>SP 2 Kamienna G\u00f3ra \u2013 SP Miszkowice\u00a0\u00a0\u00a0\u00a0\u00a0\u00a0\u00a0\u00a0\u00a0\u00a0\u00a0\u00a0\u00a0\u00a0\u00a0\u00a0\u00a0\u00a0\u00a0 3 : 2<\/li>\n<li>SP Pisarzowice \u2013 SP Lubawka\u00a0\u00a0\u00a0\u00a0\u00a0\u00a0\u00a0\u00a0\u00a0\u00a0\u00a0\u00a0\u00a0\u00a0\u00a0\u00a0\u00a0\u00a0\u00a0\u00a0\u00a0\u00a0\u00a0\u00a0\u00a0\u00a0\u00a0\u00a0\u00a0\u00a0\u00a0\u00a0 0 : 2<\/li>\n<li>SP 2 Kamienna G\u00f3ra \u2013 SP Lubawka \u00a0\u00a0\u00a0\u00a0\u00a0\u00a0\u00a0\u00a0\u00a0\u00a0\u00a0\u00a0\u00a0\u00a0\u00a0\u00a0\u00a0\u00a0\u00a0\u00a0\u00a0\u00a0 5 : 0<\/li>\n<li>\u00a0SP Miszkowice \u2013 SP Pisarzowice\u00a0\u00a0\u00a0\u00a0\u00a0\u00a0\u00a0\u00a0\u00a0\u00a0\u00a0\u00a0\u00a0\u00a0\u00a0\u00a0\u00a0\u00a0\u00a0\u00a0\u00a0\u00a0\u00a0\u00a0\u00a0\u00a0\u00a0 4 : 1<\/li>\n<\/ol>\n<p>Kolejno\u015b\u0107 ko\u0144cowa:<\/p>\n<p><strong>\u00a01. Szko\u0142a Podstawowa nr 2 Kamienna G\u00f3ra<\/strong><br \/>\u00a02. Szko\u0142a Podstawowa Lubawka<br \/>\u00a03. Szko\u0142a Podstawowa Miszkowice<\/p>\n<p>\u00a04.Szko\u0142a Podstawowa Pisarzowice<\/p>\n<p><strong>Szko\u0142a Podstawowa nr 2 Kamienna G\u00f3ra uzyska\u0142a \u00a0awans do Fina\u0142u Zawod\u00f3w Strefowych. Fina\u0142 Strefy Jeleniog\u00f3rskiej odb\u0119dzie si\u0119 25.05.2022 r. w Boles\u0142awcu.<\/strong><\/p>\n\n\n\n<figure class=\"wp-block-gallery columns-1 is-cropped wp-block-gallery-1 is-layout-flex wp-block-gallery-is-layout-flex\"><ul class=\"blocks-gallery-grid\"><li class=\"blocks-gallery-item\"><figure><img loading=\"lazy\" decoding=\"async\" width=\"768\" height=\"1024\" data-attachment-id=\"1326\" data-permalink=\"http:\/\/mos.kamienna-gora.pl\/index.php\/2021\/09\/28\/pilka-nozna-dziewczat-igrzyska-mlodziezy-szkolnej\/07f7f334-7f2e-450b-9c8d-a63fd6dac8ff\/\" data-orig-file=\"http:\/\/mos.kamienna-gora.pl\/wp-content\/uploads\/2021\/09\/07F7F334-7F2E-450B-9C8D-A63FD6DAC8FF-scaled.jpeg\" data-orig-size=\"1920,2560\" data-comments-opened=\"1\" data-image-meta=\"{&quot;aperture&quot;:&quot;0&quot;,&quot;credit&quot;:&quot;&quot;,&quot;camera&quot;:&quot;&quot;,&quot;caption&quot;:&quot;&quot;,&quot;created_timestamp&quot;:&quot;0&quot;,&quot;copyright&quot;:&quot;&quot;,&quot;focal_length&quot;:&quot;0&quot;,&quot;iso&quot;:&quot;0&quot;,&quot;shutter_speed&quot;:&quot;0&quot;,&quot;title&quot;:&quot;&quot;,&quot;orientation&quot;:&quot;1&quot;}\" data-image-title=\"07F7F334-7F2E-450B-9C8D-A63FD6DAC8FF\" data-image-description=\"\" data-image-caption=\"\" data-large-file=\"http:\/\/mos.kamienna-gora.pl\/wp-content\/uploads\/2021\/09\/07F7F334-7F2E-450B-9C8D-A63FD6DAC8FF-768x1024.jpeg\" src=\"http:\/\/mos.kamienna-gora.pl\/wp-content\/uploads\/2021\/09\/07F7F334-7F2E-450B-9C8D-A63FD6DAC8FF-768x1024.jpeg\" alt=\"\" data-id=\"1326\" data-full-url=\"http:\/\/mos.kamienna-gora.pl\/wp-content\/uploads\/2021\/09\/07F7F334-7F2E-450B-9C8D-A63FD6DAC8FF-scaled.jpeg\" data-link=\"http:\/\/mos.kamienna-gora.pl\/?attachment_id=1326\" class=\"wp-image-1326\" srcset=\"http:\/\/mos.kamienna-gora.pl\/wp-content\/uploads\/2021\/09\/07F7F334-7F2E-450B-9C8D-A63FD6DAC8FF-768x1024.jpeg 768w, http:\/\/mos.kamienna-gora.pl\/wp-content\/uploads\/2021\/09\/07F7F334-7F2E-450B-9C8D-A63FD6DAC8FF-225x300.jpeg 225w, http:\/\/mos.kamienna-gora.pl\/wp-content\/uploads\/2021\/09\/07F7F334-7F2E-450B-9C8D-A63FD6DAC8FF-1152x1536.jpeg 1152w, http:\/\/mos.kamienna-gora.pl\/wp-content\/uploads\/2021\/09\/07F7F334-7F2E-450B-9C8D-A63FD6DAC8FF-1536x2048.jpeg 1536w, http:\/\/mos.kamienna-gora.pl\/wp-content\/uploads\/2021\/09\/07F7F334-7F2E-450B-9C8D-A63FD6DAC8FF-scaled.jpeg 1920w\" sizes=\"auto, (max-width: 768px) 100vw, 768px\" \/><\/figure><\/li><\/ul><\/figure>\n\n\n\n<figure class=\"wp-block-gallery columns-1 is-cropped wp-block-gallery-2 is-layout-flex wp-block-gallery-is-layout-flex\"><ul class=\"blocks-gallery-grid\"><li class=\"blocks-gallery-item\"><figure><img loading=\"lazy\" decoding=\"async\" width=\"1024\" height=\"768\" data-attachment-id=\"1327\" data-permalink=\"http:\/\/mos.kamienna-gora.pl\/index.php\/2021\/09\/28\/pilka-nozna-dziewczat-igrzyska-mlodziezy-szkolnej\/13ab146a-b35f-4762-bfa0-4f01bd8889c9\/\" data-orig-file=\"http:\/\/mos.kamienna-gora.pl\/wp-content\/uploads\/2021\/09\/13AB146A-B35F-4762-BFA0-4F01BD8889C9-scaled.jpeg\" data-orig-size=\"2560,1920\" data-comments-opened=\"1\" data-image-meta=\"{&quot;aperture&quot;:&quot;0&quot;,&quot;credit&quot;:&quot;&quot;,&quot;camera&quot;:&quot;&quot;,&quot;caption&quot;:&quot;&quot;,&quot;created_timestamp&quot;:&quot;0&quot;,&quot;copyright&quot;:&quot;&quot;,&quot;focal_length&quot;:&quot;0&quot;,&quot;iso&quot;:&quot;0&quot;,&quot;shutter_speed&quot;:&quot;0&quot;,&quot;title&quot;:&quot;&quot;,&quot;orientation&quot;:&quot;1&quot;}\" data-image-title=\"13AB146A-B35F-4762-BFA0-4F01BD8889C9\" data-image-description=\"\" data-image-caption=\"\" data-large-file=\"http:\/\/mos.kamienna-gora.pl\/wp-content\/uploads\/2021\/09\/13AB146A-B35F-4762-BFA0-4F01BD8889C9-1024x768.jpeg\" src=\"http:\/\/mos.kamienna-gora.pl\/wp-content\/uploads\/2021\/09\/13AB146A-B35F-4762-BFA0-4F01BD8889C9-1024x768.jpeg\" alt=\"\" data-id=\"1327\" data-full-url=\"http:\/\/mos.kamienna-gora.pl\/wp-content\/uploads\/2021\/09\/13AB146A-B35F-4762-BFA0-4F01BD8889C9-scaled.jpeg\" data-link=\"http:\/\/mos.kamienna-gora.pl\/?attachment_id=1327\" class=\"wp-image-1327\" srcset=\"http:\/\/mos.kamienna-gora.pl\/wp-content\/uploads\/2021\/09\/13AB146A-B35F-4762-BFA0-4F01BD8889C9-1024x768.jpeg 1024w, http:\/\/mos.kamienna-gora.pl\/wp-content\/uploads\/2021\/09\/13AB146A-B35F-4762-BFA0-4F01BD8889C9-300x225.jpeg 300w, http:\/\/mos.kamienna-gora.pl\/wp-content\/uploads\/2021\/09\/13AB146A-B35F-4762-BFA0-4F01BD8889C9-768x576.jpeg 768w, http:\/\/mos.kamienna-gora.pl\/wp-content\/uploads\/2021\/09\/13AB146A-B35F-4762-BFA0-4F01BD8889C9-1536x1152.jpeg 1536w, http:\/\/mos.kamienna-gora.pl\/wp-content\/uploads\/2021\/09\/13AB146A-B35F-4762-BFA0-4F01BD8889C9-2048x1536.jpeg 2048w, http:\/\/mos.kamienna-gora.pl\/wp-content\/uploads\/2021\/09\/13AB146A-B35F-4762-BFA0-4F01BD8889C9-160x120.jpeg 160w\" sizes=\"auto, (max-width: 1024px) 100vw, 1024px\" \/><\/figure><\/li><\/ul><\/figure>\n\n\n\n\n\n<figure class=\"wp-block-gallery columns-1 is-cropped wp-block-gallery-3 is-layout-flex wp-block-gallery-is-layout-flex\"><ul class=\"blocks-gallery-grid\"><li class=\"blocks-gallery-item\"><figure><img loading=\"lazy\" decoding=\"async\" width=\"1024\" height=\"768\" data-attachment-id=\"1328\" data-permalink=\"http:\/\/mos.kamienna-gora.pl\/index.php\/2021\/09\/28\/pilka-nozna-dziewczat-igrzyska-mlodziezy-szkolnej\/38ce374a-239c-45cc-8c1e-a9c67c3f8ab1\/\" data-orig-file=\"http:\/\/mos.kamienna-gora.pl\/wp-content\/uploads\/2021\/09\/38CE374A-239C-45CC-8C1E-A9C67C3F8AB1-scaled.jpeg\" data-orig-size=\"2560,1920\" data-comments-opened=\"1\" data-image-meta=\"{&quot;aperture&quot;:&quot;0&quot;,&quot;credit&quot;:&quot;&quot;,&quot;camera&quot;:&quot;&quot;,&quot;caption&quot;:&quot;&quot;,&quot;created_timestamp&quot;:&quot;0&quot;,&quot;copyright&quot;:&quot;&quot;,&quot;focal_length&quot;:&quot;0&quot;,&quot;iso&quot;:&quot;0&quot;,&quot;shutter_speed&quot;:&quot;0&quot;,&quot;title&quot;:&quot;&quot;,&quot;orientation&quot;:&quot;1&quot;}\" data-image-title=\"38CE374A-239C-45CC-8C1E-A9C67C3F8AB1\" data-image-description=\"\" data-image-caption=\"\" data-large-file=\"http:\/\/mos.kamienna-gora.pl\/wp-content\/uploads\/2021\/09\/38CE374A-239C-45CC-8C1E-A9C67C3F8AB1-1024x768.jpeg\" src=\"http:\/\/mos.kamienna-gora.pl\/wp-content\/uploads\/2021\/09\/38CE374A-239C-45CC-8C1E-A9C67C3F8AB1-1024x768.jpeg\" alt=\"\" data-id=\"1328\" data-full-url=\"http:\/\/mos.kamienna-gora.pl\/wp-content\/uploads\/2021\/09\/38CE374A-239C-45CC-8C1E-A9C67C3F8AB1-scaled.jpeg\" data-link=\"http:\/\/mos.kamienna-gora.pl\/?attachment_id=1328\" class=\"wp-image-1328\" srcset=\"http:\/\/mos.kamienna-gora.pl\/wp-content\/uploads\/2021\/09\/38CE374A-239C-45CC-8C1E-A9C67C3F8AB1-1024x768.jpeg 1024w, http:\/\/mos.kamienna-gora.pl\/wp-content\/uploads\/2021\/09\/38CE374A-239C-45CC-8C1E-A9C67C3F8AB1-300x225.jpeg 300w, http:\/\/mos.kamienna-gora.pl\/wp-content\/uploads\/2021\/09\/38CE374A-239C-45CC-8C1E-A9C67C3F8AB1-768x576.jpeg 768w, http:\/\/mos.kamienna-gora.pl\/wp-content\/uploads\/2021\/09\/38CE374A-239C-45CC-8C1E-A9C67C3F8AB1-1536x1152.jpeg 1536w, http:\/\/mos.kamienna-gora.pl\/wp-content\/uploads\/2021\/09\/38CE374A-239C-45CC-8C1E-A9C67C3F8AB1-2048x1536.jpeg 2048w, http:\/\/mos.kamienna-gora.pl\/wp-content\/uploads\/2021\/09\/38CE374A-239C-45CC-8C1E-A9C67C3F8AB1-160x120.jpeg 160w\" sizes=\"auto, (max-width: 1024px) 100vw, 1024px\" \/><\/figure><\/li><\/ul><\/figure>\n\n\n\n<figure class=\"wp-block-gallery columns-1 is-cropped wp-block-gallery-4 is-layout-flex wp-block-gallery-is-layout-flex\"><ul class=\"blocks-gallery-grid\"><li class=\"blocks-gallery-item\"><figure><img loading=\"lazy\" decoding=\"async\" width=\"1024\" height=\"768\" data-attachment-id=\"1329\" data-permalink=\"http:\/\/mos.kamienna-gora.pl\/index.php\/2021\/09\/28\/pilka-nozna-dziewczat-igrzyska-mlodziezy-szkolnej\/bf577878-ded6-4db8-b981-a7818c38383a\/\" data-orig-file=\"http:\/\/mos.kamienna-gora.pl\/wp-content\/uploads\/2021\/09\/BF577878-DED6-4DB8-B981-A7818C38383A-scaled.jpeg\" data-orig-size=\"2560,1920\" data-comments-opened=\"1\" data-image-meta=\"{&quot;aperture&quot;:&quot;0&quot;,&quot;credit&quot;:&quot;&quot;,&quot;camera&quot;:&quot;&quot;,&quot;caption&quot;:&quot;&quot;,&quot;created_timestamp&quot;:&quot;0&quot;,&quot;copyright&quot;:&quot;&quot;,&quot;focal_length&quot;:&quot;0&quot;,&quot;iso&quot;:&quot;0&quot;,&quot;shutter_speed&quot;:&quot;0&quot;,&quot;title&quot;:&quot;&quot;,&quot;orientation&quot;:&quot;1&quot;}\" data-image-title=\"BF577878-DED6-4DB8-B981-A7818C38383A\" data-image-description=\"\" data-image-caption=\"\" data-large-file=\"http:\/\/mos.kamienna-gora.pl\/wp-content\/uploads\/2021\/09\/BF577878-DED6-4DB8-B981-A7818C38383A-1024x768.jpeg\" src=\"http:\/\/mos.kamienna-gora.pl\/wp-content\/uploads\/2021\/09\/BF577878-DED6-4DB8-B981-A7818C38383A-1024x768.jpeg\" alt=\"\" data-id=\"1329\" data-full-url=\"http:\/\/mos.kamienna-gora.pl\/wp-content\/uploads\/2021\/09\/BF577878-DED6-4DB8-B981-A7818C38383A-scaled.jpeg\" data-link=\"http:\/\/mos.kamienna-gora.pl\/?attachment_id=1329\" class=\"wp-image-1329\" srcset=\"http:\/\/mos.kamienna-gora.pl\/wp-content\/uploads\/2021\/09\/BF577878-DED6-4DB8-B981-A7818C38383A-1024x768.jpeg 1024w, http:\/\/mos.kamienna-gora.pl\/wp-content\/uploads\/2021\/09\/BF577878-DED6-4DB8-B981-A7818C38383A-300x225.jpeg 300w, http:\/\/mos.kamienna-gora.pl\/wp-content\/uploads\/2021\/09\/BF577878-DED6-4DB8-B981-A7818C38383A-768x576.jpeg 768w, http:\/\/mos.kamienna-gora.pl\/wp-content\/uploads\/2021\/09\/BF577878-DED6-4DB8-B981-A7818C38383A-1536x1152.jpeg 1536w, http:\/\/mos.kamienna-gora.pl\/wp-content\/uploads\/2021\/09\/BF577878-DED6-4DB8-B981-A7818C38383A-2048x1536.jpeg 2048w, http:\/\/mos.kamienna-gora.pl\/wp-content\/uploads\/2021\/09\/BF577878-DED6-4DB8-B981-A7818C38383A-160x120.jpeg 160w\" sizes=\"auto, (max-width: 1024px) 100vw, 1024px\" \/><\/figure><\/li><\/ul><\/figure>\n\n\n\n<figure class=\"wp-block-gallery columns-1 is-cropped wp-block-gallery-5 is-layout-flex wp-block-gallery-is-layout-flex\"><ul class=\"blocks-gallery-grid\"><li class=\"blocks-gallery-item\"><figure><img loading=\"lazy\" decoding=\"async\" width=\"1024\" height=\"768\" data-attachment-id=\"1330\" data-permalink=\"http:\/\/mos.kamienna-gora.pl\/index.php\/2021\/09\/28\/pilka-nozna-dziewczat-igrzyska-mlodziezy-szkolnej\/e4d98364-ca56-47f3-8ab4-9e74a349171d\/\" data-orig-file=\"http:\/\/mos.kamienna-gora.pl\/wp-content\/uploads\/2021\/09\/E4D98364-CA56-47F3-8AB4-9E74A349171D-scaled.jpeg\" data-orig-size=\"2560,1920\" data-comments-opened=\"1\" data-image-meta=\"{&quot;aperture&quot;:&quot;0&quot;,&quot;credit&quot;:&quot;&quot;,&quot;camera&quot;:&quot;&quot;,&quot;caption&quot;:&quot;&quot;,&quot;created_timestamp&quot;:&quot;0&quot;,&quot;copyright&quot;:&quot;&quot;,&quot;focal_length&quot;:&quot;0&quot;,&quot;iso&quot;:&quot;0&quot;,&quot;shutter_speed&quot;:&quot;0&quot;,&quot;title&quot;:&quot;&quot;,&quot;orientation&quot;:&quot;1&quot;}\" data-image-title=\"E4D98364-CA56-47F3-8AB4-9E74A349171D\" data-image-description=\"\" data-image-caption=\"\" data-large-file=\"http:\/\/mos.kamienna-gora.pl\/wp-content\/uploads\/2021\/09\/E4D98364-CA56-47F3-8AB4-9E74A349171D-1024x768.jpeg\" src=\"http:\/\/mos.kamienna-gora.pl\/wp-content\/uploads\/2021\/09\/E4D98364-CA56-47F3-8AB4-9E74A349171D-1024x768.jpeg\" alt=\"\" data-id=\"1330\" data-full-url=\"http:\/\/mos.kamienna-gora.pl\/wp-content\/uploads\/2021\/09\/E4D98364-CA56-47F3-8AB4-9E74A349171D-scaled.jpeg\" data-link=\"http:\/\/mos.kamienna-gora.pl\/?attachment_id=1330\" class=\"wp-image-1330\" srcset=\"http:\/\/mos.kamienna-gora.pl\/wp-content\/uploads\/2021\/09\/E4D98364-CA56-47F3-8AB4-9E74A349171D-1024x768.jpeg 1024w, http:\/\/mos.kamienna-gora.pl\/wp-content\/uploads\/2021\/09\/E4D98364-CA56-47F3-8AB4-9E74A349171D-300x225.jpeg 300w, http:\/\/mos.kamienna-gora.pl\/wp-content\/uploads\/2021\/09\/E4D98364-CA56-47F3-8AB4-9E74A349171D-768x576.jpeg 768w, http:\/\/mos.kamienna-gora.pl\/wp-content\/uploads\/2021\/09\/E4D98364-CA56-47F3-8AB4-9E74A349171D-1536x1152.jpeg 1536w, http:\/\/mos.kamienna-gora.pl\/wp-content\/uploads\/2021\/09\/E4D98364-CA56-47F3-8AB4-9E74A349171D-2048x1536.jpeg 2048w, http:\/\/mos.kamienna-gora.pl\/wp-content\/uploads\/2021\/09\/E4D98364-CA56-47F3-8AB4-9E74A349171D-160x120.jpeg 160w\" sizes=\"auto, (max-width: 1024px) 100vw, 1024px\" \/><\/figure><\/li><\/ul><\/figure>\n","protected":false},"excerpt":{"rendered":"<p>Dnia 27.09.2021 roku na Orliku przy ulicy Lubawskiej w Kamiennej G\u00f3rze odby\u0142 si\u0119 Fina\u0142 Powiatu Kamiennog\u00f3rskiego w pi\u0142ce no\u017cnej. By\u0142a&hellip;<\/p>\n","protected":false},"author":1,"featured_media":1330,"comment_status":"open","ping_status":"open","sticky":false,"template":"","format":"standard","meta":{"jetpack_post_was_ever_published":false,"_jetpack_newsletter_access":"","_jetpack_dont_email_post_to_subs":false,"_jetpack_newsletter_tier_id":0,"_jetpack_memberships_contains_paywalled_content":false,"_jetpack_memberships_contains_paid_content":false,"footnotes":""},"categories":[3,1],"tags":[],"class_list":["post-1325","post","type-post","status-publish","format-standard","has-post-thumbnail","hentry","category-komunikaty","category-wydarzenia"],"jetpack_featured_media_url":"http:\/\/mos.kamienna-gora.pl\/wp-content\/uploads\/2021\/09\/E4D98364-CA56-47F3-8AB4-9E74A349171D-scaled.jpeg","jetpack_sharing_enabled":true,"jetpack_shortlink":"https:\/\/wp.me\/paEJ1v-ln","jetpack-related-posts":[],"_links":{"self":[{"href":"http:\/\/mos.kamienna-gora.pl\/index.php\/wp-json\/wp\/v2\/posts\/1325","targetHints":{"allow":["GET"]}}],"collection":[{"href":"http:\/\/mos.kamienna-gora.pl\/index.php\/wp-json\/wp\/v2\/posts"}],"about":[{"href":"http:\/\/mos.kamienna-gora.pl\/index.php\/wp-json\/wp\/v2\/types\/post"}],"author":[{"embeddable":true,"href":"http:\/\/mos.kamienna-gora.pl\/index.php\/wp-json\/wp\/v2\/users\/1"}],"replies":[{"embeddable":true,"href":"http:\/\/mos.kamienna-gora.pl\/index.php\/wp-json\/wp\/v2\/comments?post=1325"}],"version-history":[{"count":1,"href":"http:\/\/mos.kamienna-gora.pl\/index.php\/wp-json\/wp\/v2\/posts\/1325\/revisions"}],"predecessor-version":[{"id":1331,"href":"http:\/\/mos.kamienna-gora.pl\/index.php\/wp-json\/wp\/v2\/posts\/1325\/revisions\/1331"}],"wp:featuredmedia":[{"embeddable":true,"href":"http:\/\/mos.kamienna-gora.pl\/index.php\/wp-json\/wp\/v2\/media\/1330"}],"wp:attachment":[{"href":"http:\/\/mos.kamienna-gora.pl\/index.php\/wp-json\/wp\/v2\/media?parent=1325"}],"wp:term":[{"taxonomy":"category","embeddable":true,"href":"http:\/\/mos.kamienna-gora.pl\/index.php\/wp-json\/wp\/v2\/categories?post=1325"},{"taxonomy":"post_tag","embeddable":true,"href":"http:\/\/mos.kamienna-gora.pl\/index.php\/wp-json\/wp\/v2\/tags?post=1325"}],"curies":[{"name":"wp","href":"https:\/\/api.w.org\/{rel}","templated":true}]}}