{"id":1332,"date":"2021-09-29T08:33:01","date_gmt":"2021-09-29T06:33:01","guid":{"rendered":"http:\/\/mos.kamienna-gora.pl\/?p=1332"},"modified":"2021-09-29T08:33:01","modified_gmt":"2021-09-29T06:33:01","slug":"pilka-nozna-chlopcow-igrzyska-mlodziezy-szkolnej","status":"publish","type":"post","link":"http:\/\/mos.kamienna-gora.pl\/index.php\/2021\/09\/29\/pilka-nozna-chlopcow-igrzyska-mlodziezy-szkolnej\/","title":{"rendered":"Pi\u0142ka no\u017cna ch\u0142opc\u00f3w Igrzyska M\u0142odzie\u017cy Szkolnej"},"content":{"rendered":"\n<p>Dnia 28.09.2021 roku na Orliku przy ulicy Bolka Ksi\u0119cia I w Kamiennej G\u00f3rze odby\u0142 si\u0119 Fina\u0142 Powiatu Kamiennog\u00f3rskiego w pi\u0142ce no\u017cnej. By\u0142a to rywalizacja ch\u0142opc\u00f3w w Igrzyskach M\u0142odzie\u017cy Szkolnej. W zawodach udzia\u0142 wzi\u0119\u0142o 7 szk\u00f3\u0142. Dru\u017cyny te zosta\u0142y podzielone na 2 grupy po uprzednim losowaniu. Z grup po 2 najlepsze dru\u017cyny awansowa\u0142y do p\u00f3\u0142fina\u0142\u00f3w. Zwyci\u0119zcy p\u00f3\u0142fina\u0142\u00f3w zagrali o miejsce I, natomiast przegrani o miejsce III.<\/p>\n<p>W pierwszej grupie o ko\u0144cowym uk\u0142adzie tabeli zadecydowa\u0142a ma\u0142a tabela, miedzy Szko\u0142a Podstawowa nr 1 Kamienna G\u00f3ra, Szko\u0142a Podstawowa Lubawka, oraz Szko\u0142a Podstawowa Che\u0142msko \u015al\u0105skie. W tym Przypadku awans do p\u00f3\u0142fina\u0142\u00f3w uzyska\u0142a Szko\u0142a Podstawowa nr 1 Kamienna G\u00f3ra, oraz Szko\u0142a Podstawowa Che\u0142msko \u015al\u0105skie<\/p>\n<p>Mecz rozgrywany by\u0142 w czasie 10 min.<\/p>\n<p>W turnieju wyst\u0105pi\u0142y nast\u0119puj\u0105ce szko\u0142y:<\/p>\n<p>&#8211; SP 2 Kamienna G\u00f3ra<\/p>\n<p>&#8211; SP Krzesz\u00f3w<\/p>\n<p>&#8211; SP Lubawka<\/p>\n<p>&#8211; SP Pisarzowice<\/p>\n<p>&#8211; SP1 Kamienna G\u00f3ra<\/p>\n<p>&#8211; SP Che\u0142msko \u015al\u0105skie<\/p>\n<p>&#8211; SP Marcisz\u00f3w<\/p>\n<p>Wyniki poszczeg\u00f3lnych spotka\u0144:<\/p>\n<p>Gr I:<\/p>\n<ol>\n<li>SP nr 1 Kamienna G\u00f3ra \u00a0\u2013 SP Lubawka\u00a0\u00a0\u00a0\u00a0\u00a0\u00a0\u00a0\u00a0\u00a0\u00a0\u00a0\u00a0\u00a0\u00a0\u00a0\u00a0\u00a0\u00a0 0 : 1<\/li>\n<li>SP Che\u0142msko \u015al\u0105skie \u2013 SP Pisarzowice\u00a0\u00a0\u00a0\u00a0\u00a0\u00a0\u00a0\u00a0\u00a0\u00a0\u00a0\u00a0\u00a0\u00a0\u00a0\u00a0\u00a0\u00a0\u00a0 3 : 0<\/li>\n<li>SP Che\u0142msko \u015al\u0105skie \u2013 SP Lubawka\u00a0\u00a0\u00a0\u00a0\u00a0\u00a0\u00a0\u00a0\u00a0\u00a0\u00a0 \u00a0\u00a0\u00a0\u00a0\u00a0\u00a0\u00a0\u00a0\u00a0\u00a0\u00a0 2 : 0<\/li>\n<li>SP Pisarzowice \u2013 SP nr 1 Kamienna G\u00f3ra\u00a0\u00a0\u00a0\u00a0\u00a0\u00a0\u00a0\u00a0\u00a0\u00a0\u00a0\u00a0\u00a0\u00a0\u00a0 0 : 3<\/li>\n<li>SP Pisarzowice \u2013 SP Lubawka \u00a0\u00a0\u00a0\u00a0\u00a0\u00a0\u00a0\u00a0 \u00a0\u00a0\u00a0\u00a0\u00a0\u00a0\u00a0\u00a0\u00a0\u00a0\u00a0\u00a0\u00a0\u00a0\u00a0\u00a0\u00a0\u00a0\u00a0\u00a0\u00a0\u00a0\u00a0 0 : 5<\/li>\n<li>\u00a0SP 1 Kamienna G\u00f3ra \u2013 SP Che\u0142msko \u015al\u0105skie\u00a0\u00a0\u00a0\u00a0\u00a0\u00a0\u00a0\u00a0\u00a0 2 : 0<\/li>\n<\/ol>\n<p>Gr I:<\/p>\n<ol>\n<li>SP nr 2 Kamienna G\u00f3ra\u00a0 \u2013 SP Krzesz\u00f3w\u00a0\u00a0\u00a0\u00a0\u00a0\u00a0\u00a0\u00a0\u00a0\u00a0\u00a0\u00a0\u00a0\u00a0\u00a0\u00a0\u00a0 3 : 0<\/li>\n<li>SP Marcisz\u00f3w \u2013 SP Krzesz\u00f3w\u00a0\u00a0\u00a0\u00a0\u00a0\u00a0\u00a0\u00a0\u00a0\u00a0\u00a0\u00a0\u00a0\u00a0\u00a0\u00a0\u00a0\u00a0\u00a0\u00a0\u00a0\u00a0\u00a0\u00a0\u00a0\u00a0\u00a0\u00a0\u00a0\u00a0\u00a0\u00a0\u00a0 0 : 0<\/li>\n<li>SP Marcisz\u00f3w \u2013 SP nr 2 Kamienna G\u00f3ra\u00a0\u00a0\u00a0\u00a0\u00a0\u00a0\u00a0\u00a0\u00a0\u00a0\u00a0\u00a0\u00a0\u00a0\u00a0\u00a0 0 : 1<\/li>\n<\/ol>\n<p>P\u00f3\u0142fina\u0142y:<\/p>\n<ol>\n<li>SP nr 1 Kamienna G\u00f3ra\u00a0 \u2013 SP Marcisz\u00f3w\u00a0\u00a0\u00a0\u00a0\u00a0\u00a0\u00a0\u00a0\u00a0\u00a0\u00a0\u00a0\u00a0\u00a0\u00a0 1 : 1 karne\u00a0 &#8211; 1 : 2<\/li>\n<li>SP Che\u0142msko \u015al\u0105skie \u2013 SP nr 2 Kamienna G\u00f3ra\u00a0\u00a0\u00a0\u00a0\u00a0 2 : 2 karne \u2013 2 : 3<\/li>\n<\/ol>\n<p>Mecz o III miejsce:<\/p>\n<p>SP nr 1 Kamienna G\u00f3ra\u00a0 \u2013SP Che\u0142msko \u015al\u0105skie\u00a0\u00a0\u00a0\u00a0\u00a0 0 : 0 karne\u00a0 &#8211; 0 : 2<\/p>\n<p>Mecz o I miejsce:<\/p>\n<p>SP nr 2 Kamienna G\u00f3ra\u00a0 \u2013 SP Marcisz\u00f3w\u00a0\u00a0\u00a0 \u00a0\u00a0\u00a0\u00a0\u00a0\u00a0\u00a0\u00a0\u00a0\u00a0\u00a0 0 : 2<\/p>\n<p>Kolejno\u015b\u0107 ko\u0144cowa:<\/p>\n<p><br \/><strong>1. Szko\u0142a Podstawowa Marcisz\u00f3w<\/strong><br \/>2. Szko\u0142a Podstawowa nr 2 Kamienna G\u00f3ra<br \/>3. Szko\u0142a Podstawowa Che\u0142msko \u015al\u0105skie<\/p>\n<p>4.Szko\u0142a Podstawowa nr 1 Kamienna G\u00f3ra<\/p>\n<p>5-6.Szko\u0142a Podstawowa Lubawka<\/p>\n<p>5-6. Szko\u0142a Podstawowa Krzesz\u00f3w<\/p>\n<p>7.Szko\u0142a Podstawowa Pisarzowice<\/p>\n<p><strong>Szko\u0142a Podstawowa z Marciszowa uzyska\u0142a awans do Fina\u0142u Strefy Jeleniog\u00f3rskiej, kt\u00f3ry odb\u0119dzie si\u0119 dnia 26.05.2022 r. w Boles\u0142awcu.<\/strong><\/p>\n<p><strong>Sk\u0142ad SP Marcisz\u00f3w:<\/strong><\/p>\n<p><strong>Bienias E., Dorada D., Hartwig J., Kaczmarczyk W., \u0141oza D., Paluch H., St\u0119pie\u0144 G., Szczurek O., Trz\u0105salski J., opiekun \u2013 Robert Murawski<\/strong><\/p>\n\n\n\n<figure class=\"wp-block-gallery columns-1 is-cropped wp-block-gallery-1 is-layout-flex wp-block-gallery-is-layout-flex\"><ul class=\"blocks-gallery-grid\"><li class=\"blocks-gallery-item\"><figure><img loading=\"lazy\" decoding=\"async\" width=\"1024\" height=\"683\" data-attachment-id=\"1333\" data-permalink=\"http:\/\/mos.kamienna-gora.pl\/index.php\/2021\/09\/29\/pilka-nozna-chlopcow-igrzyska-mlodziezy-szkolnej\/img_0896\/\" data-orig-file=\"http:\/\/mos.kamienna-gora.pl\/wp-content\/uploads\/2021\/09\/IMG_0896-scaled.jpg\" data-orig-size=\"2560,1707\" data-comments-opened=\"1\" data-image-meta=\"{&quot;aperture&quot;:&quot;5.6&quot;,&quot;credit&quot;:&quot;&quot;,&quot;camera&quot;:&quot;Canon EOS 4000D&quot;,&quot;caption&quot;:&quot;&quot;,&quot;created_timestamp&quot;:&quot;1632822542&quot;,&quot;copyright&quot;:&quot;&quot;,&quot;focal_length&quot;:&quot;23&quot;,&quot;iso&quot;:&quot;100&quot;,&quot;shutter_speed&quot;:&quot;0.00625&quot;,&quot;title&quot;:&quot;&quot;,&quot;orientation&quot;:&quot;1&quot;}\" data-image-title=\"IMG_0896\" data-image-description=\"\" data-image-caption=\"\" data-large-file=\"http:\/\/mos.kamienna-gora.pl\/wp-content\/uploads\/2021\/09\/IMG_0896-1024x683.jpg\" src=\"http:\/\/mos.kamienna-gora.pl\/wp-content\/uploads\/2021\/09\/IMG_0896-1024x683.jpg\" alt=\"\" data-id=\"1333\" data-full-url=\"http:\/\/mos.kamienna-gora.pl\/wp-content\/uploads\/2021\/09\/IMG_0896-scaled.jpg\" data-link=\"http:\/\/mos.kamienna-gora.pl\/?attachment_id=1333\" class=\"wp-image-1333\" srcset=\"http:\/\/mos.kamienna-gora.pl\/wp-content\/uploads\/2021\/09\/IMG_0896-1024x683.jpg 1024w, http:\/\/mos.kamienna-gora.pl\/wp-content\/uploads\/2021\/09\/IMG_0896-300x200.jpg 300w, http:\/\/mos.kamienna-gora.pl\/wp-content\/uploads\/2021\/09\/IMG_0896-768x512.jpg 768w, http:\/\/mos.kamienna-gora.pl\/wp-content\/uploads\/2021\/09\/IMG_0896-1536x1024.jpg 1536w, http:\/\/mos.kamienna-gora.pl\/wp-content\/uploads\/2021\/09\/IMG_0896-2048x1365.jpg 2048w\" sizes=\"auto, (max-width: 1024px) 100vw, 1024px\" \/><\/figure><\/li><\/ul><\/figure>\n\n\n\n<figure class=\"wp-block-gallery columns-1 is-cropped wp-block-gallery-2 is-layout-flex wp-block-gallery-is-layout-flex\"><ul class=\"blocks-gallery-grid\"><li class=\"blocks-gallery-item\"><figure><img loading=\"lazy\" decoding=\"async\" width=\"1024\" height=\"683\" data-attachment-id=\"1334\" data-permalink=\"http:\/\/mos.kamienna-gora.pl\/index.php\/2021\/09\/29\/pilka-nozna-chlopcow-igrzyska-mlodziezy-szkolnej\/img_0961\/\" data-orig-file=\"http:\/\/mos.kamienna-gora.pl\/wp-content\/uploads\/2021\/09\/IMG_0961-scaled.jpg\" data-orig-size=\"2560,1707\" data-comments-opened=\"1\" data-image-meta=\"{&quot;aperture&quot;:&quot;5.6&quot;,&quot;credit&quot;:&quot;&quot;,&quot;camera&quot;:&quot;Canon EOS 4000D&quot;,&quot;caption&quot;:&quot;&quot;,&quot;created_timestamp&quot;:&quot;1632827457&quot;,&quot;copyright&quot;:&quot;&quot;,&quot;focal_length&quot;:&quot;55&quot;,&quot;iso&quot;:&quot;320&quot;,&quot;shutter_speed&quot;:&quot;0.00125&quot;,&quot;title&quot;:&quot;&quot;,&quot;orientation&quot;:&quot;1&quot;}\" data-image-title=\"IMG_0961\" data-image-description=\"\" data-image-caption=\"\" data-large-file=\"http:\/\/mos.kamienna-gora.pl\/wp-content\/uploads\/2021\/09\/IMG_0961-1024x683.jpg\" src=\"http:\/\/mos.kamienna-gora.pl\/wp-content\/uploads\/2021\/09\/IMG_0961-1024x683.jpg\" alt=\"\" data-id=\"1334\" data-full-url=\"http:\/\/mos.kamienna-gora.pl\/wp-content\/uploads\/2021\/09\/IMG_0961-scaled.jpg\" data-link=\"http:\/\/mos.kamienna-gora.pl\/?attachment_id=1334\" class=\"wp-image-1334\" srcset=\"http:\/\/mos.kamienna-gora.pl\/wp-content\/uploads\/2021\/09\/IMG_0961-1024x683.jpg 1024w, http:\/\/mos.kamienna-gora.pl\/wp-content\/uploads\/2021\/09\/IMG_0961-300x200.jpg 300w, http:\/\/mos.kamienna-gora.pl\/wp-content\/uploads\/2021\/09\/IMG_0961-768x512.jpg 768w, http:\/\/mos.kamienna-gora.pl\/wp-content\/uploads\/2021\/09\/IMG_0961-1536x1024.jpg 1536w, http:\/\/mos.kamienna-gora.pl\/wp-content\/uploads\/2021\/09\/IMG_0961-2048x1365.jpg 2048w\" sizes=\"auto, (max-width: 1024px) 100vw, 1024px\" \/><\/figure><\/li><\/ul><\/figure>\n\n\n\n<figure class=\"wp-block-gallery columns-1 is-cropped wp-block-gallery-3 is-layout-flex wp-block-gallery-is-layout-flex\"><ul class=\"blocks-gallery-grid\"><li class=\"blocks-gallery-item\"><figure><img loading=\"lazy\" decoding=\"async\" width=\"1024\" height=\"683\" data-attachment-id=\"1335\" data-permalink=\"http:\/\/mos.kamienna-gora.pl\/index.php\/2021\/09\/29\/pilka-nozna-chlopcow-igrzyska-mlodziezy-szkolnej\/img_0963\/\" data-orig-file=\"http:\/\/mos.kamienna-gora.pl\/wp-content\/uploads\/2021\/09\/IMG_0963-scaled.jpg\" data-orig-size=\"2560,1707\" data-comments-opened=\"1\" data-image-meta=\"{&quot;aperture&quot;:&quot;5.6&quot;,&quot;credit&quot;:&quot;&quot;,&quot;camera&quot;:&quot;Canon EOS 4000D&quot;,&quot;caption&quot;:&quot;&quot;,&quot;created_timestamp&quot;:&quot;1632827476&quot;,&quot;copyright&quot;:&quot;&quot;,&quot;focal_length&quot;:&quot;55&quot;,&quot;iso&quot;:&quot;320&quot;,&quot;shutter_speed&quot;:&quot;0.00125&quot;,&quot;title&quot;:&quot;&quot;,&quot;orientation&quot;:&quot;1&quot;}\" data-image-title=\"IMG_0963\" data-image-description=\"\" data-image-caption=\"\" data-large-file=\"http:\/\/mos.kamienna-gora.pl\/wp-content\/uploads\/2021\/09\/IMG_0963-1024x683.jpg\" src=\"http:\/\/mos.kamienna-gora.pl\/wp-content\/uploads\/2021\/09\/IMG_0963-1024x683.jpg\" alt=\"\" data-id=\"1335\" data-full-url=\"http:\/\/mos.kamienna-gora.pl\/wp-content\/uploads\/2021\/09\/IMG_0963-scaled.jpg\" data-link=\"http:\/\/mos.kamienna-gora.pl\/?attachment_id=1335\" class=\"wp-image-1335\" srcset=\"http:\/\/mos.kamienna-gora.pl\/wp-content\/uploads\/2021\/09\/IMG_0963-1024x683.jpg 1024w, http:\/\/mos.kamienna-gora.pl\/wp-content\/uploads\/2021\/09\/IMG_0963-300x200.jpg 300w, http:\/\/mos.kamienna-gora.pl\/wp-content\/uploads\/2021\/09\/IMG_0963-768x512.jpg 768w, http:\/\/mos.kamienna-gora.pl\/wp-content\/uploads\/2021\/09\/IMG_0963-1536x1024.jpg 1536w, http:\/\/mos.kamienna-gora.pl\/wp-content\/uploads\/2021\/09\/IMG_0963-2048x1365.jpg 2048w\" sizes=\"auto, (max-width: 1024px) 100vw, 1024px\" \/><\/figure><\/li><\/ul><\/figure>\n\n\n\n<figure class=\"wp-block-gallery columns-1 is-cropped wp-block-gallery-4 is-layout-flex wp-block-gallery-is-layout-flex\"><ul class=\"blocks-gallery-grid\"><li class=\"blocks-gallery-item\"><figure><img loading=\"lazy\" decoding=\"async\" width=\"1024\" height=\"683\" data-attachment-id=\"1336\" data-permalink=\"http:\/\/mos.kamienna-gora.pl\/index.php\/2021\/09\/29\/pilka-nozna-chlopcow-igrzyska-mlodziezy-szkolnej\/img_0978\/\" data-orig-file=\"http:\/\/mos.kamienna-gora.pl\/wp-content\/uploads\/2021\/09\/IMG_0978-scaled.jpg\" data-orig-size=\"2560,1707\" data-comments-opened=\"1\" data-image-meta=\"{&quot;aperture&quot;:&quot;5&quot;,&quot;credit&quot;:&quot;&quot;,&quot;camera&quot;:&quot;Canon EOS 4000D&quot;,&quot;caption&quot;:&quot;&quot;,&quot;created_timestamp&quot;:&quot;1632827536&quot;,&quot;copyright&quot;:&quot;&quot;,&quot;focal_length&quot;:&quot;43&quot;,&quot;iso&quot;:&quot;200&quot;,&quot;shutter_speed&quot;:&quot;0.0015625&quot;,&quot;title&quot;:&quot;&quot;,&quot;orientation&quot;:&quot;1&quot;}\" data-image-title=\"IMG_0978\" data-image-description=\"\" data-image-caption=\"\" data-large-file=\"http:\/\/mos.kamienna-gora.pl\/wp-content\/uploads\/2021\/09\/IMG_0978-1024x683.jpg\" src=\"http:\/\/mos.kamienna-gora.pl\/wp-content\/uploads\/2021\/09\/IMG_0978-1024x683.jpg\" alt=\"\" data-id=\"1336\" data-full-url=\"http:\/\/mos.kamienna-gora.pl\/wp-content\/uploads\/2021\/09\/IMG_0978-scaled.jpg\" data-link=\"http:\/\/mos.kamienna-gora.pl\/?attachment_id=1336\" class=\"wp-image-1336\" srcset=\"http:\/\/mos.kamienna-gora.pl\/wp-content\/uploads\/2021\/09\/IMG_0978-1024x683.jpg 1024w, http:\/\/mos.kamienna-gora.pl\/wp-content\/uploads\/2021\/09\/IMG_0978-300x200.jpg 300w, http:\/\/mos.kamienna-gora.pl\/wp-content\/uploads\/2021\/09\/IMG_0978-768x512.jpg 768w, http:\/\/mos.kamienna-gora.pl\/wp-content\/uploads\/2021\/09\/IMG_0978-1536x1024.jpg 1536w, http:\/\/mos.kamienna-gora.pl\/wp-content\/uploads\/2021\/09\/IMG_0978-2048x1365.jpg 2048w\" sizes=\"auto, (max-width: 1024px) 100vw, 1024px\" \/><\/figure><\/li><\/ul><\/figure>\n\n\n\n<figure class=\"wp-block-gallery columns-1 is-cropped wp-block-gallery-5 is-layout-flex wp-block-gallery-is-layout-flex\"><ul class=\"blocks-gallery-grid\"><li class=\"blocks-gallery-item\"><figure><img loading=\"lazy\" decoding=\"async\" width=\"1024\" height=\"683\" data-attachment-id=\"1337\" data-permalink=\"http:\/\/mos.kamienna-gora.pl\/index.php\/2021\/09\/29\/pilka-nozna-chlopcow-igrzyska-mlodziezy-szkolnej\/img_1057\/\" data-orig-file=\"http:\/\/mos.kamienna-gora.pl\/wp-content\/uploads\/2021\/09\/IMG_1057-scaled.jpg\" data-orig-size=\"2560,1707\" data-comments-opened=\"1\" data-image-meta=\"{&quot;aperture&quot;:&quot;8&quot;,&quot;credit&quot;:&quot;&quot;,&quot;camera&quot;:&quot;Canon EOS 4000D&quot;,&quot;caption&quot;:&quot;&quot;,&quot;created_timestamp&quot;:&quot;1632833364&quot;,&quot;copyright&quot;:&quot;&quot;,&quot;focal_length&quot;:&quot;55&quot;,&quot;iso&quot;:&quot;100&quot;,&quot;shutter_speed&quot;:&quot;0.005&quot;,&quot;title&quot;:&quot;&quot;,&quot;orientation&quot;:&quot;1&quot;}\" data-image-title=\"IMG_1057\" data-image-description=\"\" data-image-caption=\"\" data-large-file=\"http:\/\/mos.kamienna-gora.pl\/wp-content\/uploads\/2021\/09\/IMG_1057-1024x683.jpg\" src=\"http:\/\/mos.kamienna-gora.pl\/wp-content\/uploads\/2021\/09\/IMG_1057-1024x683.jpg\" alt=\"\" data-id=\"1337\" data-full-url=\"http:\/\/mos.kamienna-gora.pl\/wp-content\/uploads\/2021\/09\/IMG_1057-scaled.jpg\" data-link=\"http:\/\/mos.kamienna-gora.pl\/?attachment_id=1337\" class=\"wp-image-1337\" srcset=\"http:\/\/mos.kamienna-gora.pl\/wp-content\/uploads\/2021\/09\/IMG_1057-1024x683.jpg 1024w, http:\/\/mos.kamienna-gora.pl\/wp-content\/uploads\/2021\/09\/IMG_1057-300x200.jpg 300w, http:\/\/mos.kamienna-gora.pl\/wp-content\/uploads\/2021\/09\/IMG_1057-768x512.jpg 768w, http:\/\/mos.kamienna-gora.pl\/wp-content\/uploads\/2021\/09\/IMG_1057-1536x1024.jpg 1536w, http:\/\/mos.kamienna-gora.pl\/wp-content\/uploads\/2021\/09\/IMG_1057-2048x1365.jpg 2048w\" sizes=\"auto, (max-width: 1024px) 100vw, 1024px\" \/><\/figure><\/li><\/ul><\/figure>\n","protected":false},"excerpt":{"rendered":"<p>Dnia 28.09.2021 roku na Orliku przy ulicy Bolka Ksi\u0119cia I w Kamiennej G\u00f3rze odby\u0142 si\u0119 Fina\u0142 Powiatu Kamiennog\u00f3rskiego w pi\u0142ce&hellip;<\/p>\n","protected":false},"author":1,"featured_media":1337,"comment_status":"open","ping_status":"open","sticky":false,"template":"","format":"standard","meta":{"jetpack_post_was_ever_published":false,"_jetpack_newsletter_access":"","_jetpack_dont_email_post_to_subs":false,"_jetpack_newsletter_tier_id":0,"_jetpack_memberships_contains_paywalled_content":false,"_jetpack_memberships_contains_paid_content":false,"footnotes":""},"categories":[1,7],"tags":[],"class_list":["post-1332","post","type-post","status-publish","format-standard","has-post-thumbnail","hentry","category-wydarzenia","category-zawody-powiatowe"],"jetpack_featured_media_url":"http:\/\/mos.kamienna-gora.pl\/wp-content\/uploads\/2021\/09\/IMG_1057-scaled.jpg","jetpack_sharing_enabled":true,"jetpack_shortlink":"https:\/\/wp.me\/paEJ1v-lu","jetpack-related-posts":[],"_links":{"self":[{"href":"http:\/\/mos.kamienna-gora.pl\/index.php\/wp-json\/wp\/v2\/posts\/1332","targetHints":{"allow":["GET"]}}],"collection":[{"href":"http:\/\/mos.kamienna-gora.pl\/index.php\/wp-json\/wp\/v2\/posts"}],"about":[{"href":"http:\/\/mos.kamienna-gora.pl\/index.php\/wp-json\/wp\/v2\/types\/post"}],"author":[{"embeddable":true,"href":"http:\/\/mos.kamienna-gora.pl\/index.php\/wp-json\/wp\/v2\/users\/1"}],"replies":[{"embeddable":true,"href":"http:\/\/mos.kamienna-gora.pl\/index.php\/wp-json\/wp\/v2\/comments?post=1332"}],"version-history":[{"count":1,"href":"http:\/\/mos.kamienna-gora.pl\/index.php\/wp-json\/wp\/v2\/posts\/1332\/revisions"}],"predecessor-version":[{"id":1338,"href":"http:\/\/mos.kamienna-gora.pl\/index.php\/wp-json\/wp\/v2\/posts\/1332\/revisions\/1338"}],"wp:featuredmedia":[{"embeddable":true,"href":"http:\/\/mos.kamienna-gora.pl\/index.php\/wp-json\/wp\/v2\/media\/1337"}],"wp:attachment":[{"href":"http:\/\/mos.kamienna-gora.pl\/index.php\/wp-json\/wp\/v2\/media?parent=1332"}],"wp:term":[{"taxonomy":"category","embeddable":true,"href":"http:\/\/mos.kamienna-gora.pl\/index.php\/wp-json\/wp\/v2\/categories?post=1332"},{"taxonomy":"post_tag","embeddable":true,"href":"http:\/\/mos.kamienna-gora.pl\/index.php\/wp-json\/wp\/v2\/tags?post=1332"}],"curies":[{"name":"wp","href":"https:\/\/api.w.org\/{rel}","templated":true}]}}