{"id":1492,"date":"2021-11-18T13:10:09","date_gmt":"2021-11-18T12:10:09","guid":{"rendered":"http:\/\/mos.kamienna-gora.pl\/?p=1492"},"modified":"2021-11-18T13:10:09","modified_gmt":"2021-11-18T12:10:09","slug":"koszykowka-dziewczat-w-igrzyskach-mlodziezy-szkolnej","status":"publish","type":"post","link":"http:\/\/mos.kamienna-gora.pl\/index.php\/2021\/11\/18\/koszykowka-dziewczat-w-igrzyskach-mlodziezy-szkolnej\/","title":{"rendered":"Koszyk\u00f3wka dziewcz\u0105t w Igrzyskach M\u0142odzie\u017cy Szkolnej"},"content":{"rendered":"\n<p>Dnia 18 listopada 2021 roku na Hali Sportowej przy Szkole Podstawowej nr 2 w Kamiennej G\u00f3rze odby\u0142 si\u0119 fina\u0142 powiatowy w pi\u0142ce koszykowej dziewcz\u0105t w ramach Igrzysk M\u0142odzie\u017cy Szkolnej. Zawody rozegrane zosta\u0142y system ka\u017cdy z ka\u017cdym. Mecz trwa\u0142 20 minut (4 kwarty po 5 minut). Zawody zdecydowanie wygra\u0142a Szko\u0142\u0105 Podstawowa nr 2 z Kamiennej G\u00f3ry.<\/p>\n<p>\u00a0Do rywalizacji przyst\u0105pi\u0142y Trzy szko\u0142y szko\u0142y:<\/p>\n<p>&#8211; SP Lubawka<\/p>\n<p>&#8211; SP Krzesz\u00f3w<\/p>\n<p>&#8211; SP 2 Kamienna G\u00f3ra<\/p>\n<p>Wyniki poszczeg\u00f3lnych spotka\u0144:<\/p>\n<ol>\n<li>SP 2 Kamienna G\u00f3ra \u2013 SP Lubawka &#8211; 18 &#8211; 2<\/li>\n<li>SP 2 Kamienna G\u00f3ra \u2013 SP Krzesz\u00f3w &#8211; 30 &#8211; 2<\/li>\n<li>SP Lubawka \u2013 SP Krzesz\u00f3w &#8211; 11 &#8211; 4<\/li>\n<\/ol>\n<p>Klasyfikacja Ko\u0144cowa:<\/p>\n<ol>\n<li>Szko\u0142a Podstawowa nr 2 Kamienna G\u00f3ra<\/li>\n<li>Szko\u0142a Podstawowa Lubawka<\/li>\n<li>Szko\u0142a Podstawowa Krzesz\u00f3w<\/li>\n<\/ol>\n<p>Szko\u0142a Podstawowa nr 2 Kamienna G\u00f3ra uzyska\u0142o awans do p\u00f3\u0142fina\u0142u strefy jeleniog\u00f3rskiej, kt\u00f3ry odb\u0119dzie si\u0119 29 listopada 2021 r. roku w Jeleniej G\u00f3rze.<\/p>\n<p>Sk\u0142ad SP 2 Kamienna G\u00f3ra:<\/p>\n<p>Duda Aleksandra, Gotowt Zofia, G\u00f3recka Oliwia, Kolanek Julia, Krocz Wiktoria, Makowska Iwona, Mazi akowska Maja, Olesiak Nikola, Po\u017aniak Wanesa, \u017b\u0142obicka Julia, Opiekun \u2013 \u00a0Adam Nowak.<\/p>\n\n\n\n<figure class=\"wp-block-gallery columns-1 is-cropped wp-block-gallery-1 is-layout-flex wp-block-gallery-is-layout-flex\"><ul class=\"blocks-gallery-grid\"><li class=\"blocks-gallery-item\"><figure><img loading=\"lazy\" decoding=\"async\" width=\"1024\" height=\"683\" data-attachment-id=\"1493\" data-permalink=\"http:\/\/mos.kamienna-gora.pl\/index.php\/2021\/11\/18\/koszykowka-dziewczat-w-igrzyskach-mlodziezy-szkolnej\/img_6496\/\" data-orig-file=\"http:\/\/mos.kamienna-gora.pl\/wp-content\/uploads\/2021\/11\/IMG_6496-scaled.jpg\" data-orig-size=\"2560,1707\" data-comments-opened=\"1\" data-image-meta=\"{&quot;aperture&quot;:&quot;4&quot;,&quot;credit&quot;:&quot;&quot;,&quot;camera&quot;:&quot;Canon EOS 4000D&quot;,&quot;caption&quot;:&quot;&quot;,&quot;created_timestamp&quot;:&quot;1637232828&quot;,&quot;copyright&quot;:&quot;&quot;,&quot;focal_length&quot;:&quot;27&quot;,&quot;iso&quot;:&quot;500&quot;,&quot;shutter_speed&quot;:&quot;0.0125&quot;,&quot;title&quot;:&quot;&quot;,&quot;orientation&quot;:&quot;1&quot;}\" data-image-title=\"IMG_6496\" data-image-description=\"\" data-image-caption=\"\" data-large-file=\"http:\/\/mos.kamienna-gora.pl\/wp-content\/uploads\/2021\/11\/IMG_6496-1024x683.jpg\" src=\"http:\/\/mos.kamienna-gora.pl\/wp-content\/uploads\/2021\/11\/IMG_6496-1024x683.jpg\" alt=\"\" data-id=\"1493\" data-full-url=\"http:\/\/mos.kamienna-gora.pl\/wp-content\/uploads\/2021\/11\/IMG_6496-scaled.jpg\" data-link=\"http:\/\/mos.kamienna-gora.pl\/?attachment_id=1493\" class=\"wp-image-1493\" srcset=\"http:\/\/mos.kamienna-gora.pl\/wp-content\/uploads\/2021\/11\/IMG_6496-1024x683.jpg 1024w, http:\/\/mos.kamienna-gora.pl\/wp-content\/uploads\/2021\/11\/IMG_6496-300x200.jpg 300w, http:\/\/mos.kamienna-gora.pl\/wp-content\/uploads\/2021\/11\/IMG_6496-768x512.jpg 768w, http:\/\/mos.kamienna-gora.pl\/wp-content\/uploads\/2021\/11\/IMG_6496-1536x1024.jpg 1536w, http:\/\/mos.kamienna-gora.pl\/wp-content\/uploads\/2021\/11\/IMG_6496-2048x1365.jpg 2048w\" sizes=\"auto, (max-width: 1024px) 100vw, 1024px\" \/><\/figure><\/li><\/ul><\/figure>\n\n\n\n<figure class=\"wp-block-gallery columns-1 is-cropped wp-block-gallery-2 is-layout-flex wp-block-gallery-is-layout-flex\"><ul class=\"blocks-gallery-grid\"><li class=\"blocks-gallery-item\"><figure><img loading=\"lazy\" decoding=\"async\" width=\"1024\" height=\"683\" data-attachment-id=\"1494\" data-permalink=\"http:\/\/mos.kamienna-gora.pl\/index.php\/2021\/11\/18\/koszykowka-dziewczat-w-igrzyskach-mlodziezy-szkolnej\/img_6614\/\" data-orig-file=\"http:\/\/mos.kamienna-gora.pl\/wp-content\/uploads\/2021\/11\/IMG_6614-scaled.jpg\" data-orig-size=\"2560,1707\" data-comments-opened=\"1\" data-image-meta=\"{&quot;aperture&quot;:&quot;5&quot;,&quot;credit&quot;:&quot;&quot;,&quot;camera&quot;:&quot;Canon EOS 4000D&quot;,&quot;caption&quot;:&quot;&quot;,&quot;created_timestamp&quot;:&quot;1637235842&quot;,&quot;copyright&quot;:&quot;&quot;,&quot;focal_length&quot;:&quot;44&quot;,&quot;iso&quot;:&quot;2000&quot;,&quot;shutter_speed&quot;:&quot;0.0015625&quot;,&quot;title&quot;:&quot;&quot;,&quot;orientation&quot;:&quot;1&quot;}\" data-image-title=\"IMG_6614\" data-image-description=\"\" data-image-caption=\"\" data-large-file=\"http:\/\/mos.kamienna-gora.pl\/wp-content\/uploads\/2021\/11\/IMG_6614-1024x683.jpg\" src=\"http:\/\/mos.kamienna-gora.pl\/wp-content\/uploads\/2021\/11\/IMG_6614-1024x683.jpg\" alt=\"\" data-id=\"1494\" data-full-url=\"http:\/\/mos.kamienna-gora.pl\/wp-content\/uploads\/2021\/11\/IMG_6614-scaled.jpg\" data-link=\"http:\/\/mos.kamienna-gora.pl\/?attachment_id=1494\" class=\"wp-image-1494\" srcset=\"http:\/\/mos.kamienna-gora.pl\/wp-content\/uploads\/2021\/11\/IMG_6614-1024x683.jpg 1024w, http:\/\/mos.kamienna-gora.pl\/wp-content\/uploads\/2021\/11\/IMG_6614-300x200.jpg 300w, http:\/\/mos.kamienna-gora.pl\/wp-content\/uploads\/2021\/11\/IMG_6614-768x512.jpg 768w, http:\/\/mos.kamienna-gora.pl\/wp-content\/uploads\/2021\/11\/IMG_6614-1536x1024.jpg 1536w, http:\/\/mos.kamienna-gora.pl\/wp-content\/uploads\/2021\/11\/IMG_6614-2048x1365.jpg 2048w\" sizes=\"auto, (max-width: 1024px) 100vw, 1024px\" \/><\/figure><\/li><\/ul><\/figure>\n\n\n\n<figure class=\"wp-block-gallery columns-1 is-cropped wp-block-gallery-3 is-layout-flex wp-block-gallery-is-layout-flex\"><ul class=\"blocks-gallery-grid\"><li class=\"blocks-gallery-item\"><figure><img loading=\"lazy\" decoding=\"async\" width=\"1024\" height=\"683\" data-attachment-id=\"1495\" data-permalink=\"http:\/\/mos.kamienna-gora.pl\/index.php\/2021\/11\/18\/koszykowka-dziewczat-w-igrzyskach-mlodziezy-szkolnej\/img_6624\/\" data-orig-file=\"http:\/\/mos.kamienna-gora.pl\/wp-content\/uploads\/2021\/11\/IMG_6624-scaled.jpg\" data-orig-size=\"2560,1707\" data-comments-opened=\"1\" data-image-meta=\"{&quot;aperture&quot;:&quot;5.6&quot;,&quot;credit&quot;:&quot;&quot;,&quot;camera&quot;:&quot;Canon EOS 4000D&quot;,&quot;caption&quot;:&quot;&quot;,&quot;created_timestamp&quot;:&quot;1637235930&quot;,&quot;copyright&quot;:&quot;&quot;,&quot;focal_length&quot;:&quot;55&quot;,&quot;iso&quot;:&quot;3200&quot;,&quot;shutter_speed&quot;:&quot;0.004&quot;,&quot;title&quot;:&quot;&quot;,&quot;orientation&quot;:&quot;1&quot;}\" data-image-title=\"IMG_6624\" data-image-description=\"\" data-image-caption=\"\" data-large-file=\"http:\/\/mos.kamienna-gora.pl\/wp-content\/uploads\/2021\/11\/IMG_6624-1024x683.jpg\" src=\"http:\/\/mos.kamienna-gora.pl\/wp-content\/uploads\/2021\/11\/IMG_6624-1024x683.jpg\" alt=\"\" data-id=\"1495\" data-full-url=\"http:\/\/mos.kamienna-gora.pl\/wp-content\/uploads\/2021\/11\/IMG_6624-scaled.jpg\" data-link=\"http:\/\/mos.kamienna-gora.pl\/?attachment_id=1495\" class=\"wp-image-1495\" srcset=\"http:\/\/mos.kamienna-gora.pl\/wp-content\/uploads\/2021\/11\/IMG_6624-1024x683.jpg 1024w, http:\/\/mos.kamienna-gora.pl\/wp-content\/uploads\/2021\/11\/IMG_6624-300x200.jpg 300w, http:\/\/mos.kamienna-gora.pl\/wp-content\/uploads\/2021\/11\/IMG_6624-768x512.jpg 768w, http:\/\/mos.kamienna-gora.pl\/wp-content\/uploads\/2021\/11\/IMG_6624-1536x1024.jpg 1536w, http:\/\/mos.kamienna-gora.pl\/wp-content\/uploads\/2021\/11\/IMG_6624-2048x1365.jpg 2048w\" sizes=\"auto, (max-width: 1024px) 100vw, 1024px\" \/><\/figure><\/li><\/ul><\/figure>\n\n\n\n<figure class=\"wp-block-gallery columns-1 is-cropped wp-block-gallery-4 is-layout-flex wp-block-gallery-is-layout-flex\"><ul class=\"blocks-gallery-grid\"><li class=\"blocks-gallery-item\"><figure><img loading=\"lazy\" decoding=\"async\" width=\"1024\" height=\"683\" data-attachment-id=\"1496\" data-permalink=\"http:\/\/mos.kamienna-gora.pl\/index.php\/2021\/11\/18\/koszykowka-dziewczat-w-igrzyskach-mlodziezy-szkolnej\/img_6697\/\" data-orig-file=\"http:\/\/mos.kamienna-gora.pl\/wp-content\/uploads\/2021\/11\/IMG_6697-scaled.jpg\" data-orig-size=\"2560,1707\" data-comments-opened=\"1\" data-image-meta=\"{&quot;aperture&quot;:&quot;5.6&quot;,&quot;credit&quot;:&quot;&quot;,&quot;camera&quot;:&quot;Canon EOS 4000D&quot;,&quot;caption&quot;:&quot;&quot;,&quot;created_timestamp&quot;:&quot;1637238344&quot;,&quot;copyright&quot;:&quot;&quot;,&quot;focal_length&quot;:&quot;45&quot;,&quot;iso&quot;:&quot;3200&quot;,&quot;shutter_speed&quot;:&quot;0.0015625&quot;,&quot;title&quot;:&quot;&quot;,&quot;orientation&quot;:&quot;1&quot;}\" data-image-title=\"IMG_6697\" data-image-description=\"\" data-image-caption=\"\" data-large-file=\"http:\/\/mos.kamienna-gora.pl\/wp-content\/uploads\/2021\/11\/IMG_6697-1024x683.jpg\" src=\"http:\/\/mos.kamienna-gora.pl\/wp-content\/uploads\/2021\/11\/IMG_6697-1024x683.jpg\" alt=\"\" data-id=\"1496\" data-full-url=\"http:\/\/mos.kamienna-gora.pl\/wp-content\/uploads\/2021\/11\/IMG_6697-scaled.jpg\" data-link=\"http:\/\/mos.kamienna-gora.pl\/?attachment_id=1496\" class=\"wp-image-1496\" srcset=\"http:\/\/mos.kamienna-gora.pl\/wp-content\/uploads\/2021\/11\/IMG_6697-1024x683.jpg 1024w, http:\/\/mos.kamienna-gora.pl\/wp-content\/uploads\/2021\/11\/IMG_6697-300x200.jpg 300w, http:\/\/mos.kamienna-gora.pl\/wp-content\/uploads\/2021\/11\/IMG_6697-768x512.jpg 768w, http:\/\/mos.kamienna-gora.pl\/wp-content\/uploads\/2021\/11\/IMG_6697-1536x1024.jpg 1536w, http:\/\/mos.kamienna-gora.pl\/wp-content\/uploads\/2021\/11\/IMG_6697-2048x1365.jpg 2048w\" sizes=\"auto, (max-width: 1024px) 100vw, 1024px\" \/><\/figure><\/li><\/ul><\/figure>\n\n\n\n<figure class=\"wp-block-gallery columns-1 is-cropped wp-block-gallery-5 is-layout-flex wp-block-gallery-is-layout-flex\"><ul class=\"blocks-gallery-grid\"><li class=\"blocks-gallery-item\"><figure><img loading=\"lazy\" decoding=\"async\" width=\"1024\" height=\"683\" data-attachment-id=\"1497\" data-permalink=\"http:\/\/mos.kamienna-gora.pl\/index.php\/2021\/11\/18\/koszykowka-dziewczat-w-igrzyskach-mlodziezy-szkolnej\/img_6798\/\" data-orig-file=\"http:\/\/mos.kamienna-gora.pl\/wp-content\/uploads\/2021\/11\/IMG_6798-scaled.jpg\" data-orig-size=\"2560,1707\" data-comments-opened=\"1\" data-image-meta=\"{&quot;aperture&quot;:&quot;4&quot;,&quot;credit&quot;:&quot;&quot;,&quot;camera&quot;:&quot;Canon EOS 4000D&quot;,&quot;caption&quot;:&quot;&quot;,&quot;created_timestamp&quot;:&quot;1637240530&quot;,&quot;copyright&quot;:&quot;&quot;,&quot;focal_length&quot;:&quot;28&quot;,&quot;iso&quot;:&quot;400&quot;,&quot;shutter_speed&quot;:&quot;0.016666666666667&quot;,&quot;title&quot;:&quot;&quot;,&quot;orientation&quot;:&quot;1&quot;}\" data-image-title=\"IMG_6798\" data-image-description=\"\" data-image-caption=\"\" data-large-file=\"http:\/\/mos.kamienna-gora.pl\/wp-content\/uploads\/2021\/11\/IMG_6798-1024x683.jpg\" src=\"http:\/\/mos.kamienna-gora.pl\/wp-content\/uploads\/2021\/11\/IMG_6798-1024x683.jpg\" alt=\"\" data-id=\"1497\" data-full-url=\"http:\/\/mos.kamienna-gora.pl\/wp-content\/uploads\/2021\/11\/IMG_6798-scaled.jpg\" data-link=\"http:\/\/mos.kamienna-gora.pl\/?attachment_id=1497\" class=\"wp-image-1497\" srcset=\"http:\/\/mos.kamienna-gora.pl\/wp-content\/uploads\/2021\/11\/IMG_6798-1024x683.jpg 1024w, http:\/\/mos.kamienna-gora.pl\/wp-content\/uploads\/2021\/11\/IMG_6798-300x200.jpg 300w, http:\/\/mos.kamienna-gora.pl\/wp-content\/uploads\/2021\/11\/IMG_6798-768x512.jpg 768w, http:\/\/mos.kamienna-gora.pl\/wp-content\/uploads\/2021\/11\/IMG_6798-1536x1024.jpg 1536w, http:\/\/mos.kamienna-gora.pl\/wp-content\/uploads\/2021\/11\/IMG_6798-2048x1365.jpg 2048w\" sizes=\"auto, (max-width: 1024px) 100vw, 1024px\" \/><\/figure><\/li><\/ul><\/figure>\n","protected":false},"excerpt":{"rendered":"<p>Dnia 18 listopada 2021 roku na Hali Sportowej przy Szkole Podstawowej nr 2 w Kamiennej G\u00f3rze odby\u0142 si\u0119 fina\u0142 powiatowy&hellip;<\/p>\n","protected":false},"author":1,"featured_media":1497,"comment_status":"open","ping_status":"open","sticky":false,"template":"","format":"standard","meta":{"jetpack_post_was_ever_published":false,"_jetpack_newsletter_access":"","_jetpack_dont_email_post_to_subs":false,"_jetpack_newsletter_tier_id":0,"_jetpack_memberships_contains_paywalled_content":false,"_jetpack_memberships_contains_paid_content":false,"footnotes":""},"categories":[1,7],"tags":[],"class_list":["post-1492","post","type-post","status-publish","format-standard","has-post-thumbnail","hentry","category-wydarzenia","category-zawody-powiatowe"],"jetpack_featured_media_url":"http:\/\/mos.kamienna-gora.pl\/wp-content\/uploads\/2021\/11\/IMG_6798-scaled.jpg","jetpack_sharing_enabled":true,"jetpack_shortlink":"https:\/\/wp.me\/paEJ1v-o4","jetpack-related-posts":[],"_links":{"self":[{"href":"http:\/\/mos.kamienna-gora.pl\/index.php\/wp-json\/wp\/v2\/posts\/1492","targetHints":{"allow":["GET"]}}],"collection":[{"href":"http:\/\/mos.kamienna-gora.pl\/index.php\/wp-json\/wp\/v2\/posts"}],"about":[{"href":"http:\/\/mos.kamienna-gora.pl\/index.php\/wp-json\/wp\/v2\/types\/post"}],"author":[{"embeddable":true,"href":"http:\/\/mos.kamienna-gora.pl\/index.php\/wp-json\/wp\/v2\/users\/1"}],"replies":[{"embeddable":true,"href":"http:\/\/mos.kamienna-gora.pl\/index.php\/wp-json\/wp\/v2\/comments?post=1492"}],"version-history":[{"count":1,"href":"http:\/\/mos.kamienna-gora.pl\/index.php\/wp-json\/wp\/v2\/posts\/1492\/revisions"}],"predecessor-version":[{"id":1498,"href":"http:\/\/mos.kamienna-gora.pl\/index.php\/wp-json\/wp\/v2\/posts\/1492\/revisions\/1498"}],"wp:featuredmedia":[{"embeddable":true,"href":"http:\/\/mos.kamienna-gora.pl\/index.php\/wp-json\/wp\/v2\/media\/1497"}],"wp:attachment":[{"href":"http:\/\/mos.kamienna-gora.pl\/index.php\/wp-json\/wp\/v2\/media?parent=1492"}],"wp:term":[{"taxonomy":"category","embeddable":true,"href":"http:\/\/mos.kamienna-gora.pl\/index.php\/wp-json\/wp\/v2\/categories?post=1492"},{"taxonomy":"post_tag","embeddable":true,"href":"http:\/\/mos.kamienna-gora.pl\/index.php\/wp-json\/wp\/v2\/tags?post=1492"}],"curies":[{"name":"wp","href":"https:\/\/api.w.org\/{rel}","templated":true}]}}