{"id":1499,"date":"2021-11-19T12:37:15","date_gmt":"2021-11-19T11:37:15","guid":{"rendered":"http:\/\/mos.kamienna-gora.pl\/?p=1499"},"modified":"2021-11-19T12:37:15","modified_gmt":"2021-11-19T11:37:15","slug":"koszykowka-chlopcow-w-igrzyskach-mlodziezy-szkolnej","status":"publish","type":"post","link":"http:\/\/mos.kamienna-gora.pl\/index.php\/2021\/11\/19\/koszykowka-chlopcow-w-igrzyskach-mlodziezy-szkolnej\/","title":{"rendered":"Koszyk\u00f3wka ch\u0142opc\u00f3w w Igrzyskach M\u0142odzie\u017cy Szkolnej"},"content":{"rendered":"\n<p>Dnia 19 listopada 2021 roku na Hali Sportowej przy Szkole Podstawowej nr 2 w Kamiennej G\u00f3rze odby\u0142 si\u0119 fina\u0142 powiatowy w pi\u0142ce koszykowej ch\u0142opc\u00f3w w ramach Igrzysk M\u0142odzie\u017cy Szkolnej. Zawody rozegrane zosta\u0142y system ka\u017cdy z ka\u017cdym. Mecz trwa\u0142 20 minut (4 kwarty po 6 minut). Zawody wygra\u0142a Szko\u0142a Podstawowa nr 2 z Kamiennej G\u00f3ry.<\/p>\n<p>\u00a0Do rywalizacji przyst\u0105pi\u0142y trzy szko\u0142y:<\/p>\n<p>&#8211; SP Che\u0142msko \u015al\u0105skie<\/p>\n<p>&#8211; SP Pisarzowice<\/p>\n<p>&#8211; SP 2 Kamienna G\u00f3ra<\/p>\n<p>Wyniki poszczeg\u00f3lnych spotka\u0144:<\/p>\n<ol>\n<li>SP 2 Kamienna G\u00f3ra \u2013 SP Che\u0142msko \u015al\u0105skie &#8211; 15 &#8211; 9<\/li>\n<li>SP 2 Kamienna G\u00f3ra \u2013 SP Pisarzowice &#8211; 32 &#8211; 0<\/li>\n<li>SP Pisarzowice \u2013 SP Che\u0142msko \u015al\u0105skie\u00a0 &#8211; 2 &#8211; 18<\/li>\n<\/ol>\n<p>Klasyfikacja Ko\u0144cowa:<\/p>\n<ol>\n<li><strong>Szko\u0142a Podstawowa nr 2 Kamienna G\u00f3ra<\/strong><\/li>\n<li>Szko\u0142a Podstawowa Che\u0142msko \u015al\u0105skie<\/li>\n<li>Szko\u0142a Podstawowa Pisarzowice<\/li>\n<\/ol>\n<p>Szko\u0142a Podstawowa nr 2 Kamienna G\u00f3ra uzyska\u0142a awans do p\u00f3\u0142fina\u0142u strefy jeleniog\u00f3rskiej, kt\u00f3ry odb\u0119dzie si\u0119 30 listopada 2021 r. roku w Jeleniej G\u00f3rze.<\/p>\n<p>Sk\u0142ad SP 2 Kamienna G\u00f3ra:<\/p>\n<p>Baran Tomasz, D\u0105browski Marcel, G\u0142adysz Marek, Grygiel Gabriel, K\u0105kol \u0141ukasz, Matujzo Marcel, Mordarski Mateusz, Nowak Eryk, Pasiut Jakub, Wolak Marcin, Wr\u00f3blewski Kacpe Opiekun \u2013 \u00a0Marcin Trela.<\/p>\n\n\n\n<figure class=\"wp-block-gallery columns-1 is-cropped wp-block-gallery-1 is-layout-flex wp-block-gallery-is-layout-flex\"><ul class=\"blocks-gallery-grid\"><li class=\"blocks-gallery-item\"><figure><img loading=\"lazy\" decoding=\"async\" width=\"593\" height=\"395\" data-attachment-id=\"1500\" data-permalink=\"http:\/\/mos.kamienna-gora.pl\/index.php\/2021\/11\/19\/koszykowka-chlopcow-w-igrzyskach-mlodziezy-szkolnej\/258853009_1570898759925396_5961708526667701483_n\/\" data-orig-file=\"http:\/\/mos.kamienna-gora.pl\/wp-content\/uploads\/2021\/11\/258853009_1570898759925396_5961708526667701483_n.jpg\" data-orig-size=\"593,395\" data-comments-opened=\"1\" data-image-meta=\"{&quot;aperture&quot;:&quot;0&quot;,&quot;credit&quot;:&quot;&quot;,&quot;camera&quot;:&quot;&quot;,&quot;caption&quot;:&quot;&quot;,&quot;created_timestamp&quot;:&quot;0&quot;,&quot;copyright&quot;:&quot;&quot;,&quot;focal_length&quot;:&quot;0&quot;,&quot;iso&quot;:&quot;0&quot;,&quot;shutter_speed&quot;:&quot;0&quot;,&quot;title&quot;:&quot;&quot;,&quot;orientation&quot;:&quot;0&quot;}\" data-image-title=\"258853009_1570898759925396_5961708526667701483_n\" data-image-description=\"\" data-image-caption=\"\" data-large-file=\"http:\/\/mos.kamienna-gora.pl\/wp-content\/uploads\/2021\/11\/258853009_1570898759925396_5961708526667701483_n.jpg\" src=\"http:\/\/mos.kamienna-gora.pl\/wp-content\/uploads\/2021\/11\/258853009_1570898759925396_5961708526667701483_n.jpg\" alt=\"\" data-id=\"1500\" data-full-url=\"http:\/\/mos.kamienna-gora.pl\/wp-content\/uploads\/2021\/11\/258853009_1570898759925396_5961708526667701483_n.jpg\" data-link=\"http:\/\/mos.kamienna-gora.pl\/?attachment_id=1500\" class=\"wp-image-1500\" srcset=\"http:\/\/mos.kamienna-gora.pl\/wp-content\/uploads\/2021\/11\/258853009_1570898759925396_5961708526667701483_n.jpg 593w, http:\/\/mos.kamienna-gora.pl\/wp-content\/uploads\/2021\/11\/258853009_1570898759925396_5961708526667701483_n-300x200.jpg 300w\" sizes=\"auto, (max-width: 593px) 100vw, 593px\" \/><\/figure><\/li><\/ul><\/figure>\n\n\n\n<figure class=\"wp-block-gallery columns-1 is-cropped wp-block-gallery-2 is-layout-flex wp-block-gallery-is-layout-flex\"><ul class=\"blocks-gallery-grid\"><li class=\"blocks-gallery-item\"><figure><img loading=\"lazy\" decoding=\"async\" width=\"1024\" height=\"683\" data-attachment-id=\"1501\" data-permalink=\"http:\/\/mos.kamienna-gora.pl\/index.php\/2021\/11\/19\/koszykowka-chlopcow-w-igrzyskach-mlodziezy-szkolnej\/258858985_1570900619925210_6187597357606988387_n\/\" data-orig-file=\"http:\/\/mos.kamienna-gora.pl\/wp-content\/uploads\/2021\/11\/258858985_1570900619925210_6187597357606988387_n.jpg\" data-orig-size=\"1944,1296\" data-comments-opened=\"1\" data-image-meta=\"{&quot;aperture&quot;:&quot;0&quot;,&quot;credit&quot;:&quot;&quot;,&quot;camera&quot;:&quot;&quot;,&quot;caption&quot;:&quot;&quot;,&quot;created_timestamp&quot;:&quot;0&quot;,&quot;copyright&quot;:&quot;&quot;,&quot;focal_length&quot;:&quot;0&quot;,&quot;iso&quot;:&quot;0&quot;,&quot;shutter_speed&quot;:&quot;0&quot;,&quot;title&quot;:&quot;&quot;,&quot;orientation&quot;:&quot;0&quot;}\" data-image-title=\"258858985_1570900619925210_6187597357606988387_n\" data-image-description=\"\" data-image-caption=\"\" data-large-file=\"http:\/\/mos.kamienna-gora.pl\/wp-content\/uploads\/2021\/11\/258858985_1570900619925210_6187597357606988387_n-1024x683.jpg\" src=\"http:\/\/mos.kamienna-gora.pl\/wp-content\/uploads\/2021\/11\/258858985_1570900619925210_6187597357606988387_n-1024x683.jpg\" alt=\"\" data-id=\"1501\" data-full-url=\"http:\/\/mos.kamienna-gora.pl\/wp-content\/uploads\/2021\/11\/258858985_1570900619925210_6187597357606988387_n.jpg\" data-link=\"http:\/\/mos.kamienna-gora.pl\/?attachment_id=1501\" class=\"wp-image-1501\" srcset=\"http:\/\/mos.kamienna-gora.pl\/wp-content\/uploads\/2021\/11\/258858985_1570900619925210_6187597357606988387_n-1024x683.jpg 1024w, http:\/\/mos.kamienna-gora.pl\/wp-content\/uploads\/2021\/11\/258858985_1570900619925210_6187597357606988387_n-300x200.jpg 300w, http:\/\/mos.kamienna-gora.pl\/wp-content\/uploads\/2021\/11\/258858985_1570900619925210_6187597357606988387_n-768x512.jpg 768w, http:\/\/mos.kamienna-gora.pl\/wp-content\/uploads\/2021\/11\/258858985_1570900619925210_6187597357606988387_n-1536x1024.jpg 1536w, http:\/\/mos.kamienna-gora.pl\/wp-content\/uploads\/2021\/11\/258858985_1570900619925210_6187597357606988387_n.jpg 1944w\" sizes=\"auto, (max-width: 1024px) 100vw, 1024px\" \/><\/figure><\/li><\/ul><\/figure>\n\n\n\n<figure class=\"wp-block-gallery columns-1 is-cropped wp-block-gallery-3 is-layout-flex wp-block-gallery-is-layout-flex\"><ul class=\"blocks-gallery-grid\"><li class=\"blocks-gallery-item\"><figure><img loading=\"lazy\" decoding=\"async\" width=\"593\" height=\"395\" data-attachment-id=\"1502\" data-permalink=\"http:\/\/mos.kamienna-gora.pl\/index.php\/2021\/11\/19\/koszykowka-chlopcow-w-igrzyskach-mlodziezy-szkolnej\/258867141_1570898909925381_7012860440331432931_n\/\" data-orig-file=\"http:\/\/mos.kamienna-gora.pl\/wp-content\/uploads\/2021\/11\/258867141_1570898909925381_7012860440331432931_n.jpg\" data-orig-size=\"593,395\" data-comments-opened=\"1\" data-image-meta=\"{&quot;aperture&quot;:&quot;0&quot;,&quot;credit&quot;:&quot;&quot;,&quot;camera&quot;:&quot;&quot;,&quot;caption&quot;:&quot;&quot;,&quot;created_timestamp&quot;:&quot;0&quot;,&quot;copyright&quot;:&quot;&quot;,&quot;focal_length&quot;:&quot;0&quot;,&quot;iso&quot;:&quot;0&quot;,&quot;shutter_speed&quot;:&quot;0&quot;,&quot;title&quot;:&quot;&quot;,&quot;orientation&quot;:&quot;0&quot;}\" data-image-title=\"258867141_1570898909925381_7012860440331432931_n\" data-image-description=\"\" data-image-caption=\"\" data-large-file=\"http:\/\/mos.kamienna-gora.pl\/wp-content\/uploads\/2021\/11\/258867141_1570898909925381_7012860440331432931_n.jpg\" src=\"http:\/\/mos.kamienna-gora.pl\/wp-content\/uploads\/2021\/11\/258867141_1570898909925381_7012860440331432931_n.jpg\" alt=\"\" data-id=\"1502\" data-full-url=\"http:\/\/mos.kamienna-gora.pl\/wp-content\/uploads\/2021\/11\/258867141_1570898909925381_7012860440331432931_n.jpg\" data-link=\"http:\/\/mos.kamienna-gora.pl\/?attachment_id=1502\" class=\"wp-image-1502\" srcset=\"http:\/\/mos.kamienna-gora.pl\/wp-content\/uploads\/2021\/11\/258867141_1570898909925381_7012860440331432931_n.jpg 593w, http:\/\/mos.kamienna-gora.pl\/wp-content\/uploads\/2021\/11\/258867141_1570898909925381_7012860440331432931_n-300x200.jpg 300w\" sizes=\"auto, (max-width: 593px) 100vw, 593px\" \/><\/figure><\/li><\/ul><\/figure>\n\n\n\n<figure class=\"wp-block-gallery columns-1 is-cropped wp-block-gallery-4 is-layout-flex wp-block-gallery-is-layout-flex\"><ul class=\"blocks-gallery-grid\"><li class=\"blocks-gallery-item\"><figure><img loading=\"lazy\" decoding=\"async\" width=\"593\" height=\"395\" data-attachment-id=\"1503\" data-permalink=\"http:\/\/mos.kamienna-gora.pl\/index.php\/2021\/11\/19\/koszykowka-chlopcow-w-igrzyskach-mlodziezy-szkolnej\/258872328_1570898669925405_6921997469906706296_n\/\" data-orig-file=\"http:\/\/mos.kamienna-gora.pl\/wp-content\/uploads\/2021\/11\/258872328_1570898669925405_6921997469906706296_n.jpg\" data-orig-size=\"593,395\" data-comments-opened=\"1\" data-image-meta=\"{&quot;aperture&quot;:&quot;0&quot;,&quot;credit&quot;:&quot;&quot;,&quot;camera&quot;:&quot;&quot;,&quot;caption&quot;:&quot;&quot;,&quot;created_timestamp&quot;:&quot;0&quot;,&quot;copyright&quot;:&quot;&quot;,&quot;focal_length&quot;:&quot;0&quot;,&quot;iso&quot;:&quot;0&quot;,&quot;shutter_speed&quot;:&quot;0&quot;,&quot;title&quot;:&quot;&quot;,&quot;orientation&quot;:&quot;0&quot;}\" data-image-title=\"258872328_1570898669925405_6921997469906706296_n\" data-image-description=\"\" data-image-caption=\"\" data-large-file=\"http:\/\/mos.kamienna-gora.pl\/wp-content\/uploads\/2021\/11\/258872328_1570898669925405_6921997469906706296_n.jpg\" src=\"http:\/\/mos.kamienna-gora.pl\/wp-content\/uploads\/2021\/11\/258872328_1570898669925405_6921997469906706296_n.jpg\" alt=\"\" data-id=\"1503\" data-full-url=\"http:\/\/mos.kamienna-gora.pl\/wp-content\/uploads\/2021\/11\/258872328_1570898669925405_6921997469906706296_n.jpg\" data-link=\"http:\/\/mos.kamienna-gora.pl\/?attachment_id=1503\" class=\"wp-image-1503\" srcset=\"http:\/\/mos.kamienna-gora.pl\/wp-content\/uploads\/2021\/11\/258872328_1570898669925405_6921997469906706296_n.jpg 593w, http:\/\/mos.kamienna-gora.pl\/wp-content\/uploads\/2021\/11\/258872328_1570898669925405_6921997469906706296_n-300x200.jpg 300w\" sizes=\"auto, (max-width: 593px) 100vw, 593px\" \/><\/figure><\/li><\/ul><\/figure>\n\n\n\n<figure class=\"wp-block-gallery columns-1 is-cropped wp-block-gallery-5 is-layout-flex wp-block-gallery-is-layout-flex\"><ul class=\"blocks-gallery-grid\"><li class=\"blocks-gallery-item\"><figure><img loading=\"lazy\" decoding=\"async\" width=\"593\" height=\"395\" data-attachment-id=\"1504\" data-permalink=\"http:\/\/mos.kamienna-gora.pl\/index.php\/2021\/11\/19\/koszykowka-chlopcow-w-igrzyskach-mlodziezy-szkolnej\/259046910_1570898853258720_232480368199402832_n\/\" data-orig-file=\"http:\/\/mos.kamienna-gora.pl\/wp-content\/uploads\/2021\/11\/259046910_1570898853258720_232480368199402832_n.jpg\" data-orig-size=\"593,395\" data-comments-opened=\"1\" data-image-meta=\"{&quot;aperture&quot;:&quot;0&quot;,&quot;credit&quot;:&quot;&quot;,&quot;camera&quot;:&quot;&quot;,&quot;caption&quot;:&quot;&quot;,&quot;created_timestamp&quot;:&quot;0&quot;,&quot;copyright&quot;:&quot;&quot;,&quot;focal_length&quot;:&quot;0&quot;,&quot;iso&quot;:&quot;0&quot;,&quot;shutter_speed&quot;:&quot;0&quot;,&quot;title&quot;:&quot;&quot;,&quot;orientation&quot;:&quot;0&quot;}\" data-image-title=\"259046910_1570898853258720_232480368199402832_n\" data-image-description=\"\" data-image-caption=\"\" data-large-file=\"http:\/\/mos.kamienna-gora.pl\/wp-content\/uploads\/2021\/11\/259046910_1570898853258720_232480368199402832_n.jpg\" src=\"http:\/\/mos.kamienna-gora.pl\/wp-content\/uploads\/2021\/11\/259046910_1570898853258720_232480368199402832_n.jpg\" alt=\"\" data-id=\"1504\" data-full-url=\"http:\/\/mos.kamienna-gora.pl\/wp-content\/uploads\/2021\/11\/259046910_1570898853258720_232480368199402832_n.jpg\" data-link=\"http:\/\/mos.kamienna-gora.pl\/?attachment_id=1504\" class=\"wp-image-1504\" srcset=\"http:\/\/mos.kamienna-gora.pl\/wp-content\/uploads\/2021\/11\/259046910_1570898853258720_232480368199402832_n.jpg 593w, http:\/\/mos.kamienna-gora.pl\/wp-content\/uploads\/2021\/11\/259046910_1570898853258720_232480368199402832_n-300x200.jpg 300w\" sizes=\"auto, (max-width: 593px) 100vw, 593px\" \/><\/figure><\/li><\/ul><\/figure>\n","protected":false},"excerpt":{"rendered":"<p>Dnia 19 listopada 2021 roku na Hali Sportowej przy Szkole Podstawowej nr 2 w Kamiennej G\u00f3rze odby\u0142 si\u0119 fina\u0142 powiatowy&hellip;<\/p>\n","protected":false},"author":1,"featured_media":1503,"comment_status":"open","ping_status":"open","sticky":false,"template":"","format":"standard","meta":{"jetpack_post_was_ever_published":false,"_jetpack_newsletter_access":"","_jetpack_dont_email_post_to_subs":false,"_jetpack_newsletter_tier_id":0,"_jetpack_memberships_contains_paywalled_content":false,"_jetpack_memberships_contains_paid_content":false,"footnotes":""},"categories":[1,7],"tags":[],"class_list":["post-1499","post","type-post","status-publish","format-standard","has-post-thumbnail","hentry","category-wydarzenia","category-zawody-powiatowe"],"jetpack_featured_media_url":"http:\/\/mos.kamienna-gora.pl\/wp-content\/uploads\/2021\/11\/258872328_1570898669925405_6921997469906706296_n.jpg","jetpack_sharing_enabled":true,"jetpack_shortlink":"https:\/\/wp.me\/paEJ1v-ob","jetpack-related-posts":[],"_links":{"self":[{"href":"http:\/\/mos.kamienna-gora.pl\/index.php\/wp-json\/wp\/v2\/posts\/1499","targetHints":{"allow":["GET"]}}],"collection":[{"href":"http:\/\/mos.kamienna-gora.pl\/index.php\/wp-json\/wp\/v2\/posts"}],"about":[{"href":"http:\/\/mos.kamienna-gora.pl\/index.php\/wp-json\/wp\/v2\/types\/post"}],"author":[{"embeddable":true,"href":"http:\/\/mos.kamienna-gora.pl\/index.php\/wp-json\/wp\/v2\/users\/1"}],"replies":[{"embeddable":true,"href":"http:\/\/mos.kamienna-gora.pl\/index.php\/wp-json\/wp\/v2\/comments?post=1499"}],"version-history":[{"count":1,"href":"http:\/\/mos.kamienna-gora.pl\/index.php\/wp-json\/wp\/v2\/posts\/1499\/revisions"}],"predecessor-version":[{"id":1505,"href":"http:\/\/mos.kamienna-gora.pl\/index.php\/wp-json\/wp\/v2\/posts\/1499\/revisions\/1505"}],"wp:featuredmedia":[{"embeddable":true,"href":"http:\/\/mos.kamienna-gora.pl\/index.php\/wp-json\/wp\/v2\/media\/1503"}],"wp:attachment":[{"href":"http:\/\/mos.kamienna-gora.pl\/index.php\/wp-json\/wp\/v2\/media?parent=1499"}],"wp:term":[{"taxonomy":"category","embeddable":true,"href":"http:\/\/mos.kamienna-gora.pl\/index.php\/wp-json\/wp\/v2\/categories?post=1499"},{"taxonomy":"post_tag","embeddable":true,"href":"http:\/\/mos.kamienna-gora.pl\/index.php\/wp-json\/wp\/v2\/tags?post=1499"}],"curies":[{"name":"wp","href":"https:\/\/api.w.org\/{rel}","templated":true}]}}