{"id":158,"date":"2019-01-24T15:49:08","date_gmt":"2019-01-24T14:49:08","guid":{"rendered":"http:\/\/mos.kamienna-gora.pl\/?p=158"},"modified":"2019-01-24T15:49:08","modified_gmt":"2019-01-24T14:49:08","slug":"final-igrzysk-w-narciarstwie-biegowym","status":"publish","type":"post","link":"http:\/\/mos.kamienna-gora.pl\/index.php\/2019\/01\/24\/final-igrzysk-w-narciarstwie-biegowym\/","title":{"rendered":"Fina\u0142 Igrzysk w narciarstwie biegowym"},"content":{"rendered":"<p>W dniach 21-22 lutego 2019 roku w Opawie k. Lubawki odb\u0119dzie si\u0119\u00a0 Fina\u0142\u00a0Dolno\u015bl\u0105skich Igrzysk Dzieci i Dolno\u015bl\u0105skich Igrzysk M\u0142odzie\u017cy Szkolnej w narciarstwie biegowym.<\/p>\n<p>Organizatorem wydarzenia jest Szkolny Zwi\u0105zek Sportowy \u201eDolny \u015al\u0105sk\u201d, MUKN \u201ePod Str\u00f3\u017c\u0105\u201d Miszkowice, MCKF Kamienna G\u00f3ra, MOS Kamienna G\u00f3ra, pod patronatem Starosty Kamiennog\u00f3rskiego.<\/p>\n<p><strong>Uczestnictwo<\/strong><\/p>\n<p><strong>Igrzyska Dzieci<\/strong> \u2013 rocznik 2006 i m\u0142odsi. Reprezentacja szko\u0142y sk\u0142ada si\u0119 maksymalnie z 12 dziewcz\u0105t i 12 ch\u0142opc\u00f3w. W sk\u0142adzie reprezentacji maksymalnie\u00a0 pi\u0119ciu zawodnik\u00f3w w roczniku 2006, pi\u0119ciu w roczniku 2007 i pi\u0119ciu w roczniku 2008 i m\u0142odszych<\/p>\n<p><strong>Igrzyska M\u0142odzie\u017cy Szkolnej <\/strong>\u2013 rocznik 2003-2005. Reprezentacja szko\u0142y sk\u0142ada si\u0119 maksymalnie z 12 dziewcz\u0105t i 12 ch\u0142opc\u00f3w. W sk\u0142adzie reprezentacji maksymalnie\u00a0 pi\u0119ciu zawodnik\u00f3w w roczniku 2003, pi\u0119ciu w roczniku 2004 i pi\u0119ciu w roczniku 2005, uczni\u00f3w klas VII i VIII szk\u00f3\u0142 podstawowych oraz III gimnazj\u00f3w.<\/p>\n<p><strong>Program zawod\u00f3w <\/strong><\/p>\n<p><u>I dzie\u0144 \u2013 biegi indywidualne<\/u> \u2013 obowi\u0105zuje technika klasyczna<\/p>\n<p>Igrzyska Dzieci \u2013 bieg na dystansie 3 km, 2 km i 1 km CT dla dziewcz\u0105t i ch\u0142opc\u00f3w (odpowiednio do kategorii wiekowej)<\/p>\n<p>Igrzyska M\u0142odzie\u017cy Szkolnej \u2013\u00a0 bieg na dystansie 3 km CT dla dziewcz\u0105t i 3 km dla ch\u0142opc\u00f3w<\/p>\n<p><u>II dzie\u0144 \u2013 biegi sztafetowe<\/u> \u2013 obowi\u0105zuje technika klasyczna<\/p>\n<p>Igrzyska Dzieci \u2013 4 x 2 km CT,<\/p>\n<p>Igrzyska M\u0142odzie\u017cy Szkolnej \u2013 4 x 3 km CT.<\/p>\n<p><strong>Program minutowy<\/strong><\/p>\n<p>godz. 10:00 \u2013 odprawa kierownik\u00f3w ekip,<br \/>godz. 10:30 \u2013 otwarcie zawod\u00f3w,<br \/>godz. 11:00 \u2013 starty w kolejno\u015bci:<\/p>\n<p>\u2013 ch\u0142opcy Igrzyska M\u0142odzie\u017cy Szkolnej<br \/>\u2013 dziewcz\u0119ta Igrzyska M\u0142odzie\u017cy Szkolnej<br \/>\u2013 ch\u0142opcy Igrzyska Dzieci<br \/>\u2013 dziewcz\u0119ta Igrzyska Dzieci<\/p>\n<p>Zg\u0142oszenia imienne <u>wy<\/u><u>\u0142\u0105<\/u><u>cznie<\/u> poprzez System Rejestracji Szk\u00f3\u0142 www.srs.szs.pl w terminie <u>do 18.02.2019 r. do godziny 12,00<\/u> r., wpisuj\u0105c zawodnik\u00f3w w kolejno\u015bci grup losowania: I \u2013 s\u0142aba, II \u2013 silniejsza, III \u2013 mocna. Informacj\u0119 o grupie prosz\u0119 wpisa\u0107 w kolumnie \u201edodatkowe informacje\u201d w zg\u0142oszeniu SRS.<\/p>\n<p><strong> R\u00f3\u017cne<\/strong><\/p>\n<p>Dok\u0142adne miejsce startu i wskaz\u00f3wki dotycz\u0105ce dojazdu: miejsce\u00a0zawod\u00f3w OPAWA gm. Lubawka \u2013 trasy biegowe start\/meta \u2013 plac sportowy\u00a0 zlokalizowany w centrum miejscowo\u015bci.<\/p>\n<p>Dojazd z kierunku Jelenia G\u00f3ra: KOWARY\u00a0 \u2013 PRZE\u0141\u0118CZ KOWARSKA\u00a0 \u2013 LUBAWKA \u2013 OPAWA<\/p>\n<p>Dojazd z kierunku Kamienna G\u00f3ra : PRZE\u0141\u0118CZ KOWARSKA \/ po przejechaniu 2 km kierunek MISZKOWICE 8 km \u2013 w Miszkowicach kierunek LUBAWKA i po przejechaniu 1 km OPAWA 2 km<\/p>\n<p>Wsp\u00f3\u0142rz\u0119dne dla GPS\u00a0 50.761472 \/ 12.755217<\/p>\n<p>Od ostatniej krzy\u017c\u00f3wki (zjazd do Opawy) droga b\u0119dzie oznakowana IGRZYSKA SZS<\/p>\n<p>Po wpisaniu do GPS : OPAWA\u00a0 szuka\u0107\u00a0 gm.\u00a0 LUBAWKA \/ bo pokieruje do\u00a0 OPAVY\u00a0 w Czechach<\/p>\n<p>Przyjazd ekip na koszt w\u0142asny,<br \/>Wygenerowane z systemu zg\u0142oszenie podpisane przez dyrektora szko\u0142y prosimy przywie\u017a\u0107 na zawody<br \/>Koszty organizacyjne ponosi SZS \u201eDolny \u015al\u0105sk\u201d.<br \/>Kwestie sporne rozstrzyga organizator i delegat SZS.<br \/>Zawody zostan\u0105 przeprowadzone zgodnie z NRS.<br \/>W przypadkach awaryjnych \u2013 kierownik zawod\u00f3w \u2013 Zenon Kr\u00f3l tel. 600 441 532 mail: zkrol@vp.pl<\/p>\n<p>UWAGA !! W przypadku z\u0142ych warunk\u00f3w atmosferycznych zawody zostan\u0105 przesuni\u0119te na p\u00f3\u017aniejszy termin.<\/p>\n<p>UWAGA !! W dniach 14-17.03.2019 planowane jest rozegranie Og\u00f3lnopolskich Igrzysk Dzieci i Igrzysk M\u0142odzie\u017cy Szkolnej w Narciarstwie Klasycznym w Bia\u0142ce Tatrza\u0144skiej. Kierownikiem ekipy odpowiedzialnym za sk\u0142ad reprezentacji wojew\u00f3dztwa dolno\u015bl\u0105skiego jest pan Zbigniew St\u0119pie\u0144. Nauczycieli zainteresowanych udzia\u0142em ich zawodnik\u00f3w w zawodach centralnych prosimy o kontakt z Kierownikiem ekipy.<\/p>\n\n\n<figure class=\"wp-block-image\"><a href=\"http:\/\/mos.kamienna-gora.pl\/wp-content\/uploads\/2019\/01\/rr02101.jpg\" target=\"_blank\" rel=\"noreferrer noopener\"><img loading=\"lazy\" decoding=\"async\" width=\"900\" height=\"1272\" data-attachment-id=\"159\" data-permalink=\"http:\/\/mos.kamienna-gora.pl\/index.php\/2019\/01\/24\/final-igrzysk-w-narciarstwie-biegowym\/rr02101\/\" data-orig-file=\"http:\/\/mos.kamienna-gora.pl\/wp-content\/uploads\/2019\/01\/rr02101.jpg\" data-orig-size=\"900,1272\" data-comments-opened=\"1\" data-image-meta=\"{&quot;aperture&quot;:&quot;0&quot;,&quot;credit&quot;:&quot;&quot;,&quot;camera&quot;:&quot;&quot;,&quot;caption&quot;:&quot;&quot;,&quot;created_timestamp&quot;:&quot;0&quot;,&quot;copyright&quot;:&quot;&quot;,&quot;focal_length&quot;:&quot;0&quot;,&quot;iso&quot;:&quot;0&quot;,&quot;shutter_speed&quot;:&quot;0&quot;,&quot;title&quot;:&quot;&quot;,&quot;orientation&quot;:&quot;0&quot;}\" data-image-title=\"rr02101\" data-image-description=\"\" data-image-caption=\"\" data-large-file=\"http:\/\/mos.kamienna-gora.pl\/wp-content\/uploads\/2019\/01\/rr02101-725x1024.jpg\" src=\"http:\/\/mos.kamienna-gora.pl\/wp-content\/uploads\/2019\/01\/rr02101.jpg\" alt=\"\" class=\"wp-image-159\" srcset=\"http:\/\/mos.kamienna-gora.pl\/wp-content\/uploads\/2019\/01\/rr02101.jpg 900w, http:\/\/mos.kamienna-gora.pl\/wp-content\/uploads\/2019\/01\/rr02101-212x300.jpg 212w, http:\/\/mos.kamienna-gora.pl\/wp-content\/uploads\/2019\/01\/rr02101-768x1085.jpg 768w, http:\/\/mos.kamienna-gora.pl\/wp-content\/uploads\/2019\/01\/rr02101-725x1024.jpg 725w\" sizes=\"auto, (max-width: 900px) 100vw, 900px\" \/><\/a><\/figure>\n","protected":false},"excerpt":{"rendered":"<p>W dniach 21-22 lutego 2019 roku w Opawie k. Lubawki odb\u0119dzie si\u0119\u00a0 Fina\u0142\u00a0Dolno\u015bl\u0105skich Igrzysk Dzieci i Dolno\u015bl\u0105skich Igrzysk M\u0142odzie\u017cy Szkolnej&hellip;<\/p>\n","protected":false},"author":1,"featured_media":160,"comment_status":"open","ping_status":"open","sticky":false,"template":"","format":"standard","meta":{"jetpack_post_was_ever_published":false,"_jetpack_newsletter_access":"","_jetpack_dont_email_post_to_subs":false,"_jetpack_newsletter_tier_id":0,"_jetpack_memberships_contains_paywalled_content":false,"_jetpack_memberships_contains_paid_content":false,"footnotes":""},"categories":[3],"tags":[],"class_list":["post-158","post","type-post","status-publish","format-standard","has-post-thumbnail","hentry","category-komunikaty"],"jetpack_featured_media_url":"http:\/\/mos.kamienna-gora.pl\/wp-content\/uploads\/2019\/01\/RR02102.jpg","jetpack_sharing_enabled":true,"jetpack_shortlink":"https:\/\/wp.me\/paEJ1v-2y","jetpack-related-posts":[],"_links":{"self":[{"href":"http:\/\/mos.kamienna-gora.pl\/index.php\/wp-json\/wp\/v2\/posts\/158","targetHints":{"allow":["GET"]}}],"collection":[{"href":"http:\/\/mos.kamienna-gora.pl\/index.php\/wp-json\/wp\/v2\/posts"}],"about":[{"href":"http:\/\/mos.kamienna-gora.pl\/index.php\/wp-json\/wp\/v2\/types\/post"}],"author":[{"embeddable":true,"href":"http:\/\/mos.kamienna-gora.pl\/index.php\/wp-json\/wp\/v2\/users\/1"}],"replies":[{"embeddable":true,"href":"http:\/\/mos.kamienna-gora.pl\/index.php\/wp-json\/wp\/v2\/comments?post=158"}],"version-history":[{"count":1,"href":"http:\/\/mos.kamienna-gora.pl\/index.php\/wp-json\/wp\/v2\/posts\/158\/revisions"}],"predecessor-version":[{"id":161,"href":"http:\/\/mos.kamienna-gora.pl\/index.php\/wp-json\/wp\/v2\/posts\/158\/revisions\/161"}],"wp:featuredmedia":[{"embeddable":true,"href":"http:\/\/mos.kamienna-gora.pl\/index.php\/wp-json\/wp\/v2\/media\/160"}],"wp:attachment":[{"href":"http:\/\/mos.kamienna-gora.pl\/index.php\/wp-json\/wp\/v2\/media?parent=158"}],"wp:term":[{"taxonomy":"category","embeddable":true,"href":"http:\/\/mos.kamienna-gora.pl\/index.php\/wp-json\/wp\/v2\/categories?post=158"},{"taxonomy":"post_tag","embeddable":true,"href":"http:\/\/mos.kamienna-gora.pl\/index.php\/wp-json\/wp\/v2\/tags?post=158"}],"curies":[{"name":"wp","href":"https:\/\/api.w.org\/{rel}","templated":true}]}}