{"id":162,"date":"2019-01-24T15:51:10","date_gmt":"2019-01-24T14:51:10","guid":{"rendered":"http:\/\/mos.kamienna-gora.pl\/?p=162"},"modified":"2019-01-24T15:51:10","modified_gmt":"2019-01-24T14:51:10","slug":"usportowiony-powiat","status":"publish","type":"post","link":"http:\/\/mos.kamienna-gora.pl\/index.php\/2019\/01\/24\/usportowiony-powiat\/","title":{"rendered":"Usportowiony powiat"},"content":{"rendered":"<p>Szkolny Zwi\u0105zek Sportowy \u201cDolny \u015al\u0105sk\u201d Wroc\u0142aw opublikowa\u0142 wyniki wsp\u00f3\u0142zawodnictwa sportowego szk\u00f3\u0142 oraz powiat\u00f3w wojew\u00f3dztwa dolno\u015bl\u0105skiego za rok szkolny 2017\/2018 z podzia\u0142em na zawody w ramach Igrzysk Dzieci, Igrzysk M\u0142odzie\u017cy Szkolnej i Licealiady M\u0142odzie\u017cy, a tak\u017ce wyniki wsp\u00f3\u0142zawodnictwa na najlepszy i najbardziej usportowiony powiat wojew\u00f3dztwa dolno\u015bl\u0105skiego.<\/p>\n<p>Powiat Kamiennog\u00f3rski we wsp\u00f3\u0142zawodnictwie sportowym powiat\u00f3w na 30 sklasyfikowanych powiat\u00f3w zaj\u0105\u0142 miejsce 6, natomiast we wsp\u00f3\u0142zawodnictwie na najbardziej usportowiony powiat woj. dolno\u015bl\u0105skiego, gdzie sumowano wszystkie wyniki osi\u0105gni\u0119te przez szko\u0142y powiatu na wszystkich szczeblach wsp\u00f3\u0142zawodnictwa sportowego Powiat Kamiennog\u00f3rski zaj\u0105\u0142 miejsce 2. Wysoko r\u00f3wnie\u017c zosta\u0142y sklasyfikowane szko\u0142y naszego Powiatu.<\/p>\n<p>W ramach wsp\u00f3\u0142zawodnictwa Igrzysk Dzieci (SP I-VI) na 551 sklasyfikowanych szk\u00f3\u0142 woj. dolno\u015bl\u0105skiego:<\/p>\n<p>10 miejsce \u2013 Szko\u0142a Podstawowa nr 1 w Kamiennej G\u00f3rze<br \/>\n14 miejsce \u2013 Szko\u0142a Podstawowa nr 2 w Kamiennej G\u00f3rze<br \/>\n36 miejsce \u2013 Szko\u0142\u0105 Podstawowa w Lubawce<br \/>\n47 miejsce \u2013 Szko\u0142a Podstawowa w Krzeszowie<br \/>\n102 miejsce \u2013 Szko\u0142a Podstawowa w Pisarzowicach<br \/>\n115 miejsce \u2013 Szko\u0142a Podstawowa w Marciszowie<br \/>\n154 miejsce \u2013 Szko\u0142a Podstawowa w Miszkowicach<br \/>\n340 miejsce \u2013 Szko\u0142a Podstawowa w Szarocinie<br \/>\n352 miejsce \u2013 Szko\u0142a Podstawowa w Che\u0142msku \u015al\u0105skim<br \/>\n434 miejsce \u2013 Szko\u0142a Podstawowa w Ptaszkowie<\/p>\n<p>W ramach wsp\u00f3\u0142zawodnictwa Igrzysk M\u0142odzie\u017cy Szkolnej (SP kl.VII i Gim kl.II-III) na 496 sklasyfikowanych szk\u00f3\u0142 woj. dolno\u015bl\u0105skiego:<\/p>\n<p>23 miejsce \u2013 Gimnazjum w Krzeszowie<br \/>\n29 miejsce \u2013 Gimnazjum nr 2 w Kamiennej G\u00f3rze<br \/>\n50 miejsce \u2013 Gimnazjum Pisarzowice<br \/>\n57 miejsce \u2013 Spo\u0142eczne Gimnazjum Edukacji Europejskiej w Kamiennej G\u00f3rze<br \/>\n68 miejsce \u2013 Szko\u0142a Podstawowa nr 1 w Kamiennej G\u00f3rze<br \/>\n76 miejsce \u2013 ZS Gimnazjum nr 1 w Kamiennej G\u00f3rze<br \/>\n108 miejsce \u2013 Gimnazjum Marcisz\u00f3w<br \/>\n122 miejsce \u2013 Szko\u0142a Podstawowa nr 2 w Kamiennej G\u00f3rze<br \/>\n295 miejsce \u2013 Szko\u0142a Podstawowa w Miszkowicach<br \/>\n397 miejsce \u2013 Gimnazjum w Che\u0142msku \u015al\u0105skim<br \/>\n451 miejsce \u2013 Szko\u0142a Podstawowa w Szarocinie<\/p>\n<p>W ramach wsp\u00f3\u0142zawodnictwa Licealiady M\u0142odzie\u017cy na 186 sklasyfikowanych szk\u00f3\u0142 woj. dolno\u015bl\u0105skiego:<\/p>\n<p>21 miejsce \u2013 Zesp\u00f3\u0142 Szk\u00f3\u0142 Og\u00f3lnokszta\u0142c\u0105cych w Kamiennej G\u00f3rze<br \/>\n22 miejsce \u2013 Zesp\u00f3\u0142 Szk\u00f3\u0142 Zawodowych i Og\u00f3lnokszta\u0142c\u0105cych w Kamiennej G\u00f3rze<\/p>\n","protected":false},"excerpt":{"rendered":"<p>Szkolny Zwi\u0105zek Sportowy \u201cDolny \u015al\u0105sk\u201d Wroc\u0142aw opublikowa\u0142 wyniki wsp\u00f3\u0142zawodnictwa sportowego szk\u00f3\u0142 oraz powiat\u00f3w wojew\u00f3dztwa dolno\u015bl\u0105skiego za rok szkolny 2017\/2018 z&hellip;<\/p>\n","protected":false},"author":1,"featured_media":163,"comment_status":"open","ping_status":"open","sticky":false,"template":"","format":"standard","meta":{"jetpack_post_was_ever_published":false,"_jetpack_newsletter_access":"","_jetpack_dont_email_post_to_subs":false,"_jetpack_newsletter_tier_id":0,"_jetpack_memberships_contains_paywalled_content":false,"_jetpack_memberships_contains_paid_content":false,"footnotes":""},"categories":[3],"tags":[],"class_list":["post-162","post","type-post","status-publish","format-standard","has-post-thumbnail","hentry","category-komunikaty"],"jetpack_featured_media_url":"http:\/\/mos.kamienna-gora.pl\/wp-content\/uploads\/2019\/01\/93443.jpg","jetpack_sharing_enabled":true,"jetpack_shortlink":"https:\/\/wp.me\/paEJ1v-2C","jetpack-related-posts":[],"_links":{"self":[{"href":"http:\/\/mos.kamienna-gora.pl\/index.php\/wp-json\/wp\/v2\/posts\/162","targetHints":{"allow":["GET"]}}],"collection":[{"href":"http:\/\/mos.kamienna-gora.pl\/index.php\/wp-json\/wp\/v2\/posts"}],"about":[{"href":"http:\/\/mos.kamienna-gora.pl\/index.php\/wp-json\/wp\/v2\/types\/post"}],"author":[{"embeddable":true,"href":"http:\/\/mos.kamienna-gora.pl\/index.php\/wp-json\/wp\/v2\/users\/1"}],"replies":[{"embeddable":true,"href":"http:\/\/mos.kamienna-gora.pl\/index.php\/wp-json\/wp\/v2\/comments?post=162"}],"version-history":[{"count":1,"href":"http:\/\/mos.kamienna-gora.pl\/index.php\/wp-json\/wp\/v2\/posts\/162\/revisions"}],"predecessor-version":[{"id":164,"href":"http:\/\/mos.kamienna-gora.pl\/index.php\/wp-json\/wp\/v2\/posts\/162\/revisions\/164"}],"wp:featuredmedia":[{"embeddable":true,"href":"http:\/\/mos.kamienna-gora.pl\/index.php\/wp-json\/wp\/v2\/media\/163"}],"wp:attachment":[{"href":"http:\/\/mos.kamienna-gora.pl\/index.php\/wp-json\/wp\/v2\/media?parent=162"}],"wp:term":[{"taxonomy":"category","embeddable":true,"href":"http:\/\/mos.kamienna-gora.pl\/index.php\/wp-json\/wp\/v2\/categories?post=162"},{"taxonomy":"post_tag","embeddable":true,"href":"http:\/\/mos.kamienna-gora.pl\/index.php\/wp-json\/wp\/v2\/tags?post=162"}],"curies":[{"name":"wp","href":"https:\/\/api.w.org\/{rel}","templated":true}]}}