{"id":173,"date":"2019-01-24T16:02:17","date_gmt":"2019-01-24T15:02:17","guid":{"rendered":"http:\/\/mos.kamienna-gora.pl\/?p=173"},"modified":"2019-01-24T16:02:17","modified_gmt":"2019-01-24T15:02:17","slug":"powiatowy-turniej-gier-i-zabaw-mikolaj-na-sportowo-wideo","status":"publish","type":"post","link":"http:\/\/mos.kamienna-gora.pl\/index.php\/2019\/01\/24\/powiatowy-turniej-gier-i-zabaw-mikolaj-na-sportowo-wideo\/","title":{"rendered":"Powiatowy Turniej Gier i Zabaw Miko\u0142aj na sportowo \u2013 wideo"},"content":{"rendered":"<p>W dniu 20 grudnia 2018 roku na sali sportowej Zespo\u0142u Szk\u00f3\u0142 Zawodowych i Og\u00f3lnokszta\u0142c\u0105cych w Kamiennej G\u00f3rze odby\u0142a si\u0119 \u00f3sma edycja Powiatowego Turnieju Gier i Zabaw \u201cMiko\u0142aj na sportowo\u201d. Corocznie organizatorem tego sportowego wydarzenia jest Mi\u0119dzyszkolny O\u015brodek Sportowy.<\/p>\n<p>Ponownie w rywalizacji o Puchar Starosty Kamiennog\u00f3rskiego udzia\u0142 wzi\u0119\u0142y dru\u017cyny ze szk\u00f3\u0142 podstawowych. Zmagania odbywa\u0142y si\u0119 w r\u00f3znych kategoriach wiekowych, a zawodnicy rywalizowali w takich konkurencjach jak Wy\u015bcig Miko\u0142aj\u00f3w, Podrzucanie Prezent\u00f3w czy Miko\u0142ajkowy Tor Przeszk\u00f3d.<\/p>\n<p>Wyniki:<\/p>\n<p>I miejsce w klasach pierwszych \u2013 SP Pisarzowice<br \/>I miejsce w klasach drugich \u2013 SP 2 Kamienna G\u00f3ra<br \/>I miejsce w klasach trzecich \u2013 SP 2 Kamienna G\u00f3ra<\/p>\n<p>II miejsce w klasach pierwszych \u2013 SP Krzesz\u00f3w<br \/>II miejsce w klasach drugich \u2013 SP Krzesz\u00f3w<br \/>II miejsce w klasach trzecich \u2013 SP Krzesz\u00f3w<\/p>\n<p>III miejsce w klasach pierwszych \u2013 SP 2 Kamienna G\u00f3ra<br \/>III miejsce w klasach drugich \u2013 SP Pisarzowice<br \/>III miejsce w klasach trzecich \u2013 SP Pisarzowice<\/p>\n<p>Wszyscy mali sportowcy zostali nagrodzeni. Ca\u0142y turniej przebieg\u0142 zgodnie z zasadami zdrowej rywalizacji sportowej.<\/p>\n\n\n<iframe loading=\"lazy\" width=\"853\" height=\"480\" src=\"https:\/\/www.youtube.com\/embed\/wRStqq9vUko\" frameborder=\"0\" allow=\"accelerometer; autoplay; encrypted-media; gyroscope; picture-in-picture\" allowfullscreen><\/iframe>\n","protected":false},"excerpt":{"rendered":"<p>W dniu 20 grudnia 2018 roku na sali sportowej Zespo\u0142u Szk\u00f3\u0142 Zawodowych i Og\u00f3lnokszta\u0142c\u0105cych w Kamiennej G\u00f3rze odby\u0142a si\u0119 \u00f3sma&hellip;<\/p>\n","protected":false},"author":1,"featured_media":174,"comment_status":"open","ping_status":"open","sticky":false,"template":"","format":"standard","meta":{"jetpack_post_was_ever_published":false,"_jetpack_newsletter_access":"","_jetpack_dont_email_post_to_subs":false,"_jetpack_newsletter_tier_id":0,"_jetpack_memberships_contains_paywalled_content":false,"_jetpack_memberships_contains_paid_content":false,"footnotes":""},"categories":[1],"tags":[],"class_list":["post-173","post","type-post","status-publish","format-standard","has-post-thumbnail","hentry","category-wydarzenia"],"jetpack_featured_media_url":"http:\/\/mos.kamienna-gora.pl\/wp-content\/uploads\/2019\/01\/RR01725.jpg","jetpack_sharing_enabled":true,"jetpack_shortlink":"https:\/\/wp.me\/paEJ1v-2N","jetpack-related-posts":[],"_links":{"self":[{"href":"http:\/\/mos.kamienna-gora.pl\/index.php\/wp-json\/wp\/v2\/posts\/173","targetHints":{"allow":["GET"]}}],"collection":[{"href":"http:\/\/mos.kamienna-gora.pl\/index.php\/wp-json\/wp\/v2\/posts"}],"about":[{"href":"http:\/\/mos.kamienna-gora.pl\/index.php\/wp-json\/wp\/v2\/types\/post"}],"author":[{"embeddable":true,"href":"http:\/\/mos.kamienna-gora.pl\/index.php\/wp-json\/wp\/v2\/users\/1"}],"replies":[{"embeddable":true,"href":"http:\/\/mos.kamienna-gora.pl\/index.php\/wp-json\/wp\/v2\/comments?post=173"}],"version-history":[{"count":1,"href":"http:\/\/mos.kamienna-gora.pl\/index.php\/wp-json\/wp\/v2\/posts\/173\/revisions"}],"predecessor-version":[{"id":175,"href":"http:\/\/mos.kamienna-gora.pl\/index.php\/wp-json\/wp\/v2\/posts\/173\/revisions\/175"}],"wp:featuredmedia":[{"embeddable":true,"href":"http:\/\/mos.kamienna-gora.pl\/index.php\/wp-json\/wp\/v2\/media\/174"}],"wp:attachment":[{"href":"http:\/\/mos.kamienna-gora.pl\/index.php\/wp-json\/wp\/v2\/media?parent=173"}],"wp:term":[{"taxonomy":"category","embeddable":true,"href":"http:\/\/mos.kamienna-gora.pl\/index.php\/wp-json\/wp\/v2\/categories?post=173"},{"taxonomy":"post_tag","embeddable":true,"href":"http:\/\/mos.kamienna-gora.pl\/index.php\/wp-json\/wp\/v2\/tags?post=173"}],"curies":[{"name":"wp","href":"https:\/\/api.w.org\/{rel}","templated":true}]}}