{"id":1733,"date":"2022-03-24T08:12:34","date_gmt":"2022-03-24T07:12:34","guid":{"rendered":"http:\/\/mos.kamienna-gora.pl\/?p=1733"},"modified":"2022-03-24T08:12:34","modified_gmt":"2022-03-24T07:12:34","slug":"final-strefy-jeleniogorskiej-w-pilce-siatkowej-dziewczat-igrzyska-mlodziezy-szkolnej-2","status":"publish","type":"post","link":"http:\/\/mos.kamienna-gora.pl\/index.php\/2022\/03\/24\/final-strefy-jeleniogorskiej-w-pilce-siatkowej-dziewczat-igrzyska-mlodziezy-szkolnej-2\/","title":{"rendered":"Fina\u0142 Strefy Jeleniog\u00f3rskiej w pi\u0142ce siatkowej dziewcz\u0105t &#8211; Igrzyska M\u0142odzie\u017cy Szkolnej"},"content":{"rendered":"\n<p>Dnia 23.03.2022 \u00a0roku na Hali Sportowej przy Szkole Podstawowej nr 2 \u00a0w Kamiennej G\u00f3rze odby\u0142 si\u0119 fina\u0142 Strefy Jeleniog\u00f3rskiej w pi\u0142ce siatkowej ch\u0142opc\u00f3w w ramach Igrzysk M\u0142odzie\u017cy Szkolnej.<\/p>\n<p>Do rywalizacji przyst\u0105pi\u0142y cztery szko\u0142y:<\/p>\n<p>&#8211; SP 2 Kamienna G\u00f3ra<\/p>\n<p>&#8211; SP Janowice Wielkie<\/p>\n<p>&#8211; SP 3 Zgorzelec<\/p>\n<p>&#8211; SP Smolnik<\/p>\n<p>Mecze rozgrywane by\u0142y do 2 set\u00f3w wygranych set\u00f3w, do 25 pkt.<\/p>\n<p>Wyniki poszczeg\u00f3lnych spotka\u0144:<\/p>\n<p><strong>p\u00f3\u0142fina\u0142y<\/strong>:<\/p>\n<ol>\n<li>SP 3 Zgorzelec \u2013 SP 2 Kamienna G\u00f3ra\u00a0 0 : 2 ( 8 : 13 )<\/li>\n<li>SP Smolnik \u2013 SP Janowice Wielkie 1 : 2 ( 20 : -18: -10 )<\/li>\n<\/ol>\n<p><strong>Mecz o III miejsce:<\/strong><\/p>\n<p>SP Smolnik \u2013 SP 3 Zgorzelec\u00a0 \u00a0 2 : 0 ( 20 : 17 )<\/p>\n<p><strong>Mecz o I miejsce:<\/strong><\/p>\n<p>SP 2 Kam. G\u00f3ra \u2013 SP Janowice Wielkie\u00a0 \u00a02 : 1 ( 15 : -23: 4 )<\/p>\n<p>Kolejno\u015b\u0107 ko\u0144cowa:<\/p>\n<ol>\n<li><strong>Szko\u0142a Podstawowa nr 2 Kamienna G\u00f3ra<\/strong><br \/>2. Szko\u0142a Podstawowa Janowice Wielkie<br \/>3. Szko\u0142a Podstawowa Smolnik\u00a0 \u00a0 \u00a0 \u00a0 \u00a0 \u00a0 \u00a0 \u00a0 \u00a0 \u00a0 \u00a0 \u00a0 \u00a0 \u00a0 \u00a0 \u00a0 \u00a0 \u00a0 \u00a0 \u00a0 \u00a0 \u00a0 \u00a0 \u00a0 \u00a0 \u00a0 \u00a0 \u00a0 \u00a0 \u00a0 \u00a0 \u00a0 \u00a0 \u00a0 \u00a0 \u00a0 \u00a0 \u00a0 \u00a0 \u00a0 \u00a0 \u00a0 \u00a0 \u00a0 \u00a0 \u00a0 \u00a0 \u00a0 \u00a0 \u00a0 \u00a0 \u00a0 \u00a0 \u00a0 \u00a0 \u00a04.Szko\u0142a Podstawowa nr 3 Zgorzelec<\/li>\n<\/ol>\n<p><strong>Szko\u0142a Podstawowa nr 2 Kamienna G\u00f3ra uzyska\u0142a awans do Fina\u0142u Zawod\u00f3w Wojew\u00f3dzkich.<\/strong><\/p>\n<p><strong>Sk\u0142ad SP 2 Kamienna G\u00f3ra:<\/strong><\/p>\n<p>Blicharz Kinga, Gotowt Zofia, G\u00f3recka Oliwia, Kolanek Julia, Makowska Iwona, Maziakowska Maja, P\u00f3\u017aniak Wanesa, Siedlarz Aleksandra, \u017b\u0142obicka Julia, opiekun \u2013 Daniel Gontko.<\/p>\n\n\n\n<figure class=\"wp-block-gallery has-nested-images columns-default is-cropped wp-block-gallery-1 is-layout-flex wp-block-gallery-is-layout-flex\">\n<figure class=\"wp-block-image size-large\"><img loading=\"lazy\" decoding=\"async\" width=\"2560\" height=\"1707\" data-attachment-id=\"1734\" data-permalink=\"http:\/\/mos.kamienna-gora.pl\/index.php\/2022\/03\/24\/final-strefy-jeleniogorskiej-w-pilce-siatkowej-dziewczat-igrzyska-mlodziezy-szkolnej-2\/img_1313\/\" data-orig-file=\"http:\/\/mos.kamienna-gora.pl\/wp-content\/uploads\/2022\/03\/IMG_1313-scaled.jpg\" data-orig-size=\"2560,1707\" data-comments-opened=\"1\" data-image-meta=\"{&quot;aperture&quot;:&quot;4&quot;,&quot;credit&quot;:&quot;&quot;,&quot;camera&quot;:&quot;Canon EOS 4000D&quot;,&quot;caption&quot;:&quot;&quot;,&quot;created_timestamp&quot;:&quot;1648031981&quot;,&quot;copyright&quot;:&quot;&quot;,&quot;focal_length&quot;:&quot;24&quot;,&quot;iso&quot;:&quot;200&quot;,&quot;shutter_speed&quot;:&quot;0.016666666666667&quot;,&quot;title&quot;:&quot;&quot;,&quot;orientation&quot;:&quot;1&quot;}\" data-image-title=\"IMG_1313\" data-image-description=\"\" data-image-caption=\"\" data-large-file=\"http:\/\/mos.kamienna-gora.pl\/wp-content\/uploads\/2022\/03\/IMG_1313-1024x683.jpg\" data-id=\"1734\" src=\"http:\/\/mos.kamienna-gora.pl\/wp-content\/uploads\/2022\/03\/IMG_1313-scaled.jpg\" alt=\"\" class=\"wp-image-1734\" srcset=\"http:\/\/mos.kamienna-gora.pl\/wp-content\/uploads\/2022\/03\/IMG_1313-scaled.jpg 2560w, http:\/\/mos.kamienna-gora.pl\/wp-content\/uploads\/2022\/03\/IMG_1313-300x200.jpg 300w, http:\/\/mos.kamienna-gora.pl\/wp-content\/uploads\/2022\/03\/IMG_1313-1024x683.jpg 1024w, http:\/\/mos.kamienna-gora.pl\/wp-content\/uploads\/2022\/03\/IMG_1313-768x512.jpg 768w, http:\/\/mos.kamienna-gora.pl\/wp-content\/uploads\/2022\/03\/IMG_1313-1536x1024.jpg 1536w, http:\/\/mos.kamienna-gora.pl\/wp-content\/uploads\/2022\/03\/IMG_1313-2048x1365.jpg 2048w\" sizes=\"auto, (max-width: 2560px) 100vw, 2560px\" \/><\/figure>\n<\/figure>\n\n\n\n<figure class=\"wp-block-gallery has-nested-images columns-default is-cropped wp-block-gallery-2 is-layout-flex wp-block-gallery-is-layout-flex\">\n<figure class=\"wp-block-image size-large\"><img loading=\"lazy\" decoding=\"async\" width=\"2560\" height=\"1707\" data-attachment-id=\"1735\" data-permalink=\"http:\/\/mos.kamienna-gora.pl\/index.php\/2022\/03\/24\/final-strefy-jeleniogorskiej-w-pilce-siatkowej-dziewczat-igrzyska-mlodziezy-szkolnej-2\/img_1318\/\" data-orig-file=\"http:\/\/mos.kamienna-gora.pl\/wp-content\/uploads\/2022\/03\/IMG_1318-scaled.jpg\" data-orig-size=\"2560,1707\" data-comments-opened=\"1\" data-image-meta=\"{&quot;aperture&quot;:&quot;4.5&quot;,&quot;credit&quot;:&quot;&quot;,&quot;camera&quot;:&quot;Canon EOS 4000D&quot;,&quot;caption&quot;:&quot;&quot;,&quot;created_timestamp&quot;:&quot;1648032026&quot;,&quot;copyright&quot;:&quot;&quot;,&quot;focal_length&quot;:&quot;29&quot;,&quot;iso&quot;:&quot;320&quot;,&quot;shutter_speed&quot;:&quot;0.0125&quot;,&quot;title&quot;:&quot;&quot;,&quot;orientation&quot;:&quot;1&quot;}\" data-image-title=\"IMG_1318\" data-image-description=\"\" data-image-caption=\"\" data-large-file=\"http:\/\/mos.kamienna-gora.pl\/wp-content\/uploads\/2022\/03\/IMG_1318-1024x683.jpg\" data-id=\"1735\" src=\"http:\/\/mos.kamienna-gora.pl\/wp-content\/uploads\/2022\/03\/IMG_1318-scaled.jpg\" alt=\"\" class=\"wp-image-1735\" srcset=\"http:\/\/mos.kamienna-gora.pl\/wp-content\/uploads\/2022\/03\/IMG_1318-scaled.jpg 2560w, http:\/\/mos.kamienna-gora.pl\/wp-content\/uploads\/2022\/03\/IMG_1318-300x200.jpg 300w, http:\/\/mos.kamienna-gora.pl\/wp-content\/uploads\/2022\/03\/IMG_1318-1024x683.jpg 1024w, http:\/\/mos.kamienna-gora.pl\/wp-content\/uploads\/2022\/03\/IMG_1318-768x512.jpg 768w, http:\/\/mos.kamienna-gora.pl\/wp-content\/uploads\/2022\/03\/IMG_1318-1536x1024.jpg 1536w, http:\/\/mos.kamienna-gora.pl\/wp-content\/uploads\/2022\/03\/IMG_1318-2048x1365.jpg 2048w\" sizes=\"auto, (max-width: 2560px) 100vw, 2560px\" \/><\/figure>\n<\/figure>\n\n\n\n<figure class=\"wp-block-gallery has-nested-images columns-default is-cropped wp-block-gallery-3 is-layout-flex wp-block-gallery-is-layout-flex\">\n<figure class=\"wp-block-image size-large\"><img loading=\"lazy\" decoding=\"async\" width=\"2560\" height=\"1707\" data-attachment-id=\"1736\" data-permalink=\"http:\/\/mos.kamienna-gora.pl\/index.php\/2022\/03\/24\/final-strefy-jeleniogorskiej-w-pilce-siatkowej-dziewczat-igrzyska-mlodziezy-szkolnej-2\/img_1368\/\" data-orig-file=\"http:\/\/mos.kamienna-gora.pl\/wp-content\/uploads\/2022\/03\/IMG_1368-scaled.jpg\" data-orig-size=\"2560,1707\" data-comments-opened=\"1\" data-image-meta=\"{&quot;aperture&quot;:&quot;4.5&quot;,&quot;credit&quot;:&quot;&quot;,&quot;camera&quot;:&quot;Canon EOS 4000D&quot;,&quot;caption&quot;:&quot;&quot;,&quot;created_timestamp&quot;:&quot;1648032835&quot;,&quot;copyright&quot;:&quot;&quot;,&quot;focal_length&quot;:&quot;33&quot;,&quot;iso&quot;:&quot;1600&quot;,&quot;shutter_speed&quot;:&quot;0.002&quot;,&quot;title&quot;:&quot;&quot;,&quot;orientation&quot;:&quot;1&quot;}\" data-image-title=\"IMG_1368\" data-image-description=\"\" data-image-caption=\"\" data-large-file=\"http:\/\/mos.kamienna-gora.pl\/wp-content\/uploads\/2022\/03\/IMG_1368-1024x683.jpg\" data-id=\"1736\" src=\"http:\/\/mos.kamienna-gora.pl\/wp-content\/uploads\/2022\/03\/IMG_1368-scaled.jpg\" alt=\"\" class=\"wp-image-1736\" srcset=\"http:\/\/mos.kamienna-gora.pl\/wp-content\/uploads\/2022\/03\/IMG_1368-scaled.jpg 2560w, http:\/\/mos.kamienna-gora.pl\/wp-content\/uploads\/2022\/03\/IMG_1368-300x200.jpg 300w, http:\/\/mos.kamienna-gora.pl\/wp-content\/uploads\/2022\/03\/IMG_1368-1024x683.jpg 1024w, http:\/\/mos.kamienna-gora.pl\/wp-content\/uploads\/2022\/03\/IMG_1368-768x512.jpg 768w, http:\/\/mos.kamienna-gora.pl\/wp-content\/uploads\/2022\/03\/IMG_1368-1536x1024.jpg 1536w, http:\/\/mos.kamienna-gora.pl\/wp-content\/uploads\/2022\/03\/IMG_1368-2048x1365.jpg 2048w\" sizes=\"auto, (max-width: 2560px) 100vw, 2560px\" \/><\/figure>\n<\/figure>\n\n\n\n<figure class=\"wp-block-gallery has-nested-images columns-default is-cropped wp-block-gallery-4 is-layout-flex wp-block-gallery-is-layout-flex\">\n<figure class=\"wp-block-image size-large\"><img loading=\"lazy\" decoding=\"async\" width=\"2560\" height=\"1707\" data-attachment-id=\"1737\" data-permalink=\"http:\/\/mos.kamienna-gora.pl\/index.php\/2022\/03\/24\/final-strefy-jeleniogorskiej-w-pilce-siatkowej-dziewczat-igrzyska-mlodziezy-szkolnej-2\/img_1382\/\" data-orig-file=\"http:\/\/mos.kamienna-gora.pl\/wp-content\/uploads\/2022\/03\/IMG_1382-scaled.jpg\" data-orig-size=\"2560,1707\" data-comments-opened=\"1\" data-image-meta=\"{&quot;aperture&quot;:&quot;3.5&quot;,&quot;credit&quot;:&quot;&quot;,&quot;camera&quot;:&quot;Canon EOS 4000D&quot;,&quot;caption&quot;:&quot;&quot;,&quot;created_timestamp&quot;:&quot;1648033030&quot;,&quot;copyright&quot;:&quot;&quot;,&quot;focal_length&quot;:&quot;23&quot;,&quot;iso&quot;:&quot;160&quot;,&quot;shutter_speed&quot;:&quot;0.0125&quot;,&quot;title&quot;:&quot;&quot;,&quot;orientation&quot;:&quot;1&quot;}\" data-image-title=\"IMG_1382\" data-image-description=\"\" data-image-caption=\"\" data-large-file=\"http:\/\/mos.kamienna-gora.pl\/wp-content\/uploads\/2022\/03\/IMG_1382-1024x683.jpg\" data-id=\"1737\" src=\"http:\/\/mos.kamienna-gora.pl\/wp-content\/uploads\/2022\/03\/IMG_1382-scaled.jpg\" alt=\"\" class=\"wp-image-1737\" srcset=\"http:\/\/mos.kamienna-gora.pl\/wp-content\/uploads\/2022\/03\/IMG_1382-scaled.jpg 2560w, http:\/\/mos.kamienna-gora.pl\/wp-content\/uploads\/2022\/03\/IMG_1382-300x200.jpg 300w, http:\/\/mos.kamienna-gora.pl\/wp-content\/uploads\/2022\/03\/IMG_1382-1024x683.jpg 1024w, http:\/\/mos.kamienna-gora.pl\/wp-content\/uploads\/2022\/03\/IMG_1382-768x512.jpg 768w, http:\/\/mos.kamienna-gora.pl\/wp-content\/uploads\/2022\/03\/IMG_1382-1536x1024.jpg 1536w, http:\/\/mos.kamienna-gora.pl\/wp-content\/uploads\/2022\/03\/IMG_1382-2048x1365.jpg 2048w\" sizes=\"auto, (max-width: 2560px) 100vw, 2560px\" \/><\/figure>\n<\/figure>\n\n\n\n<figure class=\"wp-block-gallery has-nested-images columns-default is-cropped wp-block-gallery-5 is-layout-flex wp-block-gallery-is-layout-flex\">\n<figure class=\"wp-block-image size-large\"><img loading=\"lazy\" decoding=\"async\" width=\"2560\" height=\"1707\" data-attachment-id=\"1738\" data-permalink=\"http:\/\/mos.kamienna-gora.pl\/index.php\/2022\/03\/24\/final-strefy-jeleniogorskiej-w-pilce-siatkowej-dziewczat-igrzyska-mlodziezy-szkolnej-2\/img_1570\/\" data-orig-file=\"http:\/\/mos.kamienna-gora.pl\/wp-content\/uploads\/2022\/03\/IMG_1570-scaled.jpg\" data-orig-size=\"2560,1707\" data-comments-opened=\"1\" data-image-meta=\"{&quot;aperture&quot;:&quot;3.5&quot;,&quot;credit&quot;:&quot;&quot;,&quot;camera&quot;:&quot;Canon EOS 4000D&quot;,&quot;caption&quot;:&quot;&quot;,&quot;created_timestamp&quot;:&quot;1648046350&quot;,&quot;copyright&quot;:&quot;&quot;,&quot;focal_length&quot;:&quot;18&quot;,&quot;iso&quot;:&quot;320&quot;,&quot;shutter_speed&quot;:&quot;0.0125&quot;,&quot;title&quot;:&quot;&quot;,&quot;orientation&quot;:&quot;1&quot;}\" data-image-title=\"IMG_1570\" data-image-description=\"\" data-image-caption=\"\" data-large-file=\"http:\/\/mos.kamienna-gora.pl\/wp-content\/uploads\/2022\/03\/IMG_1570-1024x683.jpg\" data-id=\"1738\" src=\"http:\/\/mos.kamienna-gora.pl\/wp-content\/uploads\/2022\/03\/IMG_1570-scaled.jpg\" alt=\"\" class=\"wp-image-1738\" srcset=\"http:\/\/mos.kamienna-gora.pl\/wp-content\/uploads\/2022\/03\/IMG_1570-scaled.jpg 2560w, http:\/\/mos.kamienna-gora.pl\/wp-content\/uploads\/2022\/03\/IMG_1570-300x200.jpg 300w, http:\/\/mos.kamienna-gora.pl\/wp-content\/uploads\/2022\/03\/IMG_1570-1024x683.jpg 1024w, http:\/\/mos.kamienna-gora.pl\/wp-content\/uploads\/2022\/03\/IMG_1570-768x512.jpg 768w, http:\/\/mos.kamienna-gora.pl\/wp-content\/uploads\/2022\/03\/IMG_1570-1536x1024.jpg 1536w, http:\/\/mos.kamienna-gora.pl\/wp-content\/uploads\/2022\/03\/IMG_1570-2048x1365.jpg 2048w\" sizes=\"auto, (max-width: 2560px) 100vw, 2560px\" \/><\/figure>\n<\/figure>\n","protected":false},"excerpt":{"rendered":"<p>Dnia 23.03.2022 \u00a0roku na Hali Sportowej przy Szkole Podstawowej nr 2 \u00a0w Kamiennej G\u00f3rze odby\u0142 si\u0119 fina\u0142 Strefy Jeleniog\u00f3rskiej w&hellip;<\/p>\n","protected":false},"author":1,"featured_media":1738,"comment_status":"open","ping_status":"open","sticky":false,"template":"","format":"standard","meta":{"jetpack_post_was_ever_published":false,"_jetpack_newsletter_access":"","_jetpack_dont_email_post_to_subs":false,"_jetpack_newsletter_tier_id":0,"_jetpack_memberships_contains_paywalled_content":false,"_jetpack_memberships_contains_paid_content":false,"footnotes":""},"categories":[1,8],"tags":[],"class_list":["post-1733","post","type-post","status-publish","format-standard","has-post-thumbnail","hentry","category-wydarzenia","category-zawody-strefowe"],"jetpack_featured_media_url":"http:\/\/mos.kamienna-gora.pl\/wp-content\/uploads\/2022\/03\/IMG_1570-scaled.jpg","jetpack_sharing_enabled":true,"jetpack_shortlink":"https:\/\/wp.me\/paEJ1v-rX","jetpack-related-posts":[],"_links":{"self":[{"href":"http:\/\/mos.kamienna-gora.pl\/index.php\/wp-json\/wp\/v2\/posts\/1733","targetHints":{"allow":["GET"]}}],"collection":[{"href":"http:\/\/mos.kamienna-gora.pl\/index.php\/wp-json\/wp\/v2\/posts"}],"about":[{"href":"http:\/\/mos.kamienna-gora.pl\/index.php\/wp-json\/wp\/v2\/types\/post"}],"author":[{"embeddable":true,"href":"http:\/\/mos.kamienna-gora.pl\/index.php\/wp-json\/wp\/v2\/users\/1"}],"replies":[{"embeddable":true,"href":"http:\/\/mos.kamienna-gora.pl\/index.php\/wp-json\/wp\/v2\/comments?post=1733"}],"version-history":[{"count":1,"href":"http:\/\/mos.kamienna-gora.pl\/index.php\/wp-json\/wp\/v2\/posts\/1733\/revisions"}],"predecessor-version":[{"id":1739,"href":"http:\/\/mos.kamienna-gora.pl\/index.php\/wp-json\/wp\/v2\/posts\/1733\/revisions\/1739"}],"wp:featuredmedia":[{"embeddable":true,"href":"http:\/\/mos.kamienna-gora.pl\/index.php\/wp-json\/wp\/v2\/media\/1738"}],"wp:attachment":[{"href":"http:\/\/mos.kamienna-gora.pl\/index.php\/wp-json\/wp\/v2\/media?parent=1733"}],"wp:term":[{"taxonomy":"category","embeddable":true,"href":"http:\/\/mos.kamienna-gora.pl\/index.php\/wp-json\/wp\/v2\/categories?post=1733"},{"taxonomy":"post_tag","embeddable":true,"href":"http:\/\/mos.kamienna-gora.pl\/index.php\/wp-json\/wp\/v2\/tags?post=1733"}],"curies":[{"name":"wp","href":"https:\/\/api.w.org\/{rel}","templated":true}]}}