{"id":1908,"date":"2022-05-23T12:47:26","date_gmt":"2022-05-23T10:47:26","guid":{"rendered":"http:\/\/mos.kamienna-gora.pl\/?p=1908"},"modified":"2022-05-23T12:47:26","modified_gmt":"2022-05-23T10:47:26","slug":"final-powiatowy-w-plazowej-pilce-siatkowej-dziewczat-i-chlopcow-w-ramach-licealiady","status":"publish","type":"post","link":"http:\/\/mos.kamienna-gora.pl\/index.php\/2022\/05\/23\/final-powiatowy-w-plazowej-pilce-siatkowej-dziewczat-i-chlopcow-w-ramach-licealiady\/","title":{"rendered":"Fina\u0142 Powiatowy w pla\u017cowej pi\u0142ce siatkowej dziewcz\u0105t i ch\u0142opc\u00f3w w ramach Licealiady"},"content":{"rendered":"\n<p>Dnia 23 maja 2022 roku na boiskach do pi\u0142ki pla\u017cowej przy Kamiennog\u00f3rskim Zalewie odby\u0142 si\u0119 fina\u0142 powiatowy w pla\u017cowej pi\u0142ce siatkowej dziewcz\u0105t i ch\u0142opc\u00f3w w ramach Licealiady.<\/p>\n<p>Do rywalizacji dziewcz\u0105t i ch\u0142opc\u00f3w przyst\u0105pi\u0142y po dwie dru\u017cyny u dziewcz\u0105t oraz u ch\u0142opc\u00f3w. Awans do Fina\u0142u Strefy Jeleniog\u00f3rskiej, kt\u00f3ry dob\u0119dzie si\u0119 w dniach 02-03.06.2022 r. w Boles\u0142awcu uzyskali zwyci\u0119zcy.<\/p>\n<p>Mecze by\u0142y rozgrywane systemem do 2 wygranych set\u00f3w do 15 punkt\u00f3w.<\/p>\n<p>Wyniki spotka\u0144:<\/p>\n<p><strong>Dziewcz\u0119ta:<\/strong><\/p>\n<ol>\n<li>ZSZ i O Kamienna G\u00f3ra I \u00a0\u2013ZSZ i O Kamienna G\u00f3ra II\u00a0 \u00a02:0<\/li>\n<li>LO Kamienna G\u00f3ra I \u2013 LO Kamienna G\u00f3ra II\u00a0 \u00a0 2:0<\/li>\n<li>ZSZ i O Kamienna G\u00f3ra \u00a0II \u2013 LO Kamienna G\u00f3ra II\u00a0 \u00a00:2<\/li>\n<li>LO Kamienna G\u00f3ra I\u2013 ZSZ i O Kamienna G\u00f3ra I\u00a0 \u00a0 2:1<\/li>\n<\/ol>\n<p>Kolejno\u015b\u0107 ko\u0144cowa:<\/p>\n<ol>\n<li><strong>Liceum Og\u00f3lnokszta\u0142c\u0105ce Kamienna G\u00f3ra \u2013 dru\u017cyna I<\/strong><\/li>\n<li>Zesp\u00f3\u0142 Szk\u00f3\u0142 Zawodowych i Og\u00f3lnokszta\u0142c\u0105cych Kamienna G\u00f3ra \u2013 dru\u017cyna I<\/li>\n<li>Liceum Og\u00f3lnokszta\u0142c\u0105ce Kamienna G\u00f3ra \u2013 dru\u017cyna II<\/li>\n<li>Zesp\u00f3\u0142 Szk\u00f3\u0142 Zawodowych i Og\u00f3lnokszta\u0142c\u0105cych Kamienna G\u00f3ra \u2013 dru\u017cyna I<\/li>\n<\/ol>\n<p>\u00a0<\/p>\n<p><strong>Ch\u0142opcy:<\/strong><\/p>\n<ol>\n<li>ZSZ i O Kamienna G\u00f3ra I \u00a0\u2013ZSZ i O Kamienna G\u00f3ra II\u00a0 \u00a0 \u00a02:0<\/li>\n<li>LO Kamienna G\u00f3ra I \u2013 LO Kamienna G\u00f3ra II\u00a0 \u00a0 \u00a0 \u00a02:0<\/li>\n<li>ZSZ i O Kamienna G\u00f3ra \u00a0II \u2013 LO Kamienna G\u00f3ra I\u00a0 I\u00a0 \u00a01:2<\/li>\n<li>LO Kamienna G\u00f3ra I\u2013 ZSZ i O Kamienna G\u00f3ra I\u00a0 \u00a0 \u00a0 \u00a02:0<\/li>\n<\/ol>\n<p>Kolejno\u015b\u0107 ko\u0144cowa:<\/p>\n<ol>\n<li><strong>Liceum Og\u00f3lnokszta\u0142c\u0105ce Kamienna G\u00f3ra \u2013 dru\u017cyna I<\/strong><\/li>\n<li>Zesp\u00f3\u0142 Szk\u00f3\u0142 Zawodowych i Og\u00f3lnokszta\u0142c\u0105cych Kamienna G\u00f3ra \u2013 dru\u017cyna I<\/li>\n<li>Liceum Og\u00f3lnokszta\u0142c\u0105ce Kamienna G\u00f3ra \u2013 dru\u017cyna II<\/li>\n<li>Zesp\u00f3\u0142 Szk\u00f3\u0142 Zawodowych i Og\u00f3lnokszta\u0142c\u0105cych Kamienna G\u00f3ra \u2013 dru\u017cyna I<\/li>\n<\/ol>\n<p>Sk\u0142ad LO Kamienna G\u00f3ra dziewcz\u0105t:<\/p>\n<p>Hanna Murawska, Karska Oliwia, opiekun \u2013 Jaros\u0142aw Kawerski<\/p>\n<p>Sk\u0142ad LO Kamienna G\u00f3ra ch\u0142opcy:<\/p>\n<p>Jankowski Konrad, Sura Dawid, opiekun \u2013 Krzysztof Pawlikowski<\/p>\n<p>\u00a0<\/p>\n<p>\u00a0<\/p>\n\n\n\n<figure class=\"wp-block-gallery has-nested-images columns-default is-cropped wp-block-gallery-1 is-layout-flex wp-block-gallery-is-layout-flex\">\n<figure class=\"wp-block-image size-large\"><img loading=\"lazy\" decoding=\"async\" width=\"960\" height=\"720\" data-attachment-id=\"1909\" data-permalink=\"http:\/\/mos.kamienna-gora.pl\/index.php\/2022\/05\/23\/final-powiatowy-w-plazowej-pilce-siatkowej-dziewczat-i-chlopcow-w-ramach-licealiady\/283470862_1700041350344469_6107929354550711406_n\/\" data-orig-file=\"http:\/\/mos.kamienna-gora.pl\/wp-content\/uploads\/2022\/05\/283470862_1700041350344469_6107929354550711406_n.jpg\" data-orig-size=\"960,720\" data-comments-opened=\"1\" data-image-meta=\"{&quot;aperture&quot;:&quot;0&quot;,&quot;credit&quot;:&quot;&quot;,&quot;camera&quot;:&quot;&quot;,&quot;caption&quot;:&quot;&quot;,&quot;created_timestamp&quot;:&quot;0&quot;,&quot;copyright&quot;:&quot;&quot;,&quot;focal_length&quot;:&quot;0&quot;,&quot;iso&quot;:&quot;0&quot;,&quot;shutter_speed&quot;:&quot;0&quot;,&quot;title&quot;:&quot;&quot;,&quot;orientation&quot;:&quot;0&quot;}\" data-image-title=\"283470862_1700041350344469_6107929354550711406_n\" data-image-description=\"\" data-image-caption=\"\" data-large-file=\"http:\/\/mos.kamienna-gora.pl\/wp-content\/uploads\/2022\/05\/283470862_1700041350344469_6107929354550711406_n.jpg\" data-id=\"1909\" src=\"http:\/\/mos.kamienna-gora.pl\/wp-content\/uploads\/2022\/05\/283470862_1700041350344469_6107929354550711406_n.jpg\" alt=\"\" class=\"wp-image-1909\" srcset=\"http:\/\/mos.kamienna-gora.pl\/wp-content\/uploads\/2022\/05\/283470862_1700041350344469_6107929354550711406_n.jpg 960w, http:\/\/mos.kamienna-gora.pl\/wp-content\/uploads\/2022\/05\/283470862_1700041350344469_6107929354550711406_n-300x225.jpg 300w, http:\/\/mos.kamienna-gora.pl\/wp-content\/uploads\/2022\/05\/283470862_1700041350344469_6107929354550711406_n-768x576.jpg 768w, http:\/\/mos.kamienna-gora.pl\/wp-content\/uploads\/2022\/05\/283470862_1700041350344469_6107929354550711406_n-160x120.jpg 160w\" sizes=\"auto, (max-width: 960px) 100vw, 960px\" \/><\/figure>\n<\/figure>\n\n\n\n<figure class=\"wp-block-gallery has-nested-images columns-default is-cropped wp-block-gallery-2 is-layout-flex wp-block-gallery-is-layout-flex\">\n<figure class=\"wp-block-image size-large\"><img loading=\"lazy\" decoding=\"async\" width=\"960\" height=\"720\" data-attachment-id=\"1910\" data-permalink=\"http:\/\/mos.kamienna-gora.pl\/index.php\/2022\/05\/23\/final-powiatowy-w-plazowej-pilce-siatkowej-dziewczat-i-chlopcow-w-ramach-licealiady\/283487304_1700041560344448_8458137459258178372_n\/\" data-orig-file=\"http:\/\/mos.kamienna-gora.pl\/wp-content\/uploads\/2022\/05\/283487304_1700041560344448_8458137459258178372_n.jpg\" data-orig-size=\"960,720\" data-comments-opened=\"1\" data-image-meta=\"{&quot;aperture&quot;:&quot;0&quot;,&quot;credit&quot;:&quot;&quot;,&quot;camera&quot;:&quot;&quot;,&quot;caption&quot;:&quot;&quot;,&quot;created_timestamp&quot;:&quot;0&quot;,&quot;copyright&quot;:&quot;&quot;,&quot;focal_length&quot;:&quot;0&quot;,&quot;iso&quot;:&quot;0&quot;,&quot;shutter_speed&quot;:&quot;0&quot;,&quot;title&quot;:&quot;&quot;,&quot;orientation&quot;:&quot;0&quot;}\" data-image-title=\"283487304_1700041560344448_8458137459258178372_n\" data-image-description=\"\" data-image-caption=\"\" data-large-file=\"http:\/\/mos.kamienna-gora.pl\/wp-content\/uploads\/2022\/05\/283487304_1700041560344448_8458137459258178372_n.jpg\" data-id=\"1910\" src=\"http:\/\/mos.kamienna-gora.pl\/wp-content\/uploads\/2022\/05\/283487304_1700041560344448_8458137459258178372_n.jpg\" alt=\"\" class=\"wp-image-1910\" srcset=\"http:\/\/mos.kamienna-gora.pl\/wp-content\/uploads\/2022\/05\/283487304_1700041560344448_8458137459258178372_n.jpg 960w, http:\/\/mos.kamienna-gora.pl\/wp-content\/uploads\/2022\/05\/283487304_1700041560344448_8458137459258178372_n-300x225.jpg 300w, http:\/\/mos.kamienna-gora.pl\/wp-content\/uploads\/2022\/05\/283487304_1700041560344448_8458137459258178372_n-768x576.jpg 768w, http:\/\/mos.kamienna-gora.pl\/wp-content\/uploads\/2022\/05\/283487304_1700041560344448_8458137459258178372_n-160x120.jpg 160w\" sizes=\"auto, (max-width: 960px) 100vw, 960px\" \/><\/figure>\n<\/figure>\n\n\n\n<figure class=\"wp-block-gallery has-nested-images columns-default is-cropped wp-block-gallery-3 is-layout-flex wp-block-gallery-is-layout-flex\">\n<figure class=\"wp-block-image size-large\"><img loading=\"lazy\" decoding=\"async\" width=\"960\" height=\"720\" data-attachment-id=\"1911\" data-permalink=\"http:\/\/mos.kamienna-gora.pl\/index.php\/2022\/05\/23\/final-powiatowy-w-plazowej-pilce-siatkowej-dziewczat-i-chlopcow-w-ramach-licealiady\/283547106_1700041930344411_4719595279694812612_n\/\" data-orig-file=\"http:\/\/mos.kamienna-gora.pl\/wp-content\/uploads\/2022\/05\/283547106_1700041930344411_4719595279694812612_n.jpg\" data-orig-size=\"960,720\" data-comments-opened=\"1\" data-image-meta=\"{&quot;aperture&quot;:&quot;0&quot;,&quot;credit&quot;:&quot;&quot;,&quot;camera&quot;:&quot;&quot;,&quot;caption&quot;:&quot;&quot;,&quot;created_timestamp&quot;:&quot;0&quot;,&quot;copyright&quot;:&quot;&quot;,&quot;focal_length&quot;:&quot;0&quot;,&quot;iso&quot;:&quot;0&quot;,&quot;shutter_speed&quot;:&quot;0&quot;,&quot;title&quot;:&quot;&quot;,&quot;orientation&quot;:&quot;0&quot;}\" data-image-title=\"283547106_1700041930344411_4719595279694812612_n\" data-image-description=\"\" data-image-caption=\"\" data-large-file=\"http:\/\/mos.kamienna-gora.pl\/wp-content\/uploads\/2022\/05\/283547106_1700041930344411_4719595279694812612_n.jpg\" data-id=\"1911\" src=\"http:\/\/mos.kamienna-gora.pl\/wp-content\/uploads\/2022\/05\/283547106_1700041930344411_4719595279694812612_n.jpg\" alt=\"\" class=\"wp-image-1911\" srcset=\"http:\/\/mos.kamienna-gora.pl\/wp-content\/uploads\/2022\/05\/283547106_1700041930344411_4719595279694812612_n.jpg 960w, http:\/\/mos.kamienna-gora.pl\/wp-content\/uploads\/2022\/05\/283547106_1700041930344411_4719595279694812612_n-300x225.jpg 300w, http:\/\/mos.kamienna-gora.pl\/wp-content\/uploads\/2022\/05\/283547106_1700041930344411_4719595279694812612_n-768x576.jpg 768w, http:\/\/mos.kamienna-gora.pl\/wp-content\/uploads\/2022\/05\/283547106_1700041930344411_4719595279694812612_n-160x120.jpg 160w\" sizes=\"auto, (max-width: 960px) 100vw, 960px\" \/><\/figure>\n<\/figure>\n\n\n\n<figure class=\"wp-block-gallery has-nested-images columns-default is-cropped wp-block-gallery-4 is-layout-flex wp-block-gallery-is-layout-flex\">\n<figure class=\"wp-block-image size-large\"><img loading=\"lazy\" decoding=\"async\" width=\"960\" height=\"720\" data-attachment-id=\"1912\" data-permalink=\"http:\/\/mos.kamienna-gora.pl\/index.php\/2022\/05\/23\/final-powiatowy-w-plazowej-pilce-siatkowej-dziewczat-i-chlopcow-w-ramach-licealiady\/283557057_1700041400344464_7673998122703203494_n\/\" data-orig-file=\"http:\/\/mos.kamienna-gora.pl\/wp-content\/uploads\/2022\/05\/283557057_1700041400344464_7673998122703203494_n.jpg\" data-orig-size=\"960,720\" data-comments-opened=\"1\" data-image-meta=\"{&quot;aperture&quot;:&quot;0&quot;,&quot;credit&quot;:&quot;&quot;,&quot;camera&quot;:&quot;&quot;,&quot;caption&quot;:&quot;&quot;,&quot;created_timestamp&quot;:&quot;0&quot;,&quot;copyright&quot;:&quot;&quot;,&quot;focal_length&quot;:&quot;0&quot;,&quot;iso&quot;:&quot;0&quot;,&quot;shutter_speed&quot;:&quot;0&quot;,&quot;title&quot;:&quot;&quot;,&quot;orientation&quot;:&quot;0&quot;}\" data-image-title=\"283557057_1700041400344464_7673998122703203494_n\" data-image-description=\"\" data-image-caption=\"\" data-large-file=\"http:\/\/mos.kamienna-gora.pl\/wp-content\/uploads\/2022\/05\/283557057_1700041400344464_7673998122703203494_n.jpg\" data-id=\"1912\" src=\"http:\/\/mos.kamienna-gora.pl\/wp-content\/uploads\/2022\/05\/283557057_1700041400344464_7673998122703203494_n.jpg\" alt=\"\" class=\"wp-image-1912\" srcset=\"http:\/\/mos.kamienna-gora.pl\/wp-content\/uploads\/2022\/05\/283557057_1700041400344464_7673998122703203494_n.jpg 960w, http:\/\/mos.kamienna-gora.pl\/wp-content\/uploads\/2022\/05\/283557057_1700041400344464_7673998122703203494_n-300x225.jpg 300w, http:\/\/mos.kamienna-gora.pl\/wp-content\/uploads\/2022\/05\/283557057_1700041400344464_7673998122703203494_n-768x576.jpg 768w, http:\/\/mos.kamienna-gora.pl\/wp-content\/uploads\/2022\/05\/283557057_1700041400344464_7673998122703203494_n-160x120.jpg 160w\" sizes=\"auto, (max-width: 960px) 100vw, 960px\" \/><\/figure>\n<\/figure>\n","protected":false},"excerpt":{"rendered":"<p>Dnia 23 maja 2022 roku na boiskach do pi\u0142ki pla\u017cowej przy Kamiennog\u00f3rskim Zalewie odby\u0142 si\u0119 fina\u0142 powiatowy w pla\u017cowej pi\u0142ce&hellip;<\/p>\n","protected":false},"author":1,"featured_media":1911,"comment_status":"open","ping_status":"open","sticky":false,"template":"","format":"standard","meta":{"jetpack_post_was_ever_published":false,"_jetpack_newsletter_access":"","_jetpack_dont_email_post_to_subs":false,"_jetpack_newsletter_tier_id":0,"_jetpack_memberships_contains_paywalled_content":false,"_jetpack_memberships_contains_paid_content":false,"footnotes":""},"categories":[1,7],"tags":[],"class_list":["post-1908","post","type-post","status-publish","format-standard","has-post-thumbnail","hentry","category-wydarzenia","category-zawody-powiatowe"],"jetpack_featured_media_url":"http:\/\/mos.kamienna-gora.pl\/wp-content\/uploads\/2022\/05\/283547106_1700041930344411_4719595279694812612_n.jpg","jetpack_sharing_enabled":true,"jetpack_shortlink":"https:\/\/wp.me\/paEJ1v-uM","jetpack-related-posts":[],"_links":{"self":[{"href":"http:\/\/mos.kamienna-gora.pl\/index.php\/wp-json\/wp\/v2\/posts\/1908","targetHints":{"allow":["GET"]}}],"collection":[{"href":"http:\/\/mos.kamienna-gora.pl\/index.php\/wp-json\/wp\/v2\/posts"}],"about":[{"href":"http:\/\/mos.kamienna-gora.pl\/index.php\/wp-json\/wp\/v2\/types\/post"}],"author":[{"embeddable":true,"href":"http:\/\/mos.kamienna-gora.pl\/index.php\/wp-json\/wp\/v2\/users\/1"}],"replies":[{"embeddable":true,"href":"http:\/\/mos.kamienna-gora.pl\/index.php\/wp-json\/wp\/v2\/comments?post=1908"}],"version-history":[{"count":1,"href":"http:\/\/mos.kamienna-gora.pl\/index.php\/wp-json\/wp\/v2\/posts\/1908\/revisions"}],"predecessor-version":[{"id":1913,"href":"http:\/\/mos.kamienna-gora.pl\/index.php\/wp-json\/wp\/v2\/posts\/1908\/revisions\/1913"}],"wp:featuredmedia":[{"embeddable":true,"href":"http:\/\/mos.kamienna-gora.pl\/index.php\/wp-json\/wp\/v2\/media\/1911"}],"wp:attachment":[{"href":"http:\/\/mos.kamienna-gora.pl\/index.php\/wp-json\/wp\/v2\/media?parent=1908"}],"wp:term":[{"taxonomy":"category","embeddable":true,"href":"http:\/\/mos.kamienna-gora.pl\/index.php\/wp-json\/wp\/v2\/categories?post=1908"},{"taxonomy":"post_tag","embeddable":true,"href":"http:\/\/mos.kamienna-gora.pl\/index.php\/wp-json\/wp\/v2\/tags?post=1908"}],"curies":[{"name":"wp","href":"https:\/\/api.w.org\/{rel}","templated":true}]}}