{"id":2052,"date":"2022-10-18T13:01:57","date_gmt":"2022-10-18T11:01:57","guid":{"rendered":"http:\/\/mos.kamienna-gora.pl\/?p=2052"},"modified":"2022-10-18T13:01:57","modified_gmt":"2022-10-18T11:01:57","slug":"final-strefy-jeleniogorskiej-w-unihokeju-chlopcow-w-igrzyskach-dzieci","status":"publish","type":"post","link":"http:\/\/mos.kamienna-gora.pl\/index.php\/2022\/10\/18\/final-strefy-jeleniogorskiej-w-unihokeju-chlopcow-w-igrzyskach-dzieci\/","title":{"rendered":"Fina\u0142 Strefy Jeleniog\u00f3rskiej w unihokeju ch\u0142opc\u00f3w w Igrzyskach dzieci"},"content":{"rendered":"\n\n\n<p>Dnia 18 pa\u017adziernika 2022 r. \u00a0roku na Hali Sportowej w Lubawce odby\u0142 si\u0119 fina\u0142 Strefy Jeleniog\u00f3rskiej w unihokeju w ramach Igrzysk Dzieci w kategorii ch\u0142opc\u00f3w. Do rywalizacji przyst\u0105pi\u0142o 5 szk\u00f3\u0142. W turnieju gra\u0142 ka\u017cdy z ka\u017cdym a mecz trwa\u0142 2 x 5 min.<\/p>\n<p>W turnieju wzi\u0119\u0142y udzia\u0142 nast\u0119puj\u0105ce szko\u0142y:<\/p>\n<p>&#8211; SP Lubawka<\/p>\n<p>&#8211; SP Krzesz\u00f3w<\/p>\n<p>&#8211; SP Cogito z Oddzia\u0142ami Dwuj\u0119zycznymi Zgorzelec<\/p>\n<p>&#8211; SP Je\u017c\u00f3w Sudecki<\/p>\n<p>&#8211; SP Smolnik<\/p>\n<p>Wyniki poszczeg\u00f3lnych spotka\u0144:<\/p>\n<ol>\n<li>SP Lubawka \u2013 SP Zgorzelec\u00a0\u00a0\u00a0\u00a0\u00a0\u00a0\u00a0\u00a0\u00a0\u00a0\u00a0\u00a0 \u00a0\u00a0\u00a0\u00a0\u00a0\u00a0\u00a0\u00a0\u00a0\u00a0\u00a0 \u00a0\u00a0\u00a0\u00a0\u00a0\u00a0\u00a0\u00a0\u00a0\u00a0\u00a0 \u00a0\u00a0\u00a0\u00a0\u00a0\u00a0\u00a0\u00a0\u00a0\u00a0\u00a0 8:0<\/li>\n<li>SP Krzesz\u00f3w \u2013 SP Smolnik\u00a0\u00a0 \u00a0\u00a0\u00a0\u00a0\u00a0\u00a0\u00a0\u00a0\u00a0\u00a0\u00a0\u00a0\u00a0\u00a0\u00a0\u00a0\u00a0\u00a0\u00a0\u00a0\u00a0\u00a0\u00a0 \u00a0\u00a0\u00a0\u00a0\u00a0\u00a0\u00a0\u00a0\u00a0\u00a0\u00a0 \u00a0\u00a0\u00a0\u00a0\u00a0\u00a0\u00a0\u00a0\u00a0\u00a0\u00a0 3:0<\/li>\n<li>SP Je\u017c\u00f3w Sud. \u2013 SP Zgorzelec\u00a0\u00a0\u00a0\u00a0\u00a0\u00a0\u00a0\u00a0\u00a0\u00a0\u00a0\u00a0\u00a0\u00a0\u00a0\u00a0\u00a0\u00a0\u00a0\u00a0\u00a0 \u00a0\u00a0\u00a0\u00a0\u00a0\u00a0\u00a0\u00a0\u00a0\u00a0\u00a0 \u00a0\u00a0\u00a0\u00a0\u00a0\u00a0\u00a0\u00a0\u00a0\u00a0\u00a0 3:0<\/li>\n<li>SP Krzesz\u00f3w \u2013 SP Lubawka\u00a0\u00a0\u00a0\u00a0\u00a0\u00a0\u00a0\u00a0\u00a0\u00a0\u00a0\u00a0\u00a0\u00a0\u00a0\u00a0\u00a0\u00a0\u00a0\u00a0\u00a0\u00a0\u00a0\u00a0\u00a0\u00a0\u00a0\u00a0\u00a0\u00a0\u00a0\u00a0\u00a0\u00a0\u00a0\u00a0\u00a0\u00a0\u00a0\u00a0\u00a0\u00a0\u00a0\u00a0\u00a0\u00a0\u00a0 2:1<\/li>\n<li>SP Je\u017c\u00f3w Sud. \u2013 SP Smolnik\u00a0\u00a0\u00a0\u00a0\u00a0\u00a0\u00a0\u00a0\u00a0\u00a0\u00a0\u00a0\u00a0\u00a0\u00a0\u00a0\u00a0\u00a0\u00a0\u00a0\u00a0\u00a0\u00a0\u00a0\u00a0\u00a0\u00a0\u00a0\u00a0\u00a0\u00a0\u00a0\u00a0\u00a0\u00a0\u00a0\u00a0\u00a0\u00a0\u00a0\u00a0\u00a0\u00a0\u00a0\u00a0\u00a0\u00a0 2:0<\/li>\n<li>SP Krzesz\u00f3w \u2013 SP Zgorzelec\u00a0\u00a0\u00a0\u00a0\u00a0\u00a0\u00a0\u00a0\u00a0\u00a0\u00a0\u00a0\u00a0\u00a0\u00a0\u00a0\u00a0\u00a0\u00a0\u00a0\u00a0\u00a0\u00a0\u00a0\u00a0\u00a0\u00a0\u00a0\u00a0\u00a0\u00a0\u00a0\u00a0\u00a0\u00a0\u00a0\u00a0\u00a0\u00a0\u00a0\u00a0\u00a0\u00a0\u00a0\u00a0\u00a0\u00a0 5:0<\/li>\n<li>SP Lubawka \u2013 SP Je\u017c\u00f3w Sudecki\u00a0\u00a0\u00a0\u00a0\u00a0\u00a0\u00a0\u00a0\u00a0\u00a0\u00a0\u00a0\u00a0\u00a0\u00a0\u00a0\u00a0\u00a0\u00a0\u00a0\u00a0\u00a0\u00a0\u00a0\u00a0\u00a0\u00a0\u00a0\u00a0\u00a0\u00a0\u00a0\u00a0\u00a0\u00a0\u00a0\u00a0\u00a0\u00a0\u00a0 2:1<\/li>\n<li>SP Smolnik \u2013 SP Zgorzelec\u00a0\u00a0\u00a0\u00a0\u00a0\u00a0\u00a0\u00a0\u00a0\u00a0\u00a0\u00a0\u00a0\u00a0\u00a0\u00a0\u00a0\u00a0\u00a0\u00a0\u00a0\u00a0\u00a0\u00a0\u00a0\u00a0\u00a0\u00a0\u00a0\u00a0\u00a0\u00a0\u00a0\u00a0\u00a0\u00a0\u00a0\u00a0\u00a0\u00a0\u00a0\u00a0\u00a0\u00a0\u00a0\u00a0\u00a0\u00a0\u00a0 1:1<\/li>\n<li>SP Krzesz\u00f3w \u2013 SP Je\u017c\u00f3w Sud.\u00a0\u00a0\u00a0\u00a0\u00a0\u00a0\u00a0\u00a0\u00a0\u00a0\u00a0\u00a0\u00a0\u00a0\u00a0\u00a0\u00a0\u00a0\u00a0\u00a0\u00a0\u00a0\u00a0\u00a0\u00a0\u00a0\u00a0\u00a0\u00a0\u00a0\u00a0\u00a0\u00a0\u00a0\u00a0\u00a0\u00a0\u00a0\u00a0\u00a0\u00a0\u00a0\u00a0\u00a0 1:0<\/li>\n<li>SP Lubawka \u2013 SP Smolnik\u00a0\u00a0\u00a0\u00a0\u00a0\u00a0\u00a0\u00a0\u00a0\u00a0\u00a0\u00a0\u00a0\u00a0\u00a0\u00a0\u00a0\u00a0\u00a0\u00a0\u00a0\u00a0\u00a0\u00a0\u00a0\u00a0\u00a0\u00a0\u00a0\u00a0\u00a0\u00a0\u00a0\u00a0\u00a0\u00a0\u00a0\u00a0\u00a0\u00a0\u00a0\u00a0\u00a0\u00a0\u00a0\u00a0\u00a0\u00a0\u00a0\u00a0 2:0<\/li>\n<\/ol>\n<p>Kolejno\u015b\u0107 ko\u0144cowa:<\/p>\n<ol>\n<li><strong>Szko\u0142a Podstawowa Krzesz\u00f3w<\/strong><\/li>\n<li><strong>Szko\u0142a Podstawowa Lubawka<\/strong><\/li>\n<li>Szko\u0142a Podstawowa Je\u017c\u00f3w Sudecki<\/li>\n<li>Szko\u0142a Podstawowa Smolnik<\/li>\n<li>Szko\u0142a Podstawowa Cogito z Oddzia\u0142ami Dwuj\u0119zycznymi Zgorzelec<\/li>\n<\/ol>\n<p>Szko\u0142a Podstawowa z Krzeszowa oraz Lubawki uzyska\u0142a awans do fina\u0142u Dolno\u015bl\u0105skiego, kt\u00f3ry odb\u0119dzie si\u0119 w dniu 26.10.2022 w Pi\u0142awie Dolnej.<\/p>\n<p>Sk\u0142ad SP Krzesz\u00f3w:<\/p>\n<p>Baran Grzegorz, Dubiel Micha\u0142, Koszkul Tomasz, \u0141ojko Bartosz, \u0141ojko Eryk, Majewski Tobiasz, Niciejewski Franciszek,\u00a0 Olsza\u0144ski Karol, Pasiut Daniel, Pawlik Jakub, Rzeszutek Samir, opiekun \u2013 Pawe\u0142 Szwaja<\/p>\n<p>Sk\u0142ad SP Lubawka:<\/p>\n<p>Burczak Oliwier, Dumana Oliwier, Korku\u0107 Wiktor, Kostrubiec Bartosz, Krawiec Pawe\u0142, Kubryn Damian, Laskowski Szymon, Szajkowski Oliwier, opiekun \u2013 Waldemar Domitz<\/p>\n\n\n\n<figure class=\"wp-block-gallery has-nested-images columns-default is-cropped wp-block-gallery-1 is-layout-flex wp-block-gallery-is-layout-flex\">\n<figure class=\"wp-block-image size-large\"><img loading=\"lazy\" decoding=\"async\" width=\"2560\" height=\"1707\" data-attachment-id=\"2053\" data-permalink=\"http:\/\/mos.kamienna-gora.pl\/index.php\/2022\/10\/18\/final-strefy-jeleniogorskiej-w-unihokeju-chlopcow-w-igrzyskach-dzieci\/img_6256\/\" data-orig-file=\"http:\/\/mos.kamienna-gora.pl\/wp-content\/uploads\/2022\/10\/IMG_6256-scaled.jpg\" data-orig-size=\"2560,1707\" data-comments-opened=\"1\" data-image-meta=\"{&quot;aperture&quot;:&quot;4&quot;,&quot;credit&quot;:&quot;&quot;,&quot;camera&quot;:&quot;Canon EOS 4000D&quot;,&quot;caption&quot;:&quot;&quot;,&quot;created_timestamp&quot;:&quot;1666086787&quot;,&quot;copyright&quot;:&quot;&quot;,&quot;focal_length&quot;:&quot;25&quot;,&quot;iso&quot;:&quot;640&quot;,&quot;shutter_speed&quot;:&quot;0.0125&quot;,&quot;title&quot;:&quot;&quot;,&quot;orientation&quot;:&quot;1&quot;}\" data-image-title=\"IMG_6256\" data-image-description=\"\" data-image-caption=\"\" data-large-file=\"http:\/\/mos.kamienna-gora.pl\/wp-content\/uploads\/2022\/10\/IMG_6256-1024x683.jpg\" data-id=\"2053\" src=\"http:\/\/mos.kamienna-gora.pl\/wp-content\/uploads\/2022\/10\/IMG_6256-scaled.jpg\" alt=\"\" class=\"wp-image-2053\" srcset=\"http:\/\/mos.kamienna-gora.pl\/wp-content\/uploads\/2022\/10\/IMG_6256-scaled.jpg 2560w, http:\/\/mos.kamienna-gora.pl\/wp-content\/uploads\/2022\/10\/IMG_6256-300x200.jpg 300w, http:\/\/mos.kamienna-gora.pl\/wp-content\/uploads\/2022\/10\/IMG_6256-1024x683.jpg 1024w, http:\/\/mos.kamienna-gora.pl\/wp-content\/uploads\/2022\/10\/IMG_6256-768x512.jpg 768w, http:\/\/mos.kamienna-gora.pl\/wp-content\/uploads\/2022\/10\/IMG_6256-1536x1024.jpg 1536w, http:\/\/mos.kamienna-gora.pl\/wp-content\/uploads\/2022\/10\/IMG_6256-2048x1365.jpg 2048w\" sizes=\"auto, (max-width: 2560px) 100vw, 2560px\" \/><\/figure>\n<\/figure>\n\n\n\n<figure class=\"wp-block-gallery has-nested-images columns-default is-cropped wp-block-gallery-2 is-layout-flex wp-block-gallery-is-layout-flex\">\n<figure class=\"wp-block-image size-large\"><img loading=\"lazy\" decoding=\"async\" width=\"2560\" height=\"1707\" data-attachment-id=\"2054\" data-permalink=\"http:\/\/mos.kamienna-gora.pl\/index.php\/2022\/10\/18\/final-strefy-jeleniogorskiej-w-unihokeju-chlopcow-w-igrzyskach-dzieci\/img_6262\/\" data-orig-file=\"http:\/\/mos.kamienna-gora.pl\/wp-content\/uploads\/2022\/10\/IMG_6262-scaled.jpg\" data-orig-size=\"2560,1707\" data-comments-opened=\"1\" data-image-meta=\"{&quot;aperture&quot;:&quot;4.5&quot;,&quot;credit&quot;:&quot;&quot;,&quot;camera&quot;:&quot;Canon EOS 4000D&quot;,&quot;caption&quot;:&quot;&quot;,&quot;created_timestamp&quot;:&quot;1666088684&quot;,&quot;copyright&quot;:&quot;&quot;,&quot;focal_length&quot;:&quot;30&quot;,&quot;iso&quot;:&quot;250&quot;,&quot;shutter_speed&quot;:&quot;0.016666666666667&quot;,&quot;title&quot;:&quot;&quot;,&quot;orientation&quot;:&quot;1&quot;}\" data-image-title=\"IMG_6262\" data-image-description=\"\" data-image-caption=\"\" data-large-file=\"http:\/\/mos.kamienna-gora.pl\/wp-content\/uploads\/2022\/10\/IMG_6262-1024x683.jpg\" data-id=\"2054\" src=\"http:\/\/mos.kamienna-gora.pl\/wp-content\/uploads\/2022\/10\/IMG_6262-scaled.jpg\" alt=\"\" class=\"wp-image-2054\" srcset=\"http:\/\/mos.kamienna-gora.pl\/wp-content\/uploads\/2022\/10\/IMG_6262-scaled.jpg 2560w, http:\/\/mos.kamienna-gora.pl\/wp-content\/uploads\/2022\/10\/IMG_6262-300x200.jpg 300w, http:\/\/mos.kamienna-gora.pl\/wp-content\/uploads\/2022\/10\/IMG_6262-1024x683.jpg 1024w, http:\/\/mos.kamienna-gora.pl\/wp-content\/uploads\/2022\/10\/IMG_6262-768x512.jpg 768w, http:\/\/mos.kamienna-gora.pl\/wp-content\/uploads\/2022\/10\/IMG_6262-1536x1024.jpg 1536w, http:\/\/mos.kamienna-gora.pl\/wp-content\/uploads\/2022\/10\/IMG_6262-2048x1365.jpg 2048w\" sizes=\"auto, (max-width: 2560px) 100vw, 2560px\" \/><\/figure>\n<\/figure>\n\n\n\n<figure class=\"wp-block-gallery has-nested-images columns-default is-cropped wp-block-gallery-3 is-layout-flex wp-block-gallery-is-layout-flex\">\n<figure class=\"wp-block-image size-large\"><img loading=\"lazy\" decoding=\"async\" width=\"2560\" height=\"1707\" data-attachment-id=\"2055\" data-permalink=\"http:\/\/mos.kamienna-gora.pl\/index.php\/2022\/10\/18\/final-strefy-jeleniogorskiej-w-unihokeju-chlopcow-w-igrzyskach-dzieci\/img_6278\/\" data-orig-file=\"http:\/\/mos.kamienna-gora.pl\/wp-content\/uploads\/2022\/10\/IMG_6278-scaled.jpg\" data-orig-size=\"2560,1707\" data-comments-opened=\"1\" data-image-meta=\"{&quot;aperture&quot;:&quot;5.6&quot;,&quot;credit&quot;:&quot;&quot;,&quot;camera&quot;:&quot;Canon EOS 4000D&quot;,&quot;caption&quot;:&quot;&quot;,&quot;created_timestamp&quot;:&quot;1666090275&quot;,&quot;copyright&quot;:&quot;&quot;,&quot;focal_length&quot;:&quot;55&quot;,&quot;iso&quot;:&quot;3200&quot;,&quot;shutter_speed&quot;:&quot;0.003125&quot;,&quot;title&quot;:&quot;&quot;,&quot;orientation&quot;:&quot;1&quot;}\" data-image-title=\"IMG_6278\" data-image-description=\"\" data-image-caption=\"\" data-large-file=\"http:\/\/mos.kamienna-gora.pl\/wp-content\/uploads\/2022\/10\/IMG_6278-1024x683.jpg\" data-id=\"2055\" src=\"http:\/\/mos.kamienna-gora.pl\/wp-content\/uploads\/2022\/10\/IMG_6278-scaled.jpg\" alt=\"\" class=\"wp-image-2055\" srcset=\"http:\/\/mos.kamienna-gora.pl\/wp-content\/uploads\/2022\/10\/IMG_6278-scaled.jpg 2560w, http:\/\/mos.kamienna-gora.pl\/wp-content\/uploads\/2022\/10\/IMG_6278-300x200.jpg 300w, http:\/\/mos.kamienna-gora.pl\/wp-content\/uploads\/2022\/10\/IMG_6278-1024x683.jpg 1024w, http:\/\/mos.kamienna-gora.pl\/wp-content\/uploads\/2022\/10\/IMG_6278-768x512.jpg 768w, http:\/\/mos.kamienna-gora.pl\/wp-content\/uploads\/2022\/10\/IMG_6278-1536x1024.jpg 1536w, http:\/\/mos.kamienna-gora.pl\/wp-content\/uploads\/2022\/10\/IMG_6278-2048x1365.jpg 2048w\" sizes=\"auto, (max-width: 2560px) 100vw, 2560px\" \/><\/figure>\n<\/figure>\n\n\n\n<figure class=\"wp-block-gallery has-nested-images columns-default is-cropped wp-block-gallery-4 is-layout-flex wp-block-gallery-is-layout-flex\">\n<figure class=\"wp-block-image size-large\"><img loading=\"lazy\" decoding=\"async\" width=\"2560\" height=\"1707\" data-attachment-id=\"2056\" data-permalink=\"http:\/\/mos.kamienna-gora.pl\/index.php\/2022\/10\/18\/final-strefy-jeleniogorskiej-w-unihokeju-chlopcow-w-igrzyskach-dzieci\/img_6284\/\" data-orig-file=\"http:\/\/mos.kamienna-gora.pl\/wp-content\/uploads\/2022\/10\/IMG_6284-scaled.jpg\" data-orig-size=\"2560,1707\" data-comments-opened=\"1\" data-image-meta=\"{&quot;aperture&quot;:&quot;5&quot;,&quot;credit&quot;:&quot;&quot;,&quot;camera&quot;:&quot;Canon EOS 4000D&quot;,&quot;caption&quot;:&quot;&quot;,&quot;created_timestamp&quot;:&quot;1666091079&quot;,&quot;copyright&quot;:&quot;&quot;,&quot;focal_length&quot;:&quot;39&quot;,&quot;iso&quot;:&quot;3200&quot;,&quot;shutter_speed&quot;:&quot;0.002&quot;,&quot;title&quot;:&quot;&quot;,&quot;orientation&quot;:&quot;1&quot;}\" data-image-title=\"IMG_6284\" data-image-description=\"\" data-image-caption=\"\" data-large-file=\"http:\/\/mos.kamienna-gora.pl\/wp-content\/uploads\/2022\/10\/IMG_6284-1024x683.jpg\" data-id=\"2056\" src=\"http:\/\/mos.kamienna-gora.pl\/wp-content\/uploads\/2022\/10\/IMG_6284-scaled.jpg\" alt=\"\" class=\"wp-image-2056\" srcset=\"http:\/\/mos.kamienna-gora.pl\/wp-content\/uploads\/2022\/10\/IMG_6284-scaled.jpg 2560w, http:\/\/mos.kamienna-gora.pl\/wp-content\/uploads\/2022\/10\/IMG_6284-300x200.jpg 300w, http:\/\/mos.kamienna-gora.pl\/wp-content\/uploads\/2022\/10\/IMG_6284-1024x683.jpg 1024w, http:\/\/mos.kamienna-gora.pl\/wp-content\/uploads\/2022\/10\/IMG_6284-768x512.jpg 768w, http:\/\/mos.kamienna-gora.pl\/wp-content\/uploads\/2022\/10\/IMG_6284-1536x1024.jpg 1536w, http:\/\/mos.kamienna-gora.pl\/wp-content\/uploads\/2022\/10\/IMG_6284-2048x1365.jpg 2048w\" sizes=\"auto, (max-width: 2560px) 100vw, 2560px\" \/><\/figure>\n<\/figure>\n\n\n\n<figure class=\"wp-block-gallery has-nested-images columns-default is-cropped wp-block-gallery-5 is-layout-flex wp-block-gallery-is-layout-flex\">\n<figure class=\"wp-block-image size-large\"><img loading=\"lazy\" decoding=\"async\" width=\"2560\" height=\"1707\" data-attachment-id=\"2057\" data-permalink=\"http:\/\/mos.kamienna-gora.pl\/index.php\/2022\/10\/18\/final-strefy-jeleniogorskiej-w-unihokeju-chlopcow-w-igrzyskach-dzieci\/img_6340\/\" data-orig-file=\"http:\/\/mos.kamienna-gora.pl\/wp-content\/uploads\/2022\/10\/IMG_6340-scaled.jpg\" data-orig-size=\"2560,1707\" data-comments-opened=\"1\" data-image-meta=\"{&quot;aperture&quot;:&quot;4&quot;,&quot;credit&quot;:&quot;&quot;,&quot;camera&quot;:&quot;Canon EOS 4000D&quot;,&quot;caption&quot;:&quot;&quot;,&quot;created_timestamp&quot;:&quot;1666094811&quot;,&quot;copyright&quot;:&quot;&quot;,&quot;focal_length&quot;:&quot;25&quot;,&quot;iso&quot;:&quot;100&quot;,&quot;shutter_speed&quot;:&quot;0.016666666666667&quot;,&quot;title&quot;:&quot;&quot;,&quot;orientation&quot;:&quot;1&quot;}\" data-image-title=\"IMG_6340\" data-image-description=\"\" data-image-caption=\"\" data-large-file=\"http:\/\/mos.kamienna-gora.pl\/wp-content\/uploads\/2022\/10\/IMG_6340-1024x683.jpg\" data-id=\"2057\" src=\"http:\/\/mos.kamienna-gora.pl\/wp-content\/uploads\/2022\/10\/IMG_6340-scaled.jpg\" alt=\"\" class=\"wp-image-2057\" srcset=\"http:\/\/mos.kamienna-gora.pl\/wp-content\/uploads\/2022\/10\/IMG_6340-scaled.jpg 2560w, http:\/\/mos.kamienna-gora.pl\/wp-content\/uploads\/2022\/10\/IMG_6340-300x200.jpg 300w, http:\/\/mos.kamienna-gora.pl\/wp-content\/uploads\/2022\/10\/IMG_6340-1024x683.jpg 1024w, http:\/\/mos.kamienna-gora.pl\/wp-content\/uploads\/2022\/10\/IMG_6340-768x512.jpg 768w, http:\/\/mos.kamienna-gora.pl\/wp-content\/uploads\/2022\/10\/IMG_6340-1536x1024.jpg 1536w, http:\/\/mos.kamienna-gora.pl\/wp-content\/uploads\/2022\/10\/IMG_6340-2048x1365.jpg 2048w\" sizes=\"auto, (max-width: 2560px) 100vw, 2560px\" \/><\/figure>\n<\/figure>\n","protected":false},"excerpt":{"rendered":"<p>Dnia 18 pa\u017adziernika 2022 r. \u00a0roku na Hali Sportowej w Lubawce odby\u0142 si\u0119 fina\u0142 Strefy Jeleniog\u00f3rskiej w unihokeju w ramach&hellip;<\/p>\n","protected":false},"author":1,"featured_media":2053,"comment_status":"open","ping_status":"open","sticky":false,"template":"","format":"standard","meta":{"jetpack_post_was_ever_published":false,"_jetpack_newsletter_access":"","_jetpack_dont_email_post_to_subs":false,"_jetpack_newsletter_tier_id":0,"_jetpack_memberships_contains_paywalled_content":false,"_jetpack_memberships_contains_paid_content":false,"footnotes":""},"categories":[1,8],"tags":[],"class_list":["post-2052","post","type-post","status-publish","format-standard","has-post-thumbnail","hentry","category-wydarzenia","category-zawody-strefowe"],"jetpack_featured_media_url":"http:\/\/mos.kamienna-gora.pl\/wp-content\/uploads\/2022\/10\/IMG_6256-scaled.jpg","jetpack_sharing_enabled":true,"jetpack_shortlink":"https:\/\/wp.me\/paEJ1v-x6","jetpack-related-posts":[],"_links":{"self":[{"href":"http:\/\/mos.kamienna-gora.pl\/index.php\/wp-json\/wp\/v2\/posts\/2052","targetHints":{"allow":["GET"]}}],"collection":[{"href":"http:\/\/mos.kamienna-gora.pl\/index.php\/wp-json\/wp\/v2\/posts"}],"about":[{"href":"http:\/\/mos.kamienna-gora.pl\/index.php\/wp-json\/wp\/v2\/types\/post"}],"author":[{"embeddable":true,"href":"http:\/\/mos.kamienna-gora.pl\/index.php\/wp-json\/wp\/v2\/users\/1"}],"replies":[{"embeddable":true,"href":"http:\/\/mos.kamienna-gora.pl\/index.php\/wp-json\/wp\/v2\/comments?post=2052"}],"version-history":[{"count":1,"href":"http:\/\/mos.kamienna-gora.pl\/index.php\/wp-json\/wp\/v2\/posts\/2052\/revisions"}],"predecessor-version":[{"id":2058,"href":"http:\/\/mos.kamienna-gora.pl\/index.php\/wp-json\/wp\/v2\/posts\/2052\/revisions\/2058"}],"wp:featuredmedia":[{"embeddable":true,"href":"http:\/\/mos.kamienna-gora.pl\/index.php\/wp-json\/wp\/v2\/media\/2053"}],"wp:attachment":[{"href":"http:\/\/mos.kamienna-gora.pl\/index.php\/wp-json\/wp\/v2\/media?parent=2052"}],"wp:term":[{"taxonomy":"category","embeddable":true,"href":"http:\/\/mos.kamienna-gora.pl\/index.php\/wp-json\/wp\/v2\/categories?post=2052"},{"taxonomy":"post_tag","embeddable":true,"href":"http:\/\/mos.kamienna-gora.pl\/index.php\/wp-json\/wp\/v2\/tags?post=2052"}],"curies":[{"name":"wp","href":"https:\/\/api.w.org\/{rel}","templated":true}]}}