{"id":2181,"date":"2022-11-30T11:59:16","date_gmt":"2022-11-30T10:59:16","guid":{"rendered":"http:\/\/mos.kamienna-gora.pl\/?p=2181"},"modified":"2023-01-02T09:19:29","modified_gmt":"2023-01-02T08:19:29","slug":"final-powiatowy-w-szachach-druzynowych-w-igrzyskach-dzieci-oraz-szkolach-ponadpodstawowych","status":"publish","type":"post","link":"http:\/\/mos.kamienna-gora.pl\/index.php\/2022\/11\/30\/final-powiatowy-w-szachach-druzynowych-w-igrzyskach-dzieci-oraz-szkolach-ponadpodstawowych\/","title":{"rendered":"Fina\u0142 Powiatowy w szachach dru\u017cynowych w Igrzyskach Dzieci, oraz Szko\u0142ach Ponadpodstawowych"},"content":{"rendered":"\n<p>Dnia 30 listopada 2022 roku w Liceum Og\u00f3lnokszta\u0142c\u0105cym w Kamiennej G\u00f3rze odby\u0142y si\u0119 zawody w szachach dru\u017cynowych w ramach Igrzysk Dzieci, oraz Licealiady.<\/p>\n<p>W Igrzyskach dzieci wyst\u0105pi\u0142a Szko\u0142a Podstawowa z Krzeszowa, oraz Szko\u0142a Podstawowa z Pisarzowic. W szko\u0142ach Ponadpodstawowych wyst\u0105pi\u0142y 2 dru\u017cyny z Liceum Og\u00f3lnokszta\u0142c\u0105cego Kamienna G\u00f3ra, oraz jedna z Zespo\u0142u Szk\u00f3\u0142 Zawodowych i Og\u00f3lnokszta\u0142c\u0105cych Kamienna G\u00f3ra. W meczu zagra\u0142o 3 ch\u0142opc\u00f3w oraz jedna dziewczynka z danej szko\u0142y. W m\u0142odszej kategorii zagrano mecz i rewan\u017c, ze wzgl\u0119du na jedno spotkanie<\/p>\n<p><strong>Igrzyska Dzieci:<\/strong><\/p>\n<p>Wyniki IDZ:<\/p>\n<p><strong>SP Krzesz\u00f3w \u2013 SP Pisarzowice 6 \u2013 2<\/strong><\/p>\n<p><strong>Tabela:<\/strong><\/p>\n<ol>\n<li><strong>Szko\u0142a Podstawowa Krzesz\u00f3w<\/strong><\/li>\n<li><strong>Szko\u0142a Podstawowa Pisarzowice<\/strong><\/li>\n<\/ol>\n<p>Sk\u0142ady:<\/p>\n<p>SP Krzesz\u00f3w:<\/p>\n<p>Donkersslott David, Homoncik Micvha\u0142, Kusztal Nel, Pawlik Jakub, Pazgan Bartosz,<\/p>\n<p>opiekun \u2013 Marek Rzeszutek<\/p>\n<p>SP Pisarzowice:<\/p>\n<p>Ciszek Miko\u0142\u0105j, Grzeszczuk Alan, Klenowska Katarzyna, Trela Hubert, Zarzycki Ernest, opiekun \u2013 Sebastian Rudny<\/p>\n<p><strong>Licealiada:<\/strong><\/p>\n<p>Wyniki LO:<\/p>\n<p><strong>\u00a0\u00a0\u00a0\u00a0\u00a0 LO I \u2013 LO II\u00a0 4 \u2013 0<\/strong><\/p>\n<p><strong>\u00a0\u00a0\u00a0\u00a0\u00a0 LO I \u2013 ZSZ i O 3 -1<\/strong><\/p>\n<p><strong>\u00a0\u00a0\u00a0\u00a0\u00a0 ZSZ i O \u2013 LO II 3 \u2013 1<\/strong><\/p>\n<p><strong>Tabela:<\/strong><\/p>\n<ol>\n<li><strong>Liceum Og\u00f3lnokszta\u0142c\u0105ce Kamienna G\u00f3ra I dru\u017cyna<\/strong><\/li>\n<li><strong>Zesp\u00f3\u0142 Szk\u00f3\u0142 zawodowych i Og\u00f3lnokszta\u0142c\u0105cych Kamienna G\u00f3ra<\/strong><\/li>\n<li><strong>Liceum Og\u00f3lnokszta\u0142c\u0105ce Kamienna G\u00f3ra II dru\u017cyna<\/strong><\/li>\n<\/ol>\n<p>Sk\u0142ady:<\/p>\n<p>LO I dru\u017cyna:<\/p>\n<p>Pilecki Cezary, Romanov Maksym, Jaworecki Jakub, Wielosik Paulina, opiekun-\u00a0 Rafa\u0142 Por\u0119ba<\/p>\n<p>ZSZ i O:<\/p>\n<p>Bagniuk Kamil, Ferenc Pawe\u0142, Kie\u0142basa Marcelina, Pasiut Jakub, Tokarski Micha\u0142, Trojanowska Weronika , opiekun \u2013 Andrzej Podwika<\/p>\n<p>Lo II dru\u017cyna:<\/p>\n<p>Nowosad Dominik, Koszkul Janusz, Cincio Oliwier, Turek Alina, opiekun \u2013 Rafa\u0142 Por\u0119ba<\/p>\n<p>Zwyci\u0119zcy poszczeg\u00f3lnych kategorii b\u0119d\u0105 reprezentowa\u0142y nasz Powiat w zawodach Wojew\u00f3dzkich, kt\u00f3re odb\u0119d\u0105 si\u0119 w dniach 14.12.2022 w Lubinie<\/p>\n\n\n\n<figure class=\"wp-block-gallery has-nested-images columns-default is-cropped wp-block-gallery-1 is-layout-flex wp-block-gallery-is-layout-flex\">\n<figure class=\"wp-block-image size-large\"><img loading=\"lazy\" decoding=\"async\" width=\"1024\" height=\"683\" data-attachment-id=\"2182\" data-permalink=\"http:\/\/mos.kamienna-gora.pl\/index.php\/2022\/11\/30\/final-powiatowy-w-szachach-druzynowych-w-igrzyskach-dzieci-oraz-szkolach-ponadpodstawowych\/img_8187\/\" data-orig-file=\"http:\/\/mos.kamienna-gora.pl\/wp-content\/uploads\/2022\/11\/IMG_8187-scaled.jpg\" data-orig-size=\"2560,1707\" data-comments-opened=\"1\" data-image-meta=\"{&quot;aperture&quot;:&quot;3.5&quot;,&quot;credit&quot;:&quot;&quot;,&quot;camera&quot;:&quot;Canon EOS 4000D&quot;,&quot;caption&quot;:&quot;&quot;,&quot;created_timestamp&quot;:&quot;1669810601&quot;,&quot;copyright&quot;:&quot;&quot;,&quot;focal_length&quot;:&quot;18&quot;,&quot;iso&quot;:&quot;250&quot;,&quot;shutter_speed&quot;:&quot;0.0125&quot;,&quot;title&quot;:&quot;&quot;,&quot;orientation&quot;:&quot;1&quot;}\" data-image-title=\"IMG_8187\" data-image-description=\"\" data-image-caption=\"\" data-large-file=\"http:\/\/mos.kamienna-gora.pl\/wp-content\/uploads\/2022\/11\/IMG_8187-1024x683.jpg\" data-id=\"2182\" src=\"http:\/\/mos.kamienna-gora.pl\/wp-content\/uploads\/2022\/11\/IMG_8187-1024x683.jpg\" alt=\"\" class=\"wp-image-2182\" srcset=\"http:\/\/mos.kamienna-gora.pl\/wp-content\/uploads\/2022\/11\/IMG_8187-1024x683.jpg 1024w, http:\/\/mos.kamienna-gora.pl\/wp-content\/uploads\/2022\/11\/IMG_8187-300x200.jpg 300w, http:\/\/mos.kamienna-gora.pl\/wp-content\/uploads\/2022\/11\/IMG_8187-768x512.jpg 768w, http:\/\/mos.kamienna-gora.pl\/wp-content\/uploads\/2022\/11\/IMG_8187-1536x1024.jpg 1536w, http:\/\/mos.kamienna-gora.pl\/wp-content\/uploads\/2022\/11\/IMG_8187-2048x1365.jpg 2048w\" sizes=\"auto, (max-width: 1024px) 100vw, 1024px\" \/><\/figure>\n<\/figure>\n\n\n\n<figure class=\"wp-block-gallery has-nested-images columns-default is-cropped wp-block-gallery-2 is-layout-flex wp-block-gallery-is-layout-flex\">\n<figure class=\"wp-block-image size-large\"><img loading=\"lazy\" decoding=\"async\" width=\"1024\" height=\"683\" data-attachment-id=\"2183\" data-permalink=\"http:\/\/mos.kamienna-gora.pl\/index.php\/2022\/11\/30\/final-powiatowy-w-szachach-druzynowych-w-igrzyskach-dzieci-oraz-szkolach-ponadpodstawowych\/img_8185-2\/\" data-orig-file=\"http:\/\/mos.kamienna-gora.pl\/wp-content\/uploads\/2022\/11\/IMG_8185-scaled.jpg\" data-orig-size=\"2560,1707\" data-comments-opened=\"1\" data-image-meta=\"{&quot;aperture&quot;:&quot;3.5&quot;,&quot;credit&quot;:&quot;&quot;,&quot;camera&quot;:&quot;Canon EOS 4000D&quot;,&quot;caption&quot;:&quot;&quot;,&quot;created_timestamp&quot;:&quot;1669810536&quot;,&quot;copyright&quot;:&quot;&quot;,&quot;focal_length&quot;:&quot;18&quot;,&quot;iso&quot;:&quot;1250&quot;,&quot;shutter_speed&quot;:&quot;0.0125&quot;,&quot;title&quot;:&quot;&quot;,&quot;orientation&quot;:&quot;1&quot;}\" data-image-title=\"IMG_8185\" data-image-description=\"\" data-image-caption=\"\" data-large-file=\"http:\/\/mos.kamienna-gora.pl\/wp-content\/uploads\/2022\/11\/IMG_8185-1024x683.jpg\" data-id=\"2183\" src=\"http:\/\/mos.kamienna-gora.pl\/wp-content\/uploads\/2022\/11\/IMG_8185-1024x683.jpg\" alt=\"\" class=\"wp-image-2183\" srcset=\"http:\/\/mos.kamienna-gora.pl\/wp-content\/uploads\/2022\/11\/IMG_8185-1024x683.jpg 1024w, http:\/\/mos.kamienna-gora.pl\/wp-content\/uploads\/2022\/11\/IMG_8185-300x200.jpg 300w, http:\/\/mos.kamienna-gora.pl\/wp-content\/uploads\/2022\/11\/IMG_8185-768x512.jpg 768w, http:\/\/mos.kamienna-gora.pl\/wp-content\/uploads\/2022\/11\/IMG_8185-1536x1024.jpg 1536w, http:\/\/mos.kamienna-gora.pl\/wp-content\/uploads\/2022\/11\/IMG_8185-2048x1365.jpg 2048w\" sizes=\"auto, (max-width: 1024px) 100vw, 1024px\" \/><\/figure>\n<\/figure>\n\n\n\n<figure class=\"wp-block-gallery has-nested-images columns-default is-cropped wp-block-gallery-3 is-layout-flex wp-block-gallery-is-layout-flex\">\n<figure class=\"wp-block-image size-large\"><img loading=\"lazy\" decoding=\"async\" width=\"1024\" height=\"683\" data-attachment-id=\"2184\" data-permalink=\"http:\/\/mos.kamienna-gora.pl\/index.php\/2022\/11\/30\/final-powiatowy-w-szachach-druzynowych-w-igrzyskach-dzieci-oraz-szkolach-ponadpodstawowych\/img_8182\/\" data-orig-file=\"http:\/\/mos.kamienna-gora.pl\/wp-content\/uploads\/2022\/11\/IMG_8182-scaled.jpg\" data-orig-size=\"2560,1707\" data-comments-opened=\"1\" data-image-meta=\"{&quot;aperture&quot;:&quot;3.5&quot;,&quot;credit&quot;:&quot;&quot;,&quot;camera&quot;:&quot;Canon EOS 4000D&quot;,&quot;caption&quot;:&quot;&quot;,&quot;created_timestamp&quot;:&quot;1669810515&quot;,&quot;copyright&quot;:&quot;&quot;,&quot;focal_length&quot;:&quot;18&quot;,&quot;iso&quot;:&quot;1000&quot;,&quot;shutter_speed&quot;:&quot;0.0125&quot;,&quot;title&quot;:&quot;&quot;,&quot;orientation&quot;:&quot;1&quot;}\" data-image-title=\"IMG_8182\" data-image-description=\"\" data-image-caption=\"\" data-large-file=\"http:\/\/mos.kamienna-gora.pl\/wp-content\/uploads\/2022\/11\/IMG_8182-1024x683.jpg\" data-id=\"2184\" src=\"http:\/\/mos.kamienna-gora.pl\/wp-content\/uploads\/2022\/11\/IMG_8182-1024x683.jpg\" alt=\"\" class=\"wp-image-2184\" srcset=\"http:\/\/mos.kamienna-gora.pl\/wp-content\/uploads\/2022\/11\/IMG_8182-1024x683.jpg 1024w, http:\/\/mos.kamienna-gora.pl\/wp-content\/uploads\/2022\/11\/IMG_8182-300x200.jpg 300w, http:\/\/mos.kamienna-gora.pl\/wp-content\/uploads\/2022\/11\/IMG_8182-768x512.jpg 768w, http:\/\/mos.kamienna-gora.pl\/wp-content\/uploads\/2022\/11\/IMG_8182-1536x1024.jpg 1536w, http:\/\/mos.kamienna-gora.pl\/wp-content\/uploads\/2022\/11\/IMG_8182-2048x1365.jpg 2048w\" sizes=\"auto, (max-width: 1024px) 100vw, 1024px\" \/><\/figure>\n<\/figure>\n\n\n\n<figure class=\"wp-block-gallery has-nested-images columns-default is-cropped wp-block-gallery-4 is-layout-flex wp-block-gallery-is-layout-flex\">\n<figure class=\"wp-block-image size-large\"><img loading=\"lazy\" decoding=\"async\" width=\"1024\" height=\"683\" data-attachment-id=\"2185\" data-permalink=\"http:\/\/mos.kamienna-gora.pl\/index.php\/2022\/11\/30\/final-powiatowy-w-szachach-druzynowych-w-igrzyskach-dzieci-oraz-szkolach-ponadpodstawowych\/img_8165\/\" data-orig-file=\"http:\/\/mos.kamienna-gora.pl\/wp-content\/uploads\/2022\/11\/IMG_8165-scaled.jpg\" data-orig-size=\"2560,1707\" data-comments-opened=\"1\" data-image-meta=\"{&quot;aperture&quot;:&quot;4&quot;,&quot;credit&quot;:&quot;&quot;,&quot;camera&quot;:&quot;Canon EOS 4000D&quot;,&quot;caption&quot;:&quot;&quot;,&quot;created_timestamp&quot;:&quot;1669806928&quot;,&quot;copyright&quot;:&quot;&quot;,&quot;focal_length&quot;:&quot;28&quot;,&quot;iso&quot;:&quot;3200&quot;,&quot;shutter_speed&quot;:&quot;0.02&quot;,&quot;title&quot;:&quot;&quot;,&quot;orientation&quot;:&quot;1&quot;}\" data-image-title=\"IMG_8165\" data-image-description=\"\" data-image-caption=\"\" data-large-file=\"http:\/\/mos.kamienna-gora.pl\/wp-content\/uploads\/2022\/11\/IMG_8165-1024x683.jpg\" data-id=\"2185\" src=\"http:\/\/mos.kamienna-gora.pl\/wp-content\/uploads\/2022\/11\/IMG_8165-1024x683.jpg\" alt=\"\" class=\"wp-image-2185\" srcset=\"http:\/\/mos.kamienna-gora.pl\/wp-content\/uploads\/2022\/11\/IMG_8165-1024x683.jpg 1024w, http:\/\/mos.kamienna-gora.pl\/wp-content\/uploads\/2022\/11\/IMG_8165-300x200.jpg 300w, http:\/\/mos.kamienna-gora.pl\/wp-content\/uploads\/2022\/11\/IMG_8165-768x512.jpg 768w, http:\/\/mos.kamienna-gora.pl\/wp-content\/uploads\/2022\/11\/IMG_8165-1536x1024.jpg 1536w, http:\/\/mos.kamienna-gora.pl\/wp-content\/uploads\/2022\/11\/IMG_8165-2048x1365.jpg 2048w\" sizes=\"auto, (max-width: 1024px) 100vw, 1024px\" \/><\/figure>\n<\/figure>\n\n\n\n<figure class=\"wp-block-gallery has-nested-images columns-default is-cropped wp-block-gallery-5 is-layout-flex wp-block-gallery-is-layout-flex\">\n<figure class=\"wp-block-image size-large\"><img loading=\"lazy\" decoding=\"async\" width=\"1024\" height=\"683\" data-attachment-id=\"2186\" data-permalink=\"http:\/\/mos.kamienna-gora.pl\/index.php\/2022\/11\/30\/final-powiatowy-w-szachach-druzynowych-w-igrzyskach-dzieci-oraz-szkolach-ponadpodstawowych\/img_8153\/\" data-orig-file=\"http:\/\/mos.kamienna-gora.pl\/wp-content\/uploads\/2022\/11\/IMG_8153-scaled.jpg\" data-orig-size=\"2560,1707\" data-comments-opened=\"1\" data-image-meta=\"{&quot;aperture&quot;:&quot;3.5&quot;,&quot;credit&quot;:&quot;&quot;,&quot;camera&quot;:&quot;Canon EOS 4000D&quot;,&quot;caption&quot;:&quot;&quot;,&quot;created_timestamp&quot;:&quot;1669805806&quot;,&quot;copyright&quot;:&quot;&quot;,&quot;focal_length&quot;:&quot;23&quot;,&quot;iso&quot;:&quot;800&quot;,&quot;shutter_speed&quot;:&quot;0.016666666666667&quot;,&quot;title&quot;:&quot;&quot;,&quot;orientation&quot;:&quot;1&quot;}\" data-image-title=\"IMG_8153\" data-image-description=\"\" data-image-caption=\"\" data-large-file=\"http:\/\/mos.kamienna-gora.pl\/wp-content\/uploads\/2022\/11\/IMG_8153-1024x683.jpg\" data-id=\"2186\" src=\"http:\/\/mos.kamienna-gora.pl\/wp-content\/uploads\/2022\/11\/IMG_8153-1024x683.jpg\" alt=\"\" class=\"wp-image-2186\" srcset=\"http:\/\/mos.kamienna-gora.pl\/wp-content\/uploads\/2022\/11\/IMG_8153-1024x683.jpg 1024w, http:\/\/mos.kamienna-gora.pl\/wp-content\/uploads\/2022\/11\/IMG_8153-300x200.jpg 300w, http:\/\/mos.kamienna-gora.pl\/wp-content\/uploads\/2022\/11\/IMG_8153-768x512.jpg 768w, http:\/\/mos.kamienna-gora.pl\/wp-content\/uploads\/2022\/11\/IMG_8153-1536x1024.jpg 1536w, http:\/\/mos.kamienna-gora.pl\/wp-content\/uploads\/2022\/11\/IMG_8153-2048x1365.jpg 2048w\" sizes=\"auto, (max-width: 1024px) 100vw, 1024px\" \/><\/figure>\n<\/figure>\n\n\n\n<figure class=\"wp-block-gallery has-nested-images columns-default is-cropped wp-block-gallery-6 is-layout-flex wp-block-gallery-is-layout-flex\">\n<figure class=\"wp-block-image size-large\"><img loading=\"lazy\" decoding=\"async\" width=\"1024\" height=\"683\" data-attachment-id=\"2187\" data-permalink=\"http:\/\/mos.kamienna-gora.pl\/index.php\/2022\/11\/30\/final-powiatowy-w-szachach-druzynowych-w-igrzyskach-dzieci-oraz-szkolach-ponadpodstawowych\/img_8158\/\" data-orig-file=\"http:\/\/mos.kamienna-gora.pl\/wp-content\/uploads\/2022\/11\/IMG_8158-scaled.jpg\" data-orig-size=\"2560,1707\" data-comments-opened=\"1\" data-image-meta=\"{&quot;aperture&quot;:&quot;4.5&quot;,&quot;credit&quot;:&quot;&quot;,&quot;camera&quot;:&quot;Canon EOS 4000D&quot;,&quot;caption&quot;:&quot;&quot;,&quot;created_timestamp&quot;:&quot;1669806008&quot;,&quot;copyright&quot;:&quot;&quot;,&quot;focal_length&quot;:&quot;32&quot;,&quot;iso&quot;:&quot;1000&quot;,&quot;shutter_speed&quot;:&quot;0.016666666666667&quot;,&quot;title&quot;:&quot;&quot;,&quot;orientation&quot;:&quot;1&quot;}\" data-image-title=\"IMG_8158\" data-image-description=\"\" data-image-caption=\"\" data-large-file=\"http:\/\/mos.kamienna-gora.pl\/wp-content\/uploads\/2022\/11\/IMG_8158-1024x683.jpg\" data-id=\"2187\" src=\"http:\/\/mos.kamienna-gora.pl\/wp-content\/uploads\/2022\/11\/IMG_8158-1024x683.jpg\" alt=\"\" class=\"wp-image-2187\" srcset=\"http:\/\/mos.kamienna-gora.pl\/wp-content\/uploads\/2022\/11\/IMG_8158-1024x683.jpg 1024w, http:\/\/mos.kamienna-gora.pl\/wp-content\/uploads\/2022\/11\/IMG_8158-300x200.jpg 300w, http:\/\/mos.kamienna-gora.pl\/wp-content\/uploads\/2022\/11\/IMG_8158-768x512.jpg 768w, http:\/\/mos.kamienna-gora.pl\/wp-content\/uploads\/2022\/11\/IMG_8158-1536x1024.jpg 1536w, http:\/\/mos.kamienna-gora.pl\/wp-content\/uploads\/2022\/11\/IMG_8158-2048x1365.jpg 2048w\" sizes=\"auto, (max-width: 1024px) 100vw, 1024px\" \/><\/figure>\n<\/figure>\n\n\n\n<figure class=\"wp-block-gallery has-nested-images columns-default is-cropped wp-block-gallery-7 is-layout-flex wp-block-gallery-is-layout-flex\">\n<figure class=\"wp-block-image size-large\"><img loading=\"lazy\" decoding=\"async\" width=\"1024\" height=\"683\" data-attachment-id=\"2245\" data-permalink=\"http:\/\/mos.kamienna-gora.pl\/index.php\/2022\/11\/30\/final-powiatowy-w-szachach-druzynowych-w-igrzyskach-dzieci-oraz-szkolach-ponadpodstawowych\/img_8155\/\" data-orig-file=\"http:\/\/mos.kamienna-gora.pl\/wp-content\/uploads\/2023\/01\/IMG_8155-scaled.jpg\" data-orig-size=\"2560,1707\" data-comments-opened=\"1\" data-image-meta=\"{&quot;aperture&quot;:&quot;4.5&quot;,&quot;credit&quot;:&quot;&quot;,&quot;camera&quot;:&quot;Canon EOS 4000D&quot;,&quot;caption&quot;:&quot;&quot;,&quot;created_timestamp&quot;:&quot;1669805992&quot;,&quot;copyright&quot;:&quot;&quot;,&quot;focal_length&quot;:&quot;32&quot;,&quot;iso&quot;:&quot;400&quot;,&quot;shutter_speed&quot;:&quot;0.016666666666667&quot;,&quot;title&quot;:&quot;&quot;,&quot;orientation&quot;:&quot;1&quot;}\" data-image-title=\"IMG_8155\" data-image-description=\"\" data-image-caption=\"\" data-large-file=\"http:\/\/mos.kamienna-gora.pl\/wp-content\/uploads\/2023\/01\/IMG_8155-1024x683.jpg\" data-id=\"2245\" src=\"https:\/\/mos.kamienna-gora.pl\/wp-content\/uploads\/2023\/01\/IMG_8155-1024x683.jpg\" alt=\"\" class=\"wp-image-2245\" srcset=\"http:\/\/mos.kamienna-gora.pl\/wp-content\/uploads\/2023\/01\/IMG_8155-1024x683.jpg 1024w, http:\/\/mos.kamienna-gora.pl\/wp-content\/uploads\/2023\/01\/IMG_8155-300x200.jpg 300w, http:\/\/mos.kamienna-gora.pl\/wp-content\/uploads\/2023\/01\/IMG_8155-768x512.jpg 768w, http:\/\/mos.kamienna-gora.pl\/wp-content\/uploads\/2023\/01\/IMG_8155-1536x1024.jpg 1536w, http:\/\/mos.kamienna-gora.pl\/wp-content\/uploads\/2023\/01\/IMG_8155-2048x1365.jpg 2048w\" sizes=\"auto, (max-width: 1024px) 100vw, 1024px\" \/><\/figure>\n<\/figure>\n\n\n\n<figure class=\"wp-block-gallery has-nested-images columns-default is-cropped wp-block-gallery-8 is-layout-flex wp-block-gallery-is-layout-flex\">\n<figure class=\"wp-block-image size-large\"><img loading=\"lazy\" decoding=\"async\" width=\"1024\" height=\"683\" data-attachment-id=\"2247\" data-permalink=\"http:\/\/mos.kamienna-gora.pl\/index.php\/2022\/11\/30\/final-powiatowy-w-szachach-druzynowych-w-igrzyskach-dzieci-oraz-szkolach-ponadpodstawowych\/img_8161\/\" data-orig-file=\"http:\/\/mos.kamienna-gora.pl\/wp-content\/uploads\/2023\/01\/IMG_8161-scaled.jpg\" data-orig-size=\"2560,1707\" data-comments-opened=\"1\" data-image-meta=\"{&quot;aperture&quot;:&quot;4.5&quot;,&quot;credit&quot;:&quot;&quot;,&quot;camera&quot;:&quot;Canon EOS 4000D&quot;,&quot;caption&quot;:&quot;&quot;,&quot;created_timestamp&quot;:&quot;1669806026&quot;,&quot;copyright&quot;:&quot;&quot;,&quot;focal_length&quot;:&quot;32&quot;,&quot;iso&quot;:&quot;3200&quot;,&quot;shutter_speed&quot;:&quot;0.016666666666667&quot;,&quot;title&quot;:&quot;&quot;,&quot;orientation&quot;:&quot;1&quot;}\" data-image-title=\"IMG_8161\" data-image-description=\"\" data-image-caption=\"\" data-large-file=\"http:\/\/mos.kamienna-gora.pl\/wp-content\/uploads\/2023\/01\/IMG_8161-1024x683.jpg\" data-id=\"2247\" src=\"https:\/\/mos.kamienna-gora.pl\/wp-content\/uploads\/2023\/01\/IMG_8161-1024x683.jpg\" alt=\"\" class=\"wp-image-2247\" srcset=\"http:\/\/mos.kamienna-gora.pl\/wp-content\/uploads\/2023\/01\/IMG_8161-1024x683.jpg 1024w, http:\/\/mos.kamienna-gora.pl\/wp-content\/uploads\/2023\/01\/IMG_8161-300x200.jpg 300w, http:\/\/mos.kamienna-gora.pl\/wp-content\/uploads\/2023\/01\/IMG_8161-768x512.jpg 768w, http:\/\/mos.kamienna-gora.pl\/wp-content\/uploads\/2023\/01\/IMG_8161-1536x1024.jpg 1536w, http:\/\/mos.kamienna-gora.pl\/wp-content\/uploads\/2023\/01\/IMG_8161-2048x1365.jpg 2048w\" sizes=\"auto, (max-width: 1024px) 100vw, 1024px\" \/><\/figure>\n<\/figure>\n","protected":false},"excerpt":{"rendered":"<p>Dnia 30 listopada 2022 roku w Liceum Og\u00f3lnokszta\u0142c\u0105cym w Kamiennej G\u00f3rze odby\u0142y si\u0119 zawody w szachach dru\u017cynowych w ramach Igrzysk&hellip;<\/p>\n","protected":false},"author":1,"featured_media":2183,"comment_status":"open","ping_status":"open","sticky":false,"template":"","format":"standard","meta":{"jetpack_post_was_ever_published":false,"_jetpack_newsletter_access":"","_jetpack_dont_email_post_to_subs":false,"_jetpack_newsletter_tier_id":0,"_jetpack_memberships_contains_paywalled_content":false,"_jetpack_memberships_contains_paid_content":false,"footnotes":""},"categories":[1,7],"tags":[],"class_list":["post-2181","post","type-post","status-publish","format-standard","has-post-thumbnail","hentry","category-wydarzenia","category-zawody-powiatowe"],"jetpack_featured_media_url":"http:\/\/mos.kamienna-gora.pl\/wp-content\/uploads\/2022\/11\/IMG_8185-scaled.jpg","jetpack_sharing_enabled":true,"jetpack_shortlink":"https:\/\/wp.me\/paEJ1v-zb","jetpack-related-posts":[],"_links":{"self":[{"href":"http:\/\/mos.kamienna-gora.pl\/index.php\/wp-json\/wp\/v2\/posts\/2181","targetHints":{"allow":["GET"]}}],"collection":[{"href":"http:\/\/mos.kamienna-gora.pl\/index.php\/wp-json\/wp\/v2\/posts"}],"about":[{"href":"http:\/\/mos.kamienna-gora.pl\/index.php\/wp-json\/wp\/v2\/types\/post"}],"author":[{"embeddable":true,"href":"http:\/\/mos.kamienna-gora.pl\/index.php\/wp-json\/wp\/v2\/users\/1"}],"replies":[{"embeddable":true,"href":"http:\/\/mos.kamienna-gora.pl\/index.php\/wp-json\/wp\/v2\/comments?post=2181"}],"version-history":[{"count":3,"href":"http:\/\/mos.kamienna-gora.pl\/index.php\/wp-json\/wp\/v2\/posts\/2181\/revisions"}],"predecessor-version":[{"id":2248,"href":"http:\/\/mos.kamienna-gora.pl\/index.php\/wp-json\/wp\/v2\/posts\/2181\/revisions\/2248"}],"wp:featuredmedia":[{"embeddable":true,"href":"http:\/\/mos.kamienna-gora.pl\/index.php\/wp-json\/wp\/v2\/media\/2183"}],"wp:attachment":[{"href":"http:\/\/mos.kamienna-gora.pl\/index.php\/wp-json\/wp\/v2\/media?parent=2181"}],"wp:term":[{"taxonomy":"category","embeddable":true,"href":"http:\/\/mos.kamienna-gora.pl\/index.php\/wp-json\/wp\/v2\/categories?post=2181"},{"taxonomy":"post_tag","embeddable":true,"href":"http:\/\/mos.kamienna-gora.pl\/index.php\/wp-json\/wp\/v2\/tags?post=2181"}],"curies":[{"name":"wp","href":"https:\/\/api.w.org\/{rel}","templated":true}]}}