{"id":2304,"date":"2023-01-24T11:36:12","date_gmt":"2023-01-24T10:36:12","guid":{"rendered":"http:\/\/mos.kamienna-gora.pl\/?p=2304"},"modified":"2023-01-26T12:33:23","modified_gmt":"2023-01-26T11:33:23","slug":"final-powiatowy-w-pilce-siatkowe-dziewczat-w-igrzyskach-mlodziezy-szkolnej","status":"publish","type":"post","link":"http:\/\/mos.kamienna-gora.pl\/index.php\/2023\/01\/24\/final-powiatowy-w-pilce-siatkowe-dziewczat-w-igrzyskach-mlodziezy-szkolnej\/","title":{"rendered":"Fina\u0142 powiatowy w pi\u0142ce siatkowe dziewcz\u0105t w Igrzyskach M\u0142odzie\u017cy Szkolnej"},"content":{"rendered":"\n<p>Dnia 24 stycznia 2023 roku na Hali Sportowej przy Szkole Podstawowej nr 1 w Kamiennej G\u00f3rze odby\u0142 si\u0119 fina\u0142 powiatowy w pi\u0142ce siatkowej dziewcz\u0105t w ramach Igrzysk M\u0142odzie\u017cy Szkolnej.<\/p>\n<p>Do rywalizacji przyst\u0105pi\u0142y dwie szko\u0142y:<\/p>\n<p>&#8211; SP Krzesz\u00f3w<\/p>\n<p>&#8211; SP 1 Kamienna G\u00f3ra<\/p>\n<p>Turniej rozgrywany by\u0142 systemem ka\u017cdy z ka\u017cdym, do 3 set\u00f3w wygranych set\u00f3w, do 21 pkt.<\/p>\n<p>Wyniki poszczeg\u00f3lnych spotka\u0144:<\/p>\n<ol>\n<li>SP Krzesz\u00f3w \u00a0\u2013 SP 1 Kamienna G\u00f3ra\u00a0 \u00a0 0 : 3\u00a0 ( 12,11,19)<\/li>\n<\/ol>\n<p>Kolejno\u015b\u0107 ko\u0144cowa:<\/p>\n<ol>\n<li><strong>Szko\u0142a Podstawowa nr 1 Kamienna G\u00f3ra<\/strong><br \/>2. <strong>Szko\u0142a Podstawowa Krzesz\u00f3w<\/strong><br \/><br \/><\/li>\n<\/ol>\n<p><strong>Szko\u0142a Podstawowa nr 1 Kamienna G\u00f3ra oraz Szko\u0142a Podstawowa Krzesz\u00f3w uzyska\u0142y awans do p\u00f3\u0142fina\u0142u zawod\u00f3w Strefowych. Szko\u0142a Podstawowa nr 1 rozegra ten p\u00f3\u0142fina\u0142 w Kamiennej G\u00f3rze, natomiast Szko\u0142a Podstawowa z Krzeszowa w drugim p\u00f3\u0142finale zagra w Lubaniu. Zawody te zostan\u0105 rozegrane na pocz\u0105tku lutego bie\u017c\u0105cego roku.<\/strong><\/p>\n<p><strong>Sk\u0142ady:<\/strong><\/p>\n<p><strong>SP 1 KG:<\/strong><\/p>\n<p><strong>Andrzejewska Julia, Ba\u0107 Wiktoria, Belak Zuzanna, Gwo\u017adziewicz Zuzanna, Korotyniec Jagoda, Kulas Gabriela, Rybak \u2013 Janik Oliwia, Stasiak Zuzanna, Szmajdzi\u0144ska Iga, Zdzi\u0144ska Kamila, opiekun \u2013 S\u0142awomir Skotarczak<\/strong><\/p>\n<p>\u00a0<\/p>\n<p><strong>SP Krzesz\u00f3w:<\/strong><\/p>\n<p><strong>Dubiel Oliwia, Jakubowska Patrycja, Ko\u0142odziej Zofia, Migacz Maja, Mokrzycja Julia, Sierek Martyna, Sta\u015b Zuzanna, Wondo\u0142owska Maria, opiekun \u2013 Krystyna Piotrowska<\/strong><\/p>\n\n\n\n<figure class=\"wp-block-gallery has-nested-images columns-default is-cropped wp-block-gallery-1 is-layout-flex wp-block-gallery-is-layout-flex\">\n<figure class=\"wp-block-image size-large\"><img loading=\"lazy\" decoding=\"async\" width=\"1024\" height=\"683\" data-attachment-id=\"2305\" data-permalink=\"http:\/\/mos.kamienna-gora.pl\/index.php\/2023\/01\/24\/final-powiatowy-w-pilce-siatkowe-dziewczat-w-igrzyskach-mlodziezy-szkolnej\/img_9039\/\" data-orig-file=\"http:\/\/mos.kamienna-gora.pl\/wp-content\/uploads\/2023\/01\/IMG_9039-scaled.jpg\" data-orig-size=\"2560,1707\" data-comments-opened=\"1\" data-image-meta=\"{&quot;aperture&quot;:&quot;3.5&quot;,&quot;credit&quot;:&quot;&quot;,&quot;camera&quot;:&quot;Canon EOS 4000D&quot;,&quot;caption&quot;:&quot;&quot;,&quot;created_timestamp&quot;:&quot;1674560375&quot;,&quot;copyright&quot;:&quot;&quot;,&quot;focal_length&quot;:&quot;20&quot;,&quot;iso&quot;:&quot;320&quot;,&quot;shutter_speed&quot;:&quot;0.0125&quot;,&quot;title&quot;:&quot;&quot;,&quot;orientation&quot;:&quot;1&quot;}\" data-image-title=\"IMG_9039\" data-image-description=\"\" data-image-caption=\"\" data-large-file=\"http:\/\/mos.kamienna-gora.pl\/wp-content\/uploads\/2023\/01\/IMG_9039-1024x683.jpg\" data-id=\"2305\" src=\"http:\/\/mos.kamienna-gora.pl\/wp-content\/uploads\/2023\/01\/IMG_9039-1024x683.jpg\" alt=\"\" class=\"wp-image-2305\" srcset=\"http:\/\/mos.kamienna-gora.pl\/wp-content\/uploads\/2023\/01\/IMG_9039-1024x683.jpg 1024w, http:\/\/mos.kamienna-gora.pl\/wp-content\/uploads\/2023\/01\/IMG_9039-300x200.jpg 300w, http:\/\/mos.kamienna-gora.pl\/wp-content\/uploads\/2023\/01\/IMG_9039-768x512.jpg 768w, http:\/\/mos.kamienna-gora.pl\/wp-content\/uploads\/2023\/01\/IMG_9039-1536x1024.jpg 1536w, http:\/\/mos.kamienna-gora.pl\/wp-content\/uploads\/2023\/01\/IMG_9039-2048x1365.jpg 2048w\" sizes=\"auto, (max-width: 1024px) 100vw, 1024px\" \/><\/figure>\n<\/figure>\n\n\n\n<figure class=\"wp-block-gallery has-nested-images columns-default is-cropped wp-block-gallery-2 is-layout-flex wp-block-gallery-is-layout-flex\">\n<figure class=\"wp-block-image size-large\"><img loading=\"lazy\" decoding=\"async\" width=\"1024\" height=\"683\" data-attachment-id=\"2306\" data-permalink=\"http:\/\/mos.kamienna-gora.pl\/index.php\/2023\/01\/24\/final-powiatowy-w-pilce-siatkowe-dziewczat-w-igrzyskach-mlodziezy-szkolnej\/img_9037\/\" data-orig-file=\"http:\/\/mos.kamienna-gora.pl\/wp-content\/uploads\/2023\/01\/IMG_9037-scaled.jpg\" data-orig-size=\"2560,1707\" data-comments-opened=\"1\" data-image-meta=\"{&quot;aperture&quot;:&quot;3.5&quot;,&quot;credit&quot;:&quot;&quot;,&quot;camera&quot;:&quot;Canon EOS 4000D&quot;,&quot;caption&quot;:&quot;&quot;,&quot;created_timestamp&quot;:&quot;1674560327&quot;,&quot;copyright&quot;:&quot;&quot;,&quot;focal_length&quot;:&quot;18&quot;,&quot;iso&quot;:&quot;200&quot;,&quot;shutter_speed&quot;:&quot;0.016666666666667&quot;,&quot;title&quot;:&quot;&quot;,&quot;orientation&quot;:&quot;1&quot;}\" data-image-title=\"IMG_9037\" data-image-description=\"\" data-image-caption=\"\" data-large-file=\"http:\/\/mos.kamienna-gora.pl\/wp-content\/uploads\/2023\/01\/IMG_9037-1024x683.jpg\" data-id=\"2306\" src=\"http:\/\/mos.kamienna-gora.pl\/wp-content\/uploads\/2023\/01\/IMG_9037-1024x683.jpg\" alt=\"\" class=\"wp-image-2306\" srcset=\"http:\/\/mos.kamienna-gora.pl\/wp-content\/uploads\/2023\/01\/IMG_9037-1024x683.jpg 1024w, http:\/\/mos.kamienna-gora.pl\/wp-content\/uploads\/2023\/01\/IMG_9037-300x200.jpg 300w, http:\/\/mos.kamienna-gora.pl\/wp-content\/uploads\/2023\/01\/IMG_9037-768x512.jpg 768w, http:\/\/mos.kamienna-gora.pl\/wp-content\/uploads\/2023\/01\/IMG_9037-1536x1024.jpg 1536w, http:\/\/mos.kamienna-gora.pl\/wp-content\/uploads\/2023\/01\/IMG_9037-2048x1365.jpg 2048w\" sizes=\"auto, (max-width: 1024px) 100vw, 1024px\" \/><\/figure>\n<\/figure>\n\n\n\n<figure class=\"wp-block-gallery has-nested-images columns-default is-cropped wp-block-gallery-3 is-layout-flex wp-block-gallery-is-layout-flex\">\n<figure class=\"wp-block-image size-large\"><img loading=\"lazy\" decoding=\"async\" width=\"1024\" height=\"683\" data-attachment-id=\"2307\" data-permalink=\"http:\/\/mos.kamienna-gora.pl\/index.php\/2023\/01\/24\/final-powiatowy-w-pilce-siatkowe-dziewczat-w-igrzyskach-mlodziezy-szkolnej\/img_9017\/\" data-orig-file=\"http:\/\/mos.kamienna-gora.pl\/wp-content\/uploads\/2023\/01\/IMG_9017-scaled.jpg\" data-orig-size=\"2560,1707\" data-comments-opened=\"1\" data-image-meta=\"{&quot;aperture&quot;:&quot;3.5&quot;,&quot;credit&quot;:&quot;&quot;,&quot;camera&quot;:&quot;Canon EOS 4000D&quot;,&quot;caption&quot;:&quot;&quot;,&quot;created_timestamp&quot;:&quot;1674558454&quot;,&quot;copyright&quot;:&quot;&quot;,&quot;focal_length&quot;:&quot;18&quot;,&quot;iso&quot;:&quot;640&quot;,&quot;shutter_speed&quot;:&quot;0.003125&quot;,&quot;title&quot;:&quot;&quot;,&quot;orientation&quot;:&quot;1&quot;}\" data-image-title=\"IMG_9017\" data-image-description=\"\" data-image-caption=\"\" data-large-file=\"http:\/\/mos.kamienna-gora.pl\/wp-content\/uploads\/2023\/01\/IMG_9017-1024x683.jpg\" data-id=\"2307\" src=\"http:\/\/mos.kamienna-gora.pl\/wp-content\/uploads\/2023\/01\/IMG_9017-1024x683.jpg\" alt=\"\" class=\"wp-image-2307\" srcset=\"http:\/\/mos.kamienna-gora.pl\/wp-content\/uploads\/2023\/01\/IMG_9017-1024x683.jpg 1024w, http:\/\/mos.kamienna-gora.pl\/wp-content\/uploads\/2023\/01\/IMG_9017-300x200.jpg 300w, http:\/\/mos.kamienna-gora.pl\/wp-content\/uploads\/2023\/01\/IMG_9017-768x512.jpg 768w, http:\/\/mos.kamienna-gora.pl\/wp-content\/uploads\/2023\/01\/IMG_9017-1536x1024.jpg 1536w, http:\/\/mos.kamienna-gora.pl\/wp-content\/uploads\/2023\/01\/IMG_9017-2048x1365.jpg 2048w\" sizes=\"auto, (max-width: 1024px) 100vw, 1024px\" \/><\/figure>\n<\/figure>\n\n\n\n<figure class=\"wp-block-gallery has-nested-images columns-default is-cropped wp-block-gallery-4 is-layout-flex wp-block-gallery-is-layout-flex\">\n<figure class=\"wp-block-image size-large\"><img loading=\"lazy\" decoding=\"async\" width=\"1024\" height=\"683\" data-attachment-id=\"2308\" data-permalink=\"http:\/\/mos.kamienna-gora.pl\/index.php\/2023\/01\/24\/final-powiatowy-w-pilce-siatkowe-dziewczat-w-igrzyskach-mlodziezy-szkolnej\/img_9002\/\" data-orig-file=\"http:\/\/mos.kamienna-gora.pl\/wp-content\/uploads\/2023\/01\/IMG_9002-scaled.jpg\" data-orig-size=\"2560,1707\" data-comments-opened=\"1\" data-image-meta=\"{&quot;aperture&quot;:&quot;3.5&quot;,&quot;credit&quot;:&quot;&quot;,&quot;camera&quot;:&quot;Canon EOS 4000D&quot;,&quot;caption&quot;:&quot;&quot;,&quot;created_timestamp&quot;:&quot;1674557509&quot;,&quot;copyright&quot;:&quot;&quot;,&quot;focal_length&quot;:&quot;23&quot;,&quot;iso&quot;:&quot;250&quot;,&quot;shutter_speed&quot;:&quot;0.016666666666667&quot;,&quot;title&quot;:&quot;&quot;,&quot;orientation&quot;:&quot;1&quot;}\" data-image-title=\"IMG_9002\" data-image-description=\"\" data-image-caption=\"\" data-large-file=\"http:\/\/mos.kamienna-gora.pl\/wp-content\/uploads\/2023\/01\/IMG_9002-1024x683.jpg\" data-id=\"2308\" src=\"http:\/\/mos.kamienna-gora.pl\/wp-content\/uploads\/2023\/01\/IMG_9002-1024x683.jpg\" alt=\"\" class=\"wp-image-2308\" srcset=\"http:\/\/mos.kamienna-gora.pl\/wp-content\/uploads\/2023\/01\/IMG_9002-1024x683.jpg 1024w, http:\/\/mos.kamienna-gora.pl\/wp-content\/uploads\/2023\/01\/IMG_9002-300x200.jpg 300w, http:\/\/mos.kamienna-gora.pl\/wp-content\/uploads\/2023\/01\/IMG_9002-768x512.jpg 768w, http:\/\/mos.kamienna-gora.pl\/wp-content\/uploads\/2023\/01\/IMG_9002-1536x1024.jpg 1536w, http:\/\/mos.kamienna-gora.pl\/wp-content\/uploads\/2023\/01\/IMG_9002-2048x1365.jpg 2048w\" sizes=\"auto, (max-width: 1024px) 100vw, 1024px\" \/><\/figure>\n<\/figure>\n\n\n\n<figure class=\"wp-block-gallery has-nested-images columns-default is-cropped wp-block-gallery-5 is-layout-flex wp-block-gallery-is-layout-flex\">\n<figure class=\"wp-block-image size-large\"><img loading=\"lazy\" decoding=\"async\" width=\"1024\" height=\"683\" data-attachment-id=\"2309\" data-permalink=\"http:\/\/mos.kamienna-gora.pl\/index.php\/2023\/01\/24\/final-powiatowy-w-pilce-siatkowe-dziewczat-w-igrzyskach-mlodziezy-szkolnej\/img_8990\/\" data-orig-file=\"http:\/\/mos.kamienna-gora.pl\/wp-content\/uploads\/2023\/01\/IMG_8990-scaled.jpg\" data-orig-size=\"2560,1707\" data-comments-opened=\"1\" data-image-meta=\"{&quot;aperture&quot;:&quot;4&quot;,&quot;credit&quot;:&quot;&quot;,&quot;camera&quot;:&quot;Canon EOS 4000D&quot;,&quot;caption&quot;:&quot;&quot;,&quot;created_timestamp&quot;:&quot;1674557345&quot;,&quot;copyright&quot;:&quot;&quot;,&quot;focal_length&quot;:&quot;28&quot;,&quot;iso&quot;:&quot;400&quot;,&quot;shutter_speed&quot;:&quot;0.016666666666667&quot;,&quot;title&quot;:&quot;&quot;,&quot;orientation&quot;:&quot;1&quot;}\" data-image-title=\"IMG_8990\" data-image-description=\"\" data-image-caption=\"\" data-large-file=\"http:\/\/mos.kamienna-gora.pl\/wp-content\/uploads\/2023\/01\/IMG_8990-1024x683.jpg\" data-id=\"2309\" src=\"http:\/\/mos.kamienna-gora.pl\/wp-content\/uploads\/2023\/01\/IMG_8990-1024x683.jpg\" alt=\"\" class=\"wp-image-2309\" srcset=\"http:\/\/mos.kamienna-gora.pl\/wp-content\/uploads\/2023\/01\/IMG_8990-1024x683.jpg 1024w, http:\/\/mos.kamienna-gora.pl\/wp-content\/uploads\/2023\/01\/IMG_8990-300x200.jpg 300w, http:\/\/mos.kamienna-gora.pl\/wp-content\/uploads\/2023\/01\/IMG_8990-768x512.jpg 768w, http:\/\/mos.kamienna-gora.pl\/wp-content\/uploads\/2023\/01\/IMG_8990-1536x1024.jpg 1536w, http:\/\/mos.kamienna-gora.pl\/wp-content\/uploads\/2023\/01\/IMG_8990-2048x1365.jpg 2048w\" sizes=\"auto, (max-width: 1024px) 100vw, 1024px\" \/><\/figure>\n<\/figure>\n","protected":false},"excerpt":{"rendered":"<p>Dnia 24 stycznia 2023 roku na Hali Sportowej przy Szkole Podstawowej nr 1 w Kamiennej G\u00f3rze odby\u0142 si\u0119 fina\u0142 powiatowy&hellip;<\/p>\n","protected":false},"author":1,"featured_media":0,"comment_status":"open","ping_status":"open","sticky":false,"template":"","format":"standard","meta":{"jetpack_post_was_ever_published":false,"_jetpack_newsletter_access":"","_jetpack_dont_email_post_to_subs":false,"_jetpack_newsletter_tier_id":0,"_jetpack_memberships_contains_paywalled_content":false,"_jetpack_memberships_contains_paid_content":false,"footnotes":""},"categories":[1],"tags":[],"class_list":["post-2304","post","type-post","status-publish","format-standard","hentry","category-wydarzenia"],"jetpack_featured_media_url":"","jetpack_sharing_enabled":true,"jetpack_shortlink":"https:\/\/wp.me\/paEJ1v-Ba","jetpack-related-posts":[],"_links":{"self":[{"href":"http:\/\/mos.kamienna-gora.pl\/index.php\/wp-json\/wp\/v2\/posts\/2304","targetHints":{"allow":["GET"]}}],"collection":[{"href":"http:\/\/mos.kamienna-gora.pl\/index.php\/wp-json\/wp\/v2\/posts"}],"about":[{"href":"http:\/\/mos.kamienna-gora.pl\/index.php\/wp-json\/wp\/v2\/types\/post"}],"author":[{"embeddable":true,"href":"http:\/\/mos.kamienna-gora.pl\/index.php\/wp-json\/wp\/v2\/users\/1"}],"replies":[{"embeddable":true,"href":"http:\/\/mos.kamienna-gora.pl\/index.php\/wp-json\/wp\/v2\/comments?post=2304"}],"version-history":[{"count":2,"href":"http:\/\/mos.kamienna-gora.pl\/index.php\/wp-json\/wp\/v2\/posts\/2304\/revisions"}],"predecessor-version":[{"id":2321,"href":"http:\/\/mos.kamienna-gora.pl\/index.php\/wp-json\/wp\/v2\/posts\/2304\/revisions\/2321"}],"wp:attachment":[{"href":"http:\/\/mos.kamienna-gora.pl\/index.php\/wp-json\/wp\/v2\/media?parent=2304"}],"wp:term":[{"taxonomy":"category","embeddable":true,"href":"http:\/\/mos.kamienna-gora.pl\/index.php\/wp-json\/wp\/v2\/categories?post=2304"},{"taxonomy":"post_tag","embeddable":true,"href":"http:\/\/mos.kamienna-gora.pl\/index.php\/wp-json\/wp\/v2\/tags?post=2304"}],"curies":[{"name":"wp","href":"https:\/\/api.w.org\/{rel}","templated":true}]}}