{"id":2340,"date":"2023-01-31T12:14:49","date_gmt":"2023-01-31T11:14:49","guid":{"rendered":"http:\/\/mos.kamienna-gora.pl\/?p=2340"},"modified":"2023-01-31T12:14:49","modified_gmt":"2023-01-31T11:14:49","slug":"polfinal-strefy-jeleniogorskiej-w-pilce-koszykowej-chlopcow-szkol-ponadpodstawowych","status":"publish","type":"post","link":"http:\/\/mos.kamienna-gora.pl\/index.php\/2023\/01\/31\/polfinal-strefy-jeleniogorskiej-w-pilce-koszykowej-chlopcow-szkol-ponadpodstawowych\/","title":{"rendered":"P\u00f3\u0142fina\u0142 Strefy Jeleniog\u00f3rskiej w pi\u0142ce koszykowej ch\u0142opc\u00f3w szk\u00f3\u0142 ponadpodstawowych"},"content":{"rendered":"\n\n\n<p>Dnia 31 stycznia 2023 roku na Hali Sportowej przy Zespole Szk\u00f3\u0142 Zawodowych i Og\u00f3lnokszta\u0142c\u0105cych w Kamiennej G\u00f3rze odby\u0142 si\u0119 p\u00f3\u0142fina\u0142 Strefy Jeleniog\u00f3rskiej w pi\u0142ce koszykowej ch\u0142opc\u00f3w Szk\u00f3\u0142 Licealnych.<\/p>\n<p>W zawodach udzia\u0142 wzi\u0119\u0142y 2 szko\u0142y. Mecz rozgrywany by\u0142 systemem 4 kwarty po 7 minut.<\/p>\n<p>Ch\u0142opcy :<\/p>\n<p>ZSZ i O Kamienna G\u00f3ra \u2013 II LO \u00a0Jelenia G\u00f3ra\u00a0\u00a0\u00a0\u00a0\u00a0\u00a0\u00a0\u00a0\u00a0\u00a0\u00a0\u00a0\u00a0 16 \u2013 64 ( 4:19, 6:16, 4:11,2:19)\u00a0 \u00a0 \u00a0 \u00a0 \u00a0<\/p>\n<p>Kolejno\u015b\u0107 ko\u0144cowa:<\/p>\n<ol>\n<li>1<strong>. II Liceum Og\u00f3lnokszta\u0142c\u0105ce Jelenia G\u00f3ra<\/strong><\/li>\n<li><strong>Liceum Og\u00f3lnokszta\u0142c\u0105ce Kamienna G\u00f3ra<\/strong><br \/><br \/><\/li>\n<\/ol>\n<p><strong>Obie dru\u017cyny uzyska\u0142y<\/strong><strong> awans do fina\u0142u Strefy Jeleniog\u00f3rskiej, kt\u00f3re rozegrane zostan\u0105 6.02.2023 r. w Zgorzelcu.<\/strong><\/p>\n<p><strong>Sk\u0142ad LO Kamienna G\u00f3ra:<\/strong><\/p>\n<p><strong>Czarnecki Szymon, Czubaj Piotr, Czy\u0144ski Kacper, Czy\u0144ski Micha\u0142, Jankowski Konrad, Kwiatkowski Filip, Maziakowski Maciej, Sura Dawid, Szkaradek Fabian, opiekun \u2013 Krzysztof Pawlikowski<\/strong><\/p>\n\n\n\n<figure class=\"wp-block-gallery has-nested-images columns-default is-cropped wp-block-gallery-1 is-layout-flex wp-block-gallery-is-layout-flex\">\n<figure class=\"wp-block-image size-large\"><img loading=\"lazy\" decoding=\"async\" width=\"1024\" height=\"683\" data-attachment-id=\"2341\" data-permalink=\"http:\/\/mos.kamienna-gora.pl\/index.php\/2023\/01\/31\/polfinal-strefy-jeleniogorskiej-w-pilce-koszykowej-chlopcow-szkol-ponadpodstawowych\/img_9602\/\" data-orig-file=\"http:\/\/mos.kamienna-gora.pl\/wp-content\/uploads\/2023\/01\/IMG_9602-scaled.jpg\" data-orig-size=\"2560,1707\" data-comments-opened=\"1\" data-image-meta=\"{&quot;aperture&quot;:&quot;5.6&quot;,&quot;credit&quot;:&quot;&quot;,&quot;camera&quot;:&quot;Canon EOS 4000D&quot;,&quot;caption&quot;:&quot;&quot;,&quot;created_timestamp&quot;:&quot;1675166663&quot;,&quot;copyright&quot;:&quot;&quot;,&quot;focal_length&quot;:&quot;55&quot;,&quot;iso&quot;:&quot;3200&quot;,&quot;shutter_speed&quot;:&quot;0.00125&quot;,&quot;title&quot;:&quot;&quot;,&quot;orientation&quot;:&quot;1&quot;}\" data-image-title=\"IMG_9602\" data-image-description=\"\" data-image-caption=\"\" data-large-file=\"http:\/\/mos.kamienna-gora.pl\/wp-content\/uploads\/2023\/01\/IMG_9602-1024x683.jpg\" data-id=\"2341\" src=\"http:\/\/mos.kamienna-gora.pl\/wp-content\/uploads\/2023\/01\/IMG_9602-1024x683.jpg\" alt=\"\" class=\"wp-image-2341\" srcset=\"http:\/\/mos.kamienna-gora.pl\/wp-content\/uploads\/2023\/01\/IMG_9602-1024x683.jpg 1024w, http:\/\/mos.kamienna-gora.pl\/wp-content\/uploads\/2023\/01\/IMG_9602-300x200.jpg 300w, http:\/\/mos.kamienna-gora.pl\/wp-content\/uploads\/2023\/01\/IMG_9602-768x512.jpg 768w, http:\/\/mos.kamienna-gora.pl\/wp-content\/uploads\/2023\/01\/IMG_9602-1536x1024.jpg 1536w, http:\/\/mos.kamienna-gora.pl\/wp-content\/uploads\/2023\/01\/IMG_9602-2048x1365.jpg 2048w\" sizes=\"auto, (max-width: 1024px) 100vw, 1024px\" \/><\/figure>\n<\/figure>\n\n\n\n<figure class=\"wp-block-gallery has-nested-images columns-default is-cropped wp-block-gallery-2 is-layout-flex wp-block-gallery-is-layout-flex\">\n<figure class=\"wp-block-image size-large\"><img loading=\"lazy\" decoding=\"async\" width=\"1024\" height=\"683\" data-attachment-id=\"2342\" data-permalink=\"http:\/\/mos.kamienna-gora.pl\/index.php\/2023\/01\/31\/polfinal-strefy-jeleniogorskiej-w-pilce-koszykowej-chlopcow-szkol-ponadpodstawowych\/img_9587\/\" data-orig-file=\"http:\/\/mos.kamienna-gora.pl\/wp-content\/uploads\/2023\/01\/IMG_9587-scaled.jpg\" data-orig-size=\"2560,1707\" data-comments-opened=\"1\" data-image-meta=\"{&quot;aperture&quot;:&quot;5.6&quot;,&quot;credit&quot;:&quot;&quot;,&quot;camera&quot;:&quot;Canon EOS 4000D&quot;,&quot;caption&quot;:&quot;&quot;,&quot;created_timestamp&quot;:&quot;1675165908&quot;,&quot;copyright&quot;:&quot;&quot;,&quot;focal_length&quot;:&quot;55&quot;,&quot;iso&quot;:&quot;3200&quot;,&quot;shutter_speed&quot;:&quot;0.004&quot;,&quot;title&quot;:&quot;&quot;,&quot;orientation&quot;:&quot;1&quot;}\" data-image-title=\"IMG_9587\" data-image-description=\"\" data-image-caption=\"\" data-large-file=\"http:\/\/mos.kamienna-gora.pl\/wp-content\/uploads\/2023\/01\/IMG_9587-1024x683.jpg\" data-id=\"2342\" src=\"http:\/\/mos.kamienna-gora.pl\/wp-content\/uploads\/2023\/01\/IMG_9587-1024x683.jpg\" alt=\"\" class=\"wp-image-2342\" srcset=\"http:\/\/mos.kamienna-gora.pl\/wp-content\/uploads\/2023\/01\/IMG_9587-1024x683.jpg 1024w, http:\/\/mos.kamienna-gora.pl\/wp-content\/uploads\/2023\/01\/IMG_9587-300x200.jpg 300w, http:\/\/mos.kamienna-gora.pl\/wp-content\/uploads\/2023\/01\/IMG_9587-768x512.jpg 768w, http:\/\/mos.kamienna-gora.pl\/wp-content\/uploads\/2023\/01\/IMG_9587-1536x1024.jpg 1536w, http:\/\/mos.kamienna-gora.pl\/wp-content\/uploads\/2023\/01\/IMG_9587-2048x1365.jpg 2048w\" sizes=\"auto, (max-width: 1024px) 100vw, 1024px\" \/><\/figure>\n<\/figure>\n\n\n\n<figure class=\"wp-block-gallery has-nested-images columns-default is-cropped wp-block-gallery-3 is-layout-flex wp-block-gallery-is-layout-flex\">\n<figure class=\"wp-block-image size-large\"><img loading=\"lazy\" decoding=\"async\" width=\"1024\" height=\"683\" data-attachment-id=\"2343\" data-permalink=\"http:\/\/mos.kamienna-gora.pl\/index.php\/2023\/01\/31\/polfinal-strefy-jeleniogorskiej-w-pilce-koszykowej-chlopcow-szkol-ponadpodstawowych\/img_9523-1\/\" data-orig-file=\"http:\/\/mos.kamienna-gora.pl\/wp-content\/uploads\/2023\/01\/IMG_9523-1-scaled.jpg\" data-orig-size=\"2560,1707\" data-comments-opened=\"1\" data-image-meta=\"{&quot;aperture&quot;:&quot;5&quot;,&quot;credit&quot;:&quot;&quot;,&quot;camera&quot;:&quot;Canon EOS 4000D&quot;,&quot;caption&quot;:&quot;&quot;,&quot;created_timestamp&quot;:&quot;1675163218&quot;,&quot;copyright&quot;:&quot;&quot;,&quot;focal_length&quot;:&quot;36&quot;,&quot;iso&quot;:&quot;3200&quot;,&quot;shutter_speed&quot;:&quot;0.016666666666667&quot;,&quot;title&quot;:&quot;&quot;,&quot;orientation&quot;:&quot;1&quot;}\" data-image-title=\"IMG_9523 (1)\" data-image-description=\"\" data-image-caption=\"\" data-large-file=\"http:\/\/mos.kamienna-gora.pl\/wp-content\/uploads\/2023\/01\/IMG_9523-1-1024x683.jpg\" data-id=\"2343\" src=\"http:\/\/mos.kamienna-gora.pl\/wp-content\/uploads\/2023\/01\/IMG_9523-1-1024x683.jpg\" alt=\"\" class=\"wp-image-2343\" srcset=\"http:\/\/mos.kamienna-gora.pl\/wp-content\/uploads\/2023\/01\/IMG_9523-1-1024x683.jpg 1024w, http:\/\/mos.kamienna-gora.pl\/wp-content\/uploads\/2023\/01\/IMG_9523-1-300x200.jpg 300w, http:\/\/mos.kamienna-gora.pl\/wp-content\/uploads\/2023\/01\/IMG_9523-1-768x512.jpg 768w, http:\/\/mos.kamienna-gora.pl\/wp-content\/uploads\/2023\/01\/IMG_9523-1-1536x1024.jpg 1536w, http:\/\/mos.kamienna-gora.pl\/wp-content\/uploads\/2023\/01\/IMG_9523-1-2048x1365.jpg 2048w\" sizes=\"auto, (max-width: 1024px) 100vw, 1024px\" \/><\/figure>\n<\/figure>\n\n\n\n<figure class=\"wp-block-gallery has-nested-images columns-default is-cropped wp-block-gallery-4 is-layout-flex wp-block-gallery-is-layout-flex\">\n<figure class=\"wp-block-image size-large\"><img loading=\"lazy\" decoding=\"async\" width=\"1024\" height=\"683\" data-attachment-id=\"2344\" data-permalink=\"http:\/\/mos.kamienna-gora.pl\/index.php\/2023\/01\/31\/polfinal-strefy-jeleniogorskiej-w-pilce-koszykowej-chlopcow-szkol-ponadpodstawowych\/img_9521\/\" data-orig-file=\"http:\/\/mos.kamienna-gora.pl\/wp-content\/uploads\/2023\/01\/IMG_9521-scaled.jpg\" data-orig-size=\"2560,1707\" data-comments-opened=\"1\" data-image-meta=\"{&quot;aperture&quot;:&quot;3.5&quot;,&quot;credit&quot;:&quot;&quot;,&quot;camera&quot;:&quot;Canon EOS 4000D&quot;,&quot;caption&quot;:&quot;&quot;,&quot;created_timestamp&quot;:&quot;1675163171&quot;,&quot;copyright&quot;:&quot;&quot;,&quot;focal_length&quot;:&quot;18&quot;,&quot;iso&quot;:&quot;500&quot;,&quot;shutter_speed&quot;:&quot;0.016666666666667&quot;,&quot;title&quot;:&quot;&quot;,&quot;orientation&quot;:&quot;1&quot;}\" data-image-title=\"IMG_9521\" data-image-description=\"\" data-image-caption=\"\" data-large-file=\"http:\/\/mos.kamienna-gora.pl\/wp-content\/uploads\/2023\/01\/IMG_9521-1024x683.jpg\" data-id=\"2344\" src=\"http:\/\/mos.kamienna-gora.pl\/wp-content\/uploads\/2023\/01\/IMG_9521-1024x683.jpg\" alt=\"\" class=\"wp-image-2344\" srcset=\"http:\/\/mos.kamienna-gora.pl\/wp-content\/uploads\/2023\/01\/IMG_9521-1024x683.jpg 1024w, http:\/\/mos.kamienna-gora.pl\/wp-content\/uploads\/2023\/01\/IMG_9521-300x200.jpg 300w, http:\/\/mos.kamienna-gora.pl\/wp-content\/uploads\/2023\/01\/IMG_9521-768x512.jpg 768w, http:\/\/mos.kamienna-gora.pl\/wp-content\/uploads\/2023\/01\/IMG_9521-1536x1024.jpg 1536w, http:\/\/mos.kamienna-gora.pl\/wp-content\/uploads\/2023\/01\/IMG_9521-2048x1365.jpg 2048w\" sizes=\"auto, (max-width: 1024px) 100vw, 1024px\" \/><\/figure>\n<\/figure>\n\n\n\n<figure class=\"wp-block-gallery has-nested-images columns-default is-cropped wp-block-gallery-5 is-layout-flex wp-block-gallery-is-layout-flex\">\n<figure class=\"wp-block-image size-large\"><img loading=\"lazy\" decoding=\"async\" width=\"1024\" height=\"683\" data-attachment-id=\"2345\" data-permalink=\"http:\/\/mos.kamienna-gora.pl\/index.php\/2023\/01\/31\/polfinal-strefy-jeleniogorskiej-w-pilce-koszykowej-chlopcow-szkol-ponadpodstawowych\/img_9519\/\" data-orig-file=\"http:\/\/mos.kamienna-gora.pl\/wp-content\/uploads\/2023\/01\/IMG_9519-scaled.jpg\" data-orig-size=\"2560,1707\" data-comments-opened=\"1\" data-image-meta=\"{&quot;aperture&quot;:&quot;3.5&quot;,&quot;credit&quot;:&quot;&quot;,&quot;camera&quot;:&quot;Canon EOS 4000D&quot;,&quot;caption&quot;:&quot;&quot;,&quot;created_timestamp&quot;:&quot;1675163155&quot;,&quot;copyright&quot;:&quot;&quot;,&quot;focal_length&quot;:&quot;23&quot;,&quot;iso&quot;:&quot;500&quot;,&quot;shutter_speed&quot;:&quot;0.016666666666667&quot;,&quot;title&quot;:&quot;&quot;,&quot;orientation&quot;:&quot;1&quot;}\" data-image-title=\"IMG_9519\" data-image-description=\"\" data-image-caption=\"\" data-large-file=\"http:\/\/mos.kamienna-gora.pl\/wp-content\/uploads\/2023\/01\/IMG_9519-1024x683.jpg\" data-id=\"2345\" src=\"http:\/\/mos.kamienna-gora.pl\/wp-content\/uploads\/2023\/01\/IMG_9519-1024x683.jpg\" alt=\"\" class=\"wp-image-2345\" srcset=\"http:\/\/mos.kamienna-gora.pl\/wp-content\/uploads\/2023\/01\/IMG_9519-1024x683.jpg 1024w, http:\/\/mos.kamienna-gora.pl\/wp-content\/uploads\/2023\/01\/IMG_9519-300x200.jpg 300w, http:\/\/mos.kamienna-gora.pl\/wp-content\/uploads\/2023\/01\/IMG_9519-768x512.jpg 768w, http:\/\/mos.kamienna-gora.pl\/wp-content\/uploads\/2023\/01\/IMG_9519-1536x1024.jpg 1536w, http:\/\/mos.kamienna-gora.pl\/wp-content\/uploads\/2023\/01\/IMG_9519-2048x1365.jpg 2048w\" sizes=\"auto, (max-width: 1024px) 100vw, 1024px\" \/><\/figure>\n<\/figure>\n","protected":false},"excerpt":{"rendered":"<p>Dnia 31 stycznia 2023 roku na Hali Sportowej przy Zespole Szk\u00f3\u0142 Zawodowych i Og\u00f3lnokszta\u0142c\u0105cych w Kamiennej G\u00f3rze odby\u0142 si\u0119 p\u00f3\u0142fina\u0142&hellip;<\/p>\n","protected":false},"author":1,"featured_media":2343,"comment_status":"open","ping_status":"open","sticky":false,"template":"","format":"standard","meta":{"jetpack_post_was_ever_published":false,"_jetpack_newsletter_access":"","_jetpack_dont_email_post_to_subs":false,"_jetpack_newsletter_tier_id":0,"_jetpack_memberships_contains_paywalled_content":false,"_jetpack_memberships_contains_paid_content":false,"footnotes":""},"categories":[1,8],"tags":[],"class_list":["post-2340","post","type-post","status-publish","format-standard","has-post-thumbnail","hentry","category-wydarzenia","category-zawody-strefowe"],"jetpack_featured_media_url":"http:\/\/mos.kamienna-gora.pl\/wp-content\/uploads\/2023\/01\/IMG_9523-1-scaled.jpg","jetpack_sharing_enabled":true,"jetpack_shortlink":"https:\/\/wp.me\/paEJ1v-BK","jetpack-related-posts":[],"_links":{"self":[{"href":"http:\/\/mos.kamienna-gora.pl\/index.php\/wp-json\/wp\/v2\/posts\/2340","targetHints":{"allow":["GET"]}}],"collection":[{"href":"http:\/\/mos.kamienna-gora.pl\/index.php\/wp-json\/wp\/v2\/posts"}],"about":[{"href":"http:\/\/mos.kamienna-gora.pl\/index.php\/wp-json\/wp\/v2\/types\/post"}],"author":[{"embeddable":true,"href":"http:\/\/mos.kamienna-gora.pl\/index.php\/wp-json\/wp\/v2\/users\/1"}],"replies":[{"embeddable":true,"href":"http:\/\/mos.kamienna-gora.pl\/index.php\/wp-json\/wp\/v2\/comments?post=2340"}],"version-history":[{"count":1,"href":"http:\/\/mos.kamienna-gora.pl\/index.php\/wp-json\/wp\/v2\/posts\/2340\/revisions"}],"predecessor-version":[{"id":2346,"href":"http:\/\/mos.kamienna-gora.pl\/index.php\/wp-json\/wp\/v2\/posts\/2340\/revisions\/2346"}],"wp:featuredmedia":[{"embeddable":true,"href":"http:\/\/mos.kamienna-gora.pl\/index.php\/wp-json\/wp\/v2\/media\/2343"}],"wp:attachment":[{"href":"http:\/\/mos.kamienna-gora.pl\/index.php\/wp-json\/wp\/v2\/media?parent=2340"}],"wp:term":[{"taxonomy":"category","embeddable":true,"href":"http:\/\/mos.kamienna-gora.pl\/index.php\/wp-json\/wp\/v2\/categories?post=2340"},{"taxonomy":"post_tag","embeddable":true,"href":"http:\/\/mos.kamienna-gora.pl\/index.php\/wp-json\/wp\/v2\/tags?post=2340"}],"curies":[{"name":"wp","href":"https:\/\/api.w.org\/{rel}","templated":true}]}}