{"id":2512,"date":"2023-03-29T13:12:56","date_gmt":"2023-03-29T11:12:56","guid":{"rendered":"http:\/\/mos.kamienna-gora.pl\/?p=2512"},"modified":"2023-03-29T13:12:56","modified_gmt":"2023-03-29T11:12:56","slug":"final-strefy-jeleniogorskiej-w-minisiatkowce-chlopcow-w-kategorii-4-w-igrzyskach-dzieci","status":"publish","type":"post","link":"http:\/\/mos.kamienna-gora.pl\/index.php\/2023\/03\/29\/final-strefy-jeleniogorskiej-w-minisiatkowce-chlopcow-w-kategorii-4-w-igrzyskach-dzieci\/","title":{"rendered":"Fina\u0142 Strefy Jeleniog\u00f3rskiej w minisiatk\u00f3wce ch\u0142opc\u00f3w w kategorii ,,4&#8243; w Igrzyskach Dzieci"},"content":{"rendered":"\n<p>Mi\u0119dzyszkolny O\u015brodek Sportowy zorganizowa\u0142 dnia 29 marca 2023 roku na Hali Sportowej przy Szkole Podstawowej nr 2 w Kamiennej G\u00f3rze odby\u0142 si\u0119 fina\u0142 strefy jeleniog\u00f3rskiej w mini pi\u0142ce siatkowej w kategorii ,,4\u2019\u2019 ch\u0142opc\u00f3w w ramach Igrzysk Dzieci. Mecze rozgrywane by\u0142y jednocze\u015bnie na dw\u00f3ch boiskach. Szko\u0142a Podstawowa nr z Kamiennej G\u00f3ry, jedyny reprezentant naszego Powiatu zostali wicemistrzem Strefy Jeleniog\u00f3rskiej.<\/p>\n<p>Do rywalizacji przyst\u0105pi\u0142o 5 szk\u00f3\u0142.<\/p>\n<p>&#8211; Szko\u0142a Podstawowa nr 1 Kamienna G\u00f3ra<\/p>\n<p>&#8211; Szko\u0142a Podstawowa nr 1 Gryf\u00f3w \u015al\u0105ski<\/p>\n<p>&#8211; Szko\u0142a Podstawowa Karpacz<\/p>\n<p>&#8211; Szko\u0142a Podstawowa nr 1 Pie\u0144sk<\/p>\n<p>&#8211; Zesp\u00f3\u0142 Szkolno \u2013 Przedszkolny Iwiny<\/p>\n<p>Turniej rozgrywany by\u0142 systemem ka\u017cdy z ka\u017cdym, do 2 set\u00f3w wygranych set\u00f3w, do 21 pkt.<\/p>\n<p>Wyniki poszczeg\u00f3lnych spotka\u0144:<\/p>\n<ol>\n<li>SP 1 Kamienna G\u00f3ra \u2013 SP 1 Gryf\u00f3w \u015al.\u00a0 2 : 0<\/li>\n<li>SP Karpacz \u2013 SP 1 Pie\u0144sk\u00a0 \u00a0 \u00a0 2 : 1<\/li>\n<li>SP 1 Kamienna G\u00f3ra \u2013 SP Iwiny\u00a0 \u00a0 \u00a02 : 0<\/li>\n<li>SP 1 Gryf\u00f3w \u015al. \u2013 SP Karpacz\u00a0 \u00a00 : 2<\/li>\n<li>SP 1 Kam. G\u00f3ra \u2013 SP 1 Pie\u0144sk\u00a0 \u00a02 : 0<\/li>\n<li>SP Iwiny \u2013 SP 1 Pie\u0144sk 2 : 0<\/li>\n<li>SP Iwiny \u2013 SP 1 Karpacz\u00a0 1 : 2<\/li>\n<li>SP 1 Kamienna G\u00f3ra \u2013 SP 1 Karpacz 1 : 2<\/li>\n<li>SP Iwiny \u2013 SP 1 Gryf\u00f3w \u015al.\u00a0 2 : 1<\/li>\n<li>SP 1 Pie\u0144sk \u2013 SP 1 Gryf\u00f3w \u015al. 2 : 1<\/li>\n<\/ol>\n<p>Kolejno\u015b\u0107 ko\u0144cowa:<\/p>\n<ol>\n<li><strong>Szko\u0142a Podstawowa <\/strong><strong>Karpacz<\/strong><\/li>\n<li>Szko\u0142a Podstawowa nr 1 Kamienna G\u00f3ra<br \/>3. Zesp\u00f3\u0142 Szkolno \u2013 Przedszkolny w Iwinach<\/li>\n<li>Szko\u0142\u0105 Podstawowa nr 1 w Pie\u0144sku<\/li>\n<li>Szko\u0142a Podstawowa nr 1 w Gryfowie \u015al\u0105skim<\/li>\n<\/ol>\n<p><strong>Szko\u0142a Podstawowa z Karpacza uzyska\u0142a awans do Fina\u0142u Wojew\u00f3dzkiego, kt\u00f3ry odb\u0119dzie si\u0119 w \u015awidnicy.<\/strong><\/p>\n<p>Sk\u0142ad ch\u0142opc\u00f3w:<\/p>\n<p>SP 1:<\/p>\n<p>Bie\u0144kowski Olaf, Gucwa, Maciej Falkowski Ignacy, Filipiak Kacper, Kaczmarczyk Tomasz, Murawski Filip, Olszak \u0141ukasz, Piech Antoni, Pietrzykowski Marcel, Skoczylas Igor, Skotarczak Jakub, opiekun \u2013 S\u0142awomir Skotarczak<\/p>\n\n\n\n<figure class=\"wp-block-gallery has-nested-images columns-default is-cropped wp-block-gallery-1 is-layout-flex wp-block-gallery-is-layout-flex\">\n<figure class=\"wp-block-image size-large\"><img loading=\"lazy\" decoding=\"async\" width=\"1024\" height=\"683\" data-attachment-id=\"2513\" data-permalink=\"http:\/\/mos.kamienna-gora.pl\/index.php\/2023\/03\/29\/final-strefy-jeleniogorskiej-w-minisiatkowce-chlopcow-w-kategorii-4-w-igrzyskach-dzieci\/img_1490\/\" data-orig-file=\"http:\/\/mos.kamienna-gora.pl\/wp-content\/uploads\/2023\/03\/IMG_1490-scaled.jpg\" data-orig-size=\"2560,1707\" data-comments-opened=\"1\" data-image-meta=\"{&quot;aperture&quot;:&quot;3.5&quot;,&quot;credit&quot;:&quot;&quot;,&quot;camera&quot;:&quot;Canon EOS 4000D&quot;,&quot;caption&quot;:&quot;&quot;,&quot;created_timestamp&quot;:&quot;1680081845&quot;,&quot;copyright&quot;:&quot;&quot;,&quot;focal_length&quot;:&quot;21&quot;,&quot;iso&quot;:&quot;100&quot;,&quot;shutter_speed&quot;:&quot;0.016666666666667&quot;,&quot;title&quot;:&quot;&quot;,&quot;orientation&quot;:&quot;1&quot;}\" data-image-title=\"IMG_1490\" data-image-description=\"\" data-image-caption=\"\" data-large-file=\"http:\/\/mos.kamienna-gora.pl\/wp-content\/uploads\/2023\/03\/IMG_1490-1024x683.jpg\" data-id=\"2513\" src=\"http:\/\/mos.kamienna-gora.pl\/wp-content\/uploads\/2023\/03\/IMG_1490-1024x683.jpg\" alt=\"\" class=\"wp-image-2513\" srcset=\"http:\/\/mos.kamienna-gora.pl\/wp-content\/uploads\/2023\/03\/IMG_1490-1024x683.jpg 1024w, http:\/\/mos.kamienna-gora.pl\/wp-content\/uploads\/2023\/03\/IMG_1490-300x200.jpg 300w, http:\/\/mos.kamienna-gora.pl\/wp-content\/uploads\/2023\/03\/IMG_1490-768x512.jpg 768w, http:\/\/mos.kamienna-gora.pl\/wp-content\/uploads\/2023\/03\/IMG_1490-1536x1024.jpg 1536w, http:\/\/mos.kamienna-gora.pl\/wp-content\/uploads\/2023\/03\/IMG_1490-2048x1365.jpg 2048w\" sizes=\"auto, (max-width: 1024px) 100vw, 1024px\" \/><\/figure>\n<\/figure>\n\n\n\n<figure class=\"wp-block-gallery has-nested-images columns-default is-cropped wp-block-gallery-2 is-layout-flex wp-block-gallery-is-layout-flex\">\n<figure class=\"wp-block-image size-large\"><img loading=\"lazy\" decoding=\"async\" width=\"1024\" height=\"683\" data-attachment-id=\"2514\" data-permalink=\"http:\/\/mos.kamienna-gora.pl\/index.php\/2023\/03\/29\/final-strefy-jeleniogorskiej-w-minisiatkowce-chlopcow-w-kategorii-4-w-igrzyskach-dzieci\/img_1492\/\" data-orig-file=\"http:\/\/mos.kamienna-gora.pl\/wp-content\/uploads\/2023\/03\/IMG_1492-scaled.jpg\" data-orig-size=\"2560,1707\" data-comments-opened=\"1\" data-image-meta=\"{&quot;aperture&quot;:&quot;5&quot;,&quot;credit&quot;:&quot;&quot;,&quot;camera&quot;:&quot;Canon EOS 4000D&quot;,&quot;caption&quot;:&quot;&quot;,&quot;created_timestamp&quot;:&quot;1680081854&quot;,&quot;copyright&quot;:&quot;&quot;,&quot;focal_length&quot;:&quot;36&quot;,&quot;iso&quot;:&quot;200&quot;,&quot;shutter_speed&quot;:&quot;0.016666666666667&quot;,&quot;title&quot;:&quot;&quot;,&quot;orientation&quot;:&quot;1&quot;}\" data-image-title=\"IMG_1492\" data-image-description=\"\" data-image-caption=\"\" data-large-file=\"http:\/\/mos.kamienna-gora.pl\/wp-content\/uploads\/2023\/03\/IMG_1492-1024x683.jpg\" data-id=\"2514\" src=\"http:\/\/mos.kamienna-gora.pl\/wp-content\/uploads\/2023\/03\/IMG_1492-1024x683.jpg\" alt=\"\" class=\"wp-image-2514\" srcset=\"http:\/\/mos.kamienna-gora.pl\/wp-content\/uploads\/2023\/03\/IMG_1492-1024x683.jpg 1024w, http:\/\/mos.kamienna-gora.pl\/wp-content\/uploads\/2023\/03\/IMG_1492-300x200.jpg 300w, http:\/\/mos.kamienna-gora.pl\/wp-content\/uploads\/2023\/03\/IMG_1492-768x512.jpg 768w, http:\/\/mos.kamienna-gora.pl\/wp-content\/uploads\/2023\/03\/IMG_1492-1536x1024.jpg 1536w, http:\/\/mos.kamienna-gora.pl\/wp-content\/uploads\/2023\/03\/IMG_1492-2048x1365.jpg 2048w\" sizes=\"auto, (max-width: 1024px) 100vw, 1024px\" \/><\/figure>\n<\/figure>\n\n\n\n<figure class=\"wp-block-gallery has-nested-images columns-default is-cropped wp-block-gallery-3 is-layout-flex wp-block-gallery-is-layout-flex\">\n<figure class=\"wp-block-image size-large\"><img loading=\"lazy\" decoding=\"async\" width=\"1024\" height=\"683\" data-attachment-id=\"2515\" data-permalink=\"http:\/\/mos.kamienna-gora.pl\/index.php\/2023\/03\/29\/final-strefy-jeleniogorskiej-w-minisiatkowce-chlopcow-w-kategorii-4-w-igrzyskach-dzieci\/img_1496\/\" data-orig-file=\"http:\/\/mos.kamienna-gora.pl\/wp-content\/uploads\/2023\/03\/IMG_1496-scaled.jpg\" data-orig-size=\"2560,1707\" data-comments-opened=\"1\" data-image-meta=\"{&quot;aperture&quot;:&quot;3.5&quot;,&quot;credit&quot;:&quot;&quot;,&quot;camera&quot;:&quot;Canon EOS 4000D&quot;,&quot;caption&quot;:&quot;&quot;,&quot;created_timestamp&quot;:&quot;1680081991&quot;,&quot;copyright&quot;:&quot;&quot;,&quot;focal_length&quot;:&quot;21&quot;,&quot;iso&quot;:&quot;100&quot;,&quot;shutter_speed&quot;:&quot;0.0125&quot;,&quot;title&quot;:&quot;&quot;,&quot;orientation&quot;:&quot;1&quot;}\" data-image-title=\"IMG_1496\" data-image-description=\"\" data-image-caption=\"\" data-large-file=\"http:\/\/mos.kamienna-gora.pl\/wp-content\/uploads\/2023\/03\/IMG_1496-1024x683.jpg\" data-id=\"2515\" src=\"http:\/\/mos.kamienna-gora.pl\/wp-content\/uploads\/2023\/03\/IMG_1496-1024x683.jpg\" alt=\"\" class=\"wp-image-2515\" srcset=\"http:\/\/mos.kamienna-gora.pl\/wp-content\/uploads\/2023\/03\/IMG_1496-1024x683.jpg 1024w, http:\/\/mos.kamienna-gora.pl\/wp-content\/uploads\/2023\/03\/IMG_1496-300x200.jpg 300w, http:\/\/mos.kamienna-gora.pl\/wp-content\/uploads\/2023\/03\/IMG_1496-768x512.jpg 768w, http:\/\/mos.kamienna-gora.pl\/wp-content\/uploads\/2023\/03\/IMG_1496-1536x1024.jpg 1536w, http:\/\/mos.kamienna-gora.pl\/wp-content\/uploads\/2023\/03\/IMG_1496-2048x1365.jpg 2048w\" sizes=\"auto, (max-width: 1024px) 100vw, 1024px\" \/><\/figure>\n<\/figure>\n\n\n\n<figure class=\"wp-block-gallery has-nested-images columns-default is-cropped wp-block-gallery-4 is-layout-flex wp-block-gallery-is-layout-flex\">\n<figure class=\"wp-block-image size-large\"><img loading=\"lazy\" decoding=\"async\" width=\"1024\" height=\"683\" data-attachment-id=\"2516\" data-permalink=\"http:\/\/mos.kamienna-gora.pl\/index.php\/2023\/03\/29\/final-strefy-jeleniogorskiej-w-minisiatkowce-chlopcow-w-kategorii-4-w-igrzyskach-dzieci\/img_1520\/\" data-orig-file=\"http:\/\/mos.kamienna-gora.pl\/wp-content\/uploads\/2023\/03\/IMG_1520-scaled.jpg\" data-orig-size=\"2560,1707\" data-comments-opened=\"1\" data-image-meta=\"{&quot;aperture&quot;:&quot;4&quot;,&quot;credit&quot;:&quot;&quot;,&quot;camera&quot;:&quot;Canon EOS 4000D&quot;,&quot;caption&quot;:&quot;&quot;,&quot;created_timestamp&quot;:&quot;1680092123&quot;,&quot;copyright&quot;:&quot;&quot;,&quot;focal_length&quot;:&quot;27&quot;,&quot;iso&quot;:&quot;125&quot;,&quot;shutter_speed&quot;:&quot;0.0125&quot;,&quot;title&quot;:&quot;&quot;,&quot;orientation&quot;:&quot;1&quot;}\" data-image-title=\"IMG_1520\" data-image-description=\"\" data-image-caption=\"\" data-large-file=\"http:\/\/mos.kamienna-gora.pl\/wp-content\/uploads\/2023\/03\/IMG_1520-1024x683.jpg\" data-id=\"2516\" src=\"http:\/\/mos.kamienna-gora.pl\/wp-content\/uploads\/2023\/03\/IMG_1520-1024x683.jpg\" alt=\"\" class=\"wp-image-2516\" srcset=\"http:\/\/mos.kamienna-gora.pl\/wp-content\/uploads\/2023\/03\/IMG_1520-1024x683.jpg 1024w, http:\/\/mos.kamienna-gora.pl\/wp-content\/uploads\/2023\/03\/IMG_1520-300x200.jpg 300w, http:\/\/mos.kamienna-gora.pl\/wp-content\/uploads\/2023\/03\/IMG_1520-768x512.jpg 768w, http:\/\/mos.kamienna-gora.pl\/wp-content\/uploads\/2023\/03\/IMG_1520-1536x1024.jpg 1536w, http:\/\/mos.kamienna-gora.pl\/wp-content\/uploads\/2023\/03\/IMG_1520-2048x1365.jpg 2048w\" sizes=\"auto, (max-width: 1024px) 100vw, 1024px\" \/><\/figure>\n<\/figure>\n\n\n\n<figure class=\"wp-block-gallery has-nested-images columns-default is-cropped wp-block-gallery-5 is-layout-flex wp-block-gallery-is-layout-flex\">\n<figure class=\"wp-block-image size-large\"><img loading=\"lazy\" decoding=\"async\" width=\"1024\" height=\"683\" data-attachment-id=\"2517\" data-permalink=\"http:\/\/mos.kamienna-gora.pl\/index.php\/2023\/03\/29\/final-strefy-jeleniogorskiej-w-minisiatkowce-chlopcow-w-kategorii-4-w-igrzyskach-dzieci\/img_1521\/\" data-orig-file=\"http:\/\/mos.kamienna-gora.pl\/wp-content\/uploads\/2023\/03\/IMG_1521-scaled.jpg\" data-orig-size=\"2560,1707\" data-comments-opened=\"1\" data-image-meta=\"{&quot;aperture&quot;:&quot;3.5&quot;,&quot;credit&quot;:&quot;&quot;,&quot;camera&quot;:&quot;Canon EOS 4000D&quot;,&quot;caption&quot;:&quot;&quot;,&quot;created_timestamp&quot;:&quot;1680092180&quot;,&quot;copyright&quot;:&quot;&quot;,&quot;focal_length&quot;:&quot;18&quot;,&quot;iso&quot;:&quot;100&quot;,&quot;shutter_speed&quot;:&quot;0.016666666666667&quot;,&quot;title&quot;:&quot;&quot;,&quot;orientation&quot;:&quot;1&quot;}\" data-image-title=\"IMG_1521\" data-image-description=\"\" data-image-caption=\"\" data-large-file=\"http:\/\/mos.kamienna-gora.pl\/wp-content\/uploads\/2023\/03\/IMG_1521-1024x683.jpg\" data-id=\"2517\" src=\"http:\/\/mos.kamienna-gora.pl\/wp-content\/uploads\/2023\/03\/IMG_1521-1024x683.jpg\" alt=\"\" class=\"wp-image-2517\" srcset=\"http:\/\/mos.kamienna-gora.pl\/wp-content\/uploads\/2023\/03\/IMG_1521-1024x683.jpg 1024w, http:\/\/mos.kamienna-gora.pl\/wp-content\/uploads\/2023\/03\/IMG_1521-300x200.jpg 300w, http:\/\/mos.kamienna-gora.pl\/wp-content\/uploads\/2023\/03\/IMG_1521-768x512.jpg 768w, http:\/\/mos.kamienna-gora.pl\/wp-content\/uploads\/2023\/03\/IMG_1521-1536x1024.jpg 1536w, http:\/\/mos.kamienna-gora.pl\/wp-content\/uploads\/2023\/03\/IMG_1521-2048x1365.jpg 2048w\" sizes=\"auto, (max-width: 1024px) 100vw, 1024px\" \/><\/figure>\n<\/figure>\n\n\n\n<figure class=\"wp-block-gallery has-nested-images columns-default is-cropped wp-block-gallery-6 is-layout-flex wp-block-gallery-is-layout-flex\">\n<figure class=\"wp-block-image size-large\"><img loading=\"lazy\" decoding=\"async\" width=\"1024\" height=\"683\" data-attachment-id=\"2518\" data-permalink=\"http:\/\/mos.kamienna-gora.pl\/index.php\/2023\/03\/29\/final-strefy-jeleniogorskiej-w-minisiatkowce-chlopcow-w-kategorii-4-w-igrzyskach-dzieci\/img_1529\/\" data-orig-file=\"http:\/\/mos.kamienna-gora.pl\/wp-content\/uploads\/2023\/03\/IMG_1529-scaled.jpg\" data-orig-size=\"2560,1707\" data-comments-opened=\"1\" data-image-meta=\"{&quot;aperture&quot;:&quot;3.5&quot;,&quot;credit&quot;:&quot;&quot;,&quot;camera&quot;:&quot;Canon EOS 4000D&quot;,&quot;caption&quot;:&quot;&quot;,&quot;created_timestamp&quot;:&quot;1680092333&quot;,&quot;copyright&quot;:&quot;&quot;,&quot;focal_length&quot;:&quot;18&quot;,&quot;iso&quot;:&quot;100&quot;,&quot;shutter_speed&quot;:&quot;0.016666666666667&quot;,&quot;title&quot;:&quot;&quot;,&quot;orientation&quot;:&quot;1&quot;}\" data-image-title=\"IMG_1529\" data-image-description=\"\" data-image-caption=\"\" data-large-file=\"http:\/\/mos.kamienna-gora.pl\/wp-content\/uploads\/2023\/03\/IMG_1529-1024x683.jpg\" data-id=\"2518\" src=\"http:\/\/mos.kamienna-gora.pl\/wp-content\/uploads\/2023\/03\/IMG_1529-1024x683.jpg\" alt=\"\" class=\"wp-image-2518\" srcset=\"http:\/\/mos.kamienna-gora.pl\/wp-content\/uploads\/2023\/03\/IMG_1529-1024x683.jpg 1024w, http:\/\/mos.kamienna-gora.pl\/wp-content\/uploads\/2023\/03\/IMG_1529-300x200.jpg 300w, http:\/\/mos.kamienna-gora.pl\/wp-content\/uploads\/2023\/03\/IMG_1529-768x512.jpg 768w, http:\/\/mos.kamienna-gora.pl\/wp-content\/uploads\/2023\/03\/IMG_1529-1536x1024.jpg 1536w, http:\/\/mos.kamienna-gora.pl\/wp-content\/uploads\/2023\/03\/IMG_1529-2048x1365.jpg 2048w\" sizes=\"auto, (max-width: 1024px) 100vw, 1024px\" \/><\/figure>\n<\/figure>\n","protected":false},"excerpt":{"rendered":"<p>Mi\u0119dzyszkolny O\u015brodek Sportowy zorganizowa\u0142 dnia 29 marca 2023 roku na Hali Sportowej przy Szkole Podstawowej nr 2 w Kamiennej G\u00f3rze&hellip;<\/p>\n","protected":false},"author":1,"featured_media":2518,"comment_status":"open","ping_status":"open","sticky":false,"template":"","format":"standard","meta":{"jetpack_post_was_ever_published":false,"_jetpack_newsletter_access":"","_jetpack_dont_email_post_to_subs":false,"_jetpack_newsletter_tier_id":0,"_jetpack_memberships_contains_paywalled_content":false,"_jetpack_memberships_contains_paid_content":false,"footnotes":""},"categories":[1,8],"tags":[],"class_list":["post-2512","post","type-post","status-publish","format-standard","has-post-thumbnail","hentry","category-wydarzenia","category-zawody-strefowe"],"jetpack_featured_media_url":"http:\/\/mos.kamienna-gora.pl\/wp-content\/uploads\/2023\/03\/IMG_1529-scaled.jpg","jetpack_sharing_enabled":true,"jetpack_shortlink":"https:\/\/wp.me\/paEJ1v-Ew","jetpack-related-posts":[],"_links":{"self":[{"href":"http:\/\/mos.kamienna-gora.pl\/index.php\/wp-json\/wp\/v2\/posts\/2512","targetHints":{"allow":["GET"]}}],"collection":[{"href":"http:\/\/mos.kamienna-gora.pl\/index.php\/wp-json\/wp\/v2\/posts"}],"about":[{"href":"http:\/\/mos.kamienna-gora.pl\/index.php\/wp-json\/wp\/v2\/types\/post"}],"author":[{"embeddable":true,"href":"http:\/\/mos.kamienna-gora.pl\/index.php\/wp-json\/wp\/v2\/users\/1"}],"replies":[{"embeddable":true,"href":"http:\/\/mos.kamienna-gora.pl\/index.php\/wp-json\/wp\/v2\/comments?post=2512"}],"version-history":[{"count":1,"href":"http:\/\/mos.kamienna-gora.pl\/index.php\/wp-json\/wp\/v2\/posts\/2512\/revisions"}],"predecessor-version":[{"id":2519,"href":"http:\/\/mos.kamienna-gora.pl\/index.php\/wp-json\/wp\/v2\/posts\/2512\/revisions\/2519"}],"wp:featuredmedia":[{"embeddable":true,"href":"http:\/\/mos.kamienna-gora.pl\/index.php\/wp-json\/wp\/v2\/media\/2518"}],"wp:attachment":[{"href":"http:\/\/mos.kamienna-gora.pl\/index.php\/wp-json\/wp\/v2\/media?parent=2512"}],"wp:term":[{"taxonomy":"category","embeddable":true,"href":"http:\/\/mos.kamienna-gora.pl\/index.php\/wp-json\/wp\/v2\/categories?post=2512"},{"taxonomy":"post_tag","embeddable":true,"href":"http:\/\/mos.kamienna-gora.pl\/index.php\/wp-json\/wp\/v2\/tags?post=2512"}],"curies":[{"name":"wp","href":"https:\/\/api.w.org\/{rel}","templated":true}]}}