{"id":26,"date":"2019-01-24T09:28:50","date_gmt":"2019-01-24T08:28:50","guid":{"rendered":"http:\/\/mos.kamienna-gora.pl\/?p=26"},"modified":"2019-01-24T09:28:50","modified_gmt":"2019-01-24T08:28:50","slug":"mistrzostwa-powiatu-kamiennogorskiego-w-narciarstwie-alpejskim","status":"publish","type":"post","link":"http:\/\/mos.kamienna-gora.pl\/index.php\/2019\/01\/24\/mistrzostwa-powiatu-kamiennogorskiego-w-narciarstwie-alpejskim\/","title":{"rendered":"Mistrzostwa Powiatu Kamiennog\u00f3rskiego w Narciarstwie Alpejskim"},"content":{"rendered":"<p>Dnia 2 marca 2018 roku na stoku Stacji Narciarskiej w Czarnowie odby\u0142y si\u0119 V Mistrzostwa Powiatu Kamiennog\u00f3rskiego w Narciarstwie Alpejskim szk\u00f3\u0142 podstawowych, gimnazjalnych i licealnych.<\/p>\n<p>Uroczy\u015bcie zawody otworzy\u0142a wicestarosta Ma\u0142gorzata Krzyszkowska wraz z dyrektor MOS Katarzyn\u0105 Bandyk, dyrektorem ZSO Jacekiem Bru\u017adziakiem i S\u0142awomirem Sta\u0144cem.<\/p>\n<p>Po oficjalnym otwarciu wszyscy zawodnicy rywalizowali w tej indywidualnej dyscyplinie sportu, jakim jest narciarstwo alpejskie.<\/p>\n<p>Organizatorem wydarzenia by\u0142 Mi\u0119dzyszkolny O\u015brodek Sportowy w Kamiennej G\u00f3rze i Zesp\u00f3\u0142 Szk\u00f3\u0142 Og\u00f3lnokszta\u0142c\u0105cych w Kamiennej G\u00f3rze.<\/p>\n<p>Celem zawod\u00f3w jest przede wszystkim integracja m\u0142odzie\u017cy i promowanie aktywnego sposobu \u017cycia oraz narciarstwa jako formy wolnego sp\u0119dzania czasu.<\/p>\n<p>Wyniki rywalizacji w narciarstwie alpejskim:<\/p>\n<p><strong>Igrzyska Dzieci<\/strong><\/p>\n<p><strong>Dziewcz\u0119ta<\/strong><\/p>\n<p>1. Wiktoria Ostrowska SP 2 Kam. G\u00f3ra 91,65<br \/>\n2. Wiktoria Chronowska SP 2 Kam. G\u00f3ra 92,60<\/p>\n<p><strong>Ch\u0142opcy<\/strong><\/p>\n<p>1. Filip Kwiatkowski SP 2 Kam. G\u00f3ra 37,31<br \/>\n2. Jakub Pasiut SP 2 Kam. G\u00f3ra 76,70<br \/>\n3. Bartosz Smyda SP 1 Kam. G\u00f3ra 79,32<br \/>\n4. Kamil Kubacki SP 1 Kam. G\u00f3ra 83,27<br \/>\n5. Oliwier Cincio SP 1 Kam. G\u00f3ra 84,19<br \/>\n6. Micha\u0142 Regewicz SP 1 Kam. G\u00f3ra 86,40<\/p>\n<p><strong>Igrzyska M\u0142odzie\u017cy Szkolnej<\/strong><\/p>\n<p><strong>Dziewcz\u0119ta<\/strong><\/p>\n<p>1. Karolina Ca\u0142ko SGEE Kam. G\u00f3ra 70,98<br \/>\n2. Dominika Lema SP 1 Kam. G\u00f3ra 73,43<br \/>\n3. Klaudia Kubacka SP 1 Kam. G\u00f3ra 82,40<br \/>\n4. Katarzyna Berdychowska SGEE Kam. G\u00f3ra 90,05<\/p>\n<p><strong>Ch\u0142opcy<\/strong><\/p>\n<p>1. Ernest Cebula SGEE Kam. G\u00f3ra 60,44<br \/>\n2. Kacper Pasiut Gim nr 2 Kam. G\u00f3ra 60,91<br \/>\n3. Szymon Mu\u0107wicki Gim nr 2 Kam. G\u00f3ra 68,50<br \/>\n4. Tomasz Bozio Gim nr 2 Kam. G\u00f3ra 70,73<br \/>\n5. Patryk Owsianka SGEE Kam. G\u00f3ra 73,14<br \/>\n6. Oskar Ostrowski SP 2 Kam. G\u00f3ra 73,50<br \/>\n7. Filip Chonowski Gim nr 2 Kam. G\u00f3ra 74,45<br \/>\n8. Ignacy Wo\u017aniakowski SP 2 Kam. G\u00f3ra 76,00<br \/>\n9. Hubert Jawor SP 1 Kam. G\u00f3ra 77,21<br \/>\n10. Mateusz Pisecki Gim Krzesz\u00f3w 80,15<br \/>\n11. Jakub \u015alimak SP 1 Kam. G\u00f3ra 81,28<br \/>\n12. Kamil \u0141uszcz Gim Krzesz\u00f3w 107,51<\/p>\n<p><strong>Licealiada<\/strong><\/p>\n<p><strong>Dziewcz\u0119ta<\/strong><\/p>\n<p>1. Emilia Rolka LO Kam. G\u00f3ra 79,65<br \/>\n2. Natalia Dumin LO Kam. G\u00f3ra 79,66<br \/>\n3. Wiktoria Matusik LO Kam. G\u00f3ra 81,55<br \/>\n4. Natalia Bandyk LO Kam. G\u00f3ra 82,19<\/p>\n<p><strong>Ch\u0142opcy<\/strong><\/p>\n<p>1. Mateusz Jasowicz LO Kam. G\u00f3ra 65,38<br \/>\n2. Micha\u0142 Kucia LO Kam. G\u00f3ra 69,95<br \/>\n3. Artur Czucha\u0144ski LO Kam. G\u00f3ra 73,40<\/p>\n<p><strong>OPEN<\/strong><\/p>\n<p>1. Ernest Cebula SGEE Kam. G\u00f3ra 60,44<br \/>\n2. Kacper Pasiut Gim nr 2 Kam. G\u00f3ra 60,91<br \/>\n3. Mateusz Jasowicz LO Kam. G\u00f3ra 65,38<\/p>\n<p><strong>Punktacja dru\u017cynowa: Igrzyska Dzieci Dziewcz\u0119ta i Ch\u0142opcy<\/strong><\/p>\n<p>1. Szko\u0142a Podstawowa nr 2 Kamienna G\u00f3ra<\/p>\n<p><strong>Igrzyska M\u0142odzie\u017cy Szkolnej:<\/strong><\/p>\n<p><strong>Dziewcz\u0119ta<\/strong><\/p>\n<p>1. Szko\u0142a Podstawowa nr 1 Kamienna G\u00f3ra<br \/>\n2. Spo\u0142eczne Gimnazjum Edukacji Europejskiej Kamienna G\u00f3ra<\/p>\n<p><strong>Ch\u0142opcy<\/strong><\/p>\n<p>1. Gimnazjum nr 2 Kamienna G\u00f3ra<br \/>\n2. Spo\u0142eczne Gimnazjum Edukacji Europejskiej Kamienna G\u00f3ra<br \/>\n3. Szko\u0142a Podstawowa nr 2 Kamienna G\u00f3ra<br \/>\n4. Szko\u0142a Podstawowa nr 1 Kamienna G\u00f3ra<br \/>\n5. Gimnazjum Krzesz\u00f3w<\/p>\n<p><strong>Licealiada<\/strong><\/p>\n<p><strong>Dziewcz\u0119ta i Ch\u0142opcy<\/strong><\/p>\n<p>1. Zesp\u00f3\u0142 Szk\u00f3\u0142 Og\u00f3lnokszta\u0142c\u0105cych Kamienna G\u00f3ra<\/p>\n","protected":false},"excerpt":{"rendered":"<p>Dnia 2 marca 2018 roku na stoku Stacji Narciarskiej w Czarnowie odby\u0142y si\u0119 V Mistrzostwa Powiatu Kamiennog\u00f3rskiego w Narciarstwie Alpejskim&hellip;<\/p>\n","protected":false},"author":1,"featured_media":27,"comment_status":"open","ping_status":"open","sticky":false,"template":"","format":"standard","meta":{"jetpack_post_was_ever_published":false,"_jetpack_newsletter_access":"","_jetpack_dont_email_post_to_subs":false,"_jetpack_newsletter_tier_id":0,"_jetpack_memberships_contains_paywalled_content":false,"_jetpack_memberships_contains_paid_content":false,"footnotes":""},"categories":[1],"tags":[],"class_list":["post-26","post","type-post","status-publish","format-standard","has-post-thumbnail","hentry","category-wydarzenia"],"jetpack_featured_media_url":"http:\/\/mos.kamienna-gora.pl\/wp-content\/uploads\/2019\/01\/93729.jpg","jetpack_sharing_enabled":true,"jetpack_shortlink":"https:\/\/wp.me\/paEJ1v-q","jetpack-related-posts":[],"_links":{"self":[{"href":"http:\/\/mos.kamienna-gora.pl\/index.php\/wp-json\/wp\/v2\/posts\/26","targetHints":{"allow":["GET"]}}],"collection":[{"href":"http:\/\/mos.kamienna-gora.pl\/index.php\/wp-json\/wp\/v2\/posts"}],"about":[{"href":"http:\/\/mos.kamienna-gora.pl\/index.php\/wp-json\/wp\/v2\/types\/post"}],"author":[{"embeddable":true,"href":"http:\/\/mos.kamienna-gora.pl\/index.php\/wp-json\/wp\/v2\/users\/1"}],"replies":[{"embeddable":true,"href":"http:\/\/mos.kamienna-gora.pl\/index.php\/wp-json\/wp\/v2\/comments?post=26"}],"version-history":[{"count":1,"href":"http:\/\/mos.kamienna-gora.pl\/index.php\/wp-json\/wp\/v2\/posts\/26\/revisions"}],"predecessor-version":[{"id":28,"href":"http:\/\/mos.kamienna-gora.pl\/index.php\/wp-json\/wp\/v2\/posts\/26\/revisions\/28"}],"wp:featuredmedia":[{"embeddable":true,"href":"http:\/\/mos.kamienna-gora.pl\/index.php\/wp-json\/wp\/v2\/media\/27"}],"wp:attachment":[{"href":"http:\/\/mos.kamienna-gora.pl\/index.php\/wp-json\/wp\/v2\/media?parent=26"}],"wp:term":[{"taxonomy":"category","embeddable":true,"href":"http:\/\/mos.kamienna-gora.pl\/index.php\/wp-json\/wp\/v2\/categories?post=26"},{"taxonomy":"post_tag","embeddable":true,"href":"http:\/\/mos.kamienna-gora.pl\/index.php\/wp-json\/wp\/v2\/tags?post=26"}],"curies":[{"name":"wp","href":"https:\/\/api.w.org\/{rel}","templated":true}]}}