{"id":3167,"date":"2024-02-09T09:34:44","date_gmt":"2024-02-09T08:34:44","guid":{"rendered":"http:\/\/mos.kamienna-gora.pl\/?p=3167"},"modified":"2024-02-09T09:34:44","modified_gmt":"2024-02-09T08:34:44","slug":"final-strefy-jeleniogorskiej-w-pilce-siatkowej-chlopcow-szkol-ponadpodstawowych-2","status":"publish","type":"post","link":"http:\/\/mos.kamienna-gora.pl\/index.php\/2024\/02\/09\/final-strefy-jeleniogorskiej-w-pilce-siatkowej-chlopcow-szkol-ponadpodstawowych-2\/","title":{"rendered":"Fina\u0142 Strefy Jeleniog\u00f3rskiej w pi\u0142ce siatkowej ch\u0142opc\u00f3w szk\u00f3\u0142 ponadpodstawowych"},"content":{"rendered":"\n\n\n<p>Dnia 08 lutego 2024 roku na sali gimnastycznej w Zespole Szk\u00f3\u0142 Zawodowych i Og\u00f3lnokszta\u0142c\u0105cych w Kamiennej G\u00f3rze odby\u0142 si\u0119 fina\u0142 strefy jeleniog\u00f3rskiej w pi\u0142ce siatkowej ch\u0142opc\u00f3w w ramach Licealiady. Mecze rozegrane zosta\u0142y systemem do 2 wygranych set\u00f3w do 25 punkt\u00f3w. Ewentualny tie-break do punkt\u00f3w 15.<\/p>\n<p>Wyniki spotka\u0144:<\/p>\n<p><strong>Ch\u0142opcy:<\/strong><\/p>\n<p><strong>P\u00f3\u0142fina\u0142y:<\/strong><\/p>\n<ol>\n<li>LO Kamienna G\u00f3ra \u2013 ZSP Luba\u0144\u00a0 \u00a0 0 : 2 ( 19, 20)<\/li>\n<li>ZSZ Bogatynia \u2013 ZSE Jelenia G\u00f3ra\u00a0 \u00a01 : 2 ( 20, -20, 12 )<\/li>\n<\/ol>\n<p><strong>Mecz o III miejsce:<\/strong><\/p>\n<p>ZSZ Bogatynia \u2013 LO Kamienna G\u00f3ra\u00a0 \u00a0 \u00a02 : 1 ( 21, &#8211; 18, -8 )<\/p>\n<p><strong>Mecz o I miejsce<\/strong><\/p>\n<p>ZSP Luba\u0144 \u2013 ZSE Jel. G\u00f3ra\u00a0 \u00a0 2 : 0 ( 16, 25\u00a0 )\u00a0 \u00a0 \u00a0 \u00a0 \u00a0 \u00a0 \u00a0 \u00a0 \u00a0 \u00a0 \u00a0 \u00a0 \u00a0 \u00a0 \u00a0 \u00a0\u00a0<\/p>\n<p>Kolejno\u015b\u0107 ko\u0144cowa:<\/p>\n<ol>\n<li><strong>Zesp\u00f3\u0142 Szk\u00f3\u0142 Ponadpodstawowych w Lubaniu<\/strong><\/li>\n<li>Zesp\u00f3\u0142 Szk\u00f3\u0142 Elektronicznych w Jeleniej G\u00f3rze<\/li>\n<li>Zesp\u00f3\u0142 Szk\u00f3\u0142 Zawodowych w Bogatyni<\/li>\n<li>Liceum Og\u00f3lnokszta\u0142c\u0105ce w Kamiennej G\u00f3rze<\/li>\n<\/ol>\n<p>Sk\u0142ad dru\u017cyn ch\u0142opc\u00f3w:<\/p>\n<p>LO Kamienna G\u00f3ra:<\/p>\n<p>Andrzejczyk Jakub, Bia\u0142as Adrian, Czy\u0144ski Kacper, Czy\u0144ski Micha\u0142, Jankowski Konrad, Kwiatkowski Filip, Pakiet Oktawian, Pa\u0142ucki Szymon, Regiewicz Szymon, Smyda Bartosz, Sura Dawid, opiekun \u2013 Krzysztof Pawlikowski<\/p>\n<p><strong>Zesp\u00f3\u0142 Szk\u00f3\u0142 Ponadpodstawowych w Lubaniu <\/strong>uzyska\u0142o awans do zawod\u00f3w Wojew\u00f3dzkich.<\/p>\n\n\n\n<figure class=\"wp-block-gallery has-nested-images columns-default is-cropped wp-block-gallery-1 is-layout-flex wp-block-gallery-is-layout-flex\">\n<figure class=\"wp-block-image size-large\"><img loading=\"lazy\" decoding=\"async\" width=\"1024\" height=\"683\" data-attachment-id=\"3168\" data-permalink=\"http:\/\/mos.kamienna-gora.pl\/index.php\/2024\/02\/09\/final-strefy-jeleniogorskiej-w-pilce-siatkowej-chlopcow-szkol-ponadpodstawowych-2\/img_8221\/\" data-orig-file=\"http:\/\/mos.kamienna-gora.pl\/wp-content\/uploads\/2024\/02\/IMG_8221-scaled.jpg\" data-orig-size=\"2560,1707\" data-comments-opened=\"1\" data-image-meta=\"{&quot;aperture&quot;:&quot;3.5&quot;,&quot;credit&quot;:&quot;&quot;,&quot;camera&quot;:&quot;Canon EOS 4000D&quot;,&quot;caption&quot;:&quot;&quot;,&quot;created_timestamp&quot;:&quot;1707390917&quot;,&quot;copyright&quot;:&quot;&quot;,&quot;focal_length&quot;:&quot;21&quot;,&quot;iso&quot;:&quot;200&quot;,&quot;shutter_speed&quot;:&quot;0.016666666666667&quot;,&quot;title&quot;:&quot;&quot;,&quot;orientation&quot;:&quot;1&quot;}\" data-image-title=\"IMG_8221\" data-image-description=\"\" data-image-caption=\"\" data-large-file=\"http:\/\/mos.kamienna-gora.pl\/wp-content\/uploads\/2024\/02\/IMG_8221-1024x683.jpg\" data-id=\"3168\" src=\"http:\/\/mos.kamienna-gora.pl\/wp-content\/uploads\/2024\/02\/IMG_8221-1024x683.jpg\" alt=\"\" class=\"wp-image-3168\" srcset=\"http:\/\/mos.kamienna-gora.pl\/wp-content\/uploads\/2024\/02\/IMG_8221-1024x683.jpg 1024w, http:\/\/mos.kamienna-gora.pl\/wp-content\/uploads\/2024\/02\/IMG_8221-300x200.jpg 300w, http:\/\/mos.kamienna-gora.pl\/wp-content\/uploads\/2024\/02\/IMG_8221-768x512.jpg 768w, http:\/\/mos.kamienna-gora.pl\/wp-content\/uploads\/2024\/02\/IMG_8221-1536x1024.jpg 1536w, http:\/\/mos.kamienna-gora.pl\/wp-content\/uploads\/2024\/02\/IMG_8221-2048x1365.jpg 2048w\" sizes=\"auto, (max-width: 1024px) 100vw, 1024px\" \/><\/figure>\n<\/figure>\n\n\n\n<figure class=\"wp-block-gallery has-nested-images columns-default is-cropped wp-block-gallery-2 is-layout-flex wp-block-gallery-is-layout-flex\">\n<figure class=\"wp-block-image size-large\"><img loading=\"lazy\" decoding=\"async\" width=\"1024\" height=\"683\" data-attachment-id=\"3169\" data-permalink=\"http:\/\/mos.kamienna-gora.pl\/index.php\/2024\/02\/09\/final-strefy-jeleniogorskiej-w-pilce-siatkowej-chlopcow-szkol-ponadpodstawowych-2\/img_8255\/\" data-orig-file=\"http:\/\/mos.kamienna-gora.pl\/wp-content\/uploads\/2024\/02\/IMG_8255-scaled.jpg\" data-orig-size=\"2560,1707\" data-comments-opened=\"1\" data-image-meta=\"{&quot;aperture&quot;:&quot;5&quot;,&quot;credit&quot;:&quot;&quot;,&quot;camera&quot;:&quot;Canon EOS 4000D&quot;,&quot;caption&quot;:&quot;&quot;,&quot;created_timestamp&quot;:&quot;1707392444&quot;,&quot;copyright&quot;:&quot;&quot;,&quot;focal_length&quot;:&quot;39&quot;,&quot;iso&quot;:&quot;2000&quot;,&quot;shutter_speed&quot;:&quot;0.002&quot;,&quot;title&quot;:&quot;&quot;,&quot;orientation&quot;:&quot;1&quot;}\" data-image-title=\"IMG_8255\" data-image-description=\"\" data-image-caption=\"\" data-large-file=\"http:\/\/mos.kamienna-gora.pl\/wp-content\/uploads\/2024\/02\/IMG_8255-1024x683.jpg\" data-id=\"3169\" src=\"http:\/\/mos.kamienna-gora.pl\/wp-content\/uploads\/2024\/02\/IMG_8255-1024x683.jpg\" alt=\"\" class=\"wp-image-3169\" srcset=\"http:\/\/mos.kamienna-gora.pl\/wp-content\/uploads\/2024\/02\/IMG_8255-1024x683.jpg 1024w, http:\/\/mos.kamienna-gora.pl\/wp-content\/uploads\/2024\/02\/IMG_8255-300x200.jpg 300w, http:\/\/mos.kamienna-gora.pl\/wp-content\/uploads\/2024\/02\/IMG_8255-768x512.jpg 768w, http:\/\/mos.kamienna-gora.pl\/wp-content\/uploads\/2024\/02\/IMG_8255-1536x1024.jpg 1536w, http:\/\/mos.kamienna-gora.pl\/wp-content\/uploads\/2024\/02\/IMG_8255-2048x1365.jpg 2048w\" sizes=\"auto, (max-width: 1024px) 100vw, 1024px\" \/><\/figure>\n<\/figure>\n\n\n\n<figure class=\"wp-block-gallery has-nested-images columns-default is-cropped wp-block-gallery-3 is-layout-flex wp-block-gallery-is-layout-flex\">\n<figure class=\"wp-block-image size-large\"><img loading=\"lazy\" decoding=\"async\" width=\"1024\" height=\"683\" data-attachment-id=\"3170\" data-permalink=\"http:\/\/mos.kamienna-gora.pl\/index.php\/2024\/02\/09\/final-strefy-jeleniogorskiej-w-pilce-siatkowej-chlopcow-szkol-ponadpodstawowych-2\/img_8297\/\" data-orig-file=\"http:\/\/mos.kamienna-gora.pl\/wp-content\/uploads\/2024\/02\/IMG_8297-scaled.jpg\" data-orig-size=\"2560,1707\" data-comments-opened=\"1\" data-image-meta=\"{&quot;aperture&quot;:&quot;4&quot;,&quot;credit&quot;:&quot;&quot;,&quot;camera&quot;:&quot;Canon EOS 4000D&quot;,&quot;caption&quot;:&quot;&quot;,&quot;created_timestamp&quot;:&quot;1707396470&quot;,&quot;copyright&quot;:&quot;&quot;,&quot;focal_length&quot;:&quot;28&quot;,&quot;iso&quot;:&quot;1000&quot;,&quot;shutter_speed&quot;:&quot;0.0025&quot;,&quot;title&quot;:&quot;&quot;,&quot;orientation&quot;:&quot;1&quot;}\" data-image-title=\"IMG_8297\" data-image-description=\"\" data-image-caption=\"\" data-large-file=\"http:\/\/mos.kamienna-gora.pl\/wp-content\/uploads\/2024\/02\/IMG_8297-1024x683.jpg\" data-id=\"3170\" src=\"http:\/\/mos.kamienna-gora.pl\/wp-content\/uploads\/2024\/02\/IMG_8297-1024x683.jpg\" alt=\"\" class=\"wp-image-3170\" srcset=\"http:\/\/mos.kamienna-gora.pl\/wp-content\/uploads\/2024\/02\/IMG_8297-1024x683.jpg 1024w, http:\/\/mos.kamienna-gora.pl\/wp-content\/uploads\/2024\/02\/IMG_8297-300x200.jpg 300w, http:\/\/mos.kamienna-gora.pl\/wp-content\/uploads\/2024\/02\/IMG_8297-768x512.jpg 768w, http:\/\/mos.kamienna-gora.pl\/wp-content\/uploads\/2024\/02\/IMG_8297-1536x1024.jpg 1536w, http:\/\/mos.kamienna-gora.pl\/wp-content\/uploads\/2024\/02\/IMG_8297-2048x1365.jpg 2048w\" sizes=\"auto, (max-width: 1024px) 100vw, 1024px\" \/><\/figure>\n<\/figure>\n\n\n\n<figure class=\"wp-block-gallery has-nested-images columns-default is-cropped wp-block-gallery-4 is-layout-flex wp-block-gallery-is-layout-flex\">\n<figure class=\"wp-block-image size-large\"><img loading=\"lazy\" decoding=\"async\" width=\"1024\" height=\"683\" data-attachment-id=\"3171\" data-permalink=\"http:\/\/mos.kamienna-gora.pl\/index.php\/2024\/02\/09\/final-strefy-jeleniogorskiej-w-pilce-siatkowej-chlopcow-szkol-ponadpodstawowych-2\/img_8324\/\" data-orig-file=\"http:\/\/mos.kamienna-gora.pl\/wp-content\/uploads\/2024\/02\/IMG_8324-scaled.jpg\" data-orig-size=\"2560,1707\" data-comments-opened=\"1\" data-image-meta=\"{&quot;aperture&quot;:&quot;3.5&quot;,&quot;credit&quot;:&quot;&quot;,&quot;camera&quot;:&quot;Canon EOS 4000D&quot;,&quot;caption&quot;:&quot;&quot;,&quot;created_timestamp&quot;:&quot;1707406550&quot;,&quot;copyright&quot;:&quot;&quot;,&quot;focal_length&quot;:&quot;18&quot;,&quot;iso&quot;:&quot;400&quot;,&quot;shutter_speed&quot;:&quot;0.016666666666667&quot;,&quot;title&quot;:&quot;&quot;,&quot;orientation&quot;:&quot;1&quot;}\" data-image-title=\"IMG_8324\" data-image-description=\"\" data-image-caption=\"\" data-large-file=\"http:\/\/mos.kamienna-gora.pl\/wp-content\/uploads\/2024\/02\/IMG_8324-1024x683.jpg\" data-id=\"3171\" src=\"http:\/\/mos.kamienna-gora.pl\/wp-content\/uploads\/2024\/02\/IMG_8324-1024x683.jpg\" alt=\"\" class=\"wp-image-3171\" srcset=\"http:\/\/mos.kamienna-gora.pl\/wp-content\/uploads\/2024\/02\/IMG_8324-1024x683.jpg 1024w, http:\/\/mos.kamienna-gora.pl\/wp-content\/uploads\/2024\/02\/IMG_8324-300x200.jpg 300w, http:\/\/mos.kamienna-gora.pl\/wp-content\/uploads\/2024\/02\/IMG_8324-768x512.jpg 768w, http:\/\/mos.kamienna-gora.pl\/wp-content\/uploads\/2024\/02\/IMG_8324-1536x1024.jpg 1536w, http:\/\/mos.kamienna-gora.pl\/wp-content\/uploads\/2024\/02\/IMG_8324-2048x1365.jpg 2048w\" sizes=\"auto, (max-width: 1024px) 100vw, 1024px\" \/><\/figure>\n<\/figure>\n\n\n\n<figure class=\"wp-block-gallery has-nested-images columns-default is-cropped wp-block-gallery-5 is-layout-flex wp-block-gallery-is-layout-flex\">\n<figure class=\"wp-block-image size-large\"><img loading=\"lazy\" decoding=\"async\" width=\"1024\" height=\"683\" data-attachment-id=\"3172\" data-permalink=\"http:\/\/mos.kamienna-gora.pl\/index.php\/2024\/02\/09\/final-strefy-jeleniogorskiej-w-pilce-siatkowej-chlopcow-szkol-ponadpodstawowych-2\/img_8322\/\" data-orig-file=\"http:\/\/mos.kamienna-gora.pl\/wp-content\/uploads\/2024\/02\/IMG_8322-scaled.jpg\" data-orig-size=\"2560,1707\" data-comments-opened=\"1\" data-image-meta=\"{&quot;aperture&quot;:&quot;3.5&quot;,&quot;credit&quot;:&quot;&quot;,&quot;camera&quot;:&quot;Canon EOS 4000D&quot;,&quot;caption&quot;:&quot;&quot;,&quot;created_timestamp&quot;:&quot;1707403158&quot;,&quot;copyright&quot;:&quot;&quot;,&quot;focal_length&quot;:&quot;18&quot;,&quot;iso&quot;:&quot;800&quot;,&quot;shutter_speed&quot;:&quot;0.016666666666667&quot;,&quot;title&quot;:&quot;&quot;,&quot;orientation&quot;:&quot;1&quot;}\" data-image-title=\"IMG_8322\" data-image-description=\"\" data-image-caption=\"\" data-large-file=\"http:\/\/mos.kamienna-gora.pl\/wp-content\/uploads\/2024\/02\/IMG_8322-1024x683.jpg\" data-id=\"3172\" src=\"http:\/\/mos.kamienna-gora.pl\/wp-content\/uploads\/2024\/02\/IMG_8322-1024x683.jpg\" alt=\"\" class=\"wp-image-3172\" srcset=\"http:\/\/mos.kamienna-gora.pl\/wp-content\/uploads\/2024\/02\/IMG_8322-1024x683.jpg 1024w, http:\/\/mos.kamienna-gora.pl\/wp-content\/uploads\/2024\/02\/IMG_8322-300x200.jpg 300w, http:\/\/mos.kamienna-gora.pl\/wp-content\/uploads\/2024\/02\/IMG_8322-768x512.jpg 768w, http:\/\/mos.kamienna-gora.pl\/wp-content\/uploads\/2024\/02\/IMG_8322-1536x1024.jpg 1536w, http:\/\/mos.kamienna-gora.pl\/wp-content\/uploads\/2024\/02\/IMG_8322-2048x1365.jpg 2048w\" sizes=\"auto, (max-width: 1024px) 100vw, 1024px\" \/><\/figure>\n<\/figure>\n\n\n\n<figure class=\"wp-block-gallery has-nested-images columns-default is-cropped wp-block-gallery-6 is-layout-flex wp-block-gallery-is-layout-flex\">\n<figure class=\"wp-block-image size-large\"><img loading=\"lazy\" decoding=\"async\" width=\"1024\" height=\"683\" data-attachment-id=\"3173\" data-permalink=\"http:\/\/mos.kamienna-gora.pl\/index.php\/2024\/02\/09\/final-strefy-jeleniogorskiej-w-pilce-siatkowej-chlopcow-szkol-ponadpodstawowych-2\/img_8330\/\" data-orig-file=\"http:\/\/mos.kamienna-gora.pl\/wp-content\/uploads\/2024\/02\/IMG_8330-scaled.jpg\" data-orig-size=\"2560,1707\" data-comments-opened=\"1\" data-image-meta=\"{&quot;aperture&quot;:&quot;4&quot;,&quot;credit&quot;:&quot;&quot;,&quot;camera&quot;:&quot;Canon EOS 4000D&quot;,&quot;caption&quot;:&quot;&quot;,&quot;created_timestamp&quot;:&quot;1707406644&quot;,&quot;copyright&quot;:&quot;&quot;,&quot;focal_length&quot;:&quot;27&quot;,&quot;iso&quot;:&quot;1250&quot;,&quot;shutter_speed&quot;:&quot;0.0125&quot;,&quot;title&quot;:&quot;&quot;,&quot;orientation&quot;:&quot;1&quot;}\" data-image-title=\"IMG_8330\" data-image-description=\"\" data-image-caption=\"\" data-large-file=\"http:\/\/mos.kamienna-gora.pl\/wp-content\/uploads\/2024\/02\/IMG_8330-1024x683.jpg\" data-id=\"3173\" src=\"http:\/\/mos.kamienna-gora.pl\/wp-content\/uploads\/2024\/02\/IMG_8330-1024x683.jpg\" alt=\"\" class=\"wp-image-3173\" srcset=\"http:\/\/mos.kamienna-gora.pl\/wp-content\/uploads\/2024\/02\/IMG_8330-1024x683.jpg 1024w, http:\/\/mos.kamienna-gora.pl\/wp-content\/uploads\/2024\/02\/IMG_8330-300x200.jpg 300w, http:\/\/mos.kamienna-gora.pl\/wp-content\/uploads\/2024\/02\/IMG_8330-768x512.jpg 768w, http:\/\/mos.kamienna-gora.pl\/wp-content\/uploads\/2024\/02\/IMG_8330-1536x1024.jpg 1536w, http:\/\/mos.kamienna-gora.pl\/wp-content\/uploads\/2024\/02\/IMG_8330-2048x1365.jpg 2048w\" sizes=\"auto, (max-width: 1024px) 100vw, 1024px\" \/><\/figure>\n<\/figure>\n","protected":false},"excerpt":{"rendered":"<p>Dnia 08 lutego 2024 roku na sali gimnastycznej w Zespole Szk\u00f3\u0142 Zawodowych i Og\u00f3lnokszta\u0142c\u0105cych w Kamiennej G\u00f3rze odby\u0142 si\u0119 fina\u0142&hellip;<\/p>\n","protected":false},"author":1,"featured_media":3174,"comment_status":"open","ping_status":"open","sticky":false,"template":"","format":"standard","meta":{"jetpack_post_was_ever_published":false,"_jetpack_newsletter_access":"","_jetpack_dont_email_post_to_subs":false,"_jetpack_newsletter_tier_id":0,"_jetpack_memberships_contains_paywalled_content":false,"_jetpack_memberships_contains_paid_content":false,"footnotes":""},"categories":[1,8],"tags":[],"class_list":["post-3167","post","type-post","status-publish","format-standard","has-post-thumbnail","hentry","category-wydarzenia","category-zawody-strefowe"],"jetpack_featured_media_url":"http:\/\/mos.kamienna-gora.pl\/wp-content\/uploads\/2024\/02\/IMG_8221-1-scaled.jpg","jetpack_sharing_enabled":true,"jetpack_shortlink":"https:\/\/wp.me\/paEJ1v-P5","jetpack-related-posts":[],"_links":{"self":[{"href":"http:\/\/mos.kamienna-gora.pl\/index.php\/wp-json\/wp\/v2\/posts\/3167","targetHints":{"allow":["GET"]}}],"collection":[{"href":"http:\/\/mos.kamienna-gora.pl\/index.php\/wp-json\/wp\/v2\/posts"}],"about":[{"href":"http:\/\/mos.kamienna-gora.pl\/index.php\/wp-json\/wp\/v2\/types\/post"}],"author":[{"embeddable":true,"href":"http:\/\/mos.kamienna-gora.pl\/index.php\/wp-json\/wp\/v2\/users\/1"}],"replies":[{"embeddable":true,"href":"http:\/\/mos.kamienna-gora.pl\/index.php\/wp-json\/wp\/v2\/comments?post=3167"}],"version-history":[{"count":1,"href":"http:\/\/mos.kamienna-gora.pl\/index.php\/wp-json\/wp\/v2\/posts\/3167\/revisions"}],"predecessor-version":[{"id":3175,"href":"http:\/\/mos.kamienna-gora.pl\/index.php\/wp-json\/wp\/v2\/posts\/3167\/revisions\/3175"}],"wp:featuredmedia":[{"embeddable":true,"href":"http:\/\/mos.kamienna-gora.pl\/index.php\/wp-json\/wp\/v2\/media\/3174"}],"wp:attachment":[{"href":"http:\/\/mos.kamienna-gora.pl\/index.php\/wp-json\/wp\/v2\/media?parent=3167"}],"wp:term":[{"taxonomy":"category","embeddable":true,"href":"http:\/\/mos.kamienna-gora.pl\/index.php\/wp-json\/wp\/v2\/categories?post=3167"},{"taxonomy":"post_tag","embeddable":true,"href":"http:\/\/mos.kamienna-gora.pl\/index.php\/wp-json\/wp\/v2\/tags?post=3167"}],"curies":[{"name":"wp","href":"https:\/\/api.w.org\/{rel}","templated":true}]}}