{"id":3194,"date":"2024-02-16T09:48:27","date_gmt":"2024-02-16T08:48:27","guid":{"rendered":"http:\/\/mos.kamienna-gora.pl\/?p=3194"},"modified":"2024-02-16T09:48:27","modified_gmt":"2024-02-16T08:48:27","slug":"polfinal-strefy-jeleniogorskiej-w-pilce-siatkowej-chlopcow-w-igrzyskach-mlodziezy-szkolnej-3","status":"publish","type":"post","link":"http:\/\/mos.kamienna-gora.pl\/index.php\/2024\/02\/16\/polfinal-strefy-jeleniogorskiej-w-pilce-siatkowej-chlopcow-w-igrzyskach-mlodziezy-szkolnej-3\/","title":{"rendered":"P\u00f3\u0142fina\u0142 Strefy Jeleniog\u00f3rskiej w pi\u0142ce siatkowej ch\u0142opc\u00f3w w Igrzyskach M\u0142odzie\u017cy Szkolnej"},"content":{"rendered":"\n\n\n<p>Dnia 14 luty 2024 roku na Hali Sportowej przy Szkole Podstawowej nr 1 w Kamiennej G\u00f3rze odby\u0142 si\u0119 p\u00f3\u0142fina\u0142 Strefy Jeleniog\u00f3rskiej w pi\u0142ce siatkowej ch\u0142opc\u00f3w w ramach Igrzysk M\u0142odzie\u017cy Szkolnej.<\/p>\n<p>Do rywalizacji przyst\u0105pi\u0142y 4 szko\u0142y:<\/p>\n<p>&#8211; SP Karpacz<\/p>\n<p>&#8211; SP 1 Kamienna G\u00f3ra<\/p>\n<p>&#8211; SP 3 Jelenia G\u00f3ra<\/p>\n<p>&#8211; SP Gryf\u00f3w\u00a0 \u015al\u0105ski<\/p>\n<p>Turniej rozgrywany by\u0142 systemem ka\u017cdy z ka\u017cdym, do 2 set\u00f3w wygranych set\u00f3w, do 21 pkt.<\/p>\n<p>Wyniki poszczeg\u00f3lnych spotka\u0144:<\/p>\n<ol>\n<li>SP Gryf\u00f3w \u015al. \u2013 SP 3 Jel. G\u00f3ra\u00a0 0 : 2<\/li>\n<li>SP Karpacz \u2013 SP 1 Kamienna G\u00f3ra\u00a0 2 : 1<\/li>\n<li>SP 3 Jel. G\u00f3ra \u2013 SP 1 Kam. G\u00f3ra\u00a0 \u00a0 \u00a00 : 2<\/li>\n<li>SP Karpacz \u2013 SP Gryf\u00f3w \u015al.\u00a0 \u00a0 2 : 0<\/li>\n<li>SP 3 Jel. G\u00f3ra \u2013 SP Karpacz\u00a0 0 : 2<\/li>\n<li>SP Gryf\u00f3w \u015al.- SP 1 Kam. G\u00f3ra\u00a0 \u00a00 : 2<\/li>\n<\/ol>\n<p>Kolejno\u015b\u0107 ko\u0144cowa:<\/p>\n<ol>\n<li><strong>Szko\u0142a Podstawowa Karpacz<\/strong><\/li>\n<li><strong>Szko\u0142a Podstawowa nr 1 Kamienna G\u00f3ra<\/strong><br \/>3. Szko\u0142a Podstawowa Jelenia G\u00f3ra\u00a0 \u00a0 \u00a0 \u00a0 \u00a0 \u00a0 \u00a0 \u00a0 \u00a0 \u00a0 \u00a0 \u00a0 \u00a0 \u00a0 \u00a0 \u00a0 \u00a0 \u00a0 \u00a0 \u00a0 \u00a0 \u00a0 \u00a0 \u00a0 \u00a0 \u00a0 \u00a0 \u00a0 \u00a0 \u00a0 \u00a0 \u00a0 \u00a0 \u00a0 \u00a0 \u00a0 \u00a0 \u00a0 \u00a0 \u00a0 \u00a0 \u00a0 \u00a0 \u00a0 \u00a0 \u00a0 \u00a0 \u00a0 \u00a0 \u00a04.Szko\u0142a Podstawowa Gryf\u00f3w \u015al\u0105ski<\/li>\n<\/ol>\n<p><strong>Szko\u0142a Podstawowa Karpacz, oraz Szko\u0142a Podstawowa nr 1 Kamienna G\u00f3ra uzyska\u0142y awans do fina\u0142u zawod\u00f3w Strefowych, kt\u00f3re zostan\u0105 rozegrane w Pisarzowicach 21.02.2024 r.<\/strong><\/p>\n<p><strong>Sk\u0142ad SP 1 Kamienna G\u00f3ra:<\/strong><\/p>\n<p><strong>Filipiak Kacper, Gucwa Maciej, Ignacy Falkowski, Olszak \u0141ukasz, Piech Antoni, Pietrzykowski Marcel, Skoczylas Igor, Skotarczak Jakub, Wyszomirski Bartosz, opiekun \u2013 S\u0142awomir Skotarczak<\/strong><\/p>\n\n\n\n<figure class=\"wp-block-gallery has-nested-images columns-default is-cropped wp-block-gallery-1 is-layout-flex wp-block-gallery-is-layout-flex\">\n<figure class=\"wp-block-image size-large\"><img loading=\"lazy\" decoding=\"async\" width=\"1024\" height=\"768\" data-attachment-id=\"3195\" data-permalink=\"http:\/\/mos.kamienna-gora.pl\/index.php\/2024\/02\/16\/polfinal-strefy-jeleniogorskiej-w-pilce-siatkowej-chlopcow-w-igrzyskach-mlodziezy-szkolnej-3\/img_20240214_091253\/\" data-orig-file=\"http:\/\/mos.kamienna-gora.pl\/wp-content\/uploads\/2024\/02\/IMG_20240214_091253-scaled.jpg\" data-orig-size=\"2560,1920\" data-comments-opened=\"1\" data-image-meta=\"{&quot;aperture&quot;:&quot;1.8&quot;,&quot;credit&quot;:&quot;&quot;,&quot;camera&quot;:&quot;PPA-LX1&quot;,&quot;caption&quot;:&quot;&quot;,&quot;created_timestamp&quot;:&quot;1707901974&quot;,&quot;copyright&quot;:&quot;&quot;,&quot;focal_length&quot;:&quot;5.3&quot;,&quot;iso&quot;:&quot;50&quot;,&quot;shutter_speed&quot;:&quot;0.00127&quot;,&quot;title&quot;:&quot;&quot;,&quot;orientation&quot;:&quot;0&quot;}\" data-image-title=\"IMG_20240214_091253\" data-image-description=\"\" data-image-caption=\"\" data-large-file=\"http:\/\/mos.kamienna-gora.pl\/wp-content\/uploads\/2024\/02\/IMG_20240214_091253-1024x768.jpg\" data-id=\"3195\" src=\"http:\/\/mos.kamienna-gora.pl\/wp-content\/uploads\/2024\/02\/IMG_20240214_091253-1024x768.jpg\" alt=\"\" class=\"wp-image-3195\" srcset=\"http:\/\/mos.kamienna-gora.pl\/wp-content\/uploads\/2024\/02\/IMG_20240214_091253-1024x768.jpg 1024w, http:\/\/mos.kamienna-gora.pl\/wp-content\/uploads\/2024\/02\/IMG_20240214_091253-300x225.jpg 300w, http:\/\/mos.kamienna-gora.pl\/wp-content\/uploads\/2024\/02\/IMG_20240214_091253-768x576.jpg 768w, http:\/\/mos.kamienna-gora.pl\/wp-content\/uploads\/2024\/02\/IMG_20240214_091253-1536x1152.jpg 1536w, http:\/\/mos.kamienna-gora.pl\/wp-content\/uploads\/2024\/02\/IMG_20240214_091253-2048x1536.jpg 2048w, http:\/\/mos.kamienna-gora.pl\/wp-content\/uploads\/2024\/02\/IMG_20240214_091253-160x120.jpg 160w\" sizes=\"auto, (max-width: 1024px) 100vw, 1024px\" \/><\/figure>\n<\/figure>\n\n\n\n<figure class=\"wp-block-gallery has-nested-images columns-default is-cropped wp-block-gallery-2 is-layout-flex wp-block-gallery-is-layout-flex\">\n<figure class=\"wp-block-image size-large\"><img loading=\"lazy\" decoding=\"async\" width=\"1024\" height=\"768\" data-attachment-id=\"3196\" data-permalink=\"http:\/\/mos.kamienna-gora.pl\/index.php\/2024\/02\/16\/polfinal-strefy-jeleniogorskiej-w-pilce-siatkowej-chlopcow-w-igrzyskach-mlodziezy-szkolnej-3\/img_20240214_093034\/\" data-orig-file=\"http:\/\/mos.kamienna-gora.pl\/wp-content\/uploads\/2024\/02\/IMG_20240214_093034-scaled.jpg\" data-orig-size=\"2560,1920\" data-comments-opened=\"1\" data-image-meta=\"{&quot;aperture&quot;:&quot;1.8&quot;,&quot;credit&quot;:&quot;&quot;,&quot;camera&quot;:&quot;PPA-LX1&quot;,&quot;caption&quot;:&quot;&quot;,&quot;created_timestamp&quot;:&quot;1707903035&quot;,&quot;copyright&quot;:&quot;&quot;,&quot;focal_length&quot;:&quot;5.3&quot;,&quot;iso&quot;:&quot;320&quot;,&quot;shutter_speed&quot;:&quot;0.001347&quot;,&quot;title&quot;:&quot;&quot;,&quot;orientation&quot;:&quot;0&quot;}\" data-image-title=\"IMG_20240214_093034\" data-image-description=\"\" data-image-caption=\"\" data-large-file=\"http:\/\/mos.kamienna-gora.pl\/wp-content\/uploads\/2024\/02\/IMG_20240214_093034-1024x768.jpg\" data-id=\"3196\" src=\"http:\/\/mos.kamienna-gora.pl\/wp-content\/uploads\/2024\/02\/IMG_20240214_093034-1024x768.jpg\" alt=\"\" class=\"wp-image-3196\" srcset=\"http:\/\/mos.kamienna-gora.pl\/wp-content\/uploads\/2024\/02\/IMG_20240214_093034-1024x768.jpg 1024w, http:\/\/mos.kamienna-gora.pl\/wp-content\/uploads\/2024\/02\/IMG_20240214_093034-300x225.jpg 300w, http:\/\/mos.kamienna-gora.pl\/wp-content\/uploads\/2024\/02\/IMG_20240214_093034-768x576.jpg 768w, http:\/\/mos.kamienna-gora.pl\/wp-content\/uploads\/2024\/02\/IMG_20240214_093034-1536x1152.jpg 1536w, http:\/\/mos.kamienna-gora.pl\/wp-content\/uploads\/2024\/02\/IMG_20240214_093034-2048x1536.jpg 2048w, http:\/\/mos.kamienna-gora.pl\/wp-content\/uploads\/2024\/02\/IMG_20240214_093034-160x120.jpg 160w\" sizes=\"auto, (max-width: 1024px) 100vw, 1024px\" \/><\/figure>\n<\/figure>\n\n\n\n<figure class=\"wp-block-gallery has-nested-images columns-default is-cropped wp-block-gallery-3 is-layout-flex wp-block-gallery-is-layout-flex\">\n<figure class=\"wp-block-image size-large\"><img loading=\"lazy\" decoding=\"async\" width=\"768\" height=\"1024\" data-attachment-id=\"3197\" data-permalink=\"http:\/\/mos.kamienna-gora.pl\/index.php\/2024\/02\/16\/polfinal-strefy-jeleniogorskiej-w-pilce-siatkowej-chlopcow-w-igrzyskach-mlodziezy-szkolnej-3\/img_20240214_114208_1\/\" data-orig-file=\"http:\/\/mos.kamienna-gora.pl\/wp-content\/uploads\/2024\/02\/IMG_20240214_114208_1-scaled.jpg\" data-orig-size=\"1920,2560\" data-comments-opened=\"1\" data-image-meta=\"{&quot;aperture&quot;:&quot;1.8&quot;,&quot;credit&quot;:&quot;&quot;,&quot;camera&quot;:&quot;PPA-LX1&quot;,&quot;caption&quot;:&quot;&quot;,&quot;created_timestamp&quot;:&quot;1707910929&quot;,&quot;copyright&quot;:&quot;&quot;,&quot;focal_length&quot;:&quot;5.3&quot;,&quot;iso&quot;:&quot;80&quot;,&quot;shutter_speed&quot;:&quot;0.01&quot;,&quot;title&quot;:&quot;&quot;,&quot;orientation&quot;:&quot;0&quot;}\" data-image-title=\"IMG_20240214_114208_1\" data-image-description=\"\" data-image-caption=\"\" data-large-file=\"http:\/\/mos.kamienna-gora.pl\/wp-content\/uploads\/2024\/02\/IMG_20240214_114208_1-768x1024.jpg\" data-id=\"3197\" src=\"http:\/\/mos.kamienna-gora.pl\/wp-content\/uploads\/2024\/02\/IMG_20240214_114208_1-768x1024.jpg\" alt=\"\" class=\"wp-image-3197\" srcset=\"http:\/\/mos.kamienna-gora.pl\/wp-content\/uploads\/2024\/02\/IMG_20240214_114208_1-768x1024.jpg 768w, http:\/\/mos.kamienna-gora.pl\/wp-content\/uploads\/2024\/02\/IMG_20240214_114208_1-225x300.jpg 225w, http:\/\/mos.kamienna-gora.pl\/wp-content\/uploads\/2024\/02\/IMG_20240214_114208_1-1152x1536.jpg 1152w, http:\/\/mos.kamienna-gora.pl\/wp-content\/uploads\/2024\/02\/IMG_20240214_114208_1-1536x2048.jpg 1536w, http:\/\/mos.kamienna-gora.pl\/wp-content\/uploads\/2024\/02\/IMG_20240214_114208_1-scaled.jpg 1920w\" sizes=\"auto, (max-width: 768px) 100vw, 768px\" \/><\/figure>\n<\/figure>\n\n\n\n<figure class=\"wp-block-gallery has-nested-images columns-default is-cropped wp-block-gallery-4 is-layout-flex wp-block-gallery-is-layout-flex\">\n<figure class=\"wp-block-image size-large\"><img loading=\"lazy\" decoding=\"async\" width=\"768\" height=\"1024\" data-attachment-id=\"3198\" data-permalink=\"http:\/\/mos.kamienna-gora.pl\/index.php\/2024\/02\/16\/polfinal-strefy-jeleniogorskiej-w-pilce-siatkowej-chlopcow-w-igrzyskach-mlodziezy-szkolnej-3\/img_20240214_130135\/\" data-orig-file=\"http:\/\/mos.kamienna-gora.pl\/wp-content\/uploads\/2024\/02\/IMG_20240214_130135-scaled.jpg\" data-orig-size=\"1920,2560\" data-comments-opened=\"1\" data-image-meta=\"{&quot;aperture&quot;:&quot;1.8&quot;,&quot;credit&quot;:&quot;&quot;,&quot;camera&quot;:&quot;PPA-LX1&quot;,&quot;caption&quot;:&quot;&quot;,&quot;created_timestamp&quot;:&quot;1707915696&quot;,&quot;copyright&quot;:&quot;&quot;,&quot;focal_length&quot;:&quot;5.3&quot;,&quot;iso&quot;:&quot;50&quot;,&quot;shutter_speed&quot;:&quot;0.02&quot;,&quot;title&quot;:&quot;&quot;,&quot;orientation&quot;:&quot;0&quot;}\" data-image-title=\"IMG_20240214_130135\" data-image-description=\"\" data-image-caption=\"\" data-large-file=\"http:\/\/mos.kamienna-gora.pl\/wp-content\/uploads\/2024\/02\/IMG_20240214_130135-768x1024.jpg\" data-id=\"3198\" src=\"http:\/\/mos.kamienna-gora.pl\/wp-content\/uploads\/2024\/02\/IMG_20240214_130135-768x1024.jpg\" alt=\"\" class=\"wp-image-3198\" srcset=\"http:\/\/mos.kamienna-gora.pl\/wp-content\/uploads\/2024\/02\/IMG_20240214_130135-768x1024.jpg 768w, http:\/\/mos.kamienna-gora.pl\/wp-content\/uploads\/2024\/02\/IMG_20240214_130135-225x300.jpg 225w, http:\/\/mos.kamienna-gora.pl\/wp-content\/uploads\/2024\/02\/IMG_20240214_130135-1152x1536.jpg 1152w, http:\/\/mos.kamienna-gora.pl\/wp-content\/uploads\/2024\/02\/IMG_20240214_130135-1536x2048.jpg 1536w, http:\/\/mos.kamienna-gora.pl\/wp-content\/uploads\/2024\/02\/IMG_20240214_130135-scaled.jpg 1920w\" sizes=\"auto, (max-width: 768px) 100vw, 768px\" \/><\/figure>\n<\/figure>\n\n\n\n<figure class=\"wp-block-gallery has-nested-images columns-default is-cropped wp-block-gallery-5 is-layout-flex wp-block-gallery-is-layout-flex\">\n<figure class=\"wp-block-image size-large\"><img loading=\"lazy\" decoding=\"async\" width=\"1024\" height=\"768\" data-attachment-id=\"3199\" data-permalink=\"http:\/\/mos.kamienna-gora.pl\/index.php\/2024\/02\/16\/polfinal-strefy-jeleniogorskiej-w-pilce-siatkowej-chlopcow-w-igrzyskach-mlodziezy-szkolnej-3\/img_20240214_130242\/\" data-orig-file=\"http:\/\/mos.kamienna-gora.pl\/wp-content\/uploads\/2024\/02\/IMG_20240214_130242-scaled.jpg\" data-orig-size=\"2560,1920\" data-comments-opened=\"1\" data-image-meta=\"{&quot;aperture&quot;:&quot;1.8&quot;,&quot;credit&quot;:&quot;&quot;,&quot;camera&quot;:&quot;PPA-LX1&quot;,&quot;caption&quot;:&quot;&quot;,&quot;created_timestamp&quot;:&quot;1707915762&quot;,&quot;copyright&quot;:&quot;&quot;,&quot;focal_length&quot;:&quot;5.3&quot;,&quot;iso&quot;:&quot;64&quot;,&quot;shutter_speed&quot;:&quot;0.02&quot;,&quot;title&quot;:&quot;&quot;,&quot;orientation&quot;:&quot;0&quot;}\" data-image-title=\"IMG_20240214_130242\" data-image-description=\"\" data-image-caption=\"\" data-large-file=\"http:\/\/mos.kamienna-gora.pl\/wp-content\/uploads\/2024\/02\/IMG_20240214_130242-1024x768.jpg\" data-id=\"3199\" src=\"http:\/\/mos.kamienna-gora.pl\/wp-content\/uploads\/2024\/02\/IMG_20240214_130242-1024x768.jpg\" alt=\"\" class=\"wp-image-3199\" srcset=\"http:\/\/mos.kamienna-gora.pl\/wp-content\/uploads\/2024\/02\/IMG_20240214_130242-1024x768.jpg 1024w, http:\/\/mos.kamienna-gora.pl\/wp-content\/uploads\/2024\/02\/IMG_20240214_130242-300x225.jpg 300w, http:\/\/mos.kamienna-gora.pl\/wp-content\/uploads\/2024\/02\/IMG_20240214_130242-768x576.jpg 768w, http:\/\/mos.kamienna-gora.pl\/wp-content\/uploads\/2024\/02\/IMG_20240214_130242-1536x1152.jpg 1536w, http:\/\/mos.kamienna-gora.pl\/wp-content\/uploads\/2024\/02\/IMG_20240214_130242-2048x1536.jpg 2048w, http:\/\/mos.kamienna-gora.pl\/wp-content\/uploads\/2024\/02\/IMG_20240214_130242-160x120.jpg 160w\" sizes=\"auto, (max-width: 1024px) 100vw, 1024px\" \/><\/figure>\n<\/figure>\n","protected":false},"excerpt":{"rendered":"<p>Dnia 14 luty 2024 roku na Hali Sportowej przy Szkole Podstawowej nr 1 w Kamiennej G\u00f3rze odby\u0142 si\u0119 p\u00f3\u0142fina\u0142 Strefy&hellip;<\/p>\n","protected":false},"author":1,"featured_media":3200,"comment_status":"open","ping_status":"open","sticky":false,"template":"","format":"standard","meta":{"jetpack_post_was_ever_published":false,"_jetpack_newsletter_access":"","_jetpack_dont_email_post_to_subs":false,"_jetpack_newsletter_tier_id":0,"_jetpack_memberships_contains_paywalled_content":false,"_jetpack_memberships_contains_paid_content":false,"footnotes":""},"categories":[1,8],"tags":[],"class_list":["post-3194","post","type-post","status-publish","format-standard","has-post-thumbnail","hentry","category-wydarzenia","category-zawody-strefowe"],"jetpack_featured_media_url":"http:\/\/mos.kamienna-gora.pl\/wp-content\/uploads\/2024\/02\/IMG_20240214_130135-1-scaled.jpg","jetpack_sharing_enabled":true,"jetpack_shortlink":"https:\/\/wp.me\/paEJ1v-Pw","jetpack-related-posts":[],"_links":{"self":[{"href":"http:\/\/mos.kamienna-gora.pl\/index.php\/wp-json\/wp\/v2\/posts\/3194","targetHints":{"allow":["GET"]}}],"collection":[{"href":"http:\/\/mos.kamienna-gora.pl\/index.php\/wp-json\/wp\/v2\/posts"}],"about":[{"href":"http:\/\/mos.kamienna-gora.pl\/index.php\/wp-json\/wp\/v2\/types\/post"}],"author":[{"embeddable":true,"href":"http:\/\/mos.kamienna-gora.pl\/index.php\/wp-json\/wp\/v2\/users\/1"}],"replies":[{"embeddable":true,"href":"http:\/\/mos.kamienna-gora.pl\/index.php\/wp-json\/wp\/v2\/comments?post=3194"}],"version-history":[{"count":1,"href":"http:\/\/mos.kamienna-gora.pl\/index.php\/wp-json\/wp\/v2\/posts\/3194\/revisions"}],"predecessor-version":[{"id":3201,"href":"http:\/\/mos.kamienna-gora.pl\/index.php\/wp-json\/wp\/v2\/posts\/3194\/revisions\/3201"}],"wp:featuredmedia":[{"embeddable":true,"href":"http:\/\/mos.kamienna-gora.pl\/index.php\/wp-json\/wp\/v2\/media\/3200"}],"wp:attachment":[{"href":"http:\/\/mos.kamienna-gora.pl\/index.php\/wp-json\/wp\/v2\/media?parent=3194"}],"wp:term":[{"taxonomy":"category","embeddable":true,"href":"http:\/\/mos.kamienna-gora.pl\/index.php\/wp-json\/wp\/v2\/categories?post=3194"},{"taxonomy":"post_tag","embeddable":true,"href":"http:\/\/mos.kamienna-gora.pl\/index.php\/wp-json\/wp\/v2\/tags?post=3194"}],"curies":[{"name":"wp","href":"https:\/\/api.w.org\/{rel}","templated":true}]}}