{"id":3261,"date":"2024-03-05T12:40:32","date_gmt":"2024-03-05T11:40:32","guid":{"rendered":"http:\/\/mos.kamienna-gora.pl\/?p=3261"},"modified":"2024-03-05T12:40:32","modified_gmt":"2024-03-05T11:40:32","slug":"final-strefy-jeleniogorskiej-w-plywaniu-druzynowym-dziewczat-oraz-chlopcow-w-igrzyskach-dzieci-2","status":"publish","type":"post","link":"http:\/\/mos.kamienna-gora.pl\/index.php\/2024\/03\/05\/final-strefy-jeleniogorskiej-w-plywaniu-druzynowym-dziewczat-oraz-chlopcow-w-igrzyskach-dzieci-2\/","title":{"rendered":"Fina\u0142 Strefy Jeleniog\u00f3rskiej w p\u0142ywaniu dru\u017cynowym dziewcz\u0105t, oraz ch\u0142opc\u00f3w w Igrzyskach Dzieci"},"content":{"rendered":"\n\n\n<p>Na krytej p\u0142ywalni w Kamiennej G\u00f3rze odby\u0142 si\u0119 Fina\u0142 Strefy Jeleniog\u00f3rskiej w p\u0142ywaniu dru\u017cynowym w ramach Igrzysk dzieci w kategorii dziewcz\u0105t, oraz ch\u0142opc\u00f3w.<\/p>\n<p>Zawody uroczy\u015bcie otworzy\u0142 Dyrektor Miejskiego Centrum Kultury Fizycznej w Kamiennej G\u00f3rze Zenon Kr\u00f3l.<\/p>\n<p>W zawodach udzia\u0142 wzi\u0119\u0142o 5 szk\u00f3\u0142:<\/p>\n<p>&#8211; Szko\u0142a Podstawowa nr 1 z Kamienne G\u00f3ry<\/p>\n<p>&#8211; Szko\u0142a Podstawowa nr \u00a0z Kamienne G\u00f3ry<\/p>\n<p>&#8211; Szko\u0142a Podstawowa z Osiecznicy<\/p>\n<p>&#8211; Publiczna Szko\u0142a Podstawowa Zakonu Pijar\u00f3w z Boles\u0142awca<\/p>\n<p>&#8211; Szko\u0142a Podstawowa nr 11 z Jeleniej G\u00f3rze<\/p>\n<p>Igrzyska dzieci:<\/p>\n<p><strong>Dziewcz\u0119ta:<\/strong><\/p>\n<p>\u00a0<\/p>\n<p>Styl motylkowy 25 m.<\/p>\n<ol>\n<li>Jarema AdaPSP Boles\u0142awiec\u00a0 17,13<\/li>\n<li>Makowska Aleksandra PSP Boles\u0142awiec\u00a0 17,28<\/li>\n<li>\u017buk Milena SP 11 Jel. G\u00f3ra\u00a0 18,08<\/li>\n<li>W\u0119gli\u0144ska Julia SP 2 Kam. G\u00f3ra\u00a0 18,27<\/li>\n<li>Rodzewicz Emilia SP 11 Jel. G\u00f3ra\u00a0 18,62<\/li>\n<li>Obrzud Liwia SP 2 Kam. G\u00f3ra\u00a0 \u00a0 18,64<\/li>\n<li>Sosnowska Lena SP 1 Kam. G\u00f3ra\u00a0 \u00a019,08<\/li>\n<li>Broszko Vanessa SP Osiecznica 23,87<\/li>\n<li>Sergiel Blanka SP 2 Kam. G\u00f3ra\u00a0 \u00a018, 90 PK<\/li>\n<\/ol>\n<p>Styl grzbietowy 50 m.<\/p>\n<ol>\n<li>Ko\u017cuchowska-Grabczuk Gabriela SP 11 Jel. G\u00f3ra\u00a0 \u00a0 41,79<\/li>\n<li>Bandyk Laura SP 2 Kam. G\u00f3ra\u00a0 \u00a043,62<\/li>\n<li>Etryk Hanna SP 1 Kam. G\u00f3ra\u00a0 \u00a0 50,03<\/li>\n<li>Matusz Dominika SP Osiecznica\u00a0 59,31<\/li>\n<li>Scherner Milena\u00a0 PSP Boles\u0142awiec\u00a0 50,97<\/li>\n<li>Mazur Milena SP 1 Kam. G\u00f3ra\u00a0 \u00a01:00,56<\/li>\n<li>Char\u0119za Iga\u00a0 \u00a0SP Osiecznica\u00a0 \u00a01:02,78<\/li>\n<li>G\u00f3recka Maja SP 2 Kam. G\u00f3ra\u00a0 \u00a0 44,43\u00a0\u00a0 PK\u00a0\u00a0\u00a0\u00a0\u00a0\u00a0\u00a0\u00a0\u00a0\u00a0\u00a0\u00a0\u00a0\u00a0\u00a0\u00a0\u00a0\u00a0<\/li>\n<\/ol>\n<p>Styl klasyczny 50 m.<\/p>\n<ol>\n<li>Biel Anastazja\u00a0 \u00a0 SP 2 Kam. G\u00f3ra\u00a0 \u00a041,97<\/li>\n<li>Gurdziel Jagoda SP 11 Jel. G\u00f3ra 42,90<\/li>\n<li>J\u0119drzejek Felicja SP 2 Kam. G\u00f3ra\u00a0 \u00a043,49<\/li>\n<li>Micha\u0142czak Alicja SP 1 Kam. G\u00f3ra\u00a0 \u00a0 \u00a042,75<\/li>\n<li>Chlebowska Zofia SP Osiecznica\u00a0 \u00a0 57,60<\/li>\n<li>\u0141ojkowska Ola SP 1 Kam. G\u00f3ra\u00a0 \u00a0 \u00a0 \u00a057,66<\/li>\n<li>Mr\u00f3wka Liwia SP 2 Kam. G\u00f3ra\u00a0 50,48 PK<\/li>\n<li>Krawiec Kamila SP 2 Kam. G\u00f3ra\u00a0 \u00a0 51,13 PK<\/li>\n<li>Kozak Laura SP 11 Jel G\u00f3ra 51,45 PK<\/li>\n<\/ol>\n<p>Styl dowolny 50 m.<\/p>\n<ol>\n<li>Najdewska Maria SP 11 Jel. G\u00f3ra\u00a0 \u00a030,80<\/li>\n<li>Jarema Iga\u00a0 \u00a0 PSP Boles\u0142awiec\u00a0 \u00a032,67<\/li>\n<li>Tobiasz Hanna SP 2 Kam. G\u00f3ra\u00a0 \u00a0 34,22<\/li>\n<li>Leszczy\u0144ska Natasza SP 1 Kam. G\u00f3ra\u00a0 37,25<\/li>\n<li>Sornat Sandra SP 11 Jel. G\u00f3ra\u00a0 37,28<\/li>\n<li>D\u0105browa Zuzanna\u00a0 \u00a0 SP Osiecznica\u00a0 \u00a0 \u00a044,57<\/li>\n<li>Jacenko Ksenia PSP Boles\u0142awiec\u00a0 46,96<\/li>\n<li>Matysiak Natasza SP Osiecznica\u00a0 \u00a0 \u00a048,36<\/li>\n<li>Ko\u0142odziej Maria PSP Boles\u0142awiec\u00a0 \u00a0 \u00a048,40<\/li>\n<li>Klimkiewicz Maja SP 2 Kam. G\u00f3ra\u00a0 40,00 PK<\/li>\n<li>Wo\u0142oszyn Olga PSP Boles\u0142awiec\u00a0 \u00a0 \u00a054,82 PK<\/li>\n<\/ol>\n<p>Sztafeta p\u0142ywacka:<\/p>\n<ol>\n<li>Szko\u0142a Podstawowa nr 11 Jelenia G\u00f3ra\u00a0 1:35,91<\/li>\n<li>Szko\u0142a Podstawowa nr 2 Kamienna G\u00f3ra\u00a0 \u00a01:41,30<\/li>\n<li>Publiczna Szko\u0142a Podstawowa Zakonu Pijar\u00f3w w Boles\u0142awcu\u00a0 1:54,95<\/li>\n<li>Szko\u0142a Podstawowa nr 1 Kamienna G\u00f3ra\u00a0 \u00a01:56,57<\/li>\n<li>Szko\u0142a Podstawowa w Osiecznicy\u00a0 \u00a0 \u00a01:58,30<\/li>\n<\/ol>\n<p>Punktacja dru\u017cynowa:<\/p>\n<ol>\n<li>Szko\u0142a Podstawowa nr 11 Jelenia G\u00f3ra\u00a0 121 pkt<\/li>\n<li>Szko\u0142a Podstawowa nr 2 Kamienna G\u00f3ra\u00a0 \u00a0114<\/li>\n<li>Publiczna Szko\u0142a Podstawowa Zakonu Pijar\u00f3w w Boles\u0142awcu\u00a0 \u00a0 95<\/li>\n<li>Szko\u0142a Podstawowa w Osiecznicy\u00a0 90<\/li>\n<li>Szko\u0142a Podstawowa nr 1 Kamienna G\u00f3ra\u00a0 \u00a085<\/li>\n<\/ol>\n<p>Ch\u0142opcy:<\/p>\n<p>Sztafety 6 x 25 m.<\/p>\n<ol>\n<li>Szko\u0142a Podstawowa nr 11 w Jeleniej G\u00f3rze\u00a0 1:35,28<\/li>\n<li>Szko\u0142a Podstawowa nr 2 w Kamiennej G\u00f3rze\u00a0 \u00a01:45,80<\/li>\n<li>Szko\u0142a Podstawowa nr 1 w Kamiennej G\u00f3rze\u00a0 \u00a01:50,66<\/li>\n<li>Szko\u0142\u0105 Podstawowa w Osiecznicy\u00a0 2:06.08<\/li>\n<li>Publiczna Szko\u0142a Podstawowa w Boles\u0142awcu\u00a0 \u00a02:21,20<\/li>\n<\/ol>\n<p>Styl motylkowy 25 m.<\/p>\n<ol>\n<li>Trzewik Maksymilian\u00a0 \u00a0SP 11 Jel. G\u00f3ra\u00a0 17,03<\/li>\n<li>Jacel Hubert\u00a0 \u00a0SP 2 Kam. G\u00f3ra\u00a0 19,13<\/li>\n<li>Wi\u015bniewski Eryk\u00a0 SP 1 Kam. G\u00f3ra\u00a0 \u00a019,15<\/li>\n<li>Bodziony Igor\u00a0 \u00a0SP 2 Kam. G\u00f3ra\u00a0 \u00a019,74<\/li>\n<li>Toczek Jakub\u00a0 \u00a0SP Osiecznica\u00a0 \u00a020,54<\/li>\n<li>Krzywicki Tomasz\u00a0 \u00a0 \u00a0SP 11 Jel. G\u00f3ra\u00a0 \u00a0 \u00a019,24PK<\/li>\n<\/ol>\n<p>Styl dowolny 50 m.<\/p>\n<ol>\n<li>Pie\u0144kowski Jakub\u00a0 SP 11 Jel. G\u00f3ra\u00a0 \u00a029,00<\/li>\n<li>Chru\u015bciel Jakub\u00a0 \u00a0 \u00a0SP 11 Jel. G\u00f3ra\u00a0 \u00a0 \u00a036,03<\/li>\n<li>Knap Domink\u00a0 \u00a0 SP 2 Kam. G\u00f3ra\u00a0 \u00a0 \u00a037,34<\/li>\n<li>Izworski Alex\u00a0 \u00a0 SP 2 Kam. G\u00f3ra\u00a0 \u00a038,60<\/li>\n<li>Makowski Filip\u00a0 \u00a0 \u00a0 SP Osiecznica\u00a0 \u00a0 39,71<\/li>\n<li>Budaj Jan\u00a0 \u00a0 \u00a0 SP 1 Kam. G\u00f3ra\u00a0 \u00a040,73<\/li>\n<li>Szampera Dominik\u00a0 \u00a0SP 1 Kam. G\u00f3ra\u00a0 \u00a0 \u00a044,60<\/li>\n<li>Rudzi\u0144ski Jan\u00a0 \u00a0 \u00a0 PSP Boles\u0142awiec\u00a0 \u00a0 \u00a046,41<\/li>\n<li>Kiepura Bartosz\u00a0 \u00a0 \u00a0 PSP Boles\u0142awiec\u00a0 \u00a01:00,81<\/li>\n<li>Frank\u00f3w Krystian\u00a0 \u00a0 \u00a0PSP Boles\u0142awiec\u00a0 \u00a01:05,68<\/li>\n<li>Kurnyta Kacper\u00a0 \u00a0 SP 1 Kam. G\u00f3ra\u00a0 \u00a0 \u00a046,93PK<\/li>\n<\/ol>\n<p>Styl klasyczny 50 m.<\/p>\n<ol>\n<li>Grabi\u0144ski Maciej\u00a0 \u00a0 \u00a0 SP 11 Jel. G\u00f3ra\u00a0 48,93<\/li>\n<li>G\u00f3recki Marcel\u00a0 \u00a0 \u00a0 \u00a0SP 2 Kam. G\u00f3ra\u00a0 \u00a0 \u00a0 48,95<\/li>\n<li>Malich Wojciech\u00a0 \u00a0 SP 1 Kam. G\u00f3ra\u00a0 \u00a053,24<\/li>\n<li>Gawin \u2013 Bakszas Olgierd\u00a0\u00a0\u00a0\u00a0\u00a0 SP 1 Kam. G\u00f3ra\u00a0 \u00a0 57,44<\/li>\n<li>Makowski Wojciech\u00a0 \u00a0 \u00a0 PSP Boles\u0142awiec\u00a0 \u00a01:02,73<\/li>\n<li>Straszak Bartosz\u00a0 \u00a0 \u00a0 \u00a0 SP Osiecznica\u00a0 \u00a0 1:13,39<\/li>\n<li>Homoncik Maksym\u00a0 \u00a0 SP 2 Kam. G\u00f3ra\u00a0 \u00a0 52,12PK<\/li>\n<li>Plas\u0142o Kamil\u00a0 \u00a0 \u00a0 \u00a0 SP 2 Kam. G\u00f3ra\u00a0 \u00a0 49,84PK<\/li>\n<li>Przys\u0142o Gracjan\u00a0 \u00a0 \u00a0 SP 1 Kam. G\u00f3ra\u00a0 \u00a055,53PK<\/li>\n<li>Jacenko Filip\u00a0 \u00a0 \u00a0 PSP Boles\u0142awiec\u00a0 1:06,37PK<\/li>\n<li>Polak Kacper\u00a0 \u00a0 PSP Boles\u0142awiec\u00a0 \u00a0 \u00a01:14,08PK<\/li>\n<\/ol>\n<p>Styl grzbietowy 50 m.<\/p>\n<ol>\n<li>Wo\u017cny Julian\u00a0 \u00a0 SP 11 Jel. G\u00f3ra\u00a0 \u00a0 37,78<\/li>\n<li>Wieczorkiewicz Szymon\u00a0\u00a0\u00a0\u00a0\u00a0\u00a0 SP 11 Jel. G\u00f3ra\u00a0 \u00a041,77<\/li>\n<li>Wernik \u2013 Le\u015bniak Maciej\u00a0\u00a0\u00a0\u00a0\u00a0\u00a0 SP 1 Kam. G\u00f3ra\u00a0 \u00a0 \u00a0 43,31<\/li>\n<li>Mara\u015b Jakub\u00a0 \u00a0SP 2 Kam. G\u00f3ra\u00a0 \u00a043,55<\/li>\n<li>Skrok Szymon\u00a0 \u00a0 \u00a0SP Osiecznica\u00a0 \u00a0 \u00a044,09<\/li>\n<li>Janczewski Franciszek\u00a0 PSP Boles\u0142awiec\u00a0 \u00a058,49<\/li>\n<li>Szerner Miko\u0142aj\u00a0 \u00a0 \u00a0PSP Boles\u0142awiec\u00a0 \u00a0 1:00,97<\/li>\n<li>Maksymiuk Kacper SP Osiecznica\u00a0 1:05,30<\/li>\n<li>Rudzik Dominik\u00a0 \u00a0 \u00a0SP Osiecznica\u00a0 \u00a01:13,01<\/li>\n<\/ol>\n<p>Klasyfikacja dru\u017cynowa<\/p>\n<ol>\n<li>Szko\u0142a Podstawowa nr 11 im. Fryderyka Chopina w Jeleniej G\u00f3rze\u00a0 \u00a0132 pkt.<\/li>\n<li>Szko\u0142a Podstawowa nr 2 im. Tkaczy \u015al\u0105skich w Kamiennej G\u00f3rze 113 pkt.<\/li>\n<li>Szko\u0142a Podstawowa nr 1 im. ks. Jana Twardowskiego w Kamiennej G\u00f3rze\u00a0 \u00a0104 pkt.<\/li>\n<li>Zesp\u00f3\u0142 Szk\u00f3\u0142 im. Jana Paw\u0142a II w Osiecznicy\u00a0 \u00a0 \u00a0 90 pkt.<\/li>\n<li>Publiczna Szko\u0142a Podstawowa Zakonu Pijar\u00f3w im. Stanis\u0142awa Konarskiego w Boles\u0142awcu 68.pkt\u00a0 \u00a0 \u00a0 \u00a0 \u00a0 \u00a0 \u00a0 \u00a0 \u00a0 \u00a0 \u00a0 \u00a0 \u00a0 \u00a0 \u00a0 \u00a0 \u00a0 \u00a0 \u00a0 \u00a0 \u00a0 \u00a0 \u00a0 \u00a0 \u00a0 \u00a0 \u00a0 \u00a0<\/li>\n<\/ol>\n<p>Szko\u0142a Podstawowa 11 Jelenia G\u00f3ra oraz Szko\u0142a Podstawowa nr 2 Kamienna G\u00f3ra uzyska\u0142y awans do Fina\u0142u Wojew\u00f3dzkiego, kt\u00f3ry odb\u0119dzie si\u0119 we Wroc\u0142awiu.<\/p>\n\n\n\n<figure class=\"wp-block-gallery has-nested-images columns-default is-cropped wp-block-gallery-1 is-layout-flex wp-block-gallery-is-layout-flex\">\n<figure class=\"wp-block-image size-large\"><img loading=\"lazy\" decoding=\"async\" width=\"1024\" height=\"768\" data-attachment-id=\"3262\" data-permalink=\"http:\/\/mos.kamienna-gora.pl\/index.php\/2024\/03\/05\/final-strefy-jeleniogorskiej-w-plywaniu-druzynowym-dziewczat-oraz-chlopcow-w-igrzyskach-dzieci-2\/img_20240305_094324\/\" data-orig-file=\"http:\/\/mos.kamienna-gora.pl\/wp-content\/uploads\/2024\/03\/IMG_20240305_094324-scaled.jpg\" data-orig-size=\"2560,1920\" data-comments-opened=\"1\" data-image-meta=\"{&quot;aperture&quot;:&quot;1.8&quot;,&quot;credit&quot;:&quot;&quot;,&quot;camera&quot;:&quot;PPA-LX1&quot;,&quot;caption&quot;:&quot;&quot;,&quot;created_timestamp&quot;:&quot;1709631804&quot;,&quot;copyright&quot;:&quot;&quot;,&quot;focal_length&quot;:&quot;5.3&quot;,&quot;iso&quot;:&quot;80&quot;,&quot;shutter_speed&quot;:&quot;0.01&quot;,&quot;title&quot;:&quot;&quot;,&quot;orientation&quot;:&quot;0&quot;}\" data-image-title=\"IMG_20240305_094324\" data-image-description=\"\" data-image-caption=\"\" data-large-file=\"http:\/\/mos.kamienna-gora.pl\/wp-content\/uploads\/2024\/03\/IMG_20240305_094324-1024x768.jpg\" data-id=\"3262\" src=\"http:\/\/mos.kamienna-gora.pl\/wp-content\/uploads\/2024\/03\/IMG_20240305_094324-1024x768.jpg\" alt=\"\" class=\"wp-image-3262\" srcset=\"http:\/\/mos.kamienna-gora.pl\/wp-content\/uploads\/2024\/03\/IMG_20240305_094324-1024x768.jpg 1024w, http:\/\/mos.kamienna-gora.pl\/wp-content\/uploads\/2024\/03\/IMG_20240305_094324-300x225.jpg 300w, http:\/\/mos.kamienna-gora.pl\/wp-content\/uploads\/2024\/03\/IMG_20240305_094324-768x576.jpg 768w, http:\/\/mos.kamienna-gora.pl\/wp-content\/uploads\/2024\/03\/IMG_20240305_094324-1536x1152.jpg 1536w, http:\/\/mos.kamienna-gora.pl\/wp-content\/uploads\/2024\/03\/IMG_20240305_094324-2048x1536.jpg 2048w, http:\/\/mos.kamienna-gora.pl\/wp-content\/uploads\/2024\/03\/IMG_20240305_094324-160x120.jpg 160w\" sizes=\"auto, (max-width: 1024px) 100vw, 1024px\" \/><\/figure>\n<\/figure>\n\n\n\n<figure class=\"wp-block-gallery has-nested-images columns-default is-cropped wp-block-gallery-2 is-layout-flex wp-block-gallery-is-layout-flex\">\n<figure class=\"wp-block-image size-large\"><img loading=\"lazy\" decoding=\"async\" width=\"1024\" height=\"768\" data-attachment-id=\"3263\" data-permalink=\"http:\/\/mos.kamienna-gora.pl\/index.php\/2024\/03\/05\/final-strefy-jeleniogorskiej-w-plywaniu-druzynowym-dziewczat-oraz-chlopcow-w-igrzyskach-dzieci-2\/img_20240305_094343\/\" data-orig-file=\"http:\/\/mos.kamienna-gora.pl\/wp-content\/uploads\/2024\/03\/IMG_20240305_094343-scaled.jpg\" data-orig-size=\"2560,1920\" data-comments-opened=\"1\" data-image-meta=\"{&quot;aperture&quot;:&quot;1.8&quot;,&quot;credit&quot;:&quot;&quot;,&quot;camera&quot;:&quot;PPA-LX1&quot;,&quot;caption&quot;:&quot;&quot;,&quot;created_timestamp&quot;:&quot;1709631824&quot;,&quot;copyright&quot;:&quot;&quot;,&quot;focal_length&quot;:&quot;5.3&quot;,&quot;iso&quot;:&quot;64&quot;,&quot;shutter_speed&quot;:&quot;0.02&quot;,&quot;title&quot;:&quot;&quot;,&quot;orientation&quot;:&quot;0&quot;}\" data-image-title=\"IMG_20240305_094343\" data-image-description=\"\" data-image-caption=\"\" data-large-file=\"http:\/\/mos.kamienna-gora.pl\/wp-content\/uploads\/2024\/03\/IMG_20240305_094343-1024x768.jpg\" data-id=\"3263\" src=\"http:\/\/mos.kamienna-gora.pl\/wp-content\/uploads\/2024\/03\/IMG_20240305_094343-1024x768.jpg\" alt=\"\" class=\"wp-image-3263\" srcset=\"http:\/\/mos.kamienna-gora.pl\/wp-content\/uploads\/2024\/03\/IMG_20240305_094343-1024x768.jpg 1024w, http:\/\/mos.kamienna-gora.pl\/wp-content\/uploads\/2024\/03\/IMG_20240305_094343-300x225.jpg 300w, http:\/\/mos.kamienna-gora.pl\/wp-content\/uploads\/2024\/03\/IMG_20240305_094343-768x576.jpg 768w, http:\/\/mos.kamienna-gora.pl\/wp-content\/uploads\/2024\/03\/IMG_20240305_094343-1536x1152.jpg 1536w, http:\/\/mos.kamienna-gora.pl\/wp-content\/uploads\/2024\/03\/IMG_20240305_094343-2048x1536.jpg 2048w, http:\/\/mos.kamienna-gora.pl\/wp-content\/uploads\/2024\/03\/IMG_20240305_094343-160x120.jpg 160w\" sizes=\"auto, (max-width: 1024px) 100vw, 1024px\" \/><\/figure>\n<\/figure>\n\n\n\n<figure class=\"wp-block-gallery has-nested-images columns-default is-cropped wp-block-gallery-3 is-layout-flex wp-block-gallery-is-layout-flex\">\n<figure class=\"wp-block-image size-large\"><img loading=\"lazy\" decoding=\"async\" width=\"1024\" height=\"768\" data-attachment-id=\"3264\" data-permalink=\"http:\/\/mos.kamienna-gora.pl\/index.php\/2024\/03\/05\/final-strefy-jeleniogorskiej-w-plywaniu-druzynowym-dziewczat-oraz-chlopcow-w-igrzyskach-dzieci-2\/img_20240305_105932\/\" data-orig-file=\"http:\/\/mos.kamienna-gora.pl\/wp-content\/uploads\/2024\/03\/IMG_20240305_105932-scaled.jpg\" data-orig-size=\"2560,1920\" data-comments-opened=\"1\" data-image-meta=\"{&quot;aperture&quot;:&quot;1.8&quot;,&quot;credit&quot;:&quot;&quot;,&quot;camera&quot;:&quot;PPA-LX1&quot;,&quot;caption&quot;:&quot;&quot;,&quot;created_timestamp&quot;:&quot;1709636373&quot;,&quot;copyright&quot;:&quot;&quot;,&quot;focal_length&quot;:&quot;5.3&quot;,&quot;iso&quot;:&quot;400&quot;,&quot;shutter_speed&quot;:&quot;0.03&quot;,&quot;title&quot;:&quot;&quot;,&quot;orientation&quot;:&quot;0&quot;}\" data-image-title=\"IMG_20240305_105932\" data-image-description=\"\" data-image-caption=\"\" data-large-file=\"http:\/\/mos.kamienna-gora.pl\/wp-content\/uploads\/2024\/03\/IMG_20240305_105932-1024x768.jpg\" data-id=\"3264\" src=\"http:\/\/mos.kamienna-gora.pl\/wp-content\/uploads\/2024\/03\/IMG_20240305_105932-1024x768.jpg\" alt=\"\" class=\"wp-image-3264\" srcset=\"http:\/\/mos.kamienna-gora.pl\/wp-content\/uploads\/2024\/03\/IMG_20240305_105932-1024x768.jpg 1024w, http:\/\/mos.kamienna-gora.pl\/wp-content\/uploads\/2024\/03\/IMG_20240305_105932-300x225.jpg 300w, http:\/\/mos.kamienna-gora.pl\/wp-content\/uploads\/2024\/03\/IMG_20240305_105932-768x576.jpg 768w, http:\/\/mos.kamienna-gora.pl\/wp-content\/uploads\/2024\/03\/IMG_20240305_105932-1536x1152.jpg 1536w, http:\/\/mos.kamienna-gora.pl\/wp-content\/uploads\/2024\/03\/IMG_20240305_105932-2048x1536.jpg 2048w, http:\/\/mos.kamienna-gora.pl\/wp-content\/uploads\/2024\/03\/IMG_20240305_105932-160x120.jpg 160w\" sizes=\"auto, (max-width: 1024px) 100vw, 1024px\" \/><\/figure>\n<\/figure>\n\n\n\n<figure class=\"wp-block-gallery has-nested-images columns-default is-cropped wp-block-gallery-4 is-layout-flex wp-block-gallery-is-layout-flex\">\n<figure class=\"wp-block-image size-large\"><img loading=\"lazy\" decoding=\"async\" width=\"768\" height=\"1024\" data-attachment-id=\"3265\" data-permalink=\"http:\/\/mos.kamienna-gora.pl\/index.php\/2024\/03\/05\/final-strefy-jeleniogorskiej-w-plywaniu-druzynowym-dziewczat-oraz-chlopcow-w-igrzyskach-dzieci-2\/img_20240305_110632\/\" data-orig-file=\"http:\/\/mos.kamienna-gora.pl\/wp-content\/uploads\/2024\/03\/IMG_20240305_110632-scaled.jpg\" data-orig-size=\"1920,2560\" data-comments-opened=\"1\" data-image-meta=\"{&quot;aperture&quot;:&quot;1.8&quot;,&quot;credit&quot;:&quot;&quot;,&quot;camera&quot;:&quot;PPA-LX1&quot;,&quot;caption&quot;:&quot;&quot;,&quot;created_timestamp&quot;:&quot;1709636794&quot;,&quot;copyright&quot;:&quot;&quot;,&quot;focal_length&quot;:&quot;5.3&quot;,&quot;iso&quot;:&quot;1000&quot;,&quot;shutter_speed&quot;:&quot;0.01&quot;,&quot;title&quot;:&quot;&quot;,&quot;orientation&quot;:&quot;0&quot;}\" data-image-title=\"IMG_20240305_110632\" data-image-description=\"\" data-image-caption=\"\" data-large-file=\"http:\/\/mos.kamienna-gora.pl\/wp-content\/uploads\/2024\/03\/IMG_20240305_110632-768x1024.jpg\" data-id=\"3265\" src=\"http:\/\/mos.kamienna-gora.pl\/wp-content\/uploads\/2024\/03\/IMG_20240305_110632-768x1024.jpg\" alt=\"\" class=\"wp-image-3265\" srcset=\"http:\/\/mos.kamienna-gora.pl\/wp-content\/uploads\/2024\/03\/IMG_20240305_110632-768x1024.jpg 768w, http:\/\/mos.kamienna-gora.pl\/wp-content\/uploads\/2024\/03\/IMG_20240305_110632-225x300.jpg 225w, http:\/\/mos.kamienna-gora.pl\/wp-content\/uploads\/2024\/03\/IMG_20240305_110632-1152x1536.jpg 1152w, http:\/\/mos.kamienna-gora.pl\/wp-content\/uploads\/2024\/03\/IMG_20240305_110632-1536x2048.jpg 1536w, http:\/\/mos.kamienna-gora.pl\/wp-content\/uploads\/2024\/03\/IMG_20240305_110632-scaled.jpg 1920w\" sizes=\"auto, (max-width: 768px) 100vw, 768px\" \/><\/figure>\n<\/figure>\n","protected":false},"excerpt":{"rendered":"<p>Na krytej p\u0142ywalni w Kamiennej G\u00f3rze odby\u0142 si\u0119 Fina\u0142 Strefy Jeleniog\u00f3rskiej w p\u0142ywaniu dru\u017cynowym w ramach Igrzysk dzieci w kategorii&hellip;<\/p>\n","protected":false},"author":1,"featured_media":3266,"comment_status":"open","ping_status":"open","sticky":false,"template":"","format":"standard","meta":{"jetpack_post_was_ever_published":false,"_jetpack_newsletter_access":"","_jetpack_dont_email_post_to_subs":false,"_jetpack_newsletter_tier_id":0,"_jetpack_memberships_contains_paywalled_content":false,"_jetpack_memberships_contains_paid_content":false,"footnotes":""},"categories":[1,8],"tags":[],"class_list":["post-3261","post","type-post","status-publish","format-standard","has-post-thumbnail","hentry","category-wydarzenia","category-zawody-strefowe"],"jetpack_featured_media_url":"http:\/\/mos.kamienna-gora.pl\/wp-content\/uploads\/2024\/03\/IMG_20240305_110632-1-scaled.jpg","jetpack_sharing_enabled":true,"jetpack_shortlink":"https:\/\/wp.me\/paEJ1v-QB","jetpack-related-posts":[],"_links":{"self":[{"href":"http:\/\/mos.kamienna-gora.pl\/index.php\/wp-json\/wp\/v2\/posts\/3261","targetHints":{"allow":["GET"]}}],"collection":[{"href":"http:\/\/mos.kamienna-gora.pl\/index.php\/wp-json\/wp\/v2\/posts"}],"about":[{"href":"http:\/\/mos.kamienna-gora.pl\/index.php\/wp-json\/wp\/v2\/types\/post"}],"author":[{"embeddable":true,"href":"http:\/\/mos.kamienna-gora.pl\/index.php\/wp-json\/wp\/v2\/users\/1"}],"replies":[{"embeddable":true,"href":"http:\/\/mos.kamienna-gora.pl\/index.php\/wp-json\/wp\/v2\/comments?post=3261"}],"version-history":[{"count":1,"href":"http:\/\/mos.kamienna-gora.pl\/index.php\/wp-json\/wp\/v2\/posts\/3261\/revisions"}],"predecessor-version":[{"id":3267,"href":"http:\/\/mos.kamienna-gora.pl\/index.php\/wp-json\/wp\/v2\/posts\/3261\/revisions\/3267"}],"wp:featuredmedia":[{"embeddable":true,"href":"http:\/\/mos.kamienna-gora.pl\/index.php\/wp-json\/wp\/v2\/media\/3266"}],"wp:attachment":[{"href":"http:\/\/mos.kamienna-gora.pl\/index.php\/wp-json\/wp\/v2\/media?parent=3261"}],"wp:term":[{"taxonomy":"category","embeddable":true,"href":"http:\/\/mos.kamienna-gora.pl\/index.php\/wp-json\/wp\/v2\/categories?post=3261"},{"taxonomy":"post_tag","embeddable":true,"href":"http:\/\/mos.kamienna-gora.pl\/index.php\/wp-json\/wp\/v2\/tags?post=3261"}],"curies":[{"name":"wp","href":"https:\/\/api.w.org\/{rel}","templated":true}]}}