{"id":3591,"date":"2024-10-01T12:22:19","date_gmt":"2024-10-01T10:22:19","guid":{"rendered":"http:\/\/mos.kamienna-gora.pl\/?p=3591"},"modified":"2024-10-01T12:22:19","modified_gmt":"2024-10-01T10:22:19","slug":"final-powiatowy-w-sztafetowych-biegach-przelajowych-w-igrzyskach-mlodziezy-szkolnej","status":"publish","type":"post","link":"http:\/\/mos.kamienna-gora.pl\/index.php\/2024\/10\/01\/final-powiatowy-w-sztafetowych-biegach-przelajowych-w-igrzyskach-mlodziezy-szkolnej\/","title":{"rendered":"fina\u0142 powiatowy w sztafetowych biegach prze\u0142ajowych w Igrzyskach M\u0142odzie\u017cy Szkolnej"},"content":{"rendered":"\n\n\n<p>Dnia 01.10.2024 roku na stadionie przy ulicy S\u0142owackiego w Kamiennej G\u00f3rze odby\u0142 si\u0119 fina\u0142 powiatowy w sztafetowych biegach prze\u0142ajowych w kategorii dziewcz\u0105t oraz ch\u0142opc\u00f3w w ramach Igrzysk M\u0142odzie\u017cy Szkolnej. Ka\u017cda dru\u017cyna sk\u0142ada\u0142a si\u0119 z 6 zawodnik\u00f3w.<\/p>\n<p>Zsumowany czas\u00a0 da\u0142 ko\u0144cowy wynik. Dziewcz\u0119ta bieg\u0142y 6 x 1200m., natomiast ch\u0142opcy 6 x 1500 m.<\/p>\n<p><strong>Igrzyska M\u0142odzie\u017cy Szkolnej<\/strong><\/p>\n<p>Dziewcz\u0119ta:<\/p>\n<p>\u00a0-Szko\u0142a Podstawowa z Lubawki<\/p>\n<p>&#8211; Szko\u0142a Podstawowa nr 2 z Kamiennej G\u00f3ry<\/p>\n<p>&#8211; Szko\u0142a Podstawowa z Lubawki<\/p>\n<p>&#8211; Szko\u0142a Podstawowa nr 1 z Kamiennej G\u00f3ry<\/p>\n<p>Kolejno\u015b\u0107 ko\u0144cowa:<strong>\u00a0 \u00a0 \u00a0 \u00a0 \u00a0 \u00a0 \u00a0 \u00a0 \u00a0\u00a0<\/strong><\/p>\n<ol>\n<li><strong>Szko\u0142a Podstawowa z Lubawki\u00a0 27:58,81<\/strong><\/li>\n<li>Szko\u0142a Podstawowa nr 2 z Kamiennej G\u00f3ry\u00a0 \u00a028:17,51\u00a0\u00a0\u00a0\u00a0\u00a0\u00a0\u00a0\u00a0\u00a0<\/li>\n<li>Szko\u0142a Podstawowa nr 1 z Kamiennej G\u00f3ry\u00a0 30:57,38<\/li>\n<li>Szko\u0142a Podstawowa z Krzeszowa\u00a0 \u00a031:05,97<\/li>\n<\/ol>\n<p>Sk\u0142ad SP Lubawka:<\/p>\n<p>Andrzejczak Nadia, Bogus\u0142awska Zuzanna, Char\u0119za Amelia, Klag Jagoda, Kulikowska Zuzanna, Lamek Maja, opiekun &#8211; Artur Bodzek\u00a0 \u00a0 \u00a0 \u00a0 \u00a0 \u00a0 \u00a0 \u00a0 \u00a0 \u00a0 \u00a0 \u00a0 \u00a0 \u00a0 \u00a0 \u00a0 \u00a0 \u00a0 \u00a0 \u00a0 \u00a0 \u00a0 \u00a0 <strong>\u00a0 \u00a0 \u00a0 \u00a0 \u00a0\u00a0<\/strong><\/p>\n<p><strong>Igrzyska M\u0142odzie\u017cy Szkolnej<\/strong><\/p>\n<p>Ch\u0142opcy:<\/p>\n<p>&#8211; Szko\u0142a Podstawowa z Krzeszowa\u00a0 \u00a0 \u00a0 \u00a0 \u00a0 \u00a0 \u00a0 \u00a0 \u00a0 \u00a0 \u00a0 \u00a0 \u00a0 \u00a0<\/p>\n<p>&#8211; Szko\u0142a Podstawowa z Lubawki\u00a0 \u00a0 \u00a0 \u00a0 \u00a0 \u00a0 \u00a0 \u00a0 \u00a0 \u00a0 \u00a0 \u00a0 \u00a0 \u00a0 \u00a0\u00a0<\/p>\n<p>&#8211; Szko\u0142a Podstawowa nr 2 z Kamiennej G\u00f3ry\u00a0 \u00a0 \u00a0 \u00a0 \u00a0<\/p>\n<p>&#8211; Szko\u0142a Podstawowa nr 1 z Kamiennej G\u00f3ry\u00a0 \u00a0 \u00a0 \u00a0 \u00a0\u00a0<\/p>\n<p>Kolejno\u015b\u0107 ko\u0144cowa:<\/p>\n<ol>\n<li><strong>Szko\u0142a Podstawowa z Krzeszowa\u00a0 37:37,09 <\/strong><\/li>\n<li>Szko\u0142a Podstawowa nr 2 z Kamiennej G\u00f3ry\u00a0\u00a0 37:43,30\u00a0\u00a0\u00a0\u00a0\u00a0\u00a0\u00a0\u00a0\u00a0<\/li>\n<li>Szko\u0142a Podstawowa nr 1 z Kamiennej G\u00f3ry\u00a0\u00a0 39:59,00\u00a0\u00a0\u00a0\u00a0\u00a0\u00a0\u00a0\u00a0\u00a0<\/li>\n<li>Szko\u0142a Podstawowa z Lubawki\u00a0\u00a0\u00a0\u00a0 41:04,40\u00a0\u00a0\u00a0<\/li>\n<\/ol>\n<p>Sk\u0142ad SP Krzesz\u00f3w:<\/p>\n<p>Dubiel Micha\u0142, \u0141ojko Bartosz, \u0141ojko Eryk, Olsza\u0144ski Karol, Rzeszutek Samir, Sowa Kacper, opiekun \u2013 Pawe\u0142 Szwaja\u00a0\u00a0\u00a0\u00a0\u00a0\u00a0\u00a0\u00a0\u00a0\u00a0\u00a0\u00a0<\/p>\n<p>Zw\u0119ci\u0119skie dru\u017cyny uzyska\u0142y awans \u00a0do zawod\u00f3w Wojew\u00f3dzkich, kt\u00f3re odb\u0119d\u0105 si\u0119 10.10.2024 r w Boszkowicach, ko\u0142o Olszyny.<\/p>\n\n\n\n<figure class=\"wp-block-gallery has-nested-images columns-default is-cropped wp-block-gallery-1 is-layout-flex wp-block-gallery-is-layout-flex\">\n<figure class=\"wp-block-image size-large\"><img loading=\"lazy\" decoding=\"async\" width=\"1024\" height=\"683\" data-attachment-id=\"3592\" data-permalink=\"http:\/\/mos.kamienna-gora.pl\/index.php\/2024\/10\/01\/final-powiatowy-w-sztafetowych-biegach-przelajowych-w-igrzyskach-mlodziezy-szkolnej\/img_1219-2\/\" data-orig-file=\"http:\/\/mos.kamienna-gora.pl\/wp-content\/uploads\/2024\/10\/IMG_1219-scaled.jpg\" data-orig-size=\"2560,1707\" data-comments-opened=\"1\" data-image-meta=\"{&quot;aperture&quot;:&quot;5.6&quot;,&quot;credit&quot;:&quot;&quot;,&quot;camera&quot;:&quot;Canon EOS 4000D&quot;,&quot;caption&quot;:&quot;&quot;,&quot;created_timestamp&quot;:&quot;1727776504&quot;,&quot;copyright&quot;:&quot;&quot;,&quot;focal_length&quot;:&quot;53&quot;,&quot;iso&quot;:&quot;640&quot;,&quot;shutter_speed&quot;:&quot;0.00125&quot;,&quot;title&quot;:&quot;&quot;,&quot;orientation&quot;:&quot;1&quot;}\" data-image-title=\"IMG_1219\" data-image-description=\"\" data-image-caption=\"\" data-large-file=\"http:\/\/mos.kamienna-gora.pl\/wp-content\/uploads\/2024\/10\/IMG_1219-1024x683.jpg\" data-id=\"3592\" src=\"http:\/\/mos.kamienna-gora.pl\/wp-content\/uploads\/2024\/10\/IMG_1219-1024x683.jpg\" alt=\"\" class=\"wp-image-3592\" srcset=\"http:\/\/mos.kamienna-gora.pl\/wp-content\/uploads\/2024\/10\/IMG_1219-1024x683.jpg 1024w, http:\/\/mos.kamienna-gora.pl\/wp-content\/uploads\/2024\/10\/IMG_1219-300x200.jpg 300w, http:\/\/mos.kamienna-gora.pl\/wp-content\/uploads\/2024\/10\/IMG_1219-768x512.jpg 768w, http:\/\/mos.kamienna-gora.pl\/wp-content\/uploads\/2024\/10\/IMG_1219-1536x1024.jpg 1536w, http:\/\/mos.kamienna-gora.pl\/wp-content\/uploads\/2024\/10\/IMG_1219-2048x1365.jpg 2048w\" sizes=\"auto, (max-width: 1024px) 100vw, 1024px\" \/><\/figure>\n<\/figure>\n\n\n\n<figure class=\"wp-block-gallery has-nested-images columns-default is-cropped wp-block-gallery-2 is-layout-flex wp-block-gallery-is-layout-flex\">\n<figure class=\"wp-block-image size-large\"><img loading=\"lazy\" decoding=\"async\" width=\"1024\" height=\"683\" data-attachment-id=\"3593\" data-permalink=\"http:\/\/mos.kamienna-gora.pl\/index.php\/2024\/10\/01\/final-powiatowy-w-sztafetowych-biegach-przelajowych-w-igrzyskach-mlodziezy-szkolnej\/img_1225\/\" data-orig-file=\"http:\/\/mos.kamienna-gora.pl\/wp-content\/uploads\/2024\/10\/IMG_1225-scaled.jpg\" data-orig-size=\"2560,1707\" data-comments-opened=\"1\" data-image-meta=\"{&quot;aperture&quot;:&quot;4&quot;,&quot;credit&quot;:&quot;&quot;,&quot;camera&quot;:&quot;Canon EOS 4000D&quot;,&quot;caption&quot;:&quot;&quot;,&quot;created_timestamp&quot;:&quot;1727778278&quot;,&quot;copyright&quot;:&quot;&quot;,&quot;focal_length&quot;:&quot;21&quot;,&quot;iso&quot;:&quot;100&quot;,&quot;shutter_speed&quot;:&quot;0.003125&quot;,&quot;title&quot;:&quot;&quot;,&quot;orientation&quot;:&quot;1&quot;}\" data-image-title=\"IMG_1225\" data-image-description=\"\" data-image-caption=\"\" data-large-file=\"http:\/\/mos.kamienna-gora.pl\/wp-content\/uploads\/2024\/10\/IMG_1225-1024x683.jpg\" data-id=\"3593\" src=\"http:\/\/mos.kamienna-gora.pl\/wp-content\/uploads\/2024\/10\/IMG_1225-1024x683.jpg\" alt=\"\" class=\"wp-image-3593\" srcset=\"http:\/\/mos.kamienna-gora.pl\/wp-content\/uploads\/2024\/10\/IMG_1225-1024x683.jpg 1024w, http:\/\/mos.kamienna-gora.pl\/wp-content\/uploads\/2024\/10\/IMG_1225-300x200.jpg 300w, http:\/\/mos.kamienna-gora.pl\/wp-content\/uploads\/2024\/10\/IMG_1225-768x512.jpg 768w, http:\/\/mos.kamienna-gora.pl\/wp-content\/uploads\/2024\/10\/IMG_1225-1536x1024.jpg 1536w, http:\/\/mos.kamienna-gora.pl\/wp-content\/uploads\/2024\/10\/IMG_1225-2048x1365.jpg 2048w\" sizes=\"auto, (max-width: 1024px) 100vw, 1024px\" \/><\/figure>\n<\/figure>\n\n\n\n<figure class=\"wp-block-gallery has-nested-images columns-default is-cropped wp-block-gallery-3 is-layout-flex wp-block-gallery-is-layout-flex\">\n<figure class=\"wp-block-image size-large\"><img loading=\"lazy\" decoding=\"async\" width=\"1024\" height=\"683\" data-attachment-id=\"3594\" data-permalink=\"http:\/\/mos.kamienna-gora.pl\/index.php\/2024\/10\/01\/final-powiatowy-w-sztafetowych-biegach-przelajowych-w-igrzyskach-mlodziezy-szkolnej\/img_1241\/\" data-orig-file=\"http:\/\/mos.kamienna-gora.pl\/wp-content\/uploads\/2024\/10\/IMG_1241-scaled.jpg\" data-orig-size=\"2560,1707\" data-comments-opened=\"1\" data-image-meta=\"{&quot;aperture&quot;:&quot;5.6&quot;,&quot;credit&quot;:&quot;&quot;,&quot;camera&quot;:&quot;Canon EOS 4000D&quot;,&quot;caption&quot;:&quot;&quot;,&quot;created_timestamp&quot;:&quot;1727780097&quot;,&quot;copyright&quot;:&quot;&quot;,&quot;focal_length&quot;:&quot;53&quot;,&quot;iso&quot;:&quot;400&quot;,&quot;shutter_speed&quot;:&quot;0.00125&quot;,&quot;title&quot;:&quot;&quot;,&quot;orientation&quot;:&quot;1&quot;}\" data-image-title=\"IMG_1241\" data-image-description=\"\" data-image-caption=\"\" data-large-file=\"http:\/\/mos.kamienna-gora.pl\/wp-content\/uploads\/2024\/10\/IMG_1241-1024x683.jpg\" data-id=\"3594\" src=\"http:\/\/mos.kamienna-gora.pl\/wp-content\/uploads\/2024\/10\/IMG_1241-1024x683.jpg\" alt=\"\" class=\"wp-image-3594\" srcset=\"http:\/\/mos.kamienna-gora.pl\/wp-content\/uploads\/2024\/10\/IMG_1241-1024x683.jpg 1024w, http:\/\/mos.kamienna-gora.pl\/wp-content\/uploads\/2024\/10\/IMG_1241-300x200.jpg 300w, http:\/\/mos.kamienna-gora.pl\/wp-content\/uploads\/2024\/10\/IMG_1241-768x512.jpg 768w, http:\/\/mos.kamienna-gora.pl\/wp-content\/uploads\/2024\/10\/IMG_1241-1536x1024.jpg 1536w, http:\/\/mos.kamienna-gora.pl\/wp-content\/uploads\/2024\/10\/IMG_1241-2048x1365.jpg 2048w\" sizes=\"auto, (max-width: 1024px) 100vw, 1024px\" \/><\/figure>\n<\/figure>\n\n\n\n<figure class=\"wp-block-gallery has-nested-images columns-default is-cropped wp-block-gallery-4 is-layout-flex wp-block-gallery-is-layout-flex\">\n<figure class=\"wp-block-image size-large\"><img loading=\"lazy\" decoding=\"async\" width=\"1024\" height=\"683\" data-attachment-id=\"3595\" data-permalink=\"http:\/\/mos.kamienna-gora.pl\/index.php\/2024\/10\/01\/final-powiatowy-w-sztafetowych-biegach-przelajowych-w-igrzyskach-mlodziezy-szkolnej\/img_1255\/\" data-orig-file=\"http:\/\/mos.kamienna-gora.pl\/wp-content\/uploads\/2024\/10\/IMG_1255-scaled.jpg\" data-orig-size=\"2560,1707\" data-comments-opened=\"1\" data-image-meta=\"{&quot;aperture&quot;:&quot;5&quot;,&quot;credit&quot;:&quot;&quot;,&quot;camera&quot;:&quot;Canon EOS 4000D&quot;,&quot;caption&quot;:&quot;&quot;,&quot;created_timestamp&quot;:&quot;1727780963&quot;,&quot;copyright&quot;:&quot;&quot;,&quot;focal_length&quot;:&quot;45&quot;,&quot;iso&quot;:&quot;500&quot;,&quot;shutter_speed&quot;:&quot;0.0015625&quot;,&quot;title&quot;:&quot;&quot;,&quot;orientation&quot;:&quot;1&quot;}\" data-image-title=\"IMG_1255\" data-image-description=\"\" data-image-caption=\"\" data-large-file=\"http:\/\/mos.kamienna-gora.pl\/wp-content\/uploads\/2024\/10\/IMG_1255-1024x683.jpg\" data-id=\"3595\" src=\"http:\/\/mos.kamienna-gora.pl\/wp-content\/uploads\/2024\/10\/IMG_1255-1024x683.jpg\" alt=\"\" class=\"wp-image-3595\" srcset=\"http:\/\/mos.kamienna-gora.pl\/wp-content\/uploads\/2024\/10\/IMG_1255-1024x683.jpg 1024w, http:\/\/mos.kamienna-gora.pl\/wp-content\/uploads\/2024\/10\/IMG_1255-300x200.jpg 300w, http:\/\/mos.kamienna-gora.pl\/wp-content\/uploads\/2024\/10\/IMG_1255-768x512.jpg 768w, http:\/\/mos.kamienna-gora.pl\/wp-content\/uploads\/2024\/10\/IMG_1255-1536x1024.jpg 1536w, http:\/\/mos.kamienna-gora.pl\/wp-content\/uploads\/2024\/10\/IMG_1255-2048x1365.jpg 2048w\" sizes=\"auto, (max-width: 1024px) 100vw, 1024px\" \/><\/figure>\n<\/figure>\n\n\n\n<figure class=\"wp-block-gallery has-nested-images columns-default is-cropped wp-block-gallery-5 is-layout-flex wp-block-gallery-is-layout-flex\">\n<figure class=\"wp-block-image size-large\"><img loading=\"lazy\" decoding=\"async\" width=\"1024\" height=\"683\" data-attachment-id=\"3596\" data-permalink=\"http:\/\/mos.kamienna-gora.pl\/index.php\/2024\/10\/01\/final-powiatowy-w-sztafetowych-biegach-przelajowych-w-igrzyskach-mlodziezy-szkolnej\/img_1269\/\" data-orig-file=\"http:\/\/mos.kamienna-gora.pl\/wp-content\/uploads\/2024\/10\/IMG_1269-scaled.jpg\" data-orig-size=\"2560,1707\" data-comments-opened=\"1\" data-image-meta=\"{&quot;aperture&quot;:&quot;3.5&quot;,&quot;credit&quot;:&quot;&quot;,&quot;camera&quot;:&quot;Canon EOS 4000D&quot;,&quot;caption&quot;:&quot;&quot;,&quot;created_timestamp&quot;:&quot;1727782498&quot;,&quot;copyright&quot;:&quot;&quot;,&quot;focal_length&quot;:&quot;18&quot;,&quot;iso&quot;:&quot;100&quot;,&quot;shutter_speed&quot;:&quot;0.003125&quot;,&quot;title&quot;:&quot;&quot;,&quot;orientation&quot;:&quot;1&quot;}\" data-image-title=\"IMG_1269\" data-image-description=\"\" data-image-caption=\"\" data-large-file=\"http:\/\/mos.kamienna-gora.pl\/wp-content\/uploads\/2024\/10\/IMG_1269-1024x683.jpg\" data-id=\"3596\" src=\"http:\/\/mos.kamienna-gora.pl\/wp-content\/uploads\/2024\/10\/IMG_1269-1024x683.jpg\" alt=\"\" class=\"wp-image-3596\" srcset=\"http:\/\/mos.kamienna-gora.pl\/wp-content\/uploads\/2024\/10\/IMG_1269-1024x683.jpg 1024w, http:\/\/mos.kamienna-gora.pl\/wp-content\/uploads\/2024\/10\/IMG_1269-300x200.jpg 300w, http:\/\/mos.kamienna-gora.pl\/wp-content\/uploads\/2024\/10\/IMG_1269-768x512.jpg 768w, http:\/\/mos.kamienna-gora.pl\/wp-content\/uploads\/2024\/10\/IMG_1269-1536x1024.jpg 1536w, http:\/\/mos.kamienna-gora.pl\/wp-content\/uploads\/2024\/10\/IMG_1269-2048x1365.jpg 2048w\" sizes=\"auto, (max-width: 1024px) 100vw, 1024px\" \/><\/figure>\n<\/figure>\n\n\n\n<figure class=\"wp-block-gallery has-nested-images columns-default is-cropped wp-block-gallery-6 is-layout-flex wp-block-gallery-is-layout-flex\">\n<figure class=\"wp-block-image size-large\"><img loading=\"lazy\" decoding=\"async\" width=\"1024\" height=\"683\" data-attachment-id=\"3597\" data-permalink=\"http:\/\/mos.kamienna-gora.pl\/index.php\/2024\/10\/01\/final-powiatowy-w-sztafetowych-biegach-przelajowych-w-igrzyskach-mlodziezy-szkolnej\/img_1280\/\" data-orig-file=\"http:\/\/mos.kamienna-gora.pl\/wp-content\/uploads\/2024\/10\/IMG_1280-scaled.jpg\" data-orig-size=\"2560,1707\" data-comments-opened=\"1\" data-image-meta=\"{&quot;aperture&quot;:&quot;3.5&quot;,&quot;credit&quot;:&quot;&quot;,&quot;camera&quot;:&quot;Canon EOS 4000D&quot;,&quot;caption&quot;:&quot;&quot;,&quot;created_timestamp&quot;:&quot;1727782674&quot;,&quot;copyright&quot;:&quot;&quot;,&quot;focal_length&quot;:&quot;21&quot;,&quot;iso&quot;:&quot;100&quot;,&quot;shutter_speed&quot;:&quot;0.003125&quot;,&quot;title&quot;:&quot;&quot;,&quot;orientation&quot;:&quot;1&quot;}\" data-image-title=\"IMG_1280\" data-image-description=\"\" data-image-caption=\"\" data-large-file=\"http:\/\/mos.kamienna-gora.pl\/wp-content\/uploads\/2024\/10\/IMG_1280-1024x683.jpg\" data-id=\"3597\" src=\"http:\/\/mos.kamienna-gora.pl\/wp-content\/uploads\/2024\/10\/IMG_1280-1024x683.jpg\" alt=\"\" class=\"wp-image-3597\" srcset=\"http:\/\/mos.kamienna-gora.pl\/wp-content\/uploads\/2024\/10\/IMG_1280-1024x683.jpg 1024w, http:\/\/mos.kamienna-gora.pl\/wp-content\/uploads\/2024\/10\/IMG_1280-300x200.jpg 300w, http:\/\/mos.kamienna-gora.pl\/wp-content\/uploads\/2024\/10\/IMG_1280-768x512.jpg 768w, http:\/\/mos.kamienna-gora.pl\/wp-content\/uploads\/2024\/10\/IMG_1280-1536x1024.jpg 1536w, http:\/\/mos.kamienna-gora.pl\/wp-content\/uploads\/2024\/10\/IMG_1280-2048x1365.jpg 2048w\" sizes=\"auto, (max-width: 1024px) 100vw, 1024px\" \/><\/figure>\n<\/figure>\n","protected":false},"excerpt":{"rendered":"<p>Dnia 01.10.2024 roku na stadionie przy ulicy S\u0142owackiego w Kamiennej G\u00f3rze odby\u0142 si\u0119 fina\u0142 powiatowy w sztafetowych biegach prze\u0142ajowych w&hellip;<\/p>\n","protected":false},"author":1,"featured_media":3598,"comment_status":"open","ping_status":"open","sticky":false,"template":"","format":"standard","meta":{"jetpack_post_was_ever_published":false,"_jetpack_newsletter_access":"","_jetpack_dont_email_post_to_subs":false,"_jetpack_newsletter_tier_id":0,"_jetpack_memberships_contains_paywalled_content":false,"_jetpack_memberships_contains_paid_content":false,"footnotes":""},"categories":[1,7],"tags":[],"class_list":["post-3591","post","type-post","status-publish","format-standard","has-post-thumbnail","hentry","category-wydarzenia","category-zawody-powiatowe"],"jetpack_featured_media_url":"http:\/\/mos.kamienna-gora.pl\/wp-content\/uploads\/2024\/10\/IMG_1269-1-scaled.jpg","jetpack_sharing_enabled":true,"jetpack_shortlink":"https:\/\/wp.me\/paEJ1v-VV","jetpack-related-posts":[],"_links":{"self":[{"href":"http:\/\/mos.kamienna-gora.pl\/index.php\/wp-json\/wp\/v2\/posts\/3591","targetHints":{"allow":["GET"]}}],"collection":[{"href":"http:\/\/mos.kamienna-gora.pl\/index.php\/wp-json\/wp\/v2\/posts"}],"about":[{"href":"http:\/\/mos.kamienna-gora.pl\/index.php\/wp-json\/wp\/v2\/types\/post"}],"author":[{"embeddable":true,"href":"http:\/\/mos.kamienna-gora.pl\/index.php\/wp-json\/wp\/v2\/users\/1"}],"replies":[{"embeddable":true,"href":"http:\/\/mos.kamienna-gora.pl\/index.php\/wp-json\/wp\/v2\/comments?post=3591"}],"version-history":[{"count":1,"href":"http:\/\/mos.kamienna-gora.pl\/index.php\/wp-json\/wp\/v2\/posts\/3591\/revisions"}],"predecessor-version":[{"id":3599,"href":"http:\/\/mos.kamienna-gora.pl\/index.php\/wp-json\/wp\/v2\/posts\/3591\/revisions\/3599"}],"wp:featuredmedia":[{"embeddable":true,"href":"http:\/\/mos.kamienna-gora.pl\/index.php\/wp-json\/wp\/v2\/media\/3598"}],"wp:attachment":[{"href":"http:\/\/mos.kamienna-gora.pl\/index.php\/wp-json\/wp\/v2\/media?parent=3591"}],"wp:term":[{"taxonomy":"category","embeddable":true,"href":"http:\/\/mos.kamienna-gora.pl\/index.php\/wp-json\/wp\/v2\/categories?post=3591"},{"taxonomy":"post_tag","embeddable":true,"href":"http:\/\/mos.kamienna-gora.pl\/index.php\/wp-json\/wp\/v2\/tags?post=3591"}],"curies":[{"name":"wp","href":"https:\/\/api.w.org\/{rel}","templated":true}]}}