{"id":3732,"date":"2024-11-18T13:02:32","date_gmt":"2024-11-18T12:02:32","guid":{"rendered":"http:\/\/mos.kamienna-gora.pl\/?p=3732"},"modified":"2024-11-18T13:02:32","modified_gmt":"2024-11-18T12:02:32","slug":"final-powiatowy-w-koszykowce-dziewczat-w-igrzyskach-dzieci-2","status":"publish","type":"post","link":"http:\/\/mos.kamienna-gora.pl\/index.php\/2024\/11\/18\/final-powiatowy-w-koszykowce-dziewczat-w-igrzyskach-dzieci-2\/","title":{"rendered":"Fina\u0142 powiatowy w koszyk\u00f3wce dziewcz\u0105t w Igrzyskach Dzieci"},"content":{"rendered":"\n\n\n<p>Opis zawod\u00f3w:<\/p>\n<p>Dnia 18.11.2024 r. w Sali sportowej Szko\u0142y Podstawowej nr 2 w Kamiennej G\u00f3rze \u00a0odby\u0142y si\u0119 zawody powiatowe w koszyk\u00f3wce dziewcz\u0105t. Do zawod\u00f3w zg\u0142osi\u0142y si\u0119 po 3 dru\u017cyny szko\u0142y:<\/p>\n<p>&#8211; Szko\u0142a Podstawowa nr 2 Kamienna G\u00f3ra<\/p>\n<p>&#8211; Szko\u0142a Podstawowa Lubawka<\/p>\n<p>&#8211; Szko\u0142a Podstawowa Pisarzowice<\/p>\n<p>\u00a0Zawody toczy\u0142y si\u0119 system gry ka\u017cdy z ka\u017cdym. Mecz trwa\u0142 4 x 6 minut.<\/p>\n<p>Wyniki:<\/p>\n<p>Dziewcz\u0119ta:<\/p>\n<ol>\n<li>SP Pisarzowice \u2013 SP Lubawka\u00a0 \u00a02 : 18<\/li>\n<li>SP 2 Kam. G\u00f3ra \u2013 SP Lubawka\u00a0 \u00a016 : 14<\/li>\n<li>SP 2 Kam. G\u00f3ra \u2013 SP Pisarzowice 38 : 2<\/li>\n<\/ol>\n<p>Klasyfikacja ko\u0144cowa<\/p>\n<ol>\n<li><strong>Szko\u0142a Podstawowa nr 2 Kamienna G\u00f3ra<\/strong><\/li>\n<li>Szko\u0142a Podstawowa Lubawka<\/li>\n<li>Szko\u0142a Podstawowa Pisarzowice<\/li>\n<\/ol>\n<p>Dru\u017cyna, kt\u00f3re zaj\u0119\u0142y pierwsze miejsce uzyska\u0142a awans do p\u00f3\u0142fina\u0142u Strefy Jeleniog\u00f3rskiej, kt\u00f3ry odb\u0119dzie si\u0119 w Jeleniej G\u00f3rze w dniach 27-30.11.2024 r.<\/p>\n<p>Sk\u0142ad SP 2 Kamienna G\u00f3ra:<\/p>\n<p>Borowska Emilia, Dzierzbi\u0144ska Eliza, Jach Julia, J\u0119drzejek Felicja, Juszczak Gabriela, Karpowicz Ma\u0142gorzata, Krawiec Kamila, Majerska Lena, Matusik Zuzanna, Obrzud Liwia, Sergiel Blanka, Sikora Milena, opiekun \u2013 Adam Nowak<\/p>\n\n\n\n<figure class=\"wp-block-gallery has-nested-images columns-default is-cropped wp-block-gallery-1 is-layout-flex wp-block-gallery-is-layout-flex\">\n<figure class=\"wp-block-image size-large\"><img loading=\"lazy\" decoding=\"async\" width=\"1024\" height=\"683\" data-attachment-id=\"3733\" data-permalink=\"http:\/\/mos.kamienna-gora.pl\/index.php\/2024\/11\/18\/final-powiatowy-w-koszykowce-dziewczat-w-igrzyskach-dzieci-2\/img_2610\/\" data-orig-file=\"http:\/\/mos.kamienna-gora.pl\/wp-content\/uploads\/2024\/11\/IMG_2610-scaled.jpg\" data-orig-size=\"2560,1707\" data-comments-opened=\"1\" data-image-meta=\"{&quot;aperture&quot;:&quot;3.5&quot;,&quot;credit&quot;:&quot;&quot;,&quot;camera&quot;:&quot;Canon EOS 4000D&quot;,&quot;caption&quot;:&quot;&quot;,&quot;created_timestamp&quot;:&quot;1731927852&quot;,&quot;copyright&quot;:&quot;&quot;,&quot;focal_length&quot;:&quot;18&quot;,&quot;iso&quot;:&quot;2000&quot;,&quot;shutter_speed&quot;:&quot;0.003125&quot;,&quot;title&quot;:&quot;&quot;,&quot;orientation&quot;:&quot;1&quot;}\" data-image-title=\"IMG_2610\" data-image-description=\"\" data-image-caption=\"\" data-large-file=\"http:\/\/mos.kamienna-gora.pl\/wp-content\/uploads\/2024\/11\/IMG_2610-1024x683.jpg\" data-id=\"3733\" src=\"http:\/\/mos.kamienna-gora.pl\/wp-content\/uploads\/2024\/11\/IMG_2610-1024x683.jpg\" alt=\"\" class=\"wp-image-3733\" srcset=\"http:\/\/mos.kamienna-gora.pl\/wp-content\/uploads\/2024\/11\/IMG_2610-1024x683.jpg 1024w, http:\/\/mos.kamienna-gora.pl\/wp-content\/uploads\/2024\/11\/IMG_2610-300x200.jpg 300w, http:\/\/mos.kamienna-gora.pl\/wp-content\/uploads\/2024\/11\/IMG_2610-768x512.jpg 768w, http:\/\/mos.kamienna-gora.pl\/wp-content\/uploads\/2024\/11\/IMG_2610-1536x1024.jpg 1536w, http:\/\/mos.kamienna-gora.pl\/wp-content\/uploads\/2024\/11\/IMG_2610-2048x1365.jpg 2048w\" sizes=\"auto, (max-width: 1024px) 100vw, 1024px\" \/><\/figure>\n<\/figure>\n\n\n\n<figure class=\"wp-block-gallery has-nested-images columns-default is-cropped wp-block-gallery-2 is-layout-flex wp-block-gallery-is-layout-flex\">\n<figure class=\"wp-block-image size-large\"><img loading=\"lazy\" decoding=\"async\" width=\"1024\" height=\"683\" data-attachment-id=\"3735\" data-permalink=\"http:\/\/mos.kamienna-gora.pl\/index.php\/2024\/11\/18\/final-powiatowy-w-koszykowce-dziewczat-w-igrzyskach-dzieci-2\/img_2615\/\" data-orig-file=\"http:\/\/mos.kamienna-gora.pl\/wp-content\/uploads\/2024\/11\/IMG_2615-scaled.jpg\" data-orig-size=\"2560,1707\" data-comments-opened=\"1\" data-image-meta=\"{&quot;aperture&quot;:&quot;5.6&quot;,&quot;credit&quot;:&quot;&quot;,&quot;camera&quot;:&quot;Canon EOS 4000D&quot;,&quot;caption&quot;:&quot;&quot;,&quot;created_timestamp&quot;:&quot;1731928645&quot;,&quot;copyright&quot;:&quot;&quot;,&quot;focal_length&quot;:&quot;55&quot;,&quot;iso&quot;:&quot;3200&quot;,&quot;shutter_speed&quot;:&quot;0.004&quot;,&quot;title&quot;:&quot;&quot;,&quot;orientation&quot;:&quot;1&quot;}\" data-image-title=\"IMG_2615\" data-image-description=\"\" data-image-caption=\"\" data-large-file=\"http:\/\/mos.kamienna-gora.pl\/wp-content\/uploads\/2024\/11\/IMG_2615-1024x683.jpg\" data-id=\"3735\" src=\"http:\/\/mos.kamienna-gora.pl\/wp-content\/uploads\/2024\/11\/IMG_2615-1024x683.jpg\" alt=\"\" class=\"wp-image-3735\" srcset=\"http:\/\/mos.kamienna-gora.pl\/wp-content\/uploads\/2024\/11\/IMG_2615-1024x683.jpg 1024w, http:\/\/mos.kamienna-gora.pl\/wp-content\/uploads\/2024\/11\/IMG_2615-300x200.jpg 300w, http:\/\/mos.kamienna-gora.pl\/wp-content\/uploads\/2024\/11\/IMG_2615-768x512.jpg 768w, http:\/\/mos.kamienna-gora.pl\/wp-content\/uploads\/2024\/11\/IMG_2615-1536x1024.jpg 1536w, http:\/\/mos.kamienna-gora.pl\/wp-content\/uploads\/2024\/11\/IMG_2615-2048x1365.jpg 2048w\" sizes=\"auto, (max-width: 1024px) 100vw, 1024px\" \/><\/figure>\n<\/figure>\n\n\n\n<figure class=\"wp-block-gallery has-nested-images columns-default is-cropped wp-block-gallery-3 is-layout-flex wp-block-gallery-is-layout-flex\">\n<figure class=\"wp-block-image size-large\"><img loading=\"lazy\" decoding=\"async\" width=\"1024\" height=\"683\" data-attachment-id=\"3736\" data-permalink=\"http:\/\/mos.kamienna-gora.pl\/index.php\/2024\/11\/18\/final-powiatowy-w-koszykowce-dziewczat-w-igrzyskach-dzieci-2\/img_2648\/\" data-orig-file=\"http:\/\/mos.kamienna-gora.pl\/wp-content\/uploads\/2024\/11\/IMG_2648-scaled.jpg\" data-orig-size=\"2560,1707\" data-comments-opened=\"1\" data-image-meta=\"{&quot;aperture&quot;:&quot;5.6&quot;,&quot;credit&quot;:&quot;&quot;,&quot;camera&quot;:&quot;Canon EOS 4000D&quot;,&quot;caption&quot;:&quot;&quot;,&quot;created_timestamp&quot;:&quot;1731934424&quot;,&quot;copyright&quot;:&quot;&quot;,&quot;focal_length&quot;:&quot;45&quot;,&quot;iso&quot;:&quot;2500&quot;,&quot;shutter_speed&quot;:&quot;0.0015625&quot;,&quot;title&quot;:&quot;&quot;,&quot;orientation&quot;:&quot;1&quot;}\" data-image-title=\"IMG_2648\" data-image-description=\"\" data-image-caption=\"\" data-large-file=\"http:\/\/mos.kamienna-gora.pl\/wp-content\/uploads\/2024\/11\/IMG_2648-1024x683.jpg\" data-id=\"3736\" src=\"http:\/\/mos.kamienna-gora.pl\/wp-content\/uploads\/2024\/11\/IMG_2648-1024x683.jpg\" alt=\"\" class=\"wp-image-3736\" srcset=\"http:\/\/mos.kamienna-gora.pl\/wp-content\/uploads\/2024\/11\/IMG_2648-1024x683.jpg 1024w, http:\/\/mos.kamienna-gora.pl\/wp-content\/uploads\/2024\/11\/IMG_2648-300x200.jpg 300w, http:\/\/mos.kamienna-gora.pl\/wp-content\/uploads\/2024\/11\/IMG_2648-768x512.jpg 768w, http:\/\/mos.kamienna-gora.pl\/wp-content\/uploads\/2024\/11\/IMG_2648-1536x1024.jpg 1536w, http:\/\/mos.kamienna-gora.pl\/wp-content\/uploads\/2024\/11\/IMG_2648-2048x1365.jpg 2048w\" sizes=\"auto, (max-width: 1024px) 100vw, 1024px\" \/><\/figure>\n<\/figure>\n\n\n\n<figure class=\"wp-block-gallery has-nested-images columns-default is-cropped wp-block-gallery-4 is-layout-flex wp-block-gallery-is-layout-flex\">\n<figure class=\"wp-block-image size-large\"><img loading=\"lazy\" decoding=\"async\" width=\"1024\" height=\"683\" data-attachment-id=\"3737\" data-permalink=\"http:\/\/mos.kamienna-gora.pl\/index.php\/2024\/11\/18\/final-powiatowy-w-koszykowce-dziewczat-w-igrzyskach-dzieci-2\/img_2669\/\" data-orig-file=\"http:\/\/mos.kamienna-gora.pl\/wp-content\/uploads\/2024\/11\/IMG_2669-scaled.jpg\" data-orig-size=\"2560,1707\" data-comments-opened=\"1\" data-image-meta=\"{&quot;aperture&quot;:&quot;3.5&quot;,&quot;credit&quot;:&quot;&quot;,&quot;camera&quot;:&quot;Canon EOS 4000D&quot;,&quot;caption&quot;:&quot;&quot;,&quot;created_timestamp&quot;:&quot;1731936558&quot;,&quot;copyright&quot;:&quot;&quot;,&quot;focal_length&quot;:&quot;23&quot;,&quot;iso&quot;:&quot;1600&quot;,&quot;shutter_speed&quot;:&quot;0.003125&quot;,&quot;title&quot;:&quot;&quot;,&quot;orientation&quot;:&quot;1&quot;}\" data-image-title=\"IMG_2669\" data-image-description=\"\" data-image-caption=\"\" data-large-file=\"http:\/\/mos.kamienna-gora.pl\/wp-content\/uploads\/2024\/11\/IMG_2669-1024x683.jpg\" data-id=\"3737\" src=\"http:\/\/mos.kamienna-gora.pl\/wp-content\/uploads\/2024\/11\/IMG_2669-1024x683.jpg\" alt=\"\" class=\"wp-image-3737\" srcset=\"http:\/\/mos.kamienna-gora.pl\/wp-content\/uploads\/2024\/11\/IMG_2669-1024x683.jpg 1024w, http:\/\/mos.kamienna-gora.pl\/wp-content\/uploads\/2024\/11\/IMG_2669-300x200.jpg 300w, http:\/\/mos.kamienna-gora.pl\/wp-content\/uploads\/2024\/11\/IMG_2669-768x512.jpg 768w, http:\/\/mos.kamienna-gora.pl\/wp-content\/uploads\/2024\/11\/IMG_2669-1536x1024.jpg 1536w, http:\/\/mos.kamienna-gora.pl\/wp-content\/uploads\/2024\/11\/IMG_2669-2048x1365.jpg 2048w\" sizes=\"auto, (max-width: 1024px) 100vw, 1024px\" \/><\/figure>\n<\/figure>\n","protected":false},"excerpt":{"rendered":"<p>Opis zawod\u00f3w: Dnia 18.11.2024 r. w Sali sportowej Szko\u0142y Podstawowej nr 2 w Kamiennej G\u00f3rze \u00a0odby\u0142y si\u0119 zawody powiatowe w&hellip;<\/p>\n","protected":false},"author":1,"featured_media":3738,"comment_status":"open","ping_status":"open","sticky":false,"template":"","format":"standard","meta":{"jetpack_post_was_ever_published":false,"_jetpack_newsletter_access":"","_jetpack_dont_email_post_to_subs":false,"_jetpack_newsletter_tier_id":0,"_jetpack_memberships_contains_paywalled_content":false,"_jetpack_memberships_contains_paid_content":false,"footnotes":""},"categories":[1,7],"tags":[],"class_list":["post-3732","post","type-post","status-publish","format-standard","has-post-thumbnail","hentry","category-wydarzenia","category-zawody-powiatowe"],"jetpack_featured_media_url":"http:\/\/mos.kamienna-gora.pl\/wp-content\/uploads\/2024\/11\/IMG_2648-1-scaled.jpg","jetpack_sharing_enabled":true,"jetpack_shortlink":"https:\/\/wp.me\/paEJ1v-Yc","jetpack-related-posts":[],"_links":{"self":[{"href":"http:\/\/mos.kamienna-gora.pl\/index.php\/wp-json\/wp\/v2\/posts\/3732","targetHints":{"allow":["GET"]}}],"collection":[{"href":"http:\/\/mos.kamienna-gora.pl\/index.php\/wp-json\/wp\/v2\/posts"}],"about":[{"href":"http:\/\/mos.kamienna-gora.pl\/index.php\/wp-json\/wp\/v2\/types\/post"}],"author":[{"embeddable":true,"href":"http:\/\/mos.kamienna-gora.pl\/index.php\/wp-json\/wp\/v2\/users\/1"}],"replies":[{"embeddable":true,"href":"http:\/\/mos.kamienna-gora.pl\/index.php\/wp-json\/wp\/v2\/comments?post=3732"}],"version-history":[{"count":1,"href":"http:\/\/mos.kamienna-gora.pl\/index.php\/wp-json\/wp\/v2\/posts\/3732\/revisions"}],"predecessor-version":[{"id":3739,"href":"http:\/\/mos.kamienna-gora.pl\/index.php\/wp-json\/wp\/v2\/posts\/3732\/revisions\/3739"}],"wp:featuredmedia":[{"embeddable":true,"href":"http:\/\/mos.kamienna-gora.pl\/index.php\/wp-json\/wp\/v2\/media\/3738"}],"wp:attachment":[{"href":"http:\/\/mos.kamienna-gora.pl\/index.php\/wp-json\/wp\/v2\/media?parent=3732"}],"wp:term":[{"taxonomy":"category","embeddable":true,"href":"http:\/\/mos.kamienna-gora.pl\/index.php\/wp-json\/wp\/v2\/categories?post=3732"},{"taxonomy":"post_tag","embeddable":true,"href":"http:\/\/mos.kamienna-gora.pl\/index.php\/wp-json\/wp\/v2\/tags?post=3732"}],"curies":[{"name":"wp","href":"https:\/\/api.w.org\/{rel}","templated":true}]}}