{"id":4040,"date":"2025-04-01T14:10:08","date_gmt":"2025-04-01T12:10:08","guid":{"rendered":"http:\/\/mos.kamienna-gora.pl\/?p=4040"},"modified":"2025-04-01T14:10:08","modified_gmt":"2025-04-01T12:10:08","slug":"final-strefy-jeleniogorskiej-w-pilce-siatkowej-4-w-kategorii-dziewczat-w-igrzyskach-dzieci","status":"publish","type":"post","link":"http:\/\/mos.kamienna-gora.pl\/index.php\/2025\/04\/01\/final-strefy-jeleniogorskiej-w-pilce-siatkowej-4-w-kategorii-dziewczat-w-igrzyskach-dzieci\/","title":{"rendered":"Fina\u0142 Strefy Jeleniog\u00f3rskiej w pi\u0142ce siatkowej &#8221;4&#8221; w kategorii dziewcz\u0105t w Igrzyskach Dzieci"},"content":{"rendered":"\n<p>Dnia 01 kwietnia 2025 roku na Hali Sportowej przy Szkole Podstawowej nr 2 w Kamiennej G\u00f3rze odby\u0142 si\u0119 fina\u0142 Strefy Jeleniog\u00f3rskiej w pi\u0142ce siatkowej w kategorii ,,4\u2019\u2019dziewcz\u0105t w ramach Strefowych Igrzysk Dzieci.<\/p>\n<p>Do rywalizacji przyst\u0105pi\u0142o 7 szk\u00f3\u0142:<\/p>\n<p>&#8211; Szko\u0142a Podstawowa nr 1 Kamienna G\u00f3ra<\/p>\n<p>&#8211; Szko\u0142a Podstawowa nr 2 Kamienna G\u00f3ra<\/p>\n<p>&#8211; Szko\u0142a Podstawowa w Osiecznicy<\/p>\n<p>&#8211; Zesp\u00f3\u0142 Szkolno \u2013 Przedszkolny w Pisarzowicach ( Gmina Luba\u0144 )<\/p>\n<p>&#8211; Szko\u0142a Podstawowa w Sulikowie<\/p>\n<p>&#8211; Szko\u0142a Podstawowa w Janowicach Wielkich<\/p>\n<p>&#8211; Szko\u0142a Podstawowa nr 1 w Gryfowie \u015al\u0105skim<\/p>\n<p>Turniej rozgrywany do 2 set\u00f3w wygranych set\u00f3w, do 15 pkt, ewentualny tie-break do punkt\u00f3w 11.<\/p>\n<p>Wyniki poszczeg\u00f3lnych spotka\u0144:<\/p>\n<p>Gr A.<\/p>\n<ol>\n<li>SP Pisarzowice \u2013 SP 1 Gryf\u00f3w \u015al.\u00a0 \u00a00 : 2<\/li>\n<li>SP Osiecznica \u2013 SP 1 Kamienna G\u00f3ra\u00a0 \u00a0 \u00a02 : 1<\/li>\n<li>SP Gryf\u00f3w \u015al.\u2013 SP 1 Kamienna G\u00f3ra\u00a0 \u00a0 2 : 1<\/li>\n<li>SP Osiecznica \u2013 SP Pisarzowice\u00a0 \u00a02 : 1<\/li>\n<li>SP Gryf\u00f3w \u015al. \u2013 SP Osiecznica\u00a0 \u00a0 \u00a02 : 0<\/li>\n<li>SP 1 Kamienna G\u00f3ra \u2013 SP Pisarzowice\u00a0 2 : 0<\/li>\n<\/ol>\n<p>Gr B.<\/p>\n<ol>\n<li>SP Sulik\u00f3w \u2013 SP 2 Kamienna G\u00f3ra\u00a0 \u00a01 : 2<\/li>\n<li>SP Janowice Wlk. \u2013 SP Sulik\u00f3w\u00a0 0 : 2<\/li>\n<li>SP 2 Kamienna G\u00f3ra \u2013 SP Janowice Wlk. 1 : 2<\/li>\n<\/ol>\n<p>P\u00f3\u0142fina\u0142y:<\/p>\n<p>SP 2 Kamienna G\u00f3ra \u2013 SP 1 Gryf\u00f3w \u015al.\u00a0 \u00a0 \u00a0 2 : 1<\/p>\n<p>SP Osiecznica \u2013 SP Sulik\u00f3w\u00a0 \u00a0 \u00a01 : 2<\/p>\n<p>Mecz o V miejsce:<\/p>\n<p>SP Janowice Wlk. \u2013 SP 1 Kamienna G\u00f3ra\u00a0 \u00a0 2 : 1<\/p>\n<p>Mecz o III miejsce:<\/p>\n<p>SP 1 Gryf\u00f3w \u015al. \u2013 SP Osiecznica\u00a0 \u00a0 2 : 1<\/p>\n<p>Mecz o I miejsce:<\/p>\n<p>SP 2 Kamienna G\u00f3ra \u2013 SP Sulik\u00f3w\u00a0 \u00a0 2 : 1<\/p>\n<p>Kolejno\u015b\u0107 ko\u0144cowa:<\/p>\n<ol>\n<li><strong>Szko\u0142a Podstawowa nr 2 Kamienna G\u00f3ra<\/strong><\/li>\n<li>Szko\u0142a Podstawowa Sulik\u00f3w<\/li>\n<li>Szko\u0142a Podstawowa nr 1 Gryf\u00f3w \u015al\u0105ski<\/li>\n<li>Szko\u0142a Podstawowa Osiecznica<\/li>\n<li>Szko\u0142a Podstawowa Janowice Wielkie<\/li>\n<li>Szko\u0142a Podstawowa nr 1 Kamienna G\u00f3ra<\/li>\n<li>Zesp\u00f3\u0142 Szkolno &#8211; Przedszkolny Pisarzowice ( Gmina Luba\u0144 )<\/li>\n<\/ol>\n<p><strong>Zwyci\u0119ska dru\u017cyna uzyska\u0142a awans do Fina\u0142u Wojew\u00f3dzkiego, kt\u00f3ry odb\u0119dzie si\u0119 w Wa\u0142brzychu 9.04.2025 r.<\/strong><\/p>\n<p>SP 2 Kamienna G\u00f3ra:<\/p>\n<p>Kira Alesinkova, Alicja Bia\u0142ecka, Borowska Emilia, Dzierzbi\u0144ska Eliza, Juszczak Gabriela, Karpowicz Ma\u0142gorzata, Krawiec Kamila, Mr\u00f3wka Liwia, Oleksy Julia, Sergiel Blanka, opiekun \u2013 Daniel Gontko<\/p>\n<p>SP 1 Kamienna G\u00f3ra:<\/p>\n<p>Drewniak Lena, Furmanek Inez, Grzybowska Michel, Jab\u0142o\u0144ska Aleksandra, Kunat Maja, Madej Nadia, Mazur Alicja, S\u0142abo\u0144 Oliwia, Szymczak Zofia, Wolak Julia, opiekun \u2013 Andrzej Cukier<\/p>\n<p>\u00a0<\/p>\n\n\n\n<figure class=\"wp-block-gallery has-nested-images columns-default is-cropped wp-block-gallery-1 is-layout-flex wp-block-gallery-is-layout-flex\">\n<figure class=\"wp-block-image size-large\"><img loading=\"lazy\" decoding=\"async\" width=\"1024\" height=\"683\" data-attachment-id=\"4041\" data-permalink=\"http:\/\/mos.kamienna-gora.pl\/index.php\/2025\/04\/01\/final-strefy-jeleniogorskiej-w-pilce-siatkowej-4-w-kategorii-dziewczat-w-igrzyskach-dzieci\/img_4337\/\" data-orig-file=\"http:\/\/mos.kamienna-gora.pl\/wp-content\/uploads\/2025\/04\/IMG_4337-scaled.jpg\" data-orig-size=\"2560,1707\" data-comments-opened=\"1\" data-image-meta=\"{&quot;aperture&quot;:&quot;3.5&quot;,&quot;credit&quot;:&quot;&quot;,&quot;camera&quot;:&quot;Canon EOS 4000D&quot;,&quot;caption&quot;:&quot;&quot;,&quot;created_timestamp&quot;:&quot;1743501423&quot;,&quot;copyright&quot;:&quot;&quot;,&quot;focal_length&quot;:&quot;18&quot;,&quot;iso&quot;:&quot;500&quot;,&quot;shutter_speed&quot;:&quot;0.003125&quot;,&quot;title&quot;:&quot;&quot;,&quot;orientation&quot;:&quot;1&quot;}\" data-image-title=\"IMG_4337\" data-image-description=\"\" data-image-caption=\"\" data-large-file=\"http:\/\/mos.kamienna-gora.pl\/wp-content\/uploads\/2025\/04\/IMG_4337-1024x683.jpg\" data-id=\"4041\" src=\"http:\/\/mos.kamienna-gora.pl\/wp-content\/uploads\/2025\/04\/IMG_4337-1024x683.jpg\" alt=\"\" class=\"wp-image-4041\" srcset=\"http:\/\/mos.kamienna-gora.pl\/wp-content\/uploads\/2025\/04\/IMG_4337-1024x683.jpg 1024w, http:\/\/mos.kamienna-gora.pl\/wp-content\/uploads\/2025\/04\/IMG_4337-300x200.jpg 300w, http:\/\/mos.kamienna-gora.pl\/wp-content\/uploads\/2025\/04\/IMG_4337-768x512.jpg 768w, http:\/\/mos.kamienna-gora.pl\/wp-content\/uploads\/2025\/04\/IMG_4337-1536x1024.jpg 1536w, http:\/\/mos.kamienna-gora.pl\/wp-content\/uploads\/2025\/04\/IMG_4337-2048x1365.jpg 2048w\" sizes=\"auto, (max-width: 1024px) 100vw, 1024px\" \/><\/figure>\n<\/figure>\n\n\n\n<figure class=\"wp-block-gallery has-nested-images columns-default is-cropped wp-block-gallery-2 is-layout-flex wp-block-gallery-is-layout-flex\">\n<figure class=\"wp-block-image size-large\"><img loading=\"lazy\" decoding=\"async\" width=\"1024\" height=\"683\" data-attachment-id=\"4045\" data-permalink=\"http:\/\/mos.kamienna-gora.pl\/index.php\/2025\/04\/01\/final-strefy-jeleniogorskiej-w-pilce-siatkowej-4-w-kategorii-dziewczat-w-igrzyskach-dzieci\/img_4350\/\" data-orig-file=\"http:\/\/mos.kamienna-gora.pl\/wp-content\/uploads\/2025\/04\/IMG_4350-scaled.jpg\" data-orig-size=\"2560,1707\" data-comments-opened=\"1\" data-image-meta=\"{&quot;aperture&quot;:&quot;5.6&quot;,&quot;credit&quot;:&quot;&quot;,&quot;camera&quot;:&quot;Canon EOS 4000D&quot;,&quot;caption&quot;:&quot;&quot;,&quot;created_timestamp&quot;:&quot;1743502847&quot;,&quot;copyright&quot;:&quot;&quot;,&quot;focal_length&quot;:&quot;55&quot;,&quot;iso&quot;:&quot;3200&quot;,&quot;shutter_speed&quot;:&quot;0.002&quot;,&quot;title&quot;:&quot;&quot;,&quot;orientation&quot;:&quot;1&quot;}\" data-image-title=\"IMG_4350\" data-image-description=\"\" data-image-caption=\"\" data-large-file=\"http:\/\/mos.kamienna-gora.pl\/wp-content\/uploads\/2025\/04\/IMG_4350-1024x683.jpg\" data-id=\"4045\" src=\"http:\/\/mos.kamienna-gora.pl\/wp-content\/uploads\/2025\/04\/IMG_4350-1024x683.jpg\" alt=\"\" class=\"wp-image-4045\" srcset=\"http:\/\/mos.kamienna-gora.pl\/wp-content\/uploads\/2025\/04\/IMG_4350-1024x683.jpg 1024w, http:\/\/mos.kamienna-gora.pl\/wp-content\/uploads\/2025\/04\/IMG_4350-300x200.jpg 300w, http:\/\/mos.kamienna-gora.pl\/wp-content\/uploads\/2025\/04\/IMG_4350-768x512.jpg 768w, http:\/\/mos.kamienna-gora.pl\/wp-content\/uploads\/2025\/04\/IMG_4350-1536x1024.jpg 1536w, http:\/\/mos.kamienna-gora.pl\/wp-content\/uploads\/2025\/04\/IMG_4350-2048x1365.jpg 2048w\" sizes=\"auto, (max-width: 1024px) 100vw, 1024px\" \/><\/figure>\n<\/figure>\n\n\n\n<figure class=\"wp-block-gallery has-nested-images columns-default is-cropped wp-block-gallery-3 is-layout-flex wp-block-gallery-is-layout-flex\">\n<figure class=\"wp-block-image size-large\"><img loading=\"lazy\" decoding=\"async\" width=\"1024\" height=\"683\" data-attachment-id=\"4046\" data-permalink=\"http:\/\/mos.kamienna-gora.pl\/index.php\/2025\/04\/01\/final-strefy-jeleniogorskiej-w-pilce-siatkowej-4-w-kategorii-dziewczat-w-igrzyskach-dzieci\/img_4402\/\" data-orig-file=\"http:\/\/mos.kamienna-gora.pl\/wp-content\/uploads\/2025\/04\/IMG_4402-scaled.jpg\" data-orig-size=\"2560,1707\" data-comments-opened=\"1\" data-image-meta=\"{&quot;aperture&quot;:&quot;3.5&quot;,&quot;credit&quot;:&quot;&quot;,&quot;camera&quot;:&quot;Canon EOS 4000D&quot;,&quot;caption&quot;:&quot;&quot;,&quot;created_timestamp&quot;:&quot;1743514041&quot;,&quot;copyright&quot;:&quot;&quot;,&quot;focal_length&quot;:&quot;20&quot;,&quot;iso&quot;:&quot;500&quot;,&quot;shutter_speed&quot;:&quot;0.003125&quot;,&quot;title&quot;:&quot;&quot;,&quot;orientation&quot;:&quot;1&quot;}\" data-image-title=\"IMG_4402\" data-image-description=\"\" data-image-caption=\"\" data-large-file=\"http:\/\/mos.kamienna-gora.pl\/wp-content\/uploads\/2025\/04\/IMG_4402-1024x683.jpg\" data-id=\"4046\" src=\"http:\/\/mos.kamienna-gora.pl\/wp-content\/uploads\/2025\/04\/IMG_4402-1024x683.jpg\" alt=\"\" class=\"wp-image-4046\" srcset=\"http:\/\/mos.kamienna-gora.pl\/wp-content\/uploads\/2025\/04\/IMG_4402-1024x683.jpg 1024w, http:\/\/mos.kamienna-gora.pl\/wp-content\/uploads\/2025\/04\/IMG_4402-300x200.jpg 300w, http:\/\/mos.kamienna-gora.pl\/wp-content\/uploads\/2025\/04\/IMG_4402-768x512.jpg 768w, http:\/\/mos.kamienna-gora.pl\/wp-content\/uploads\/2025\/04\/IMG_4402-1536x1024.jpg 1536w, http:\/\/mos.kamienna-gora.pl\/wp-content\/uploads\/2025\/04\/IMG_4402-2048x1365.jpg 2048w\" sizes=\"auto, (max-width: 1024px) 100vw, 1024px\" \/><\/figure>\n<\/figure>\n\n\n\n<figure class=\"wp-block-gallery has-nested-images columns-default is-cropped wp-block-gallery-4 is-layout-flex wp-block-gallery-is-layout-flex\">\n<figure class=\"wp-block-image size-large\"><img loading=\"lazy\" decoding=\"async\" width=\"1024\" height=\"683\" data-attachment-id=\"4044\" data-permalink=\"http:\/\/mos.kamienna-gora.pl\/index.php\/2025\/04\/01\/final-strefy-jeleniogorskiej-w-pilce-siatkowej-4-w-kategorii-dziewczat-w-igrzyskach-dzieci\/img_4360-3\/\" data-orig-file=\"http:\/\/mos.kamienna-gora.pl\/wp-content\/uploads\/2025\/04\/IMG_4360-scaled.jpg\" data-orig-size=\"2560,1707\" data-comments-opened=\"1\" data-image-meta=\"{&quot;aperture&quot;:&quot;3.5&quot;,&quot;credit&quot;:&quot;&quot;,&quot;camera&quot;:&quot;Canon EOS 4000D&quot;,&quot;caption&quot;:&quot;&quot;,&quot;created_timestamp&quot;:&quot;1743502894&quot;,&quot;copyright&quot;:&quot;&quot;,&quot;focal_length&quot;:&quot;18&quot;,&quot;iso&quot;:&quot;800&quot;,&quot;shutter_speed&quot;:&quot;0.003125&quot;,&quot;title&quot;:&quot;&quot;,&quot;orientation&quot;:&quot;1&quot;}\" data-image-title=\"IMG_4360\" data-image-description=\"\" data-image-caption=\"\" data-large-file=\"http:\/\/mos.kamienna-gora.pl\/wp-content\/uploads\/2025\/04\/IMG_4360-1024x683.jpg\" data-id=\"4044\" src=\"http:\/\/mos.kamienna-gora.pl\/wp-content\/uploads\/2025\/04\/IMG_4360-1024x683.jpg\" alt=\"\" class=\"wp-image-4044\" srcset=\"http:\/\/mos.kamienna-gora.pl\/wp-content\/uploads\/2025\/04\/IMG_4360-1024x683.jpg 1024w, http:\/\/mos.kamienna-gora.pl\/wp-content\/uploads\/2025\/04\/IMG_4360-300x200.jpg 300w, http:\/\/mos.kamienna-gora.pl\/wp-content\/uploads\/2025\/04\/IMG_4360-768x512.jpg 768w, http:\/\/mos.kamienna-gora.pl\/wp-content\/uploads\/2025\/04\/IMG_4360-1536x1024.jpg 1536w, http:\/\/mos.kamienna-gora.pl\/wp-content\/uploads\/2025\/04\/IMG_4360-2048x1365.jpg 2048w\" sizes=\"auto, (max-width: 1024px) 100vw, 1024px\" \/><\/figure>\n<\/figure>\n","protected":false},"excerpt":{"rendered":"<p>Dnia 01 kwietnia 2025 roku na Hali Sportowej przy Szkole Podstawowej nr 2 w Kamiennej G\u00f3rze odby\u0142 si\u0119 fina\u0142 Strefy&hellip;<\/p>\n","protected":false},"author":1,"featured_media":4047,"comment_status":"open","ping_status":"open","sticky":false,"template":"","format":"standard","meta":{"jetpack_post_was_ever_published":false,"_jetpack_newsletter_access":"","_jetpack_dont_email_post_to_subs":false,"_jetpack_newsletter_tier_id":0,"_jetpack_memberships_contains_paywalled_content":false,"_jetpack_memberships_contains_paid_content":false,"footnotes":""},"categories":[1,8],"tags":[],"class_list":["post-4040","post","type-post","status-publish","format-standard","has-post-thumbnail","hentry","category-wydarzenia","category-zawody-strefowe"],"jetpack_featured_media_url":"http:\/\/mos.kamienna-gora.pl\/wp-content\/uploads\/2025\/04\/IMG_4337-1-scaled.jpg","jetpack_sharing_enabled":true,"jetpack_shortlink":"https:\/\/wp.me\/paEJ1v-13a","jetpack-related-posts":[],"_links":{"self":[{"href":"http:\/\/mos.kamienna-gora.pl\/index.php\/wp-json\/wp\/v2\/posts\/4040","targetHints":{"allow":["GET"]}}],"collection":[{"href":"http:\/\/mos.kamienna-gora.pl\/index.php\/wp-json\/wp\/v2\/posts"}],"about":[{"href":"http:\/\/mos.kamienna-gora.pl\/index.php\/wp-json\/wp\/v2\/types\/post"}],"author":[{"embeddable":true,"href":"http:\/\/mos.kamienna-gora.pl\/index.php\/wp-json\/wp\/v2\/users\/1"}],"replies":[{"embeddable":true,"href":"http:\/\/mos.kamienna-gora.pl\/index.php\/wp-json\/wp\/v2\/comments?post=4040"}],"version-history":[{"count":1,"href":"http:\/\/mos.kamienna-gora.pl\/index.php\/wp-json\/wp\/v2\/posts\/4040\/revisions"}],"predecessor-version":[{"id":4048,"href":"http:\/\/mos.kamienna-gora.pl\/index.php\/wp-json\/wp\/v2\/posts\/4040\/revisions\/4048"}],"wp:featuredmedia":[{"embeddable":true,"href":"http:\/\/mos.kamienna-gora.pl\/index.php\/wp-json\/wp\/v2\/media\/4047"}],"wp:attachment":[{"href":"http:\/\/mos.kamienna-gora.pl\/index.php\/wp-json\/wp\/v2\/media?parent=4040"}],"wp:term":[{"taxonomy":"category","embeddable":true,"href":"http:\/\/mos.kamienna-gora.pl\/index.php\/wp-json\/wp\/v2\/categories?post=4040"},{"taxonomy":"post_tag","embeddable":true,"href":"http:\/\/mos.kamienna-gora.pl\/index.php\/wp-json\/wp\/v2\/tags?post=4040"}],"curies":[{"name":"wp","href":"https:\/\/api.w.org\/{rel}","templated":true}]}}