{"id":4055,"date":"2025-04-08T13:21:17","date_gmt":"2025-04-08T11:21:17","guid":{"rendered":"https:\/\/mos.kamienna-gora.pl\/?p=4055"},"modified":"2025-04-08T13:21:17","modified_gmt":"2025-04-08T11:21:17","slug":"final-strefy-jeleniogorskiej-w-minisiatkowce-3-w-kategorii-chlopcow-w-igrzyskach-dzieci","status":"publish","type":"post","link":"http:\/\/mos.kamienna-gora.pl\/index.php\/2025\/04\/08\/final-strefy-jeleniogorskiej-w-minisiatkowce-3-w-kategorii-chlopcow-w-igrzyskach-dzieci\/","title":{"rendered":"Fina\u0142 strefy Jeleniog\u00f3rskiej w minisiatk\u00f3wce ,,3,, w kategorii ch\u0142opc\u00f3w w Igrzyskach Dzieci"},"content":{"rendered":"\n<p>Dnia 08 kwietnia 2025 roku na Hali Sportowej przy Szkole Podstawowej w Lubawce odby\u0142 si\u0119 fina\u0142 Strefy Jeleniog\u00f3rskiej w mini pi\u0142ce siatkowej w kategorii ,,3\u2019\u2019ch\u0142opc\u00f3w w ramach Igrzysk Dzieci.<\/p>\n<p>Do rywalizacji przyst\u0105pi\u0142o 6 szk\u00f3\u0142.<\/p>\n<p>Turniej rozgrywany by\u0142 systemem ka\u017cdy z ka\u017cdym, do 2 set\u00f3w wygranych set\u00f3w, do 15 pkt., ewentualny tie-break do punkt\u00f3w 11.<\/p>\n<p>Wyniki poszczeg\u00f3lnych spotka\u0144:<\/p>\n<ol>\n<li>SP 1 Luba\u0144\u00a0 \u2013 SP Lubawka\u00a0 \u00a00 : 2<\/li>\n<li>SP Mirsk \u00a0\u2013 SP 1 Kam. G\u00f3ra\u00a0 \u00a00 : 2\u00a0\u00a0\u00a0\u00a0<\/li>\n<li>SP Krzesz\u00f3w\u2013 SP Kra\u015bnik Dolny\u00a0 \u00a0 0 : 2<\/li>\n<li>SP Lubawka \u2013 SP Mirsk\u00a0 \u00a00 : 2<\/li>\n<li>SP 1 Kam. G\u00f3ra \u2013 SP Krzesz\u00f3w\u00a0 \u00a0 1 : 2<\/li>\n<li>SP Kra\u015bnik Dolny\u2013 SP Luba\u0144\u00a0 \u00a0 \u00a0 2 : 0<\/li>\n<li>SP Mirsk \u2013 SP Krzesz\u00f3w\u00a0 1 : 2<\/li>\n<li>SP Kra\u015bnik Dolny \u2013 SP Lubawka\u00a0 \u00a02 : 0<\/li>\n<li>SP 1 Luba\u0144\u2013 SP 1 Kam. G\u00f3ra\u00a0 \u00a0 1 : 2<\/li>\n<li>SP Krzesz\u00f3w \u2013 SP Lubawka\u00a0 \u00a02 : 0<\/li>\n<li>SP Mirsk &#8211; SP 1 Luba\u0144\u00a0 \u00a02 : 0<\/li>\n<li>SP 1 Kam. G\u00f3ra \u2013 SP Kra\u015bnik Dolny\u00a0 2 : 1<\/li>\n<li>SP 1 Luba\u0144 \u2013 SP Krzesz\u00f3w\u00a0 \u00a01 : 2<\/li>\n<li>SP Lubawka \u2013 SP 1 Kam. G\u00f3ra\u00a0 \u00a01 : 2<\/li>\n<li>SP Kra\u015bnik Dolny \u2013 SP Mirsk\u00a0 \u00a0 2 : 0<\/li>\n<\/ol>\n<p>Kolejno\u015b\u0107 ko\u0144cowa:<\/p>\n<ol>\n<li><strong>Zesp\u00f3\u0142 Szkolno \u2013 Przedszkolny Kra\u015bnik Dolny<\/strong><\/li>\n<li>Szko\u0142a Podstawowa nr 1 Kamienna G\u00f3ra<br \/>3. Szko\u0142a Podstawowa Krzesz\u00f3w<\/li>\n<li>Szko\u0142a Podstawowa Mirsk<\/li>\n<li>Szko\u0142a Podstawowa Lubawka<\/li>\n<li>Szko\u0142a Podstawowa nr 1 Luba\u0144<\/li>\n<\/ol>\n<p><strong>Na szczeblu Strefy Jeleniog\u00f3rskiej zosta\u0142y zako\u0144czone zawody. Zawody Wojew\u00f3dzkie nie b\u0119d\u0105 rozgrywane.<\/strong><\/p>\n<p>Sk\u0142ad ch\u0142opc\u00f3w<\/p>\n<p>SP 1 Kamienna G\u00f3ra:<\/p>\n<p>Czerwi\u0144ski Karol, Icaza \u2013 Odzimek Jose, Marchlik Piotr, Prokopowicz Antoni, Wi\u0144cza Micha\u0142, \u017bo\u0142udek Marek, opiekun \u2013 S\u0142awomir Skotarczak<\/p>\n<p>SP Krzesz\u00f3w:<\/p>\n<p>Gro\u0144ski Mateusz, Ko\u017cuch Oliwier, Ruman Wojciech, Samulewski Maksymilian, Sipiora Szymon, Sta\u015b Stanis\u0142aw, \u015awierad Jakub, Wr\u00f3blewski Jakub, Wyrostek Mi\u0142osz, opiekun \u2013 Pawe\u0142 Szwaja<\/p>\n<p>SP Lubawka:<\/p>\n<p>Bizo\u0144 Igor, Boro\u0144 Oktawian, Char\u0119za Kacper, Czy\u017cowicz Gracjan, Kr\u00f3l Bartosz, Orzechowski Patryk, W\u0142odarczyk Bartosz, Wyrostek Mateusz, opiekun &#8211; Tomasz Jrczak<\/p>\n\n\n\n<figure class=\"wp-block-gallery has-nested-images columns-default is-cropped wp-block-gallery-1 is-layout-flex wp-block-gallery-is-layout-flex\">\n<figure class=\"wp-block-image size-large\"><img loading=\"lazy\" decoding=\"async\" width=\"1024\" height=\"683\" data-attachment-id=\"4056\" data-permalink=\"http:\/\/mos.kamienna-gora.pl\/index.php\/2025\/04\/08\/final-strefy-jeleniogorskiej-w-minisiatkowce-3-w-kategorii-chlopcow-w-igrzyskach-dzieci\/img_4406\/\" data-orig-file=\"http:\/\/mos.kamienna-gora.pl\/wp-content\/uploads\/2025\/04\/IMG_4406-scaled.jpg\" data-orig-size=\"2560,1707\" data-comments-opened=\"1\" data-image-meta=\"{&quot;aperture&quot;:&quot;3.5&quot;,&quot;credit&quot;:&quot;&quot;,&quot;camera&quot;:&quot;Canon EOS 4000D&quot;,&quot;caption&quot;:&quot;&quot;,&quot;created_timestamp&quot;:&quot;1744105577&quot;,&quot;copyright&quot;:&quot;&quot;,&quot;focal_length&quot;:&quot;18&quot;,&quot;iso&quot;:&quot;800&quot;,&quot;shutter_speed&quot;:&quot;0.003125&quot;,&quot;title&quot;:&quot;&quot;,&quot;orientation&quot;:&quot;1&quot;}\" data-image-title=\"IMG_4406\" data-image-description=\"\" data-image-caption=\"\" data-large-file=\"http:\/\/mos.kamienna-gora.pl\/wp-content\/uploads\/2025\/04\/IMG_4406-1024x683.jpg\" data-id=\"4056\" src=\"https:\/\/mos.kamienna-gora.pl\/wp-content\/uploads\/2025\/04\/IMG_4406-1024x683.jpg\" alt=\"\" class=\"wp-image-4056\" srcset=\"http:\/\/mos.kamienna-gora.pl\/wp-content\/uploads\/2025\/04\/IMG_4406-1024x683.jpg 1024w, http:\/\/mos.kamienna-gora.pl\/wp-content\/uploads\/2025\/04\/IMG_4406-300x200.jpg 300w, http:\/\/mos.kamienna-gora.pl\/wp-content\/uploads\/2025\/04\/IMG_4406-768x512.jpg 768w, http:\/\/mos.kamienna-gora.pl\/wp-content\/uploads\/2025\/04\/IMG_4406-1536x1024.jpg 1536w, http:\/\/mos.kamienna-gora.pl\/wp-content\/uploads\/2025\/04\/IMG_4406-2048x1365.jpg 2048w\" sizes=\"auto, (max-width: 1024px) 100vw, 1024px\" \/><\/figure>\n<\/figure>\n\n\n\n<figure class=\"wp-block-gallery has-nested-images columns-default is-cropped wp-block-gallery-2 is-layout-flex wp-block-gallery-is-layout-flex\">\n<figure class=\"wp-block-image size-large\"><img loading=\"lazy\" decoding=\"async\" width=\"1024\" height=\"683\" data-attachment-id=\"4057\" data-permalink=\"http:\/\/mos.kamienna-gora.pl\/index.php\/2025\/04\/08\/final-strefy-jeleniogorskiej-w-minisiatkowce-3-w-kategorii-chlopcow-w-igrzyskach-dzieci\/img_4407\/\" data-orig-file=\"http:\/\/mos.kamienna-gora.pl\/wp-content\/uploads\/2025\/04\/IMG_4407-scaled.jpg\" data-orig-size=\"2560,1707\" data-comments-opened=\"1\" data-image-meta=\"{&quot;aperture&quot;:&quot;3.5&quot;,&quot;credit&quot;:&quot;&quot;,&quot;camera&quot;:&quot;Canon EOS 4000D&quot;,&quot;caption&quot;:&quot;&quot;,&quot;created_timestamp&quot;:&quot;1744112340&quot;,&quot;copyright&quot;:&quot;&quot;,&quot;focal_length&quot;:&quot;20&quot;,&quot;iso&quot;:&quot;1250&quot;,&quot;shutter_speed&quot;:&quot;0.003125&quot;,&quot;title&quot;:&quot;&quot;,&quot;orientation&quot;:&quot;1&quot;}\" data-image-title=\"IMG_4407\" data-image-description=\"\" data-image-caption=\"\" data-large-file=\"http:\/\/mos.kamienna-gora.pl\/wp-content\/uploads\/2025\/04\/IMG_4407-1024x683.jpg\" data-id=\"4057\" src=\"https:\/\/mos.kamienna-gora.pl\/wp-content\/uploads\/2025\/04\/IMG_4407-1024x683.jpg\" alt=\"\" class=\"wp-image-4057\" srcset=\"http:\/\/mos.kamienna-gora.pl\/wp-content\/uploads\/2025\/04\/IMG_4407-1024x683.jpg 1024w, http:\/\/mos.kamienna-gora.pl\/wp-content\/uploads\/2025\/04\/IMG_4407-300x200.jpg 300w, http:\/\/mos.kamienna-gora.pl\/wp-content\/uploads\/2025\/04\/IMG_4407-768x512.jpg 768w, http:\/\/mos.kamienna-gora.pl\/wp-content\/uploads\/2025\/04\/IMG_4407-1536x1024.jpg 1536w, http:\/\/mos.kamienna-gora.pl\/wp-content\/uploads\/2025\/04\/IMG_4407-2048x1365.jpg 2048w\" sizes=\"auto, (max-width: 1024px) 100vw, 1024px\" \/><\/figure>\n<\/figure>\n\n\n\n<figure class=\"wp-block-gallery has-nested-images columns-default is-cropped wp-block-gallery-3 is-layout-flex wp-block-gallery-is-layout-flex\">\n<figure class=\"wp-block-image size-large\"><img loading=\"lazy\" decoding=\"async\" width=\"1024\" height=\"683\" data-attachment-id=\"4058\" data-permalink=\"http:\/\/mos.kamienna-gora.pl\/index.php\/2025\/04\/08\/final-strefy-jeleniogorskiej-w-minisiatkowce-3-w-kategorii-chlopcow-w-igrzyskach-dzieci\/img_4421\/\" data-orig-file=\"http:\/\/mos.kamienna-gora.pl\/wp-content\/uploads\/2025\/04\/IMG_4421-scaled.jpg\" data-orig-size=\"2560,1707\" data-comments-opened=\"1\" data-image-meta=\"{&quot;aperture&quot;:&quot;3.5&quot;,&quot;credit&quot;:&quot;&quot;,&quot;camera&quot;:&quot;Canon EOS 4000D&quot;,&quot;caption&quot;:&quot;&quot;,&quot;created_timestamp&quot;:&quot;1744112368&quot;,&quot;copyright&quot;:&quot;&quot;,&quot;focal_length&quot;:&quot;20&quot;,&quot;iso&quot;:&quot;1000&quot;,&quot;shutter_speed&quot;:&quot;0.003125&quot;,&quot;title&quot;:&quot;&quot;,&quot;orientation&quot;:&quot;1&quot;}\" data-image-title=\"IMG_4421\" data-image-description=\"\" data-image-caption=\"\" data-large-file=\"http:\/\/mos.kamienna-gora.pl\/wp-content\/uploads\/2025\/04\/IMG_4421-1024x683.jpg\" data-id=\"4058\" src=\"https:\/\/mos.kamienna-gora.pl\/wp-content\/uploads\/2025\/04\/IMG_4421-1024x683.jpg\" alt=\"\" class=\"wp-image-4058\" srcset=\"http:\/\/mos.kamienna-gora.pl\/wp-content\/uploads\/2025\/04\/IMG_4421-1024x683.jpg 1024w, http:\/\/mos.kamienna-gora.pl\/wp-content\/uploads\/2025\/04\/IMG_4421-300x200.jpg 300w, http:\/\/mos.kamienna-gora.pl\/wp-content\/uploads\/2025\/04\/IMG_4421-768x512.jpg 768w, http:\/\/mos.kamienna-gora.pl\/wp-content\/uploads\/2025\/04\/IMG_4421-1536x1024.jpg 1536w, http:\/\/mos.kamienna-gora.pl\/wp-content\/uploads\/2025\/04\/IMG_4421-2048x1365.jpg 2048w\" sizes=\"auto, (max-width: 1024px) 100vw, 1024px\" \/><\/figure>\n<\/figure>\n\n\n\n<figure class=\"wp-block-gallery has-nested-images columns-default is-cropped wp-block-gallery-4 is-layout-flex wp-block-gallery-is-layout-flex\">\n<figure class=\"wp-block-image size-large\"><img loading=\"lazy\" decoding=\"async\" width=\"1024\" height=\"683\" data-attachment-id=\"4059\" data-permalink=\"http:\/\/mos.kamienna-gora.pl\/index.php\/2025\/04\/08\/final-strefy-jeleniogorskiej-w-minisiatkowce-3-w-kategorii-chlopcow-w-igrzyskach-dzieci\/img_4435\/\" data-orig-file=\"http:\/\/mos.kamienna-gora.pl\/wp-content\/uploads\/2025\/04\/IMG_4435-scaled.jpg\" data-orig-size=\"2560,1707\" data-comments-opened=\"1\" data-image-meta=\"{&quot;aperture&quot;:&quot;3.5&quot;,&quot;credit&quot;:&quot;&quot;,&quot;camera&quot;:&quot;Canon EOS 4000D&quot;,&quot;caption&quot;:&quot;&quot;,&quot;created_timestamp&quot;:&quot;1744112465&quot;,&quot;copyright&quot;:&quot;&quot;,&quot;focal_length&quot;:&quot;20&quot;,&quot;iso&quot;:&quot;2000&quot;,&quot;shutter_speed&quot;:&quot;0.003125&quot;,&quot;title&quot;:&quot;&quot;,&quot;orientation&quot;:&quot;1&quot;}\" data-image-title=\"IMG_4435\" data-image-description=\"\" data-image-caption=\"\" data-large-file=\"http:\/\/mos.kamienna-gora.pl\/wp-content\/uploads\/2025\/04\/IMG_4435-1024x683.jpg\" data-id=\"4059\" src=\"https:\/\/mos.kamienna-gora.pl\/wp-content\/uploads\/2025\/04\/IMG_4435-1024x683.jpg\" alt=\"\" class=\"wp-image-4059\" srcset=\"http:\/\/mos.kamienna-gora.pl\/wp-content\/uploads\/2025\/04\/IMG_4435-1024x683.jpg 1024w, http:\/\/mos.kamienna-gora.pl\/wp-content\/uploads\/2025\/04\/IMG_4435-300x200.jpg 300w, http:\/\/mos.kamienna-gora.pl\/wp-content\/uploads\/2025\/04\/IMG_4435-768x512.jpg 768w, http:\/\/mos.kamienna-gora.pl\/wp-content\/uploads\/2025\/04\/IMG_4435-1536x1024.jpg 1536w, http:\/\/mos.kamienna-gora.pl\/wp-content\/uploads\/2025\/04\/IMG_4435-2048x1365.jpg 2048w\" sizes=\"auto, (max-width: 1024px) 100vw, 1024px\" \/><\/figure>\n<\/figure>\n\n\n\n<figure class=\"wp-block-gallery has-nested-images columns-default is-cropped wp-block-gallery-5 is-layout-flex wp-block-gallery-is-layout-flex\">\n<figure class=\"wp-block-image size-large\"><img loading=\"lazy\" decoding=\"async\" width=\"1024\" height=\"683\" data-attachment-id=\"4060\" data-permalink=\"http:\/\/mos.kamienna-gora.pl\/index.php\/2025\/04\/08\/final-strefy-jeleniogorskiej-w-minisiatkowce-3-w-kategorii-chlopcow-w-igrzyskach-dzieci\/img_4453\/\" data-orig-file=\"http:\/\/mos.kamienna-gora.pl\/wp-content\/uploads\/2025\/04\/IMG_4453-scaled.jpg\" data-orig-size=\"2560,1707\" data-comments-opened=\"1\" data-image-meta=\"{&quot;aperture&quot;:&quot;4&quot;,&quot;credit&quot;:&quot;&quot;,&quot;camera&quot;:&quot;Canon EOS 4000D&quot;,&quot;caption&quot;:&quot;&quot;,&quot;created_timestamp&quot;:&quot;1744114696&quot;,&quot;copyright&quot;:&quot;&quot;,&quot;focal_length&quot;:&quot;25&quot;,&quot;iso&quot;:&quot;800&quot;,&quot;shutter_speed&quot;:&quot;0.003125&quot;,&quot;title&quot;:&quot;&quot;,&quot;orientation&quot;:&quot;1&quot;}\" data-image-title=\"IMG_4453\" data-image-description=\"\" data-image-caption=\"\" data-large-file=\"http:\/\/mos.kamienna-gora.pl\/wp-content\/uploads\/2025\/04\/IMG_4453-1024x683.jpg\" data-id=\"4060\" src=\"https:\/\/mos.kamienna-gora.pl\/wp-content\/uploads\/2025\/04\/IMG_4453-1024x683.jpg\" alt=\"\" class=\"wp-image-4060\" srcset=\"http:\/\/mos.kamienna-gora.pl\/wp-content\/uploads\/2025\/04\/IMG_4453-1024x683.jpg 1024w, http:\/\/mos.kamienna-gora.pl\/wp-content\/uploads\/2025\/04\/IMG_4453-300x200.jpg 300w, http:\/\/mos.kamienna-gora.pl\/wp-content\/uploads\/2025\/04\/IMG_4453-768x512.jpg 768w, http:\/\/mos.kamienna-gora.pl\/wp-content\/uploads\/2025\/04\/IMG_4453-1536x1024.jpg 1536w, http:\/\/mos.kamienna-gora.pl\/wp-content\/uploads\/2025\/04\/IMG_4453-2048x1365.jpg 2048w\" sizes=\"auto, (max-width: 1024px) 100vw, 1024px\" \/><\/figure>\n<\/figure>\n\n\n\n<figure class=\"wp-block-gallery has-nested-images columns-default is-cropped wp-block-gallery-6 is-layout-flex wp-block-gallery-is-layout-flex\">\n<figure class=\"wp-block-image size-large\"><img loading=\"lazy\" decoding=\"async\" width=\"1024\" height=\"683\" data-attachment-id=\"4061\" data-permalink=\"http:\/\/mos.kamienna-gora.pl\/index.php\/2025\/04\/08\/final-strefy-jeleniogorskiej-w-minisiatkowce-3-w-kategorii-chlopcow-w-igrzyskach-dzieci\/img_4475\/\" data-orig-file=\"http:\/\/mos.kamienna-gora.pl\/wp-content\/uploads\/2025\/04\/IMG_4475-scaled.jpg\" data-orig-size=\"2560,1707\" data-comments-opened=\"1\" data-image-meta=\"{&quot;aperture&quot;:&quot;3.5&quot;,&quot;credit&quot;:&quot;&quot;,&quot;camera&quot;:&quot;Canon EOS 4000D&quot;,&quot;caption&quot;:&quot;&quot;,&quot;created_timestamp&quot;:&quot;1744116156&quot;,&quot;copyright&quot;:&quot;&quot;,&quot;focal_length&quot;:&quot;18&quot;,&quot;iso&quot;:&quot;640&quot;,&quot;shutter_speed&quot;:&quot;0.003125&quot;,&quot;title&quot;:&quot;&quot;,&quot;orientation&quot;:&quot;1&quot;}\" data-image-title=\"IMG_4475\" data-image-description=\"\" data-image-caption=\"\" data-large-file=\"http:\/\/mos.kamienna-gora.pl\/wp-content\/uploads\/2025\/04\/IMG_4475-1024x683.jpg\" data-id=\"4061\" src=\"https:\/\/mos.kamienna-gora.pl\/wp-content\/uploads\/2025\/04\/IMG_4475-1024x683.jpg\" alt=\"\" class=\"wp-image-4061\" srcset=\"http:\/\/mos.kamienna-gora.pl\/wp-content\/uploads\/2025\/04\/IMG_4475-1024x683.jpg 1024w, http:\/\/mos.kamienna-gora.pl\/wp-content\/uploads\/2025\/04\/IMG_4475-300x200.jpg 300w, http:\/\/mos.kamienna-gora.pl\/wp-content\/uploads\/2025\/04\/IMG_4475-768x512.jpg 768w, http:\/\/mos.kamienna-gora.pl\/wp-content\/uploads\/2025\/04\/IMG_4475-1536x1024.jpg 1536w, http:\/\/mos.kamienna-gora.pl\/wp-content\/uploads\/2025\/04\/IMG_4475-2048x1365.jpg 2048w\" sizes=\"auto, (max-width: 1024px) 100vw, 1024px\" \/><\/figure>\n<\/figure>\n","protected":false},"excerpt":{"rendered":"<p>Dnia 08 kwietnia 2025 roku na Hali Sportowej przy Szkole Podstawowej w Lubawce odby\u0142 si\u0119 fina\u0142 Strefy Jeleniog\u00f3rskiej w mini&hellip;<\/p>\n","protected":false},"author":1,"featured_media":4061,"comment_status":"open","ping_status":"open","sticky":false,"template":"","format":"standard","meta":{"jetpack_post_was_ever_published":false,"_jetpack_newsletter_access":"","_jetpack_dont_email_post_to_subs":false,"_jetpack_newsletter_tier_id":0,"_jetpack_memberships_contains_paywalled_content":false,"_jetpack_memberships_contains_paid_content":false,"footnotes":""},"categories":[1,8],"tags":[],"class_list":["post-4055","post","type-post","status-publish","format-standard","has-post-thumbnail","hentry","category-wydarzenia","category-zawody-strefowe"],"jetpack_featured_media_url":"http:\/\/mos.kamienna-gora.pl\/wp-content\/uploads\/2025\/04\/IMG_4475-scaled.jpg","jetpack_sharing_enabled":true,"jetpack_shortlink":"https:\/\/wp.me\/paEJ1v-13p","jetpack-related-posts":[],"_links":{"self":[{"href":"http:\/\/mos.kamienna-gora.pl\/index.php\/wp-json\/wp\/v2\/posts\/4055","targetHints":{"allow":["GET"]}}],"collection":[{"href":"http:\/\/mos.kamienna-gora.pl\/index.php\/wp-json\/wp\/v2\/posts"}],"about":[{"href":"http:\/\/mos.kamienna-gora.pl\/index.php\/wp-json\/wp\/v2\/types\/post"}],"author":[{"embeddable":true,"href":"http:\/\/mos.kamienna-gora.pl\/index.php\/wp-json\/wp\/v2\/users\/1"}],"replies":[{"embeddable":true,"href":"http:\/\/mos.kamienna-gora.pl\/index.php\/wp-json\/wp\/v2\/comments?post=4055"}],"version-history":[{"count":1,"href":"http:\/\/mos.kamienna-gora.pl\/index.php\/wp-json\/wp\/v2\/posts\/4055\/revisions"}],"predecessor-version":[{"id":4062,"href":"http:\/\/mos.kamienna-gora.pl\/index.php\/wp-json\/wp\/v2\/posts\/4055\/revisions\/4062"}],"wp:featuredmedia":[{"embeddable":true,"href":"http:\/\/mos.kamienna-gora.pl\/index.php\/wp-json\/wp\/v2\/media\/4061"}],"wp:attachment":[{"href":"http:\/\/mos.kamienna-gora.pl\/index.php\/wp-json\/wp\/v2\/media?parent=4055"}],"wp:term":[{"taxonomy":"category","embeddable":true,"href":"http:\/\/mos.kamienna-gora.pl\/index.php\/wp-json\/wp\/v2\/categories?post=4055"},{"taxonomy":"post_tag","embeddable":true,"href":"http:\/\/mos.kamienna-gora.pl\/index.php\/wp-json\/wp\/v2\/tags?post=4055"}],"curies":[{"name":"wp","href":"https:\/\/api.w.org\/{rel}","templated":true}]}}