{"id":4080,"date":"2025-04-28T12:44:11","date_gmt":"2025-04-28T10:44:11","guid":{"rendered":"https:\/\/mos.kamienna-gora.pl\/?p=4080"},"modified":"2025-04-28T12:44:11","modified_gmt":"2025-04-28T10:44:11","slug":"final-powiatowy-w-pilce-noznej-dziewczat-i-chlopcow-w-licealiadzie","status":"publish","type":"post","link":"http:\/\/mos.kamienna-gora.pl\/index.php\/2025\/04\/28\/final-powiatowy-w-pilce-noznej-dziewczat-i-chlopcow-w-licealiadzie\/","title":{"rendered":"Fina\u0142 Powiatowy w pi\u0142ce no\u017cnej dziewcz\u0105t i ch\u0142opc\u00f3w w Licealiadzie"},"content":{"rendered":"\n<p>Dnia 28.04.2025 roku na Orliku przy ulicy Ksi\u0119cia Bolka I w Kamiennej G\u00f3rze odby\u0142 si\u0119 Fina\u0142 Powiatu Kamiennog\u00f3rskiego w pi\u0142ce no\u017cnej szk\u00f3\u0142 ponadpodstawowych dziewcz\u0105t oraz ch\u0142opc\u00f3w. Dziewcz\u0119ta zagra\u0142y 2 x 15 minut, natomiast ch\u0142opcy 2 x 20 minut.<\/p>\n<p>Wynik spotka\u0144 dziewcz\u0105t:<\/p>\n<p>ZSZ i O Kamienna G\u00f3ra \u2013 LO Kamienna G\u00f3ra\u00a0 \u00a0\u00a0\u00a0\u00a0\u00a0\u00a0\u00a0\u00a0\u00a0\u00a0 6 : 0<\/p>\n<p>Kolejno\u015b\u0107 ko\u0144cowa:<\/p>\n<ol>\n<li><strong>Zesp\u00f3\u0142 Szk\u00f3\u0142 Zawodowych i Og\u00f3lnokszta\u0142c\u0105cych Kamienna G\u00f3ra<\/strong><\/li>\n<li>Liceum Og\u00f3lnokszta\u0142c\u0105ce Kamienna G\u00f3ra<\/li>\n<\/ol>\n<p>Wynik spotka\u0144 ch\u0142opc\u00f3w:<\/p>\n<p>ZSZ i O Kamienna G\u00f3ra \u2013 LO Kamienna G\u00f3ra\u00a0\u00a0\u00a0\u00a0\u00a0\u00a0\u00a0\u00a0\u00a0\u00a0\u00a0\u00a0 6 : 2<\/p>\n<p>Kolejno\u015b\u0107 ko\u0144cowa:<\/p>\n<ol>\n<li><strong>Zesp\u00f3\u0142 Szk\u00f3\u0142 Zawodowych i Og\u00f3lnokszta\u0142c\u0105cych Kamienna G\u00f3ra<\/strong><\/li>\n<li>Liceum Og\u00f3lnokszta\u0142c\u0105ce Kamienna G\u00f3ra<\/li>\n<\/ol>\n<p>Na szczeblu Powiatu zawody te zosta\u0142y zako\u0144czone. Zawody Strefowe nie zostan\u0105 rozegrane<\/p>\n<p><strong>Sk\u0142ad ZSZ i O Kamienna G\u00f3ra dziewcz\u0105t:<\/strong><\/p>\n<p><strong>Ko\u0142odziej Julia, Koszela Kinga, Liber Sylwia, Ogorza\u0142ek Anastazja, Pasierb Marta, Pokrzywa Malwina, Skulska Ma\u0142gorzata, Stec Marta, Trz\u0105salska Samanta, opiekun \u2013 Piotr Lema<br \/><\/strong><\/p>\n<p><strong>Sk\u0142ad LO Kamienna G\u00f3ra:<\/strong><\/p>\n<p><strong>Bagniuk Anna, Balcerek Maja, Barczyk Wiktoria, Olszak Klaudia, Mr\u00f3z Julia, Por\u0119ba Weronika, Rucha\u0142a Maria, Zyskowska Kornelia, Otr\u0119ba Amelia, opiekun \u2013 Krzysztof Pawlikowski<\/strong><\/p>\n<p><strong>Sk\u0142ad ZSZ i O Kamienna G\u00f3ra ch\u0142opc\u00f3w:<\/strong><\/p>\n<p><strong>Baran Tomasz, Czy\u017c Jan, Grygiel Gabriel, Grzyb Tymoteusz, Ksi\u0105\u017cek Szymon, Michalik Jakub, Michalik Marcel, Olszewski Korneliusz, Stepko Jakub, Tokarski Marcin, opiekun \u2013 Tomasz W\u0105sowski<\/strong><\/p>\n<p><strong>Sk\u0142ad LO Kamienna G\u00f3ra:<\/strong><\/p>\n<p><strong>Baran Andrzej, Bortnowski Cyprian, G\u0142adysz Marek, Grochocki Julian, Kosowski Adrian, Marciniak Gabriel, Niezgoda Dawid, Polak Maciej, Pow\u0105zka Jakub, St\u0119pie\u0144 Gracjan, opiekun \u2013 Rafa\u0142 Por\u0119ba<\/strong><\/p>\n\n\n\n<figure class=\"wp-block-gallery has-nested-images columns-default is-cropped wp-block-gallery-1 is-layout-flex wp-block-gallery-is-layout-flex\">\n<figure class=\"wp-block-image size-large\"><img loading=\"lazy\" decoding=\"async\" width=\"1024\" height=\"683\" data-attachment-id=\"4081\" data-permalink=\"http:\/\/mos.kamienna-gora.pl\/index.php\/2025\/04\/28\/final-powiatowy-w-pilce-noznej-dziewczat-i-chlopcow-w-licealiadzie\/img_4600\/\" data-orig-file=\"http:\/\/mos.kamienna-gora.pl\/wp-content\/uploads\/2025\/04\/IMG_4600-scaled.jpg\" data-orig-size=\"2560,1707\" data-comments-opened=\"1\" data-image-meta=\"{&quot;aperture&quot;:&quot;5&quot;,&quot;credit&quot;:&quot;&quot;,&quot;camera&quot;:&quot;Canon EOS 4000D&quot;,&quot;caption&quot;:&quot;&quot;,&quot;created_timestamp&quot;:&quot;1745835660&quot;,&quot;copyright&quot;:&quot;&quot;,&quot;focal_length&quot;:&quot;18&quot;,&quot;iso&quot;:&quot;100&quot;,&quot;shutter_speed&quot;:&quot;0.0025&quot;,&quot;title&quot;:&quot;&quot;,&quot;orientation&quot;:&quot;1&quot;}\" data-image-title=\"IMG_4600\" data-image-description=\"\" data-image-caption=\"\" data-large-file=\"http:\/\/mos.kamienna-gora.pl\/wp-content\/uploads\/2025\/04\/IMG_4600-1024x683.jpg\" data-id=\"4081\" src=\"https:\/\/mos.kamienna-gora.pl\/wp-content\/uploads\/2025\/04\/IMG_4600-1024x683.jpg\" alt=\"\" class=\"wp-image-4081\" srcset=\"http:\/\/mos.kamienna-gora.pl\/wp-content\/uploads\/2025\/04\/IMG_4600-1024x683.jpg 1024w, http:\/\/mos.kamienna-gora.pl\/wp-content\/uploads\/2025\/04\/IMG_4600-300x200.jpg 300w, http:\/\/mos.kamienna-gora.pl\/wp-content\/uploads\/2025\/04\/IMG_4600-768x512.jpg 768w, http:\/\/mos.kamienna-gora.pl\/wp-content\/uploads\/2025\/04\/IMG_4600-1536x1024.jpg 1536w, http:\/\/mos.kamienna-gora.pl\/wp-content\/uploads\/2025\/04\/IMG_4600-2048x1365.jpg 2048w\" sizes=\"auto, (max-width: 1024px) 100vw, 1024px\" \/><\/figure>\n<\/figure>\n\n\n\n<figure class=\"wp-block-gallery has-nested-images columns-default is-cropped wp-block-gallery-2 is-layout-flex wp-block-gallery-is-layout-flex\">\n<figure class=\"wp-block-image size-large\"><img loading=\"lazy\" decoding=\"async\" width=\"1024\" height=\"683\" data-attachment-id=\"4082\" data-permalink=\"http:\/\/mos.kamienna-gora.pl\/index.php\/2025\/04\/28\/final-powiatowy-w-pilce-noznej-dziewczat-i-chlopcow-w-licealiadzie\/img_4607\/\" data-orig-file=\"http:\/\/mos.kamienna-gora.pl\/wp-content\/uploads\/2025\/04\/IMG_4607-scaled.jpg\" data-orig-size=\"2560,1707\" data-comments-opened=\"1\" data-image-meta=\"{&quot;aperture&quot;:&quot;5&quot;,&quot;credit&quot;:&quot;&quot;,&quot;camera&quot;:&quot;Canon EOS 4000D&quot;,&quot;caption&quot;:&quot;&quot;,&quot;created_timestamp&quot;:&quot;1745837549&quot;,&quot;copyright&quot;:&quot;&quot;,&quot;focal_length&quot;:&quot;40&quot;,&quot;iso&quot;:&quot;125&quot;,&quot;shutter_speed&quot;:&quot;0.0015625&quot;,&quot;title&quot;:&quot;&quot;,&quot;orientation&quot;:&quot;1&quot;}\" data-image-title=\"IMG_4607\" data-image-description=\"\" data-image-caption=\"\" data-large-file=\"http:\/\/mos.kamienna-gora.pl\/wp-content\/uploads\/2025\/04\/IMG_4607-1024x683.jpg\" data-id=\"4082\" src=\"https:\/\/mos.kamienna-gora.pl\/wp-content\/uploads\/2025\/04\/IMG_4607-1024x683.jpg\" alt=\"\" class=\"wp-image-4082\" srcset=\"http:\/\/mos.kamienna-gora.pl\/wp-content\/uploads\/2025\/04\/IMG_4607-1024x683.jpg 1024w, http:\/\/mos.kamienna-gora.pl\/wp-content\/uploads\/2025\/04\/IMG_4607-300x200.jpg 300w, http:\/\/mos.kamienna-gora.pl\/wp-content\/uploads\/2025\/04\/IMG_4607-768x512.jpg 768w, http:\/\/mos.kamienna-gora.pl\/wp-content\/uploads\/2025\/04\/IMG_4607-1536x1024.jpg 1536w, http:\/\/mos.kamienna-gora.pl\/wp-content\/uploads\/2025\/04\/IMG_4607-2048x1365.jpg 2048w\" sizes=\"auto, (max-width: 1024px) 100vw, 1024px\" \/><\/figure>\n<\/figure>\n\n\n\n<figure class=\"wp-block-gallery has-nested-images columns-default is-cropped wp-block-gallery-3 is-layout-flex wp-block-gallery-is-layout-flex\">\n<figure class=\"wp-block-image size-large\"><img loading=\"lazy\" decoding=\"async\" width=\"1024\" height=\"683\" data-attachment-id=\"4083\" data-permalink=\"http:\/\/mos.kamienna-gora.pl\/index.php\/2025\/04\/28\/final-powiatowy-w-pilce-noznej-dziewczat-i-chlopcow-w-licealiadzie\/img_4609\/\" data-orig-file=\"http:\/\/mos.kamienna-gora.pl\/wp-content\/uploads\/2025\/04\/IMG_4609-scaled.jpg\" data-orig-size=\"2560,1707\" data-comments-opened=\"1\" data-image-meta=\"{&quot;aperture&quot;:&quot;5.6&quot;,&quot;credit&quot;:&quot;&quot;,&quot;camera&quot;:&quot;Canon EOS 4000D&quot;,&quot;caption&quot;:&quot;&quot;,&quot;created_timestamp&quot;:&quot;1745837600&quot;,&quot;copyright&quot;:&quot;&quot;,&quot;focal_length&quot;:&quot;49&quot;,&quot;iso&quot;:&quot;160&quot;,&quot;shutter_speed&quot;:&quot;0.0015625&quot;,&quot;title&quot;:&quot;&quot;,&quot;orientation&quot;:&quot;1&quot;}\" data-image-title=\"IMG_4609\" data-image-description=\"\" data-image-caption=\"\" data-large-file=\"http:\/\/mos.kamienna-gora.pl\/wp-content\/uploads\/2025\/04\/IMG_4609-1024x683.jpg\" data-id=\"4083\" src=\"https:\/\/mos.kamienna-gora.pl\/wp-content\/uploads\/2025\/04\/IMG_4609-1024x683.jpg\" alt=\"\" class=\"wp-image-4083\" srcset=\"http:\/\/mos.kamienna-gora.pl\/wp-content\/uploads\/2025\/04\/IMG_4609-1024x683.jpg 1024w, http:\/\/mos.kamienna-gora.pl\/wp-content\/uploads\/2025\/04\/IMG_4609-300x200.jpg 300w, http:\/\/mos.kamienna-gora.pl\/wp-content\/uploads\/2025\/04\/IMG_4609-768x512.jpg 768w, http:\/\/mos.kamienna-gora.pl\/wp-content\/uploads\/2025\/04\/IMG_4609-1536x1024.jpg 1536w, http:\/\/mos.kamienna-gora.pl\/wp-content\/uploads\/2025\/04\/IMG_4609-2048x1365.jpg 2048w\" sizes=\"auto, (max-width: 1024px) 100vw, 1024px\" \/><\/figure>\n<\/figure>\n\n\n\n<figure class=\"wp-block-gallery has-nested-images columns-default is-cropped wp-block-gallery-4 is-layout-flex wp-block-gallery-is-layout-flex\">\n<figure class=\"wp-block-image size-large\"><img loading=\"lazy\" decoding=\"async\" width=\"1024\" height=\"683\" data-attachment-id=\"4084\" data-permalink=\"http:\/\/mos.kamienna-gora.pl\/index.php\/2025\/04\/28\/final-powiatowy-w-pilce-noznej-dziewczat-i-chlopcow-w-licealiadzie\/img_4627-2\/\" data-orig-file=\"http:\/\/mos.kamienna-gora.pl\/wp-content\/uploads\/2025\/04\/IMG_4627-scaled.jpg\" data-orig-size=\"2560,1707\" data-comments-opened=\"1\" data-image-meta=\"{&quot;aperture&quot;:&quot;5.6&quot;,&quot;credit&quot;:&quot;&quot;,&quot;camera&quot;:&quot;Canon EOS 4000D&quot;,&quot;caption&quot;:&quot;&quot;,&quot;created_timestamp&quot;:&quot;1745838936&quot;,&quot;copyright&quot;:&quot;&quot;,&quot;focal_length&quot;:&quot;55&quot;,&quot;iso&quot;:&quot;200&quot;,&quot;shutter_speed&quot;:&quot;0.00125&quot;,&quot;title&quot;:&quot;&quot;,&quot;orientation&quot;:&quot;1&quot;}\" data-image-title=\"IMG_4627\" data-image-description=\"\" data-image-caption=\"\" data-large-file=\"http:\/\/mos.kamienna-gora.pl\/wp-content\/uploads\/2025\/04\/IMG_4627-1024x683.jpg\" data-id=\"4084\" src=\"https:\/\/mos.kamienna-gora.pl\/wp-content\/uploads\/2025\/04\/IMG_4627-1024x683.jpg\" alt=\"\" class=\"wp-image-4084\" srcset=\"http:\/\/mos.kamienna-gora.pl\/wp-content\/uploads\/2025\/04\/IMG_4627-1024x683.jpg 1024w, http:\/\/mos.kamienna-gora.pl\/wp-content\/uploads\/2025\/04\/IMG_4627-300x200.jpg 300w, http:\/\/mos.kamienna-gora.pl\/wp-content\/uploads\/2025\/04\/IMG_4627-768x512.jpg 768w, http:\/\/mos.kamienna-gora.pl\/wp-content\/uploads\/2025\/04\/IMG_4627-1536x1024.jpg 1536w, http:\/\/mos.kamienna-gora.pl\/wp-content\/uploads\/2025\/04\/IMG_4627-2048x1365.jpg 2048w\" sizes=\"auto, (max-width: 1024px) 100vw, 1024px\" \/><\/figure>\n<\/figure>\n\n\n\n<figure class=\"wp-block-gallery has-nested-images columns-default is-cropped wp-block-gallery-5 is-layout-flex wp-block-gallery-is-layout-flex\">\n<figure class=\"wp-block-image size-large\"><img loading=\"lazy\" decoding=\"async\" width=\"1024\" height=\"683\" data-attachment-id=\"4085\" data-permalink=\"http:\/\/mos.kamienna-gora.pl\/index.php\/2025\/04\/28\/final-powiatowy-w-pilce-noznej-dziewczat-i-chlopcow-w-licealiadzie\/img_4615\/\" data-orig-file=\"http:\/\/mos.kamienna-gora.pl\/wp-content\/uploads\/2025\/04\/IMG_4615-scaled.jpg\" data-orig-size=\"2560,1707\" data-comments-opened=\"1\" data-image-meta=\"{&quot;aperture&quot;:&quot;6.3&quot;,&quot;credit&quot;:&quot;&quot;,&quot;camera&quot;:&quot;Canon EOS 4000D&quot;,&quot;caption&quot;:&quot;&quot;,&quot;created_timestamp&quot;:&quot;1745838341&quot;,&quot;copyright&quot;:&quot;&quot;,&quot;focal_length&quot;:&quot;21&quot;,&quot;iso&quot;:&quot;100&quot;,&quot;shutter_speed&quot;:&quot;0.002&quot;,&quot;title&quot;:&quot;&quot;,&quot;orientation&quot;:&quot;1&quot;}\" data-image-title=\"IMG_4615\" data-image-description=\"\" data-image-caption=\"\" data-large-file=\"http:\/\/mos.kamienna-gora.pl\/wp-content\/uploads\/2025\/04\/IMG_4615-1024x683.jpg\" data-id=\"4085\" src=\"https:\/\/mos.kamienna-gora.pl\/wp-content\/uploads\/2025\/04\/IMG_4615-1024x683.jpg\" alt=\"\" class=\"wp-image-4085\" srcset=\"http:\/\/mos.kamienna-gora.pl\/wp-content\/uploads\/2025\/04\/IMG_4615-1024x683.jpg 1024w, http:\/\/mos.kamienna-gora.pl\/wp-content\/uploads\/2025\/04\/IMG_4615-300x200.jpg 300w, http:\/\/mos.kamienna-gora.pl\/wp-content\/uploads\/2025\/04\/IMG_4615-768x512.jpg 768w, http:\/\/mos.kamienna-gora.pl\/wp-content\/uploads\/2025\/04\/IMG_4615-1536x1024.jpg 1536w, http:\/\/mos.kamienna-gora.pl\/wp-content\/uploads\/2025\/04\/IMG_4615-2048x1365.jpg 2048w\" sizes=\"auto, (max-width: 1024px) 100vw, 1024px\" \/><\/figure>\n<\/figure>\n\n\n\n<figure class=\"wp-block-gallery has-nested-images columns-default is-cropped wp-block-gallery-6 is-layout-flex wp-block-gallery-is-layout-flex\">\n<figure class=\"wp-block-image size-large\"><img loading=\"lazy\" decoding=\"async\" width=\"1024\" height=\"683\" data-attachment-id=\"4086\" data-permalink=\"http:\/\/mos.kamienna-gora.pl\/index.php\/2025\/04\/28\/final-powiatowy-w-pilce-noznej-dziewczat-i-chlopcow-w-licealiadzie\/img_4645\/\" data-orig-file=\"http:\/\/mos.kamienna-gora.pl\/wp-content\/uploads\/2025\/04\/IMG_4645-scaled.jpg\" data-orig-size=\"2560,1707\" data-comments-opened=\"1\" data-image-meta=\"{&quot;aperture&quot;:&quot;4&quot;,&quot;credit&quot;:&quot;&quot;,&quot;camera&quot;:&quot;Canon EOS 4000D&quot;,&quot;caption&quot;:&quot;&quot;,&quot;created_timestamp&quot;:&quot;1745841412&quot;,&quot;copyright&quot;:&quot;&quot;,&quot;focal_length&quot;:&quot;23&quot;,&quot;iso&quot;:&quot;100&quot;,&quot;shutter_speed&quot;:&quot;0.0025&quot;,&quot;title&quot;:&quot;&quot;,&quot;orientation&quot;:&quot;1&quot;}\" data-image-title=\"IMG_4645\" data-image-description=\"\" data-image-caption=\"\" data-large-file=\"http:\/\/mos.kamienna-gora.pl\/wp-content\/uploads\/2025\/04\/IMG_4645-1024x683.jpg\" data-id=\"4086\" src=\"https:\/\/mos.kamienna-gora.pl\/wp-content\/uploads\/2025\/04\/IMG_4645-1024x683.jpg\" alt=\"\" class=\"wp-image-4086\" srcset=\"http:\/\/mos.kamienna-gora.pl\/wp-content\/uploads\/2025\/04\/IMG_4645-1024x683.jpg 1024w, http:\/\/mos.kamienna-gora.pl\/wp-content\/uploads\/2025\/04\/IMG_4645-300x200.jpg 300w, http:\/\/mos.kamienna-gora.pl\/wp-content\/uploads\/2025\/04\/IMG_4645-768x512.jpg 768w, http:\/\/mos.kamienna-gora.pl\/wp-content\/uploads\/2025\/04\/IMG_4645-1536x1024.jpg 1536w, http:\/\/mos.kamienna-gora.pl\/wp-content\/uploads\/2025\/04\/IMG_4645-2048x1365.jpg 2048w\" sizes=\"auto, (max-width: 1024px) 100vw, 1024px\" \/><\/figure>\n<\/figure>\n","protected":false},"excerpt":{"rendered":"<p>Dnia 28.04.2025 roku na Orliku przy ulicy Ksi\u0119cia Bolka I w Kamiennej G\u00f3rze odby\u0142 si\u0119 Fina\u0142 Powiatu Kamiennog\u00f3rskiego w pi\u0142ce&hellip;<\/p>\n","protected":false},"author":1,"featured_media":4086,"comment_status":"open","ping_status":"open","sticky":false,"template":"","format":"standard","meta":{"jetpack_post_was_ever_published":false,"_jetpack_newsletter_access":"","_jetpack_dont_email_post_to_subs":false,"_jetpack_newsletter_tier_id":0,"_jetpack_memberships_contains_paywalled_content":false,"_jetpack_memberships_contains_paid_content":false,"footnotes":""},"categories":[1,7],"tags":[],"class_list":["post-4080","post","type-post","status-publish","format-standard","has-post-thumbnail","hentry","category-wydarzenia","category-zawody-powiatowe"],"jetpack_featured_media_url":"http:\/\/mos.kamienna-gora.pl\/wp-content\/uploads\/2025\/04\/IMG_4645-scaled.jpg","jetpack_sharing_enabled":true,"jetpack_shortlink":"https:\/\/wp.me\/paEJ1v-13O","jetpack-related-posts":[],"_links":{"self":[{"href":"http:\/\/mos.kamienna-gora.pl\/index.php\/wp-json\/wp\/v2\/posts\/4080","targetHints":{"allow":["GET"]}}],"collection":[{"href":"http:\/\/mos.kamienna-gora.pl\/index.php\/wp-json\/wp\/v2\/posts"}],"about":[{"href":"http:\/\/mos.kamienna-gora.pl\/index.php\/wp-json\/wp\/v2\/types\/post"}],"author":[{"embeddable":true,"href":"http:\/\/mos.kamienna-gora.pl\/index.php\/wp-json\/wp\/v2\/users\/1"}],"replies":[{"embeddable":true,"href":"http:\/\/mos.kamienna-gora.pl\/index.php\/wp-json\/wp\/v2\/comments?post=4080"}],"version-history":[{"count":1,"href":"http:\/\/mos.kamienna-gora.pl\/index.php\/wp-json\/wp\/v2\/posts\/4080\/revisions"}],"predecessor-version":[{"id":4087,"href":"http:\/\/mos.kamienna-gora.pl\/index.php\/wp-json\/wp\/v2\/posts\/4080\/revisions\/4087"}],"wp:featuredmedia":[{"embeddable":true,"href":"http:\/\/mos.kamienna-gora.pl\/index.php\/wp-json\/wp\/v2\/media\/4086"}],"wp:attachment":[{"href":"http:\/\/mos.kamienna-gora.pl\/index.php\/wp-json\/wp\/v2\/media?parent=4080"}],"wp:term":[{"taxonomy":"category","embeddable":true,"href":"http:\/\/mos.kamienna-gora.pl\/index.php\/wp-json\/wp\/v2\/categories?post=4080"},{"taxonomy":"post_tag","embeddable":true,"href":"http:\/\/mos.kamienna-gora.pl\/index.php\/wp-json\/wp\/v2\/tags?post=4080"}],"curies":[{"name":"wp","href":"https:\/\/api.w.org\/{rel}","templated":true}]}}