{"id":4096,"date":"2025-05-13T09:16:03","date_gmt":"2025-05-13T07:16:03","guid":{"rendered":"https:\/\/mos.kamienna-gora.pl\/?p=4096"},"modified":"2025-05-13T09:16:03","modified_gmt":"2025-05-13T07:16:03","slug":"final-strefy-jeleniogorskiej-w-pilce-noznej-chlopcow-w-igrzyskach-mlodziezy-szkolnej","status":"publish","type":"post","link":"http:\/\/mos.kamienna-gora.pl\/index.php\/2025\/05\/13\/final-strefy-jeleniogorskiej-w-pilce-noznej-chlopcow-w-igrzyskach-mlodziezy-szkolnej\/","title":{"rendered":"Fina\u0142 Strefy Jeleniog\u00f3rskiej w pi\u0142ce no\u017cnej ch\u0142opc\u00f3w w Igrzyskach M\u0142odzie\u017cy Szkolnej"},"content":{"rendered":"\n<p>Dnia 09.05.2025 roku na Stadionie przy ulicy \u015aciegiennego 11 w Kamiennej G\u00f3rze odby\u0142 si\u0119 Fina\u0142 Strefy Jeleniog\u00f3rskiej \u00a0w pi\u0142ce no\u017cnej. By\u0142a to rywalizacja ch\u0142opc\u00f3w w Igrzyskach M\u0142odzie\u017cy Szkolnej. W zawodach udzia\u0142 wzi\u0119\u0142o 8 szk\u00f3\u0142. Dru\u017cyny te zosta\u0142y podzielone na 2 grupy po uprzednim losowaniu. Z grup po 2 najlepsze dru\u017cyny awansowa\u0142y do p\u00f3\u0142fina\u0142\u00f3w. Zwyci\u0119zcy p\u00f3\u0142fina\u0142\u00f3w zagrali o miejsce I, natomiast przegrani o miejsce III.<\/p>\n<p>Mecz rozgrywany by\u0142 w czasie 15 min.<\/p>\n<p>Wyniki poszczeg\u00f3lnych spotka\u0144:<\/p>\n<p>Gr I:<\/p>\n<ol>\n<li>SP Lubawka \u00a0\u2013 SP Pie\u0144sk\u00a0 \u00a02 : 2<\/li>\n<li>SP 2 Lw\u00f3wek \u2013 SP Je\u017c\u00f3w\u00a0 \u00a0 \u00a0 \u00a00 : 3<\/li>\n<li>SP Pie\u0144sk \u00a0\u2013 SP 2 Lw\u00f3wek\u00a0 \u00a02 : 3<\/li>\n<li>SP Je\u017c\u00f3w &#8211; SP Lubawka\u00a0 \u00a0 5 : 2<\/li>\n<li>SP Pie\u0144sk \u2013 SP Je\u017c\u00f3w\u00a0 \u00a0 \u00a01 : 1<\/li>\n<li>SP Lubawka \u2013 SP 2 Lw\u00f3wek\u00a0 \u00a0 \u00a0 1 : 2<\/li>\n<\/ol>\n<p>Gr I:<\/p>\n<ol>\n<li>SP Krzesz\u00f3w \u2013 SP Olszyna\u00a0 \u00a0 \u00a0 \u00a02 : 2<\/li>\n<li>SP \u015awi\u0119tosz\u00f3w &#8211; SP 11 Jel. G\u00f3ra\u00a0 \u00a0 \u00a00 : 4<\/li>\n<li>SP Olszyna \u2013 SP \u015awi\u0119tosz\u00f3w\u00a0 \u00a0 \u00a0 6 : 2<\/li>\n<li>SP Krzesz\u00f3w \u2013 SP 11 Jel. G\u00f3ra\u00a0 \u00a01 : 0<\/li>\n<li>SPO Olszyna \u2013 SP 11 Jel. G\u00f3ra\u00a0 2 : 4<\/li>\n<li>SP Krzesz\u00f3w \u2013 SP \u015awi\u0119tosz\u00f3w\u00a0 \u00a0 3 : 1<\/li>\n<\/ol>\n<p>P\u00f3\u0142fina\u0142y:<\/p>\n<ol>\n<li>SP Je\u017c\u00f3w\u00a0 \u2013 SP 11 Jel. G\u00f3ra\u00a0 \u00a0 0 : 2<\/li>\n<li>SP Krzesz\u00f3w \u00a0\u2013 SP Lw\u00f3wek\u00a0 \u00a0 \u00a03 : 1<\/li>\n<\/ol>\n<p>Mecz o III miejsce:<\/p>\n<p>SP Je\u017c\u00f3w\u00a0 \u2013SP 2 Lw\u00f3wek\u00a0 3 : 2<\/p>\n<p>Mecz o I miejsce:<\/p>\n<p>SP 11 Jel. G\u00f3ra\u00a0 \u2013 SP Krzesz\u00f3w\u00a0 \u00a0 \u00a01 : 0<\/p>\n<p>Kolejno\u015b\u0107 ko\u0144cowa:<br \/>1. <strong>Szko\u0142a Podstawowa nr 11 Jelenia G\u00f3ra<\/strong><br \/>2. Szko\u0142a Podstawowa Krzesz\u00f3w<\/p>\n<p>3.Szko\u0142a Podstawowa Je\u017c\u00f3w Sudecki<\/p>\n<ol start=\"4\">\n<li>Szko\u0142a Podstawowa nr 2 Lw\u00f3wek \u015al\u0105ski<\/li>\n<\/ol>\n<p>5-6. Szko\u0142a Podstawowa Pie\u0144sk<\/p>\n<p>5-6. Szko\u0142a Podstawowa nr 1 Olszyna<\/p>\n<p>7-8. Szko\u0142a Podstawowa Lubawka<\/p>\n<p>7-8. Szko\u0142a Podstawowa \u015awi\u0119tosz\u00f3w<\/p>\n<p><strong>Zwyci\u0119ska dru\u017cyna awansowa\u0142a do zawod\u00f3w Wojew\u00f3dzkich.<\/strong><\/p>\n<p><strong>\u00a0<\/strong><\/p>\n<p>\u00a0<\/p>\n\n\n\n<figure class=\"wp-block-gallery has-nested-images columns-default is-cropped wp-block-gallery-1 is-layout-flex wp-block-gallery-is-layout-flex\">\n<figure class=\"wp-block-image size-large\"><img loading=\"lazy\" decoding=\"async\" width=\"1024\" height=\"683\" data-attachment-id=\"4097\" data-permalink=\"http:\/\/mos.kamienna-gora.pl\/index.php\/2025\/05\/13\/final-strefy-jeleniogorskiej-w-pilce-noznej-chlopcow-w-igrzyskach-mlodziezy-szkolnej\/img_4647-2\/\" data-orig-file=\"http:\/\/mos.kamienna-gora.pl\/wp-content\/uploads\/2025\/05\/IMG_4647-scaled.jpg\" data-orig-size=\"2560,1707\" data-comments-opened=\"1\" data-image-meta=\"{&quot;aperture&quot;:&quot;6.3&quot;,&quot;credit&quot;:&quot;&quot;,&quot;camera&quot;:&quot;Canon EOS 4000D&quot;,&quot;caption&quot;:&quot;&quot;,&quot;created_timestamp&quot;:&quot;1746784096&quot;,&quot;copyright&quot;:&quot;&quot;,&quot;focal_length&quot;:&quot;20&quot;,&quot;iso&quot;:&quot;100&quot;,&quot;shutter_speed&quot;:&quot;0.002&quot;,&quot;title&quot;:&quot;&quot;,&quot;orientation&quot;:&quot;1&quot;}\" data-image-title=\"IMG_4647\" data-image-description=\"\" data-image-caption=\"\" data-large-file=\"http:\/\/mos.kamienna-gora.pl\/wp-content\/uploads\/2025\/05\/IMG_4647-1024x683.jpg\" data-id=\"4097\" src=\"https:\/\/mos.kamienna-gora.pl\/wp-content\/uploads\/2025\/05\/IMG_4647-1024x683.jpg\" alt=\"\" class=\"wp-image-4097\" srcset=\"http:\/\/mos.kamienna-gora.pl\/wp-content\/uploads\/2025\/05\/IMG_4647-1024x683.jpg 1024w, http:\/\/mos.kamienna-gora.pl\/wp-content\/uploads\/2025\/05\/IMG_4647-300x200.jpg 300w, http:\/\/mos.kamienna-gora.pl\/wp-content\/uploads\/2025\/05\/IMG_4647-768x512.jpg 768w, http:\/\/mos.kamienna-gora.pl\/wp-content\/uploads\/2025\/05\/IMG_4647-1536x1024.jpg 1536w, http:\/\/mos.kamienna-gora.pl\/wp-content\/uploads\/2025\/05\/IMG_4647-2048x1365.jpg 2048w\" sizes=\"auto, (max-width: 1024px) 100vw, 1024px\" \/><\/figure>\n<\/figure>\n\n\n\n<figure class=\"wp-block-gallery has-nested-images columns-default is-cropped wp-block-gallery-2 is-layout-flex wp-block-gallery-is-layout-flex\">\n<figure class=\"wp-block-image size-large\"><img loading=\"lazy\" decoding=\"async\" width=\"1024\" height=\"683\" data-attachment-id=\"4098\" data-permalink=\"http:\/\/mos.kamienna-gora.pl\/index.php\/2025\/05\/13\/final-strefy-jeleniogorskiej-w-pilce-noznej-chlopcow-w-igrzyskach-mlodziezy-szkolnej\/img_4653\/\" data-orig-file=\"http:\/\/mos.kamienna-gora.pl\/wp-content\/uploads\/2025\/05\/IMG_4653-scaled.jpg\" data-orig-size=\"2560,1707\" data-comments-opened=\"1\" data-image-meta=\"{&quot;aperture&quot;:&quot;5.6&quot;,&quot;credit&quot;:&quot;&quot;,&quot;camera&quot;:&quot;Canon EOS 4000D&quot;,&quot;caption&quot;:&quot;&quot;,&quot;created_timestamp&quot;:&quot;1746785684&quot;,&quot;copyright&quot;:&quot;&quot;,&quot;focal_length&quot;:&quot;55&quot;,&quot;iso&quot;:&quot;100&quot;,&quot;shutter_speed&quot;:&quot;0.0025&quot;,&quot;title&quot;:&quot;&quot;,&quot;orientation&quot;:&quot;1&quot;}\" data-image-title=\"IMG_4653\" data-image-description=\"\" data-image-caption=\"\" data-large-file=\"http:\/\/mos.kamienna-gora.pl\/wp-content\/uploads\/2025\/05\/IMG_4653-1024x683.jpg\" data-id=\"4098\" src=\"https:\/\/mos.kamienna-gora.pl\/wp-content\/uploads\/2025\/05\/IMG_4653-1024x683.jpg\" alt=\"\" class=\"wp-image-4098\" srcset=\"http:\/\/mos.kamienna-gora.pl\/wp-content\/uploads\/2025\/05\/IMG_4653-1024x683.jpg 1024w, http:\/\/mos.kamienna-gora.pl\/wp-content\/uploads\/2025\/05\/IMG_4653-300x200.jpg 300w, http:\/\/mos.kamienna-gora.pl\/wp-content\/uploads\/2025\/05\/IMG_4653-768x512.jpg 768w, http:\/\/mos.kamienna-gora.pl\/wp-content\/uploads\/2025\/05\/IMG_4653-1536x1024.jpg 1536w, http:\/\/mos.kamienna-gora.pl\/wp-content\/uploads\/2025\/05\/IMG_4653-2048x1365.jpg 2048w\" sizes=\"auto, (max-width: 1024px) 100vw, 1024px\" \/><\/figure>\n<\/figure>\n\n\n\n<figure class=\"wp-block-gallery has-nested-images columns-default is-cropped wp-block-gallery-3 is-layout-flex wp-block-gallery-is-layout-flex\">\n<figure class=\"wp-block-image size-large\"><img loading=\"lazy\" decoding=\"async\" width=\"1024\" height=\"683\" data-attachment-id=\"4099\" data-permalink=\"http:\/\/mos.kamienna-gora.pl\/index.php\/2025\/05\/13\/final-strefy-jeleniogorskiej-w-pilce-noznej-chlopcow-w-igrzyskach-mlodziezy-szkolnej\/img_4660-2\/\" data-orig-file=\"http:\/\/mos.kamienna-gora.pl\/wp-content\/uploads\/2025\/05\/IMG_4660-scaled.jpg\" data-orig-size=\"2560,1707\" data-comments-opened=\"1\" data-image-meta=\"{&quot;aperture&quot;:&quot;5.6&quot;,&quot;credit&quot;:&quot;&quot;,&quot;camera&quot;:&quot;Canon EOS 4000D&quot;,&quot;caption&quot;:&quot;&quot;,&quot;created_timestamp&quot;:&quot;1746785946&quot;,&quot;copyright&quot;:&quot;&quot;,&quot;focal_length&quot;:&quot;55&quot;,&quot;iso&quot;:&quot;100&quot;,&quot;shutter_speed&quot;:&quot;0.0025&quot;,&quot;title&quot;:&quot;&quot;,&quot;orientation&quot;:&quot;1&quot;}\" data-image-title=\"IMG_4660\" data-image-description=\"\" data-image-caption=\"\" data-large-file=\"http:\/\/mos.kamienna-gora.pl\/wp-content\/uploads\/2025\/05\/IMG_4660-1024x683.jpg\" data-id=\"4099\" src=\"https:\/\/mos.kamienna-gora.pl\/wp-content\/uploads\/2025\/05\/IMG_4660-1024x683.jpg\" alt=\"\" class=\"wp-image-4099\" srcset=\"http:\/\/mos.kamienna-gora.pl\/wp-content\/uploads\/2025\/05\/IMG_4660-1024x683.jpg 1024w, http:\/\/mos.kamienna-gora.pl\/wp-content\/uploads\/2025\/05\/IMG_4660-300x200.jpg 300w, http:\/\/mos.kamienna-gora.pl\/wp-content\/uploads\/2025\/05\/IMG_4660-768x512.jpg 768w, http:\/\/mos.kamienna-gora.pl\/wp-content\/uploads\/2025\/05\/IMG_4660-1536x1024.jpg 1536w, http:\/\/mos.kamienna-gora.pl\/wp-content\/uploads\/2025\/05\/IMG_4660-2048x1365.jpg 2048w\" sizes=\"auto, (max-width: 1024px) 100vw, 1024px\" \/><\/figure>\n<\/figure>\n\n\n\n<figure class=\"wp-block-gallery has-nested-images columns-default is-cropped wp-block-gallery-4 is-layout-flex wp-block-gallery-is-layout-flex\">\n<figure class=\"wp-block-image size-large\"><img loading=\"lazy\" decoding=\"async\" width=\"1024\" height=\"683\" data-attachment-id=\"4100\" data-permalink=\"http:\/\/mos.kamienna-gora.pl\/index.php\/2025\/05\/13\/final-strefy-jeleniogorskiej-w-pilce-noznej-chlopcow-w-igrzyskach-mlodziezy-szkolnej\/img_4689\/\" data-orig-file=\"http:\/\/mos.kamienna-gora.pl\/wp-content\/uploads\/2025\/05\/IMG_4689-scaled.jpg\" data-orig-size=\"2560,1707\" data-comments-opened=\"1\" data-image-meta=\"{&quot;aperture&quot;:&quot;5.6&quot;,&quot;credit&quot;:&quot;&quot;,&quot;camera&quot;:&quot;Canon EOS 4000D&quot;,&quot;caption&quot;:&quot;&quot;,&quot;created_timestamp&quot;:&quot;1746791816&quot;,&quot;copyright&quot;:&quot;&quot;,&quot;focal_length&quot;:&quot;55&quot;,&quot;iso&quot;:&quot;500&quot;,&quot;shutter_speed&quot;:&quot;0.00125&quot;,&quot;title&quot;:&quot;&quot;,&quot;orientation&quot;:&quot;1&quot;}\" data-image-title=\"IMG_4689\" data-image-description=\"\" data-image-caption=\"\" data-large-file=\"http:\/\/mos.kamienna-gora.pl\/wp-content\/uploads\/2025\/05\/IMG_4689-1024x683.jpg\" data-id=\"4100\" src=\"https:\/\/mos.kamienna-gora.pl\/wp-content\/uploads\/2025\/05\/IMG_4689-1024x683.jpg\" alt=\"\" class=\"wp-image-4100\" srcset=\"http:\/\/mos.kamienna-gora.pl\/wp-content\/uploads\/2025\/05\/IMG_4689-1024x683.jpg 1024w, http:\/\/mos.kamienna-gora.pl\/wp-content\/uploads\/2025\/05\/IMG_4689-300x200.jpg 300w, http:\/\/mos.kamienna-gora.pl\/wp-content\/uploads\/2025\/05\/IMG_4689-768x512.jpg 768w, http:\/\/mos.kamienna-gora.pl\/wp-content\/uploads\/2025\/05\/IMG_4689-1536x1024.jpg 1536w, http:\/\/mos.kamienna-gora.pl\/wp-content\/uploads\/2025\/05\/IMG_4689-2048x1365.jpg 2048w\" sizes=\"auto, (max-width: 1024px) 100vw, 1024px\" \/><\/figure>\n<\/figure>\n\n\n\n<figure class=\"wp-block-gallery has-nested-images columns-default is-cropped wp-block-gallery-5 is-layout-flex wp-block-gallery-is-layout-flex\">\n<figure class=\"wp-block-image size-large\"><img loading=\"lazy\" decoding=\"async\" width=\"1024\" height=\"683\" data-attachment-id=\"4101\" data-permalink=\"http:\/\/mos.kamienna-gora.pl\/index.php\/2025\/05\/13\/final-strefy-jeleniogorskiej-w-pilce-noznej-chlopcow-w-igrzyskach-mlodziezy-szkolnej\/img_4699\/\" data-orig-file=\"http:\/\/mos.kamienna-gora.pl\/wp-content\/uploads\/2025\/05\/IMG_4699-scaled.jpg\" data-orig-size=\"2560,1707\" data-comments-opened=\"1\" data-image-meta=\"{&quot;aperture&quot;:&quot;4&quot;,&quot;credit&quot;:&quot;&quot;,&quot;camera&quot;:&quot;Canon EOS 4000D&quot;,&quot;caption&quot;:&quot;&quot;,&quot;created_timestamp&quot;:&quot;1746794476&quot;,&quot;copyright&quot;:&quot;&quot;,&quot;focal_length&quot;:&quot;18&quot;,&quot;iso&quot;:&quot;100&quot;,&quot;shutter_speed&quot;:&quot;0.003125&quot;,&quot;title&quot;:&quot;&quot;,&quot;orientation&quot;:&quot;1&quot;}\" data-image-title=\"IMG_4699\" data-image-description=\"\" data-image-caption=\"\" data-large-file=\"http:\/\/mos.kamienna-gora.pl\/wp-content\/uploads\/2025\/05\/IMG_4699-1024x683.jpg\" data-id=\"4101\" src=\"https:\/\/mos.kamienna-gora.pl\/wp-content\/uploads\/2025\/05\/IMG_4699-1024x683.jpg\" alt=\"\" class=\"wp-image-4101\" srcset=\"http:\/\/mos.kamienna-gora.pl\/wp-content\/uploads\/2025\/05\/IMG_4699-1024x683.jpg 1024w, http:\/\/mos.kamienna-gora.pl\/wp-content\/uploads\/2025\/05\/IMG_4699-300x200.jpg 300w, http:\/\/mos.kamienna-gora.pl\/wp-content\/uploads\/2025\/05\/IMG_4699-768x512.jpg 768w, http:\/\/mos.kamienna-gora.pl\/wp-content\/uploads\/2025\/05\/IMG_4699-1536x1024.jpg 1536w, http:\/\/mos.kamienna-gora.pl\/wp-content\/uploads\/2025\/05\/IMG_4699-2048x1365.jpg 2048w\" sizes=\"auto, (max-width: 1024px) 100vw, 1024px\" \/><\/figure>\n<\/figure>\n","protected":false},"excerpt":{"rendered":"<p>Dnia 09.05.2025 roku na Stadionie przy ulicy \u015aciegiennego 11 w Kamiennej G\u00f3rze odby\u0142 si\u0119 Fina\u0142 Strefy Jeleniog\u00f3rskiej \u00a0w pi\u0142ce no\u017cnej.&hellip;<\/p>\n","protected":false},"author":1,"featured_media":4101,"comment_status":"open","ping_status":"open","sticky":false,"template":"","format":"standard","meta":{"jetpack_post_was_ever_published":false,"_jetpack_newsletter_access":"","_jetpack_dont_email_post_to_subs":false,"_jetpack_newsletter_tier_id":0,"_jetpack_memberships_contains_paywalled_content":false,"_jetpack_memberships_contains_paid_content":false,"footnotes":""},"categories":[1,8],"tags":[],"class_list":["post-4096","post","type-post","status-publish","format-standard","has-post-thumbnail","hentry","category-wydarzenia","category-zawody-strefowe"],"jetpack_featured_media_url":"http:\/\/mos.kamienna-gora.pl\/wp-content\/uploads\/2025\/05\/IMG_4699-scaled.jpg","jetpack_sharing_enabled":true,"jetpack_shortlink":"https:\/\/wp.me\/paEJ1v-144","jetpack-related-posts":[],"_links":{"self":[{"href":"http:\/\/mos.kamienna-gora.pl\/index.php\/wp-json\/wp\/v2\/posts\/4096","targetHints":{"allow":["GET"]}}],"collection":[{"href":"http:\/\/mos.kamienna-gora.pl\/index.php\/wp-json\/wp\/v2\/posts"}],"about":[{"href":"http:\/\/mos.kamienna-gora.pl\/index.php\/wp-json\/wp\/v2\/types\/post"}],"author":[{"embeddable":true,"href":"http:\/\/mos.kamienna-gora.pl\/index.php\/wp-json\/wp\/v2\/users\/1"}],"replies":[{"embeddable":true,"href":"http:\/\/mos.kamienna-gora.pl\/index.php\/wp-json\/wp\/v2\/comments?post=4096"}],"version-history":[{"count":1,"href":"http:\/\/mos.kamienna-gora.pl\/index.php\/wp-json\/wp\/v2\/posts\/4096\/revisions"}],"predecessor-version":[{"id":4102,"href":"http:\/\/mos.kamienna-gora.pl\/index.php\/wp-json\/wp\/v2\/posts\/4096\/revisions\/4102"}],"wp:featuredmedia":[{"embeddable":true,"href":"http:\/\/mos.kamienna-gora.pl\/index.php\/wp-json\/wp\/v2\/media\/4101"}],"wp:attachment":[{"href":"http:\/\/mos.kamienna-gora.pl\/index.php\/wp-json\/wp\/v2\/media?parent=4096"}],"wp:term":[{"taxonomy":"category","embeddable":true,"href":"http:\/\/mos.kamienna-gora.pl\/index.php\/wp-json\/wp\/v2\/categories?post=4096"},{"taxonomy":"post_tag","embeddable":true,"href":"http:\/\/mos.kamienna-gora.pl\/index.php\/wp-json\/wp\/v2\/tags?post=4096"}],"curies":[{"name":"wp","href":"https:\/\/api.w.org\/{rel}","templated":true}]}}