{"id":413,"date":"2019-03-12T09:22:34","date_gmt":"2019-03-12T08:22:34","guid":{"rendered":"http:\/\/mos.kamienna-gora.pl\/?p=413"},"modified":"2019-03-12T09:22:40","modified_gmt":"2019-03-12T08:22:40","slug":"final-strefy-jeleniogorskiej-w-tenisie-stolowym-dzw-id","status":"publish","type":"post","link":"http:\/\/mos.kamienna-gora.pl\/index.php\/2019\/03\/12\/final-strefy-jeleniogorskiej-w-tenisie-stolowym-dzw-id\/","title":{"rendered":"Fina\u0142 strefy jeleniog\u00f3rskiej w tenisie sto\u0142owym dzw ID"},"content":{"rendered":"\n<p>W dniu 11 marca w Szkole Podstawowej w Pisarzowicach odby\u0142 si\u0119 fina\u0142 strefy jeleniog\u00f3rskiej w tenisie sto\u0142owych dziewcz\u0105t w ramach Igrzysk Dzieci. Powiat kamiennog\u00f3rski na zawodach reprezentowali gospodarze &#8211; SP Pisarzowice.<\/p>\n<p>\u00a0<\/p>\n<p>Wyniki spotka\u0144:<\/p>\n<p><strong><u>Gr 1<\/u><\/strong><\/p>\n<ol>\n<li>SP Siedl\u0119cin \u2013 SP Bierna \u00a0\u00a0\u00a0\u00a0\u00a0\u00a0\u00a0\u00a0\u00a0\u00a0\u00a0 \u00a0\u00a0\u00a0\u00a0\u00a0\u00a0\u00a0\u00a0\u00a0\u00a0\u00a0 2 : 3<\/li>\n<li>SP Bierna \u2013 SP 3 Lw\u00f3wek \u015al\u0105ski \u00a0\u00a0\u00a0\u00a0\u00a0\u00a0\u00a0\u00a0\u00a0\u00a0\u00a0 0 : 3<\/li>\n<li>SP 3 Lw\u00f3wek \u015al\u0105ski.\u2013 SP Siedl\u0119cin \u00a0\u00a0\u00a0\u00a0\u00a0\u00a0\u00a0\u00a0\u00a0\u00a0\u00a0 3 : 0<\/li>\n<\/ol>\n<p>\u00a0<\/p>\n<p><strong><u>Gr 1<\/u><\/strong><\/p>\n<ol>\n<li>SP Je\u017c\u00f3w Sud. \u2013 SP Pisarzowice\u00a0 \u00a0\u00a0\u00a0\u00a0\u00a0\u00a0\u00a0\u00a0\u00a0\u00a0\u00a0\u00a0\u00a0\u00a0\u00a0\u00a0\u00a0\u00a0\u00a0\u00a0\u00a0\u00a0 3 : 0<\/li>\n<li>SP Pisarzowice \u2013 SP \u015awierad\u00f3w Zdr\u00f3j 2 : 3<\/li>\n<li>SP \u015awierad\u00f3w Zdr\u00f3j &#8211; SP Je\u017c\u00f3w Sud. 0 : 3<\/li>\n<\/ol>\n<p>\u00a0<\/p>\n<p><strong>P\u00f3\u0142fina\u0142y :<\/strong><\/p>\n<p>SP 3 Lw\u00f3wek Sl\u0105ski \u2013 SP \u015awierad\u00f3w Zdr\u00f3j\u00a0\u00a0\u00a0\u00a0\u00a0\u00a0\u00a0\u00a0\u00a0\u00a0\u00a0\u00a0\u00a0 3 : 0<\/p>\n<p>SP Bierna. \u2013 SP Je\u017c\u00f3w Sud.\u00a0\u00a0\u00a0\u00a0\u00a0\u00a0\u00a0\u00a0\u00a0\u00a0\u00a0\u00a0\u00a0\u00a0\u00a0\u00a0\u00a0\u00a0\u00a0\u00a0\u00a0\u00a0\u00a0\u00a0\u00a0\u00a0\u00a0\u00a0\u00a0\u00a0\u00a0\u00a0\u00a0\u00a0\u00a0\u00a0\u00a0\u00a0 3 : 2<\/p>\n<p>\u00a0<\/p>\n<p><strong>Mecz o V miejsce:<\/strong><\/p>\n<p>SP Pisarzowice \u2013 SP Siedl\u0119cin\u00a0\u00a0\u00a0\u00a0\u00a0\u00a0\u00a0\u00a0\u00a0\u00a0\u00a0\u00a0\u00a0\u00a0\u00a0\u00a0\u00a0\u00a0\u00a0\u00a0\u00a0\u00a0\u00a0 0 : 3<\/p>\n<p>\u00a0<\/p>\n<p><strong>Mecz o III miejsce :<\/strong><\/p>\n<p>SP \u015awierad\u00f3w Zdr\u00f3j \u2013 SP Je\u017c\u00f3w Sud.\u00a0\u00a0\u00a0\u00a0\u00a0\u00a0\u00a0\u00a0\u00a0\u00a0\u00a0\u00a0\u00a0\u00a0\u00a0\u00a0\u00a0\u00a0\u00a0\u00a0\u00a0\u00a0 0 : 3<\/p>\n<p>\u00a0<\/p>\n<p><strong>Mecz o I miejsce:<\/strong><\/p>\n<p>P 3 Lw\u00f3wek \u015al\u0105ski \u2013 SP Bierna \u00a0\u00a0\u00a0\u00a0\u00a0\u00a0\u00a0\u00a0\u00a0\u00a0\u00a0\u00a0\u00a0\u00a0\u00a0\u00a0\u00a0\u00a0\u00a0\u00a0\u00a0\u00a0\u00a0\u00a0\u00a0\u00a0\u00a0\u00a0\u00a0 3 : 0<\/p>\n<p><strong>\u00a0<\/strong><\/p>\n<p>Klasyfikacja ko\u0144cowa:<\/p>\n<ol>\n<li><strong>Szko\u0142a Podstawowa nr 3 Lw\u00f3wek \u015al\u0105ski<\/strong><\/li>\n<li><strong>Szko\u0142a Podstawowa Bierna<\/strong><\/li>\n<li>Zesp\u00f3l Szkolno \u2013 Przedszkolny w Je\u017cowie Sudeckim<\/li>\n<li>Szko\u0142a Podstawowa nr 2 w \u015awieradowie Zdroju<\/li>\n<li>Szko\u0142a Podstawowa w Siedl\u0119cinie<\/li>\n<li>Szko\u0142a Podstawowa w Pisarzowicach<\/li>\n<\/ol>\n<p>\u00a0<\/p>\n<p>Do fina\u0142u dolno\u015bl\u0105skiego awansowa\u0142y dwie najlepsze dru\u017cyny.<\/p>\n\n\n\n<ul class=\"wp-block-gallery columns-3 is-cropped wp-block-gallery-1 is-layout-flex wp-block-gallery-is-layout-flex\"><li class=\"blocks-gallery-item\"><figure><img loading=\"lazy\" decoding=\"async\" width=\"1024\" height=\"768\" data-attachment-id=\"414\" data-permalink=\"http:\/\/mos.kamienna-gora.pl\/index.php\/2019\/03\/12\/final-strefy-jeleniogorskiej-w-tenisie-stolowym-dzw-id\/20190311_095211\/\" data-orig-file=\"http:\/\/mos.kamienna-gora.pl\/wp-content\/uploads\/2019\/03\/20190311_095211.jpg\" data-orig-size=\"4128,3096\" data-comments-opened=\"1\" data-image-meta=\"{&quot;aperture&quot;:&quot;1.7&quot;,&quot;credit&quot;:&quot;&quot;,&quot;camera&quot;:&quot;SM-J530F&quot;,&quot;caption&quot;:&quot;&quot;,&quot;created_timestamp&quot;:&quot;1552297931&quot;,&quot;copyright&quot;:&quot;&quot;,&quot;focal_length&quot;:&quot;3.71&quot;,&quot;iso&quot;:&quot;64&quot;,&quot;shutter_speed&quot;:&quot;0.02&quot;,&quot;title&quot;:&quot;&quot;,&quot;orientation&quot;:&quot;1&quot;}\" data-image-title=\"20190311_095211\" data-image-description=\"\" data-image-caption=\"\" data-large-file=\"http:\/\/mos.kamienna-gora.pl\/wp-content\/uploads\/2019\/03\/20190311_095211-1024x768.jpg\" src=\"http:\/\/mos.kamienna-gora.pl\/wp-content\/uploads\/2019\/03\/20190311_095211-1024x768.jpg\" alt=\"\" data-id=\"414\" data-link=\"http:\/\/mos.kamienna-gora.pl\/?attachment_id=414\" class=\"wp-image-414\" srcset=\"http:\/\/mos.kamienna-gora.pl\/wp-content\/uploads\/2019\/03\/20190311_095211-1024x768.jpg 1024w, http:\/\/mos.kamienna-gora.pl\/wp-content\/uploads\/2019\/03\/20190311_095211-300x225.jpg 300w, http:\/\/mos.kamienna-gora.pl\/wp-content\/uploads\/2019\/03\/20190311_095211-768x576.jpg 768w, http:\/\/mos.kamienna-gora.pl\/wp-content\/uploads\/2019\/03\/20190311_095211-160x120.jpg 160w\" sizes=\"auto, (max-width: 1024px) 100vw, 1024px\" \/><\/figure><\/li><li class=\"blocks-gallery-item\"><figure><img loading=\"lazy\" decoding=\"async\" width=\"1024\" height=\"768\" data-attachment-id=\"415\" data-permalink=\"http:\/\/mos.kamienna-gora.pl\/index.php\/2019\/03\/12\/final-strefy-jeleniogorskiej-w-tenisie-stolowym-dzw-id\/20190311_095231\/\" data-orig-file=\"http:\/\/mos.kamienna-gora.pl\/wp-content\/uploads\/2019\/03\/20190311_095231.jpg\" data-orig-size=\"4128,3096\" data-comments-opened=\"1\" data-image-meta=\"{&quot;aperture&quot;:&quot;1.7&quot;,&quot;credit&quot;:&quot;&quot;,&quot;camera&quot;:&quot;SM-J530F&quot;,&quot;caption&quot;:&quot;&quot;,&quot;created_timestamp&quot;:&quot;1552297950&quot;,&quot;copyright&quot;:&quot;&quot;,&quot;focal_length&quot;:&quot;3.71&quot;,&quot;iso&quot;:&quot;40&quot;,&quot;shutter_speed&quot;:&quot;0.02&quot;,&quot;title&quot;:&quot;&quot;,&quot;orientation&quot;:&quot;1&quot;}\" data-image-title=\"20190311_095231\" data-image-description=\"\" data-image-caption=\"\" data-large-file=\"http:\/\/mos.kamienna-gora.pl\/wp-content\/uploads\/2019\/03\/20190311_095231-1024x768.jpg\" src=\"http:\/\/mos.kamienna-gora.pl\/wp-content\/uploads\/2019\/03\/20190311_095231-1024x768.jpg\" alt=\"\" data-id=\"415\" data-link=\"http:\/\/mos.kamienna-gora.pl\/?attachment_id=415\" class=\"wp-image-415\" srcset=\"http:\/\/mos.kamienna-gora.pl\/wp-content\/uploads\/2019\/03\/20190311_095231-1024x768.jpg 1024w, http:\/\/mos.kamienna-gora.pl\/wp-content\/uploads\/2019\/03\/20190311_095231-300x225.jpg 300w, http:\/\/mos.kamienna-gora.pl\/wp-content\/uploads\/2019\/03\/20190311_095231-768x576.jpg 768w, http:\/\/mos.kamienna-gora.pl\/wp-content\/uploads\/2019\/03\/20190311_095231-160x120.jpg 160w\" sizes=\"auto, (max-width: 1024px) 100vw, 1024px\" \/><\/figure><\/li><li class=\"blocks-gallery-item\"><figure><img loading=\"lazy\" decoding=\"async\" width=\"1024\" height=\"768\" data-attachment-id=\"416\" data-permalink=\"http:\/\/mos.kamienna-gora.pl\/index.php\/2019\/03\/12\/final-strefy-jeleniogorskiej-w-tenisie-stolowym-dzw-id\/20190311_095258\/\" data-orig-file=\"http:\/\/mos.kamienna-gora.pl\/wp-content\/uploads\/2019\/03\/20190311_095258.jpg\" data-orig-size=\"4128,3096\" data-comments-opened=\"1\" data-image-meta=\"{&quot;aperture&quot;:&quot;1.7&quot;,&quot;credit&quot;:&quot;&quot;,&quot;camera&quot;:&quot;SM-J530F&quot;,&quot;caption&quot;:&quot;&quot;,&quot;created_timestamp&quot;:&quot;1552297977&quot;,&quot;copyright&quot;:&quot;&quot;,&quot;focal_length&quot;:&quot;3.71&quot;,&quot;iso&quot;:&quot;50&quot;,&quot;shutter_speed&quot;:&quot;0.02&quot;,&quot;title&quot;:&quot;&quot;,&quot;orientation&quot;:&quot;1&quot;}\" data-image-title=\"20190311_095258\" data-image-description=\"\" data-image-caption=\"\" data-large-file=\"http:\/\/mos.kamienna-gora.pl\/wp-content\/uploads\/2019\/03\/20190311_095258-1024x768.jpg\" src=\"http:\/\/mos.kamienna-gora.pl\/wp-content\/uploads\/2019\/03\/20190311_095258-1024x768.jpg\" alt=\"\" data-id=\"416\" data-link=\"http:\/\/mos.kamienna-gora.pl\/?attachment_id=416\" class=\"wp-image-416\" srcset=\"http:\/\/mos.kamienna-gora.pl\/wp-content\/uploads\/2019\/03\/20190311_095258-1024x768.jpg 1024w, http:\/\/mos.kamienna-gora.pl\/wp-content\/uploads\/2019\/03\/20190311_095258-300x225.jpg 300w, http:\/\/mos.kamienna-gora.pl\/wp-content\/uploads\/2019\/03\/20190311_095258-768x576.jpg 768w, http:\/\/mos.kamienna-gora.pl\/wp-content\/uploads\/2019\/03\/20190311_095258-160x120.jpg 160w\" sizes=\"auto, (max-width: 1024px) 100vw, 1024px\" \/><\/figure><\/li><li class=\"blocks-gallery-item\"><figure><img loading=\"lazy\" decoding=\"async\" width=\"1024\" height=\"768\" data-attachment-id=\"417\" data-permalink=\"http:\/\/mos.kamienna-gora.pl\/index.php\/2019\/03\/12\/final-strefy-jeleniogorskiej-w-tenisie-stolowym-dzw-id\/20190311_123240\/\" data-orig-file=\"http:\/\/mos.kamienna-gora.pl\/wp-content\/uploads\/2019\/03\/20190311_123240.jpg\" data-orig-size=\"4128,3096\" data-comments-opened=\"1\" data-image-meta=\"{&quot;aperture&quot;:&quot;1.7&quot;,&quot;credit&quot;:&quot;&quot;,&quot;camera&quot;:&quot;SM-J530F&quot;,&quot;caption&quot;:&quot;&quot;,&quot;created_timestamp&quot;:&quot;1552307560&quot;,&quot;copyright&quot;:&quot;&quot;,&quot;focal_length&quot;:&quot;3.71&quot;,&quot;iso&quot;:&quot;160&quot;,&quot;shutter_speed&quot;:&quot;0.02&quot;,&quot;title&quot;:&quot;&quot;,&quot;orientation&quot;:&quot;1&quot;}\" data-image-title=\"20190311_123240\" data-image-description=\"\" data-image-caption=\"\" data-large-file=\"http:\/\/mos.kamienna-gora.pl\/wp-content\/uploads\/2019\/03\/20190311_123240-1024x768.jpg\" src=\"http:\/\/mos.kamienna-gora.pl\/wp-content\/uploads\/2019\/03\/20190311_123240-1024x768.jpg\" alt=\"\" data-id=\"417\" data-link=\"http:\/\/mos.kamienna-gora.pl\/?attachment_id=417\" class=\"wp-image-417\" srcset=\"http:\/\/mos.kamienna-gora.pl\/wp-content\/uploads\/2019\/03\/20190311_123240-1024x768.jpg 1024w, http:\/\/mos.kamienna-gora.pl\/wp-content\/uploads\/2019\/03\/20190311_123240-300x225.jpg 300w, http:\/\/mos.kamienna-gora.pl\/wp-content\/uploads\/2019\/03\/20190311_123240-768x576.jpg 768w, http:\/\/mos.kamienna-gora.pl\/wp-content\/uploads\/2019\/03\/20190311_123240-160x120.jpg 160w\" sizes=\"auto, (max-width: 1024px) 100vw, 1024px\" \/><\/figure><\/li><li class=\"blocks-gallery-item\"><figure><img loading=\"lazy\" decoding=\"async\" width=\"1024\" height=\"768\" data-attachment-id=\"418\" data-permalink=\"http:\/\/mos.kamienna-gora.pl\/index.php\/2019\/03\/12\/final-strefy-jeleniogorskiej-w-tenisie-stolowym-dzw-id\/20190311_123250\/\" data-orig-file=\"http:\/\/mos.kamienna-gora.pl\/wp-content\/uploads\/2019\/03\/20190311_123250.jpg\" data-orig-size=\"4128,3096\" data-comments-opened=\"1\" data-image-meta=\"{&quot;aperture&quot;:&quot;1.7&quot;,&quot;credit&quot;:&quot;&quot;,&quot;camera&quot;:&quot;SM-J530F&quot;,&quot;caption&quot;:&quot;&quot;,&quot;created_timestamp&quot;:&quot;1552307570&quot;,&quot;copyright&quot;:&quot;&quot;,&quot;focal_length&quot;:&quot;3.71&quot;,&quot;iso&quot;:&quot;160&quot;,&quot;shutter_speed&quot;:&quot;0.02&quot;,&quot;title&quot;:&quot;&quot;,&quot;orientation&quot;:&quot;1&quot;}\" data-image-title=\"20190311_123250\" data-image-description=\"\" data-image-caption=\"\" data-large-file=\"http:\/\/mos.kamienna-gora.pl\/wp-content\/uploads\/2019\/03\/20190311_123250-1024x768.jpg\" src=\"http:\/\/mos.kamienna-gora.pl\/wp-content\/uploads\/2019\/03\/20190311_123250-1024x768.jpg\" alt=\"\" data-id=\"418\" data-link=\"http:\/\/mos.kamienna-gora.pl\/?attachment_id=418\" class=\"wp-image-418\" srcset=\"http:\/\/mos.kamienna-gora.pl\/wp-content\/uploads\/2019\/03\/20190311_123250-1024x768.jpg 1024w, http:\/\/mos.kamienna-gora.pl\/wp-content\/uploads\/2019\/03\/20190311_123250-300x225.jpg 300w, http:\/\/mos.kamienna-gora.pl\/wp-content\/uploads\/2019\/03\/20190311_123250-768x576.jpg 768w, http:\/\/mos.kamienna-gora.pl\/wp-content\/uploads\/2019\/03\/20190311_123250-160x120.jpg 160w\" sizes=\"auto, (max-width: 1024px) 100vw, 1024px\" \/><\/figure><\/li><li class=\"blocks-gallery-item\"><figure><img loading=\"lazy\" decoding=\"async\" width=\"1024\" height=\"768\" data-attachment-id=\"419\" data-permalink=\"http:\/\/mos.kamienna-gora.pl\/index.php\/2019\/03\/12\/final-strefy-jeleniogorskiej-w-tenisie-stolowym-dzw-id\/20190311_123258\/\" data-orig-file=\"http:\/\/mos.kamienna-gora.pl\/wp-content\/uploads\/2019\/03\/20190311_123258.jpg\" data-orig-size=\"4128,3096\" data-comments-opened=\"1\" data-image-meta=\"{&quot;aperture&quot;:&quot;1.7&quot;,&quot;credit&quot;:&quot;&quot;,&quot;camera&quot;:&quot;SM-J530F&quot;,&quot;caption&quot;:&quot;&quot;,&quot;created_timestamp&quot;:&quot;1552307578&quot;,&quot;copyright&quot;:&quot;&quot;,&quot;focal_length&quot;:&quot;3.71&quot;,&quot;iso&quot;:&quot;200&quot;,&quot;shutter_speed&quot;:&quot;0.02&quot;,&quot;title&quot;:&quot;&quot;,&quot;orientation&quot;:&quot;1&quot;}\" data-image-title=\"20190311_123258\" data-image-description=\"\" data-image-caption=\"\" data-large-file=\"http:\/\/mos.kamienna-gora.pl\/wp-content\/uploads\/2019\/03\/20190311_123258-1024x768.jpg\" src=\"http:\/\/mos.kamienna-gora.pl\/wp-content\/uploads\/2019\/03\/20190311_123258-1024x768.jpg\" alt=\"\" data-id=\"419\" data-link=\"http:\/\/mos.kamienna-gora.pl\/?attachment_id=419\" class=\"wp-image-419\" srcset=\"http:\/\/mos.kamienna-gora.pl\/wp-content\/uploads\/2019\/03\/20190311_123258-1024x768.jpg 1024w, http:\/\/mos.kamienna-gora.pl\/wp-content\/uploads\/2019\/03\/20190311_123258-300x225.jpg 300w, http:\/\/mos.kamienna-gora.pl\/wp-content\/uploads\/2019\/03\/20190311_123258-768x576.jpg 768w, http:\/\/mos.kamienna-gora.pl\/wp-content\/uploads\/2019\/03\/20190311_123258-160x120.jpg 160w\" sizes=\"auto, (max-width: 1024px) 100vw, 1024px\" \/><\/figure><\/li><\/ul>\n","protected":false},"excerpt":{"rendered":"<p>W dniu 11 marca w Szkole Podstawowej w Pisarzowicach odby\u0142 si\u0119 fina\u0142 strefy jeleniog\u00f3rskiej w tenisie sto\u0142owych dziewcz\u0105t w ramach&hellip;<\/p>\n","protected":false},"author":1,"featured_media":418,"comment_status":"open","ping_status":"open","sticky":false,"template":"","format":"standard","meta":{"jetpack_post_was_ever_published":false,"_jetpack_newsletter_access":"","_jetpack_dont_email_post_to_subs":false,"_jetpack_newsletter_tier_id":0,"_jetpack_memberships_contains_paywalled_content":false,"_jetpack_memberships_contains_paid_content":false,"footnotes":""},"categories":[1,8],"tags":[],"class_list":["post-413","post","type-post","status-publish","format-standard","has-post-thumbnail","hentry","category-wydarzenia","category-zawody-strefowe"],"jetpack_featured_media_url":"http:\/\/mos.kamienna-gora.pl\/wp-content\/uploads\/2019\/03\/20190311_123250.jpg","jetpack_sharing_enabled":true,"jetpack_shortlink":"https:\/\/wp.me\/paEJ1v-6F","jetpack-related-posts":[],"_links":{"self":[{"href":"http:\/\/mos.kamienna-gora.pl\/index.php\/wp-json\/wp\/v2\/posts\/413","targetHints":{"allow":["GET"]}}],"collection":[{"href":"http:\/\/mos.kamienna-gora.pl\/index.php\/wp-json\/wp\/v2\/posts"}],"about":[{"href":"http:\/\/mos.kamienna-gora.pl\/index.php\/wp-json\/wp\/v2\/types\/post"}],"author":[{"embeddable":true,"href":"http:\/\/mos.kamienna-gora.pl\/index.php\/wp-json\/wp\/v2\/users\/1"}],"replies":[{"embeddable":true,"href":"http:\/\/mos.kamienna-gora.pl\/index.php\/wp-json\/wp\/v2\/comments?post=413"}],"version-history":[{"count":1,"href":"http:\/\/mos.kamienna-gora.pl\/index.php\/wp-json\/wp\/v2\/posts\/413\/revisions"}],"predecessor-version":[{"id":420,"href":"http:\/\/mos.kamienna-gora.pl\/index.php\/wp-json\/wp\/v2\/posts\/413\/revisions\/420"}],"wp:featuredmedia":[{"embeddable":true,"href":"http:\/\/mos.kamienna-gora.pl\/index.php\/wp-json\/wp\/v2\/media\/418"}],"wp:attachment":[{"href":"http:\/\/mos.kamienna-gora.pl\/index.php\/wp-json\/wp\/v2\/media?parent=413"}],"wp:term":[{"taxonomy":"category","embeddable":true,"href":"http:\/\/mos.kamienna-gora.pl\/index.php\/wp-json\/wp\/v2\/categories?post=413"},{"taxonomy":"post_tag","embeddable":true,"href":"http:\/\/mos.kamienna-gora.pl\/index.php\/wp-json\/wp\/v2\/tags?post=413"}],"curies":[{"name":"wp","href":"https:\/\/api.w.org\/{rel}","templated":true}]}}