{"id":4284,"date":"2025-10-06T12:36:25","date_gmt":"2025-10-06T10:36:25","guid":{"rendered":"https:\/\/mos.kamienna-gora.pl\/?p=4284"},"modified":"2025-10-06T12:36:25","modified_gmt":"2025-10-06T10:36:25","slug":"final-strefowy-w-unihokeju-dziewczat-w-igrzyskach-mlodziezy-szkolnej","status":"publish","type":"post","link":"http:\/\/mos.kamienna-gora.pl\/index.php\/2025\/10\/06\/final-strefowy-w-unihokeju-dziewczat-w-igrzyskach-mlodziezy-szkolnej\/","title":{"rendered":"Fina\u0142  Strefowy w unihokeju dziewcz\u0105t w Igrzyskach M\u0142odzie\u017cy Szkolnej"},"content":{"rendered":"\n<p>Dnia 06 pa\u017adziernika 2025 r. na hali sportowej w Lubawce odby\u0142 si\u0119 fina\u0142 Strefy Jeleniog\u00f3rskiej w Igrzyskach M\u0142odzie\u017cy Szkolnej kategorii dziewcz\u0105t. Do rywalizacji przyst\u0105pi\u0142y 3 \u00a0szko\u0142y. W turnieju gra\u0142 ka\u017cdy z ka\u017cdym a mecz trwa\u0142 2 x 8 min. Organizatorem zawod\u00f3w by\u0142 Mi\u0119dzyszkolny O\u015brodek Sportowy w Kamiennej G\u00f3rze, natomiast wsp\u00f3\u0142organizatorem Szko\u0142a Podstawowa z Lubawki.<\/p>\n<p>W ka\u017cdym meczu na boisku wyst\u0119powa\u0142o 4 zawodnik\u00f3w w polu, oraz bramkarz.<\/p>\n<p>Wyniki poszczeg\u00f3lnych spotka\u0144 dziewcz\u0119ta:<\/p>\n<ol>\n<li>SP Lubawka \u2013 SP Podg\u00f3rzyn\u00a0 \u00a0 2:4<\/li>\n<li>SP Krzesz\u00f3w \u2013 SP Podg\u00f3rzyn\u00a0 \u00a0 2:0<\/li>\n<li>SP Krzesz\u00f3w \u00a0\u2013 SP Lubawka\u00a0 1:3<\/li>\n<\/ol>\n<p>Kolejno\u015b\u0107 ko\u0144cowa:<\/p>\n<ol>\n<li><strong>Szko\u0142a Podstawowa Lubawka<\/strong><\/li>\n<li><strong> Szko\u0142a Podstawowa Podg\u00f3rzyn<\/strong><\/li>\n<li>Szko\u0142a Podstawowa Krzesz\u00f3w<\/li>\n<\/ol>\n<p>Awans do zawod\u00f3w Wojew\u00f3dzkich uzyska\u0142y dru\u017cyny, kt\u00f3re zaj\u0119\u0142y 1 i 2 miejsca.<\/p>\n<p>\u00a0<\/p>\n<p>Sk\u0142ad SP Lubawka:<\/p>\n<p>\u00a0<\/p>\n<p>B\u0105k Kaja, Burghardt Milena, Burghardt Natasza, Cha\u0142upa Oliwia, Kali\u0144ska Aleksandra, Lamek Maja, Maik Laura, Rysz Lena, W\u0105sowska Laura, opiekun \u2013 Waldemar Domitrz<\/p>\n\n\n\n<figure class=\"wp-block-gallery has-nested-images columns-default is-cropped wp-block-gallery-1 is-layout-flex wp-block-gallery-is-layout-flex\">\n<figure class=\"wp-block-image size-large\"><img loading=\"lazy\" decoding=\"async\" width=\"1024\" height=\"683\" data-attachment-id=\"4285\" data-permalink=\"http:\/\/mos.kamienna-gora.pl\/index.php\/2025\/10\/06\/final-strefowy-w-unihokeju-dziewczat-w-igrzyskach-mlodziezy-szkolnej\/img_5884\/\" data-orig-file=\"http:\/\/mos.kamienna-gora.pl\/wp-content\/uploads\/2025\/10\/IMG_5884-scaled.jpg\" data-orig-size=\"2560,1707\" data-comments-opened=\"1\" data-image-meta=\"{&quot;aperture&quot;:&quot;3.5&quot;,&quot;credit&quot;:&quot;&quot;,&quot;camera&quot;:&quot;Canon EOS 4000D&quot;,&quot;caption&quot;:&quot;&quot;,&quot;created_timestamp&quot;:&quot;1759744778&quot;,&quot;copyright&quot;:&quot;&quot;,&quot;focal_length&quot;:&quot;18&quot;,&quot;iso&quot;:&quot;2000&quot;,&quot;shutter_speed&quot;:&quot;0.003125&quot;,&quot;title&quot;:&quot;&quot;,&quot;orientation&quot;:&quot;1&quot;}\" data-image-title=\"IMG_5884\" data-image-description=\"\" data-image-caption=\"\" data-large-file=\"http:\/\/mos.kamienna-gora.pl\/wp-content\/uploads\/2025\/10\/IMG_5884-1024x683.jpg\" data-id=\"4285\" src=\"https:\/\/mos.kamienna-gora.pl\/wp-content\/uploads\/2025\/10\/IMG_5884-1024x683.jpg\" alt=\"\" class=\"wp-image-4285\" srcset=\"http:\/\/mos.kamienna-gora.pl\/wp-content\/uploads\/2025\/10\/IMG_5884-1024x683.jpg 1024w, http:\/\/mos.kamienna-gora.pl\/wp-content\/uploads\/2025\/10\/IMG_5884-300x200.jpg 300w, http:\/\/mos.kamienna-gora.pl\/wp-content\/uploads\/2025\/10\/IMG_5884-768x512.jpg 768w, http:\/\/mos.kamienna-gora.pl\/wp-content\/uploads\/2025\/10\/IMG_5884-1536x1024.jpg 1536w, http:\/\/mos.kamienna-gora.pl\/wp-content\/uploads\/2025\/10\/IMG_5884-2048x1365.jpg 2048w\" sizes=\"auto, (max-width: 1024px) 100vw, 1024px\" \/><\/figure>\n<\/figure>\n\n\n\n<figure class=\"wp-block-gallery has-nested-images columns-default is-cropped wp-block-gallery-2 is-layout-flex wp-block-gallery-is-layout-flex\">\n<figure class=\"wp-block-image size-large\"><img loading=\"lazy\" decoding=\"async\" width=\"1024\" height=\"683\" data-attachment-id=\"4286\" data-permalink=\"http:\/\/mos.kamienna-gora.pl\/index.php\/2025\/10\/06\/final-strefowy-w-unihokeju-dziewczat-w-igrzyskach-mlodziezy-szkolnej\/img_5888-2\/\" data-orig-file=\"http:\/\/mos.kamienna-gora.pl\/wp-content\/uploads\/2025\/10\/IMG_5888-scaled.jpg\" data-orig-size=\"2560,1707\" data-comments-opened=\"1\" data-image-meta=\"{&quot;aperture&quot;:&quot;4&quot;,&quot;credit&quot;:&quot;&quot;,&quot;camera&quot;:&quot;Canon EOS 4000D&quot;,&quot;caption&quot;:&quot;&quot;,&quot;created_timestamp&quot;:&quot;1759745566&quot;,&quot;copyright&quot;:&quot;&quot;,&quot;focal_length&quot;:&quot;27&quot;,&quot;iso&quot;:&quot;1250&quot;,&quot;shutter_speed&quot;:&quot;0.0025&quot;,&quot;title&quot;:&quot;&quot;,&quot;orientation&quot;:&quot;1&quot;}\" data-image-title=\"IMG_5888\" data-image-description=\"\" data-image-caption=\"\" data-large-file=\"http:\/\/mos.kamienna-gora.pl\/wp-content\/uploads\/2025\/10\/IMG_5888-1024x683.jpg\" data-id=\"4286\" src=\"https:\/\/mos.kamienna-gora.pl\/wp-content\/uploads\/2025\/10\/IMG_5888-1024x683.jpg\" alt=\"\" class=\"wp-image-4286\" srcset=\"http:\/\/mos.kamienna-gora.pl\/wp-content\/uploads\/2025\/10\/IMG_5888-1024x683.jpg 1024w, http:\/\/mos.kamienna-gora.pl\/wp-content\/uploads\/2025\/10\/IMG_5888-300x200.jpg 300w, http:\/\/mos.kamienna-gora.pl\/wp-content\/uploads\/2025\/10\/IMG_5888-768x512.jpg 768w, http:\/\/mos.kamienna-gora.pl\/wp-content\/uploads\/2025\/10\/IMG_5888-1536x1024.jpg 1536w, http:\/\/mos.kamienna-gora.pl\/wp-content\/uploads\/2025\/10\/IMG_5888-2048x1365.jpg 2048w\" sizes=\"auto, (max-width: 1024px) 100vw, 1024px\" \/><\/figure>\n<\/figure>\n\n\n\n<figure class=\"wp-block-gallery has-nested-images columns-default is-cropped wp-block-gallery-3 is-layout-flex wp-block-gallery-is-layout-flex\">\n<figure class=\"wp-block-image size-large\"><img loading=\"lazy\" decoding=\"async\" width=\"1024\" height=\"683\" data-attachment-id=\"4287\" data-permalink=\"http:\/\/mos.kamienna-gora.pl\/index.php\/2025\/10\/06\/final-strefowy-w-unihokeju-dziewczat-w-igrzyskach-mlodziezy-szkolnej\/img_5924\/\" data-orig-file=\"http:\/\/mos.kamienna-gora.pl\/wp-content\/uploads\/2025\/10\/IMG_5924-scaled.jpg\" data-orig-size=\"2560,1707\" data-comments-opened=\"1\" data-image-meta=\"{&quot;aperture&quot;:&quot;5.6&quot;,&quot;credit&quot;:&quot;&quot;,&quot;camera&quot;:&quot;Canon EOS 4000D&quot;,&quot;caption&quot;:&quot;&quot;,&quot;created_timestamp&quot;:&quot;1759746503&quot;,&quot;copyright&quot;:&quot;&quot;,&quot;focal_length&quot;:&quot;51&quot;,&quot;iso&quot;:&quot;3200&quot;,&quot;shutter_speed&quot;:&quot;0.004&quot;,&quot;title&quot;:&quot;&quot;,&quot;orientation&quot;:&quot;1&quot;}\" data-image-title=\"IMG_5924\" data-image-description=\"\" data-image-caption=\"\" data-large-file=\"http:\/\/mos.kamienna-gora.pl\/wp-content\/uploads\/2025\/10\/IMG_5924-1024x683.jpg\" data-id=\"4287\" src=\"https:\/\/mos.kamienna-gora.pl\/wp-content\/uploads\/2025\/10\/IMG_5924-1024x683.jpg\" alt=\"\" class=\"wp-image-4287\" srcset=\"http:\/\/mos.kamienna-gora.pl\/wp-content\/uploads\/2025\/10\/IMG_5924-1024x683.jpg 1024w, http:\/\/mos.kamienna-gora.pl\/wp-content\/uploads\/2025\/10\/IMG_5924-300x200.jpg 300w, http:\/\/mos.kamienna-gora.pl\/wp-content\/uploads\/2025\/10\/IMG_5924-768x512.jpg 768w, http:\/\/mos.kamienna-gora.pl\/wp-content\/uploads\/2025\/10\/IMG_5924-1536x1024.jpg 1536w, http:\/\/mos.kamienna-gora.pl\/wp-content\/uploads\/2025\/10\/IMG_5924-2048x1365.jpg 2048w\" sizes=\"auto, (max-width: 1024px) 100vw, 1024px\" \/><\/figure>\n<\/figure>\n\n\n\n<figure class=\"wp-block-gallery has-nested-images columns-default is-cropped wp-block-gallery-4 is-layout-flex wp-block-gallery-is-layout-flex\">\n<figure class=\"wp-block-image size-large\"><img loading=\"lazy\" decoding=\"async\" width=\"1024\" height=\"683\" data-attachment-id=\"4288\" data-permalink=\"http:\/\/mos.kamienna-gora.pl\/index.php\/2025\/10\/06\/final-strefowy-w-unihokeju-dziewczat-w-igrzyskach-mlodziezy-szkolnej\/img_5977\/\" data-orig-file=\"http:\/\/mos.kamienna-gora.pl\/wp-content\/uploads\/2025\/10\/IMG_5977-scaled.jpg\" data-orig-size=\"2560,1707\" data-comments-opened=\"1\" data-image-meta=\"{&quot;aperture&quot;:&quot;5&quot;,&quot;credit&quot;:&quot;&quot;,&quot;camera&quot;:&quot;Canon EOS 4000D&quot;,&quot;caption&quot;:&quot;&quot;,&quot;created_timestamp&quot;:&quot;1759747285&quot;,&quot;copyright&quot;:&quot;&quot;,&quot;focal_length&quot;:&quot;39&quot;,&quot;iso&quot;:&quot;3200&quot;,&quot;shutter_speed&quot;:&quot;0.00625&quot;,&quot;title&quot;:&quot;&quot;,&quot;orientation&quot;:&quot;1&quot;}\" data-image-title=\"IMG_5977\" data-image-description=\"\" data-image-caption=\"\" data-large-file=\"http:\/\/mos.kamienna-gora.pl\/wp-content\/uploads\/2025\/10\/IMG_5977-1024x683.jpg\" data-id=\"4288\" src=\"https:\/\/mos.kamienna-gora.pl\/wp-content\/uploads\/2025\/10\/IMG_5977-1024x683.jpg\" alt=\"\" class=\"wp-image-4288\" srcset=\"http:\/\/mos.kamienna-gora.pl\/wp-content\/uploads\/2025\/10\/IMG_5977-1024x683.jpg 1024w, http:\/\/mos.kamienna-gora.pl\/wp-content\/uploads\/2025\/10\/IMG_5977-300x200.jpg 300w, http:\/\/mos.kamienna-gora.pl\/wp-content\/uploads\/2025\/10\/IMG_5977-768x512.jpg 768w, http:\/\/mos.kamienna-gora.pl\/wp-content\/uploads\/2025\/10\/IMG_5977-1536x1024.jpg 1536w, http:\/\/mos.kamienna-gora.pl\/wp-content\/uploads\/2025\/10\/IMG_5977-2048x1365.jpg 2048w\" sizes=\"auto, (max-width: 1024px) 100vw, 1024px\" \/><\/figure>\n<\/figure>\n\n\n\n<figure class=\"wp-block-gallery has-nested-images columns-default is-cropped wp-block-gallery-5 is-layout-flex wp-block-gallery-is-layout-flex\">\n<figure class=\"wp-block-image size-large\"><img loading=\"lazy\" decoding=\"async\" width=\"1024\" height=\"683\" data-attachment-id=\"4289\" data-permalink=\"http:\/\/mos.kamienna-gora.pl\/index.php\/2025\/10\/06\/final-strefowy-w-unihokeju-dziewczat-w-igrzyskach-mlodziezy-szkolnej\/img_6052\/\" data-orig-file=\"http:\/\/mos.kamienna-gora.pl\/wp-content\/uploads\/2025\/10\/IMG_6052-scaled.jpg\" data-orig-size=\"2560,1707\" data-comments-opened=\"1\" data-image-meta=\"{&quot;aperture&quot;:&quot;5.6&quot;,&quot;credit&quot;:&quot;&quot;,&quot;camera&quot;:&quot;Canon EOS 4000D&quot;,&quot;caption&quot;:&quot;&quot;,&quot;created_timestamp&quot;:&quot;1759749931&quot;,&quot;copyright&quot;:&quot;&quot;,&quot;focal_length&quot;:&quot;55&quot;,&quot;iso&quot;:&quot;3200&quot;,&quot;shutter_speed&quot;:&quot;0.008&quot;,&quot;title&quot;:&quot;&quot;,&quot;orientation&quot;:&quot;1&quot;}\" data-image-title=\"IMG_6052\" data-image-description=\"\" data-image-caption=\"\" data-large-file=\"http:\/\/mos.kamienna-gora.pl\/wp-content\/uploads\/2025\/10\/IMG_6052-1024x683.jpg\" data-id=\"4289\" src=\"https:\/\/mos.kamienna-gora.pl\/wp-content\/uploads\/2025\/10\/IMG_6052-1024x683.jpg\" alt=\"\" class=\"wp-image-4289\" srcset=\"http:\/\/mos.kamienna-gora.pl\/wp-content\/uploads\/2025\/10\/IMG_6052-1024x683.jpg 1024w, http:\/\/mos.kamienna-gora.pl\/wp-content\/uploads\/2025\/10\/IMG_6052-300x200.jpg 300w, http:\/\/mos.kamienna-gora.pl\/wp-content\/uploads\/2025\/10\/IMG_6052-768x512.jpg 768w, http:\/\/mos.kamienna-gora.pl\/wp-content\/uploads\/2025\/10\/IMG_6052-1536x1024.jpg 1536w, http:\/\/mos.kamienna-gora.pl\/wp-content\/uploads\/2025\/10\/IMG_6052-2048x1365.jpg 2048w\" sizes=\"auto, (max-width: 1024px) 100vw, 1024px\" \/><\/figure>\n<\/figure>\n","protected":false},"excerpt":{"rendered":"<p>Dnia 06 pa\u017adziernika 2025 r. na hali sportowej w Lubawce odby\u0142 si\u0119 fina\u0142 Strefy Jeleniog\u00f3rskiej w Igrzyskach M\u0142odzie\u017cy Szkolnej kategorii&hellip;<\/p>\n","protected":false},"author":1,"featured_media":4287,"comment_status":"open","ping_status":"open","sticky":false,"template":"","format":"standard","meta":{"jetpack_post_was_ever_published":false,"_jetpack_newsletter_access":"","_jetpack_dont_email_post_to_subs":false,"_jetpack_newsletter_tier_id":0,"_jetpack_memberships_contains_paywalled_content":false,"_jetpack_memberships_contains_paid_content":false,"footnotes":""},"categories":[1,8],"tags":[],"class_list":["post-4284","post","type-post","status-publish","format-standard","has-post-thumbnail","hentry","category-wydarzenia","category-zawody-strefowe"],"jetpack_featured_media_url":"http:\/\/mos.kamienna-gora.pl\/wp-content\/uploads\/2025\/10\/IMG_5924-scaled.jpg","jetpack_sharing_enabled":true,"jetpack_shortlink":"https:\/\/wp.me\/paEJ1v-176","jetpack-related-posts":[],"_links":{"self":[{"href":"http:\/\/mos.kamienna-gora.pl\/index.php\/wp-json\/wp\/v2\/posts\/4284","targetHints":{"allow":["GET"]}}],"collection":[{"href":"http:\/\/mos.kamienna-gora.pl\/index.php\/wp-json\/wp\/v2\/posts"}],"about":[{"href":"http:\/\/mos.kamienna-gora.pl\/index.php\/wp-json\/wp\/v2\/types\/post"}],"author":[{"embeddable":true,"href":"http:\/\/mos.kamienna-gora.pl\/index.php\/wp-json\/wp\/v2\/users\/1"}],"replies":[{"embeddable":true,"href":"http:\/\/mos.kamienna-gora.pl\/index.php\/wp-json\/wp\/v2\/comments?post=4284"}],"version-history":[{"count":1,"href":"http:\/\/mos.kamienna-gora.pl\/index.php\/wp-json\/wp\/v2\/posts\/4284\/revisions"}],"predecessor-version":[{"id":4290,"href":"http:\/\/mos.kamienna-gora.pl\/index.php\/wp-json\/wp\/v2\/posts\/4284\/revisions\/4290"}],"wp:featuredmedia":[{"embeddable":true,"href":"http:\/\/mos.kamienna-gora.pl\/index.php\/wp-json\/wp\/v2\/media\/4287"}],"wp:attachment":[{"href":"http:\/\/mos.kamienna-gora.pl\/index.php\/wp-json\/wp\/v2\/media?parent=4284"}],"wp:term":[{"taxonomy":"category","embeddable":true,"href":"http:\/\/mos.kamienna-gora.pl\/index.php\/wp-json\/wp\/v2\/categories?post=4284"},{"taxonomy":"post_tag","embeddable":true,"href":"http:\/\/mos.kamienna-gora.pl\/index.php\/wp-json\/wp\/v2\/tags?post=4284"}],"curies":[{"name":"wp","href":"https:\/\/api.w.org\/{rel}","templated":true}]}}