{"id":429,"date":"2019-03-18T17:48:13","date_gmt":"2019-03-18T16:48:13","guid":{"rendered":"http:\/\/mos.kamienna-gora.pl\/?p=429"},"modified":"2019-03-18T17:48:19","modified_gmt":"2019-03-18T16:48:19","slug":"final-powiatowy-w-mini-pilce-recznej-dz-chl-id","status":"publish","type":"post","link":"http:\/\/mos.kamienna-gora.pl\/index.php\/2019\/03\/18\/final-powiatowy-w-mini-pilce-recznej-dz-chl-id\/","title":{"rendered":"Fina\u0142 powiatowy w mini pi\u0142ce r\u0119cznej dz\/ch\u0142 ID"},"content":{"rendered":"\n<p>Dzisiaj(18 marca 2019 r.) w Szkole Podstawowej w Pisarzowicach odby\u0142 si\u0119 fina\u0142 powiatowy w mini pi\u0142ce r\u0119cznej dla dziewcz\u0105t i ch\u0142opc\u00f3w szk\u00f3\u0142 podstawowych( klas I-VI). W rywalizacji zar\u00f3wno w kategorii dziewcz\u0105t jak i ch\u0142opc\u00f3w zmierzy\u0142 si\u0119 trzy dru\u017cyny.Dru\u017cyna gospodarzy &#8211; Szko\u0142a Podstawowa w Pisarzowicach, Szko\u0142a Podstawowa nr 2 z Kamiennej G\u00f3ry oraz Szko\u0142a Podstawowa w Lubawce.\u00a0<\/p>\n<p>Wyniki poszczeg\u00f3lnych spotka\u0144:<\/p>\n<p><strong>Dziewcz\u0119ta:<\/strong><br \/>SP 2 Kamienna G\u00f3ra \u2013 SP Pisarzowice 8-0<br \/>SP Pisarzowice \u2013 SP Lubawka 2-5<br \/>SP Lubawka \u2013 SP 2 Kamienna G\u00f3ra 2-3<\/p>\n<p>Kolejno\u015b\u0107 ko\u0144cowa:<br \/>1. Szko\u0142a Podstawowa nr 2 Kamienna G\u00f3ra<br \/>2. Szko\u0142a Podstawowa w Lubawce<br \/>3. Szko\u0142a Podstawowa w Pisarzowicach<\/p>\n<p><strong>Ch\u0142opcy:<\/strong><br \/>SP 2 Kamienna G\u00f3ra \u2013 SP Pisarzowice 12-2<br \/>SP Pisarzowice \u2013 SP Lubawka 5-5 karne 1-0<br \/>SP Lubawka \u2013 SP 2 Kamienna G\u00f3ra 2-14<\/p>\n<p>Kolejno\u015b\u0107 ko\u0144cowa:<br \/>1. Szko\u0142a Podstawowa nr 2 Kamienna G\u00f3ra<br \/>2. Szko\u0142a Podstawowa w Pisarzowicach<br \/>3. Szko\u0142a Podstawowa w Lubawce<\/p>\n<p>Powiat kamiennog\u00f3rski w p\u00f3\u0142finale strefy jeleniog\u00f3rskiej b\u0119d\u0105 reprezentowali zwyci\u0119zcy turnieju.<\/p>\n\n\n\n<ul class=\"wp-block-gallery columns-3 is-cropped wp-block-gallery-1 is-layout-flex wp-block-gallery-is-layout-flex\"><li class=\"blocks-gallery-item\"><figure><img loading=\"lazy\" decoding=\"async\" width=\"1024\" height=\"768\" data-attachment-id=\"430\" data-permalink=\"http:\/\/mos.kamienna-gora.pl\/index.php\/2019\/03\/18\/final-powiatowy-w-mini-pilce-recznej-dz-chl-id\/20190318_092058\/\" data-orig-file=\"http:\/\/mos.kamienna-gora.pl\/wp-content\/uploads\/2019\/03\/20190318_092058.jpg\" data-orig-size=\"4128,3096\" data-comments-opened=\"1\" data-image-meta=\"{&quot;aperture&quot;:&quot;1.7&quot;,&quot;credit&quot;:&quot;&quot;,&quot;camera&quot;:&quot;SM-J530F&quot;,&quot;caption&quot;:&quot;&quot;,&quot;created_timestamp&quot;:&quot;1552900858&quot;,&quot;copyright&quot;:&quot;&quot;,&quot;focal_length&quot;:&quot;3.71&quot;,&quot;iso&quot;:&quot;50&quot;,&quot;shutter_speed&quot;:&quot;0.02&quot;,&quot;title&quot;:&quot;&quot;,&quot;orientation&quot;:&quot;1&quot;}\" data-image-title=\"20190318_092058\" data-image-description=\"\" data-image-caption=\"\" data-large-file=\"http:\/\/mos.kamienna-gora.pl\/wp-content\/uploads\/2019\/03\/20190318_092058-1024x768.jpg\" src=\"http:\/\/mos.kamienna-gora.pl\/wp-content\/uploads\/2019\/03\/20190318_092058-1024x768.jpg\" alt=\"\" data-id=\"430\" data-link=\"http:\/\/mos.kamienna-gora.pl\/?attachment_id=430\" class=\"wp-image-430\" srcset=\"http:\/\/mos.kamienna-gora.pl\/wp-content\/uploads\/2019\/03\/20190318_092058-1024x768.jpg 1024w, http:\/\/mos.kamienna-gora.pl\/wp-content\/uploads\/2019\/03\/20190318_092058-300x225.jpg 300w, http:\/\/mos.kamienna-gora.pl\/wp-content\/uploads\/2019\/03\/20190318_092058-768x576.jpg 768w, http:\/\/mos.kamienna-gora.pl\/wp-content\/uploads\/2019\/03\/20190318_092058-160x120.jpg 160w\" sizes=\"auto, (max-width: 1024px) 100vw, 1024px\" \/><\/figure><\/li><li class=\"blocks-gallery-item\"><figure><img loading=\"lazy\" decoding=\"async\" width=\"1024\" height=\"768\" data-attachment-id=\"431\" data-permalink=\"http:\/\/mos.kamienna-gora.pl\/index.php\/2019\/03\/18\/final-powiatowy-w-mini-pilce-recznej-dz-chl-id\/20190318_092128\/\" data-orig-file=\"http:\/\/mos.kamienna-gora.pl\/wp-content\/uploads\/2019\/03\/20190318_092128.jpg\" data-orig-size=\"4128,3096\" data-comments-opened=\"1\" data-image-meta=\"{&quot;aperture&quot;:&quot;1.7&quot;,&quot;credit&quot;:&quot;&quot;,&quot;camera&quot;:&quot;SM-J530F&quot;,&quot;caption&quot;:&quot;&quot;,&quot;created_timestamp&quot;:&quot;1552900888&quot;,&quot;copyright&quot;:&quot;&quot;,&quot;focal_length&quot;:&quot;3.71&quot;,&quot;iso&quot;:&quot;64&quot;,&quot;shutter_speed&quot;:&quot;0.02&quot;,&quot;title&quot;:&quot;&quot;,&quot;orientation&quot;:&quot;1&quot;}\" data-image-title=\"20190318_092128\" data-image-description=\"\" data-image-caption=\"\" data-large-file=\"http:\/\/mos.kamienna-gora.pl\/wp-content\/uploads\/2019\/03\/20190318_092128-1024x768.jpg\" src=\"http:\/\/mos.kamienna-gora.pl\/wp-content\/uploads\/2019\/03\/20190318_092128-1024x768.jpg\" alt=\"\" data-id=\"431\" data-link=\"http:\/\/mos.kamienna-gora.pl\/?attachment_id=431\" class=\"wp-image-431\" srcset=\"http:\/\/mos.kamienna-gora.pl\/wp-content\/uploads\/2019\/03\/20190318_092128-1024x768.jpg 1024w, http:\/\/mos.kamienna-gora.pl\/wp-content\/uploads\/2019\/03\/20190318_092128-300x225.jpg 300w, http:\/\/mos.kamienna-gora.pl\/wp-content\/uploads\/2019\/03\/20190318_092128-768x576.jpg 768w, http:\/\/mos.kamienna-gora.pl\/wp-content\/uploads\/2019\/03\/20190318_092128-160x120.jpg 160w\" sizes=\"auto, (max-width: 1024px) 100vw, 1024px\" \/><\/figure><\/li><li class=\"blocks-gallery-item\"><figure><img loading=\"lazy\" decoding=\"async\" width=\"1024\" height=\"768\" data-attachment-id=\"432\" data-permalink=\"http:\/\/mos.kamienna-gora.pl\/index.php\/2019\/03\/18\/final-powiatowy-w-mini-pilce-recznej-dz-chl-id\/20190318_112853\/\" data-orig-file=\"http:\/\/mos.kamienna-gora.pl\/wp-content\/uploads\/2019\/03\/20190318_112853.jpg\" data-orig-size=\"4128,3096\" data-comments-opened=\"1\" data-image-meta=\"{&quot;aperture&quot;:&quot;1.7&quot;,&quot;credit&quot;:&quot;&quot;,&quot;camera&quot;:&quot;SM-J530F&quot;,&quot;caption&quot;:&quot;&quot;,&quot;created_timestamp&quot;:&quot;1552908533&quot;,&quot;copyright&quot;:&quot;&quot;,&quot;focal_length&quot;:&quot;3.71&quot;,&quot;iso&quot;:&quot;40&quot;,&quot;shutter_speed&quot;:&quot;0.005952380952381&quot;,&quot;title&quot;:&quot;&quot;,&quot;orientation&quot;:&quot;1&quot;}\" data-image-title=\"20190318_112853\" data-image-description=\"\" data-image-caption=\"\" data-large-file=\"http:\/\/mos.kamienna-gora.pl\/wp-content\/uploads\/2019\/03\/20190318_112853-1024x768.jpg\" src=\"http:\/\/mos.kamienna-gora.pl\/wp-content\/uploads\/2019\/03\/20190318_112853-1024x768.jpg\" alt=\"\" data-id=\"432\" data-link=\"http:\/\/mos.kamienna-gora.pl\/?attachment_id=432\" class=\"wp-image-432\" srcset=\"http:\/\/mos.kamienna-gora.pl\/wp-content\/uploads\/2019\/03\/20190318_112853-1024x768.jpg 1024w, http:\/\/mos.kamienna-gora.pl\/wp-content\/uploads\/2019\/03\/20190318_112853-300x225.jpg 300w, http:\/\/mos.kamienna-gora.pl\/wp-content\/uploads\/2019\/03\/20190318_112853-768x576.jpg 768w, http:\/\/mos.kamienna-gora.pl\/wp-content\/uploads\/2019\/03\/20190318_112853-160x120.jpg 160w\" sizes=\"auto, (max-width: 1024px) 100vw, 1024px\" \/><\/figure><\/li><li class=\"blocks-gallery-item\"><figure><img loading=\"lazy\" decoding=\"async\" width=\"1024\" height=\"768\" data-attachment-id=\"433\" data-permalink=\"http:\/\/mos.kamienna-gora.pl\/index.php\/2019\/03\/18\/final-powiatowy-w-mini-pilce-recznej-dz-chl-id\/20190318_122521\/\" data-orig-file=\"http:\/\/mos.kamienna-gora.pl\/wp-content\/uploads\/2019\/03\/20190318_122521.jpg\" data-orig-size=\"4128,3096\" data-comments-opened=\"1\" data-image-meta=\"{&quot;aperture&quot;:&quot;1.7&quot;,&quot;credit&quot;:&quot;&quot;,&quot;camera&quot;:&quot;SM-J530F&quot;,&quot;caption&quot;:&quot;&quot;,&quot;created_timestamp&quot;:&quot;1552911920&quot;,&quot;copyright&quot;:&quot;&quot;,&quot;focal_length&quot;:&quot;3.71&quot;,&quot;iso&quot;:&quot;100&quot;,&quot;shutter_speed&quot;:&quot;0.02&quot;,&quot;title&quot;:&quot;&quot;,&quot;orientation&quot;:&quot;1&quot;}\" data-image-title=\"20190318_122521\" data-image-description=\"\" data-image-caption=\"\" data-large-file=\"http:\/\/mos.kamienna-gora.pl\/wp-content\/uploads\/2019\/03\/20190318_122521-1024x768.jpg\" src=\"http:\/\/mos.kamienna-gora.pl\/wp-content\/uploads\/2019\/03\/20190318_122521-1024x768.jpg\" alt=\"\" data-id=\"433\" data-link=\"http:\/\/mos.kamienna-gora.pl\/?attachment_id=433\" class=\"wp-image-433\" srcset=\"http:\/\/mos.kamienna-gora.pl\/wp-content\/uploads\/2019\/03\/20190318_122521-1024x768.jpg 1024w, http:\/\/mos.kamienna-gora.pl\/wp-content\/uploads\/2019\/03\/20190318_122521-300x225.jpg 300w, http:\/\/mos.kamienna-gora.pl\/wp-content\/uploads\/2019\/03\/20190318_122521-768x576.jpg 768w, http:\/\/mos.kamienna-gora.pl\/wp-content\/uploads\/2019\/03\/20190318_122521-160x120.jpg 160w\" sizes=\"auto, (max-width: 1024px) 100vw, 1024px\" \/><\/figure><\/li><\/ul>\n","protected":false},"excerpt":{"rendered":"<p>Dzisiaj(18 marca 2019 r.) w Szkole Podstawowej w Pisarzowicach odby\u0142 si\u0119 fina\u0142 powiatowy w mini pi\u0142ce r\u0119cznej dla dziewcz\u0105t i&hellip;<\/p>\n","protected":false},"author":1,"featured_media":433,"comment_status":"open","ping_status":"open","sticky":false,"template":"","format":"standard","meta":{"jetpack_post_was_ever_published":false,"_jetpack_newsletter_access":"","_jetpack_dont_email_post_to_subs":false,"_jetpack_newsletter_tier_id":0,"_jetpack_memberships_contains_paywalled_content":false,"_jetpack_memberships_contains_paid_content":false,"footnotes":""},"categories":[1,7],"tags":[],"class_list":["post-429","post","type-post","status-publish","format-standard","has-post-thumbnail","hentry","category-wydarzenia","category-zawody-powiatowe"],"jetpack_featured_media_url":"http:\/\/mos.kamienna-gora.pl\/wp-content\/uploads\/2019\/03\/20190318_122521.jpg","jetpack_sharing_enabled":true,"jetpack_shortlink":"https:\/\/wp.me\/paEJ1v-6V","jetpack-related-posts":[],"_links":{"self":[{"href":"http:\/\/mos.kamienna-gora.pl\/index.php\/wp-json\/wp\/v2\/posts\/429","targetHints":{"allow":["GET"]}}],"collection":[{"href":"http:\/\/mos.kamienna-gora.pl\/index.php\/wp-json\/wp\/v2\/posts"}],"about":[{"href":"http:\/\/mos.kamienna-gora.pl\/index.php\/wp-json\/wp\/v2\/types\/post"}],"author":[{"embeddable":true,"href":"http:\/\/mos.kamienna-gora.pl\/index.php\/wp-json\/wp\/v2\/users\/1"}],"replies":[{"embeddable":true,"href":"http:\/\/mos.kamienna-gora.pl\/index.php\/wp-json\/wp\/v2\/comments?post=429"}],"version-history":[{"count":1,"href":"http:\/\/mos.kamienna-gora.pl\/index.php\/wp-json\/wp\/v2\/posts\/429\/revisions"}],"predecessor-version":[{"id":434,"href":"http:\/\/mos.kamienna-gora.pl\/index.php\/wp-json\/wp\/v2\/posts\/429\/revisions\/434"}],"wp:featuredmedia":[{"embeddable":true,"href":"http:\/\/mos.kamienna-gora.pl\/index.php\/wp-json\/wp\/v2\/media\/433"}],"wp:attachment":[{"href":"http:\/\/mos.kamienna-gora.pl\/index.php\/wp-json\/wp\/v2\/media?parent=429"}],"wp:term":[{"taxonomy":"category","embeddable":true,"href":"http:\/\/mos.kamienna-gora.pl\/index.php\/wp-json\/wp\/v2\/categories?post=429"},{"taxonomy":"post_tag","embeddable":true,"href":"http:\/\/mos.kamienna-gora.pl\/index.php\/wp-json\/wp\/v2\/tags?post=429"}],"curies":[{"name":"wp","href":"https:\/\/api.w.org\/{rel}","templated":true}]}}