{"id":4730,"date":"2026-04-20T13:27:22","date_gmt":"2026-04-20T11:27:22","guid":{"rendered":"http:\/\/mos.kamienna-gora.pl\/?p=4730"},"modified":"2026-04-20T13:27:22","modified_gmt":"2026-04-20T11:27:22","slug":"final-strefy-jeleniogorskiej-w-siatkarskich-2-dziewczat-oraz-chlopcow","status":"publish","type":"post","link":"http:\/\/mos.kamienna-gora.pl\/index.php\/2026\/04\/20\/final-strefy-jeleniogorskiej-w-siatkarskich-2-dziewczat-oraz-chlopcow\/","title":{"rendered":"Fina\u0142 Strefy Jeleniog\u00f3rskiej w siatkarskich &#8221;2&#8221; dziewcz\u0105t oraz ch\u0142opc\u00f3w"},"content":{"rendered":"\n<p>Dnia 20 kwietnia 2026 roku na Hali Sportowej przy Szkole Podstawowej nr 2 w Kamiennej G\u00f3rze odby\u0142 si\u0119 fina\u0142 Strefy Jeleniog\u00f3rskiej w mini pi\u0142ce siatkowej w kategorii ,,2\u201d dziewcz\u0105t oraz ch\u0142opc\u00f3w w ramach Igrzysk Dzieci. Zawody toczy\u0142y si\u0119 systemem ka\u017cdy z ka\u017cdym. Mecz do 2 wygranych set\u00f3w do 21 pkt., ewentualny tie-break do punkt\u00f3w 15.<\/p>\n<p>Mini siatk\u00f3wka ,,2\u2019\u2019 dziewcz\u0119ta:<\/p>\n<p>SP 2 Kam. G\u00f3ra \u2013 SP Iwiny\u00a0 \u00a00 : 2<\/p>\n<p>SP 1 Kam. G\u00f3ra \u2013 SP Sulik\u00f3w 1 : 2<\/p>\n<p>SP Pisarzowice &#8211;\u00a0 SP Iwiny\u00a0 \u00a00 : 2<\/p>\n<p>SP 2 Kam. G\u00f3ra \u2013 SP 1 Kam. G\u00f3ra2 : 1<\/p>\n<p>SP Sulik\u00f3w \u2013 SP Pisarzowice\u00a0 \u00a02 : 1<\/p>\n<p>SP 1 Kam. G\u00f3ra \u2013 SP Iwiny\u00a0 \u00a01 : 2<\/p>\n<p>SP Pisarzowice \u2013 SP 2 Kam. G\u00f3ra\u00a0 \u00a0 2 : 1<\/p>\n<p>SP Sulik\u00f3w \u2013 SP Iwiny\u00a0 \u00a0 \u00a0 2 : 1<\/p>\n<p>SP Pisarzowice \u2013 SP 1 Kam. G\u00f3ra\u00a0 \u00a02 : 1<\/p>\n<p>SP 2 Kam. G\u00f3ra \u2013 SP Pisarzowice\u00a0 \u00a0 2 : 2<\/p>\n<p>\u00a0<\/p>\n<p>Kolejno\u015b\u0107 ko\u0144cowa:<\/p>\n<ol>\n<li><strong>Szko\u0142a Podstawowa <\/strong><strong>Sulik\u00f3w<\/strong><\/li>\n<li>Szko\u0142a Podstawowa Iwiny<\/li>\n<li>Szko\u0142\u0105 Podstawowa Pisarzowice ( ko\u0142o Lubania )<\/li>\n<li>Szko\u0142a Podstawowa nr 2 Kamienna G\u00f3ra<\/li>\n<li>Szko\u0142a Podstawowa nr 1 Kamienna G\u00f3ra<\/li>\n<\/ol>\n<p>\u00a0<\/p>\n<p><strong>\u00a0<\/strong><\/p>\n<p>Mini siatk\u00f3wka ,,2\u2019\u2019 ch\u0142opcy:<\/p>\n<p>\u00a0<\/p>\n<p>SP Boles\u0142awiec \u2013 SP 2 Zgorzelec\u00a0 \u00a0 \u00a0 \u00a02 : 0<\/p>\n<p>SP Krzesz\u00f3w \u2013 SP Karpacz\u00a0 \u00a0 2 : 0<\/p>\n<p>SP \u017belisz\u00f3w-\u00a0 SP 2 Kam. G\u00f3ra\u00a0 \u00a0 \u00a02 : 0<\/p>\n<p>SP 2 Zgorzelec \u2013 SP Krzesz\u00f3w\u00a0 \u00a0 1 : 2<\/p>\n<p>SP Boles\u0142awiec \u2013 SP 2 Kam. G\u00f3ra\u00a0 \u00a02 : 0<\/p>\n<p>SP Karpacz \u2013 SP \u017belisz\u00f3w\u00a0 \u00a0 0 : 2<\/p>\n<p>SP Krzesz\u00f3w \u2013 SP Boles\u0142awiec\u00a0 \u00a01 : 2<\/p>\n<p>SP \u017belisz\u00f3w\u00a0 \u2013 SP 2 Zgorzelec\u00a0 \u00a02 : 0<\/p>\n<p>SP Karpacz \u2013 SP 2 Kam. G\u00f3ra\u00a0 \u00a0 \u00a02 : 0<\/p>\n<p>SP Krzesz\u00f3w \u2013 SP \u017belisz\u00f3w\u00a0 \u00a0 \u00a0 0 : 2<\/p>\n<p>SP 2 Kam. G\u00f3ra \u2013 SP 2 Zgorzelec\u00a0 \u00a0 \u00a0 0 : 2<\/p>\n<p>SP Boles\u0142awiec \u2013 SP Karpacz\u00a0 \u00a0 \u00a0 \u00a02 : 1<\/p>\n<p>SP 2 Kam. G\u00f3ra \u2013 SP Krzesz\u00f3w\u00a0 \u00a00 : 2<\/p>\n<p>SP \u017belisz\u00f3w \u2013 SP Boles\u0142awiec\u00a0 \u00a0 2 : 1<\/p>\n<p>SP Karpacz \u2013 SP 2 Zgorzelec\u00a0 \u00a0 \u00a02 : 1\u00a0\u00a0\u00a0\u00a0<\/p>\n<p>\u00a0<\/p>\n<p>\u00a0<\/p>\n<p>Kolejno\u015b\u0107 ko\u0144cowa:<\/p>\n<ol>\n<li><strong>Szko\u0142a Podstawowa \u017belisz\u00f3w<\/strong><\/li>\n<li>Szko\u0142a Podstawowa Oxpress Boles\u0142awiec<\/li>\n<li>Szko\u0142\u0105 Podstawowa Krzesz\u00f3w<\/li>\n<li>Szko\u0142a Podstawowa Karpacz<\/li>\n<li>Szko\u0142a Podstawowa nr 2 Zgorzelec<\/li>\n<li>Szko\u0142a Podstawowa nr 2 Kamienna G\u00f3ra<\/li>\n<\/ol>\n\n\n\n<figure class=\"wp-block-gallery has-nested-images columns-default is-cropped wp-block-gallery-1 is-layout-flex wp-block-gallery-is-layout-flex\">\n<figure class=\"wp-block-image size-large\"><img loading=\"lazy\" decoding=\"async\" width=\"1024\" height=\"683\" data-attachment-id=\"4731\" data-permalink=\"http:\/\/mos.kamienna-gora.pl\/index.php\/2026\/04\/20\/final-strefy-jeleniogorskiej-w-siatkarskich-2-dziewczat-oraz-chlopcow\/img_0804\/\" data-orig-file=\"http:\/\/mos.kamienna-gora.pl\/wp-content\/uploads\/2026\/04\/IMG_0804-scaled.jpg\" data-orig-size=\"2560,1707\" data-comments-opened=\"1\" data-image-meta=\"{&quot;aperture&quot;:&quot;3.5&quot;,&quot;credit&quot;:&quot;&quot;,&quot;camera&quot;:&quot;Canon EOS 4000D&quot;,&quot;caption&quot;:&quot;&quot;,&quot;created_timestamp&quot;:&quot;1776678821&quot;,&quot;copyright&quot;:&quot;&quot;,&quot;focal_length&quot;:&quot;18&quot;,&quot;iso&quot;:&quot;800&quot;,&quot;shutter_speed&quot;:&quot;0.003125&quot;,&quot;title&quot;:&quot;&quot;,&quot;orientation&quot;:&quot;1&quot;}\" data-image-title=\"IMG_0804\" data-image-description=\"\" data-image-caption=\"\" data-large-file=\"http:\/\/mos.kamienna-gora.pl\/wp-content\/uploads\/2026\/04\/IMG_0804-1024x683.jpg\" data-id=\"4731\" src=\"http:\/\/mos.kamienna-gora.pl\/wp-content\/uploads\/2026\/04\/IMG_0804-1024x683.jpg\" alt=\"\" class=\"wp-image-4731\" srcset=\"http:\/\/mos.kamienna-gora.pl\/wp-content\/uploads\/2026\/04\/IMG_0804-1024x683.jpg 1024w, http:\/\/mos.kamienna-gora.pl\/wp-content\/uploads\/2026\/04\/IMG_0804-300x200.jpg 300w, http:\/\/mos.kamienna-gora.pl\/wp-content\/uploads\/2026\/04\/IMG_0804-768x512.jpg 768w, http:\/\/mos.kamienna-gora.pl\/wp-content\/uploads\/2026\/04\/IMG_0804-1536x1024.jpg 1536w, http:\/\/mos.kamienna-gora.pl\/wp-content\/uploads\/2026\/04\/IMG_0804-2048x1365.jpg 2048w\" sizes=\"auto, (max-width: 1024px) 100vw, 1024px\" \/><\/figure>\n<\/figure>\n\n\n\n<figure class=\"wp-block-gallery has-nested-images columns-default is-cropped wp-block-gallery-2 is-layout-flex wp-block-gallery-is-layout-flex\">\n<figure class=\"wp-block-image size-large\"><img loading=\"lazy\" decoding=\"async\" width=\"1024\" height=\"683\" data-attachment-id=\"4732\" data-permalink=\"http:\/\/mos.kamienna-gora.pl\/index.php\/2026\/04\/20\/final-strefy-jeleniogorskiej-w-siatkarskich-2-dziewczat-oraz-chlopcow\/img_0808\/\" data-orig-file=\"http:\/\/mos.kamienna-gora.pl\/wp-content\/uploads\/2026\/04\/IMG_0808-scaled.jpg\" data-orig-size=\"2560,1707\" data-comments-opened=\"1\" data-image-meta=\"{&quot;aperture&quot;:&quot;4.5&quot;,&quot;credit&quot;:&quot;&quot;,&quot;camera&quot;:&quot;Canon EOS 4000D&quot;,&quot;caption&quot;:&quot;&quot;,&quot;created_timestamp&quot;:&quot;1776679252&quot;,&quot;copyright&quot;:&quot;&quot;,&quot;focal_length&quot;:&quot;32&quot;,&quot;iso&quot;:&quot;2000&quot;,&quot;shutter_speed&quot;:&quot;0.002&quot;,&quot;title&quot;:&quot;&quot;,&quot;orientation&quot;:&quot;1&quot;}\" data-image-title=\"IMG_0808\" data-image-description=\"\" data-image-caption=\"\" data-large-file=\"http:\/\/mos.kamienna-gora.pl\/wp-content\/uploads\/2026\/04\/IMG_0808-1024x683.jpg\" data-id=\"4732\" src=\"http:\/\/mos.kamienna-gora.pl\/wp-content\/uploads\/2026\/04\/IMG_0808-1024x683.jpg\" alt=\"\" class=\"wp-image-4732\" srcset=\"http:\/\/mos.kamienna-gora.pl\/wp-content\/uploads\/2026\/04\/IMG_0808-1024x683.jpg 1024w, http:\/\/mos.kamienna-gora.pl\/wp-content\/uploads\/2026\/04\/IMG_0808-300x200.jpg 300w, http:\/\/mos.kamienna-gora.pl\/wp-content\/uploads\/2026\/04\/IMG_0808-768x512.jpg 768w, http:\/\/mos.kamienna-gora.pl\/wp-content\/uploads\/2026\/04\/IMG_0808-1536x1024.jpg 1536w, http:\/\/mos.kamienna-gora.pl\/wp-content\/uploads\/2026\/04\/IMG_0808-2048x1365.jpg 2048w\" sizes=\"auto, (max-width: 1024px) 100vw, 1024px\" \/><\/figure>\n\n\n\n<figure class=\"wp-block-image size-large\"><img loading=\"lazy\" decoding=\"async\" width=\"1024\" height=\"683\" data-attachment-id=\"4733\" data-permalink=\"http:\/\/mos.kamienna-gora.pl\/index.php\/2026\/04\/20\/final-strefy-jeleniogorskiej-w-siatkarskich-2-dziewczat-oraz-chlopcow\/img_0811\/\" data-orig-file=\"http:\/\/mos.kamienna-gora.pl\/wp-content\/uploads\/2026\/04\/IMG_0811-scaled.jpg\" data-orig-size=\"2560,1707\" data-comments-opened=\"1\" data-image-meta=\"{&quot;aperture&quot;:&quot;5&quot;,&quot;credit&quot;:&quot;&quot;,&quot;camera&quot;:&quot;Canon EOS 4000D&quot;,&quot;caption&quot;:&quot;&quot;,&quot;created_timestamp&quot;:&quot;1776679319&quot;,&quot;copyright&quot;:&quot;&quot;,&quot;focal_length&quot;:&quot;43&quot;,&quot;iso&quot;:&quot;3200&quot;,&quot;shutter_speed&quot;:&quot;0.0025&quot;,&quot;title&quot;:&quot;&quot;,&quot;orientation&quot;:&quot;1&quot;}\" data-image-title=\"IMG_0811\" data-image-description=\"\" data-image-caption=\"\" data-large-file=\"http:\/\/mos.kamienna-gora.pl\/wp-content\/uploads\/2026\/04\/IMG_0811-1024x683.jpg\" data-id=\"4733\" src=\"http:\/\/mos.kamienna-gora.pl\/wp-content\/uploads\/2026\/04\/IMG_0811-1024x683.jpg\" alt=\"\" class=\"wp-image-4733\" srcset=\"http:\/\/mos.kamienna-gora.pl\/wp-content\/uploads\/2026\/04\/IMG_0811-1024x683.jpg 1024w, http:\/\/mos.kamienna-gora.pl\/wp-content\/uploads\/2026\/04\/IMG_0811-300x200.jpg 300w, http:\/\/mos.kamienna-gora.pl\/wp-content\/uploads\/2026\/04\/IMG_0811-768x512.jpg 768w, http:\/\/mos.kamienna-gora.pl\/wp-content\/uploads\/2026\/04\/IMG_0811-1536x1024.jpg 1536w, http:\/\/mos.kamienna-gora.pl\/wp-content\/uploads\/2026\/04\/IMG_0811-2048x1365.jpg 2048w\" sizes=\"auto, (max-width: 1024px) 100vw, 1024px\" \/><\/figure>\n<\/figure>\n\n\n\n<figure class=\"wp-block-gallery has-nested-images columns-default is-cropped wp-block-gallery-3 is-layout-flex wp-block-gallery-is-layout-flex\">\n<figure class=\"wp-block-image size-large\"><img loading=\"lazy\" decoding=\"async\" width=\"1024\" height=\"683\" data-attachment-id=\"4734\" data-permalink=\"http:\/\/mos.kamienna-gora.pl\/index.php\/2026\/04\/20\/final-strefy-jeleniogorskiej-w-siatkarskich-2-dziewczat-oraz-chlopcow\/img_0830\/\" data-orig-file=\"http:\/\/mos.kamienna-gora.pl\/wp-content\/uploads\/2026\/04\/IMG_0830-scaled.jpg\" data-orig-size=\"2560,1707\" data-comments-opened=\"1\" data-image-meta=\"{&quot;aperture&quot;:&quot;4.5&quot;,&quot;credit&quot;:&quot;&quot;,&quot;camera&quot;:&quot;Canon EOS 4000D&quot;,&quot;caption&quot;:&quot;&quot;,&quot;created_timestamp&quot;:&quot;1776680662&quot;,&quot;copyright&quot;:&quot;&quot;,&quot;focal_length&quot;:&quot;32&quot;,&quot;iso&quot;:&quot;3200&quot;,&quot;shutter_speed&quot;:&quot;0.0025&quot;,&quot;title&quot;:&quot;&quot;,&quot;orientation&quot;:&quot;1&quot;}\" data-image-title=\"IMG_0830\" data-image-description=\"\" data-image-caption=\"\" data-large-file=\"http:\/\/mos.kamienna-gora.pl\/wp-content\/uploads\/2026\/04\/IMG_0830-1024x683.jpg\" data-id=\"4734\" src=\"http:\/\/mos.kamienna-gora.pl\/wp-content\/uploads\/2026\/04\/IMG_0830-1024x683.jpg\" alt=\"\" class=\"wp-image-4734\" srcset=\"http:\/\/mos.kamienna-gora.pl\/wp-content\/uploads\/2026\/04\/IMG_0830-1024x683.jpg 1024w, http:\/\/mos.kamienna-gora.pl\/wp-content\/uploads\/2026\/04\/IMG_0830-300x200.jpg 300w, http:\/\/mos.kamienna-gora.pl\/wp-content\/uploads\/2026\/04\/IMG_0830-768x512.jpg 768w, http:\/\/mos.kamienna-gora.pl\/wp-content\/uploads\/2026\/04\/IMG_0830-1536x1024.jpg 1536w, http:\/\/mos.kamienna-gora.pl\/wp-content\/uploads\/2026\/04\/IMG_0830-2048x1365.jpg 2048w\" sizes=\"auto, (max-width: 1024px) 100vw, 1024px\" \/><\/figure>\n<\/figure>\n\n\n\n<figure class=\"wp-block-gallery has-nested-images columns-default is-cropped wp-block-gallery-4 is-layout-flex wp-block-gallery-is-layout-flex\">\n<figure class=\"wp-block-image size-large\"><img loading=\"lazy\" decoding=\"async\" width=\"1024\" height=\"683\" data-attachment-id=\"4735\" data-permalink=\"http:\/\/mos.kamienna-gora.pl\/index.php\/2026\/04\/20\/final-strefy-jeleniogorskiej-w-siatkarskich-2-dziewczat-oraz-chlopcow\/img_0867-3\/\" data-orig-file=\"http:\/\/mos.kamienna-gora.pl\/wp-content\/uploads\/2026\/04\/IMG_0867-scaled.jpg\" data-orig-size=\"2560,1707\" data-comments-opened=\"1\" data-image-meta=\"{&quot;aperture&quot;:&quot;4&quot;,&quot;credit&quot;:&quot;&quot;,&quot;camera&quot;:&quot;Canon EOS 4000D&quot;,&quot;caption&quot;:&quot;&quot;,&quot;created_timestamp&quot;:&quot;1776690109&quot;,&quot;copyright&quot;:&quot;&quot;,&quot;focal_length&quot;:&quot;28&quot;,&quot;iso&quot;:&quot;800&quot;,&quot;shutter_speed&quot;:&quot;0.0025&quot;,&quot;title&quot;:&quot;&quot;,&quot;orientation&quot;:&quot;1&quot;}\" data-image-title=\"IMG_0867\" data-image-description=\"\" data-image-caption=\"\" data-large-file=\"http:\/\/mos.kamienna-gora.pl\/wp-content\/uploads\/2026\/04\/IMG_0867-1024x683.jpg\" data-id=\"4735\" src=\"http:\/\/mos.kamienna-gora.pl\/wp-content\/uploads\/2026\/04\/IMG_0867-1024x683.jpg\" alt=\"\" class=\"wp-image-4735\" srcset=\"http:\/\/mos.kamienna-gora.pl\/wp-content\/uploads\/2026\/04\/IMG_0867-1024x683.jpg 1024w, http:\/\/mos.kamienna-gora.pl\/wp-content\/uploads\/2026\/04\/IMG_0867-300x200.jpg 300w, http:\/\/mos.kamienna-gora.pl\/wp-content\/uploads\/2026\/04\/IMG_0867-768x512.jpg 768w, http:\/\/mos.kamienna-gora.pl\/wp-content\/uploads\/2026\/04\/IMG_0867-1536x1024.jpg 1536w, http:\/\/mos.kamienna-gora.pl\/wp-content\/uploads\/2026\/04\/IMG_0867-2048x1365.jpg 2048w\" sizes=\"auto, (max-width: 1024px) 100vw, 1024px\" \/><\/figure>\n<\/figure>\n\n\n\n<figure class=\"wp-block-gallery has-nested-images columns-default is-cropped wp-block-gallery-5 is-layout-flex wp-block-gallery-is-layout-flex\">\n<figure class=\"wp-block-image size-large\"><img loading=\"lazy\" decoding=\"async\" width=\"1024\" height=\"683\" data-attachment-id=\"4736\" data-permalink=\"http:\/\/mos.kamienna-gora.pl\/index.php\/2026\/04\/20\/final-strefy-jeleniogorskiej-w-siatkarskich-2-dziewczat-oraz-chlopcow\/img_0873\/\" data-orig-file=\"http:\/\/mos.kamienna-gora.pl\/wp-content\/uploads\/2026\/04\/IMG_0873-scaled.jpg\" data-orig-size=\"2560,1707\" data-comments-opened=\"1\" data-image-meta=\"{&quot;aperture&quot;:&quot;3.5&quot;,&quot;credit&quot;:&quot;&quot;,&quot;camera&quot;:&quot;Canon EOS 4000D&quot;,&quot;caption&quot;:&quot;&quot;,&quot;created_timestamp&quot;:&quot;1776690206&quot;,&quot;copyright&quot;:&quot;&quot;,&quot;focal_length&quot;:&quot;23&quot;,&quot;iso&quot;:&quot;320&quot;,&quot;shutter_speed&quot;:&quot;0.003125&quot;,&quot;title&quot;:&quot;&quot;,&quot;orientation&quot;:&quot;1&quot;}\" data-image-title=\"IMG_0873\" data-image-description=\"\" data-image-caption=\"\" data-large-file=\"http:\/\/mos.kamienna-gora.pl\/wp-content\/uploads\/2026\/04\/IMG_0873-1024x683.jpg\" data-id=\"4736\" src=\"http:\/\/mos.kamienna-gora.pl\/wp-content\/uploads\/2026\/04\/IMG_0873-1024x683.jpg\" alt=\"\" class=\"wp-image-4736\" srcset=\"http:\/\/mos.kamienna-gora.pl\/wp-content\/uploads\/2026\/04\/IMG_0873-1024x683.jpg 1024w, http:\/\/mos.kamienna-gora.pl\/wp-content\/uploads\/2026\/04\/IMG_0873-300x200.jpg 300w, http:\/\/mos.kamienna-gora.pl\/wp-content\/uploads\/2026\/04\/IMG_0873-768x512.jpg 768w, http:\/\/mos.kamienna-gora.pl\/wp-content\/uploads\/2026\/04\/IMG_0873-1536x1024.jpg 1536w, http:\/\/mos.kamienna-gora.pl\/wp-content\/uploads\/2026\/04\/IMG_0873-2048x1365.jpg 2048w\" sizes=\"auto, (max-width: 1024px) 100vw, 1024px\" \/><\/figure>\n<\/figure>\n","protected":false},"excerpt":{"rendered":"<p>Dnia 20 kwietnia 2026 roku na Hali Sportowej przy Szkole Podstawowej nr 2 w Kamiennej G\u00f3rze odby\u0142 si\u0119 fina\u0142 Strefy&hellip;<\/p>\n","protected":false},"author":1,"featured_media":4735,"comment_status":"open","ping_status":"open","sticky":false,"template":"","format":"standard","meta":{"jetpack_post_was_ever_published":false,"_jetpack_newsletter_access":"","_jetpack_dont_email_post_to_subs":false,"_jetpack_newsletter_tier_id":0,"_jetpack_memberships_contains_paywalled_content":false,"_jetpack_memberships_contains_paid_content":false,"footnotes":""},"categories":[1,8],"tags":[],"class_list":["post-4730","post","type-post","status-publish","format-standard","has-post-thumbnail","hentry","category-wydarzenia","category-zawody-strefowe"],"jetpack_featured_media_url":"http:\/\/mos.kamienna-gora.pl\/wp-content\/uploads\/2026\/04\/IMG_0867-scaled.jpg","jetpack_sharing_enabled":true,"jetpack_shortlink":"https:\/\/wp.me\/paEJ1v-1ei","jetpack-related-posts":[],"_links":{"self":[{"href":"http:\/\/mos.kamienna-gora.pl\/index.php\/wp-json\/wp\/v2\/posts\/4730","targetHints":{"allow":["GET"]}}],"collection":[{"href":"http:\/\/mos.kamienna-gora.pl\/index.php\/wp-json\/wp\/v2\/posts"}],"about":[{"href":"http:\/\/mos.kamienna-gora.pl\/index.php\/wp-json\/wp\/v2\/types\/post"}],"author":[{"embeddable":true,"href":"http:\/\/mos.kamienna-gora.pl\/index.php\/wp-json\/wp\/v2\/users\/1"}],"replies":[{"embeddable":true,"href":"http:\/\/mos.kamienna-gora.pl\/index.php\/wp-json\/wp\/v2\/comments?post=4730"}],"version-history":[{"count":1,"href":"http:\/\/mos.kamienna-gora.pl\/index.php\/wp-json\/wp\/v2\/posts\/4730\/revisions"}],"predecessor-version":[{"id":4737,"href":"http:\/\/mos.kamienna-gora.pl\/index.php\/wp-json\/wp\/v2\/posts\/4730\/revisions\/4737"}],"wp:featuredmedia":[{"embeddable":true,"href":"http:\/\/mos.kamienna-gora.pl\/index.php\/wp-json\/wp\/v2\/media\/4735"}],"wp:attachment":[{"href":"http:\/\/mos.kamienna-gora.pl\/index.php\/wp-json\/wp\/v2\/media?parent=4730"}],"wp:term":[{"taxonomy":"category","embeddable":true,"href":"http:\/\/mos.kamienna-gora.pl\/index.php\/wp-json\/wp\/v2\/categories?post=4730"},{"taxonomy":"post_tag","embeddable":true,"href":"http:\/\/mos.kamienna-gora.pl\/index.php\/wp-json\/wp\/v2\/tags?post=4730"}],"curies":[{"name":"wp","href":"https:\/\/api.w.org\/{rel}","templated":true}]}}