{"id":4738,"date":"2026-04-21T12:28:27","date_gmt":"2026-04-21T10:28:27","guid":{"rendered":"http:\/\/mos.kamienna-gora.pl\/?p=4738"},"modified":"2026-04-21T12:28:27","modified_gmt":"2026-04-21T10:28:27","slug":"final-powiatowy-w-pilce-noznej-dziewczat-oraz-chlopcow-szkol-ponadpodstawowych","status":"publish","type":"post","link":"http:\/\/mos.kamienna-gora.pl\/index.php\/2026\/04\/21\/final-powiatowy-w-pilce-noznej-dziewczat-oraz-chlopcow-szkol-ponadpodstawowych\/","title":{"rendered":"Fina\u0142 powiatowy w pi\u0142ce no\u017cnej dziewcz\u0105t oraz ch\u0142opc\u00f3w szk\u00f3\u0142 ponadpodstawowych"},"content":{"rendered":"\n<p>Dnia 21 kwietnia 2026 roku na orliku przy ulicy Lubawskiej Kamiennej G\u00f3rze odby\u0142 si\u0119 fina\u0142 powiatowy w pi\u0142ce no\u017cnej dziewcz\u0105t w ramach Licealiady. Dziewcz\u0119ta mecz rozegra\u0142y w czasie 2 x 12 min, ch\u0142opcy 2 x 20 min.<\/p>\n<p>Wyniki dziewcz\u0119ta:<\/p>\n<p>ZSZiO Kam. G\u00f3ra \u00a0\u2013 LO Kam. G\u00f3ra\u00a0 \u00a0 7 : 1<\/p>\n<p>Kolejno\u015b\u0107 ko\u0144cowa:<\/p>\n<ol>\n<li><strong>Zesp\u00f3\u0142 Szk\u00f3\u0142 Zawodowych i Og\u00f3lnokszta\u0142c\u0105cych Kamienna G\u00f3ra<\/strong><\/li>\n<li>Liceum Og\u00f3lnokszta\u0142c\u0105ce Kamienna G\u00f3ra<\/li>\n<\/ol>\n<p>Wynik ch\u0142opcy:<\/p>\n<p>ZSZiO Kam. G\u00f3ra\u00a0 \u2013 LO Kam. G\u00f3ra\u00a0 \u00a07 : 2<\/p>\n<p>Kolejno\u015b\u0107 ko\u0144cowa:<\/p>\n<ol>\n<li><strong>Zesp\u00f3\u0142 Szk\u00f3\u0142 Zawodowych i Og\u00f3lnokszta\u0142c\u0105cych Kamienna G\u00f3ra<\/strong><\/li>\n<li>Liceum Og\u00f3lnokszta\u0142c\u0105ce Kamienna G\u00f3ra<\/li>\n<\/ol>\n<p>Sk\u0142ady:<\/p>\n<p>LO Kamienna G\u00f3ra dziewcz\u0119ta:<\/p>\n<p>Bagniuk Anna, Balcerek Maja, Barczyk Wiktoria, Makowska Iwona, Mr\u00f3z Julia, Rucha\u0142a Maria, Sodolewska Ma\u0142gorzata, opiekun \u2013 Katarzyna Zaczek<\/p>\n<p>ZSZiO Kamienna G\u00f3ra:<\/p>\n<p>Ko\u0142odziej Julia, Koszela Kinga, Matusik Lena, Pasierb Marta, Pokrzywa Malwina, Skulska Ma\u0142gorzata, Tokarska Wiktoria, Wnuk Laura, Zwierzy\u0144ska Martyna, opiekun \u2013 Piotr Lema<\/p>\n<p>ZSZiO Kam. G\u00f3ra ch\u0142opcy:<\/p>\n<p>Baran Tomasz, Czepielewicz Kacper, Grygiel Gabriel, Kmiecik Damian, Kowalski Rafa\u0142, Michalik Jakub, Michalik Marcel, Rzeszutek Jakub, Tokarski Marcin, Zaj\u0105c Bruno, opiekun \u2013 Tomasz W\u0105sowski<\/p>\n<p>LO Kam. G\u00f3ra:<\/p>\n<p>Bortnowski Cyprian, G\u0142adzysz Marek, Grochocki Julian, Karwala Jakub, Klimczak Marcin, Kosowski Adrian, Olszak \u0141ukasz, St\u0119pie\u0144 Gracjan, Wasik Bartosz, Wieczorek Jakub, opiekun \u2013 Rafa\u0142 Por\u0119ba<\/p>\n<p>\u00a0<\/p>\n\n\n\n<figure class=\"wp-block-gallery has-nested-images columns-default is-cropped wp-block-gallery-1 is-layout-flex wp-block-gallery-is-layout-flex\">\n<figure class=\"wp-block-image size-large\"><img loading=\"lazy\" decoding=\"async\" width=\"1024\" height=\"683\" data-attachment-id=\"4739\" data-permalink=\"http:\/\/mos.kamienna-gora.pl\/index.php\/2026\/04\/21\/final-powiatowy-w-pilce-noznej-dziewczat-oraz-chlopcow-szkol-ponadpodstawowych\/img_0875-2\/\" data-orig-file=\"http:\/\/mos.kamienna-gora.pl\/wp-content\/uploads\/2026\/04\/IMG_0875-scaled.jpg\" data-orig-size=\"2560,1707\" data-comments-opened=\"1\" data-image-meta=\"{&quot;aperture&quot;:&quot;5&quot;,&quot;credit&quot;:&quot;&quot;,&quot;camera&quot;:&quot;Canon EOS 4000D&quot;,&quot;caption&quot;:&quot;&quot;,&quot;created_timestamp&quot;:&quot;1776767257&quot;,&quot;copyright&quot;:&quot;&quot;,&quot;focal_length&quot;:&quot;18&quot;,&quot;iso&quot;:&quot;100&quot;,&quot;shutter_speed&quot;:&quot;0.0025&quot;,&quot;title&quot;:&quot;&quot;,&quot;orientation&quot;:&quot;1&quot;}\" data-image-title=\"IMG_0875\" data-image-description=\"\" data-image-caption=\"\" data-large-file=\"http:\/\/mos.kamienna-gora.pl\/wp-content\/uploads\/2026\/04\/IMG_0875-1024x683.jpg\" data-id=\"4739\" src=\"http:\/\/mos.kamienna-gora.pl\/wp-content\/uploads\/2026\/04\/IMG_0875-1024x683.jpg\" alt=\"\" class=\"wp-image-4739\" srcset=\"http:\/\/mos.kamienna-gora.pl\/wp-content\/uploads\/2026\/04\/IMG_0875-1024x683.jpg 1024w, http:\/\/mos.kamienna-gora.pl\/wp-content\/uploads\/2026\/04\/IMG_0875-300x200.jpg 300w, http:\/\/mos.kamienna-gora.pl\/wp-content\/uploads\/2026\/04\/IMG_0875-768x512.jpg 768w, http:\/\/mos.kamienna-gora.pl\/wp-content\/uploads\/2026\/04\/IMG_0875-1536x1024.jpg 1536w, http:\/\/mos.kamienna-gora.pl\/wp-content\/uploads\/2026\/04\/IMG_0875-2048x1365.jpg 2048w\" sizes=\"auto, (max-width: 1024px) 100vw, 1024px\" \/><\/figure>\n<\/figure>\n\n\n\n<figure class=\"wp-block-gallery has-nested-images columns-default is-cropped wp-block-gallery-2 is-layout-flex wp-block-gallery-is-layout-flex\">\n<figure class=\"wp-block-image size-large\"><img loading=\"lazy\" decoding=\"async\" width=\"1024\" height=\"683\" data-attachment-id=\"4740\" data-permalink=\"http:\/\/mos.kamienna-gora.pl\/index.php\/2026\/04\/21\/final-powiatowy-w-pilce-noznej-dziewczat-oraz-chlopcow-szkol-ponadpodstawowych\/img_0879\/\" data-orig-file=\"http:\/\/mos.kamienna-gora.pl\/wp-content\/uploads\/2026\/04\/IMG_0879-scaled.jpg\" data-orig-size=\"2560,1707\" data-comments-opened=\"1\" data-image-meta=\"{&quot;aperture&quot;:&quot;5.6&quot;,&quot;credit&quot;:&quot;&quot;,&quot;camera&quot;:&quot;Canon EOS 4000D&quot;,&quot;caption&quot;:&quot;&quot;,&quot;created_timestamp&quot;:&quot;1776768021&quot;,&quot;copyright&quot;:&quot;&quot;,&quot;focal_length&quot;:&quot;45&quot;,&quot;iso&quot;:&quot;160&quot;,&quot;shutter_speed&quot;:&quot;0.0015625&quot;,&quot;title&quot;:&quot;&quot;,&quot;orientation&quot;:&quot;1&quot;}\" data-image-title=\"IMG_0879\" data-image-description=\"\" data-image-caption=\"\" data-large-file=\"http:\/\/mos.kamienna-gora.pl\/wp-content\/uploads\/2026\/04\/IMG_0879-1024x683.jpg\" data-id=\"4740\" src=\"http:\/\/mos.kamienna-gora.pl\/wp-content\/uploads\/2026\/04\/IMG_0879-1024x683.jpg\" alt=\"\" class=\"wp-image-4740\" srcset=\"http:\/\/mos.kamienna-gora.pl\/wp-content\/uploads\/2026\/04\/IMG_0879-1024x683.jpg 1024w, http:\/\/mos.kamienna-gora.pl\/wp-content\/uploads\/2026\/04\/IMG_0879-300x200.jpg 300w, http:\/\/mos.kamienna-gora.pl\/wp-content\/uploads\/2026\/04\/IMG_0879-768x512.jpg 768w, http:\/\/mos.kamienna-gora.pl\/wp-content\/uploads\/2026\/04\/IMG_0879-1536x1024.jpg 1536w, http:\/\/mos.kamienna-gora.pl\/wp-content\/uploads\/2026\/04\/IMG_0879-2048x1365.jpg 2048w\" sizes=\"auto, (max-width: 1024px) 100vw, 1024px\" \/><\/figure>\n<\/figure>\n\n\n\n<figure class=\"wp-block-gallery has-nested-images columns-default is-cropped wp-block-gallery-3 is-layout-flex wp-block-gallery-is-layout-flex\">\n<figure class=\"wp-block-image size-large\"><img loading=\"lazy\" decoding=\"async\" width=\"1024\" height=\"683\" data-attachment-id=\"4741\" data-permalink=\"http:\/\/mos.kamienna-gora.pl\/index.php\/2026\/04\/21\/final-powiatowy-w-pilce-noznej-dziewczat-oraz-chlopcow-szkol-ponadpodstawowych\/img_0886-2\/\" data-orig-file=\"http:\/\/mos.kamienna-gora.pl\/wp-content\/uploads\/2026\/04\/IMG_0886-scaled.jpg\" data-orig-size=\"2560,1707\" data-comments-opened=\"1\" data-image-meta=\"{&quot;aperture&quot;:&quot;5.6&quot;,&quot;credit&quot;:&quot;&quot;,&quot;camera&quot;:&quot;Canon EOS 4000D&quot;,&quot;caption&quot;:&quot;&quot;,&quot;created_timestamp&quot;:&quot;1776769010&quot;,&quot;copyright&quot;:&quot;&quot;,&quot;focal_length&quot;:&quot;45&quot;,&quot;iso&quot;:&quot;320&quot;,&quot;shutter_speed&quot;:&quot;0.0015625&quot;,&quot;title&quot;:&quot;&quot;,&quot;orientation&quot;:&quot;1&quot;}\" data-image-title=\"IMG_0886\" data-image-description=\"\" data-image-caption=\"\" data-large-file=\"http:\/\/mos.kamienna-gora.pl\/wp-content\/uploads\/2026\/04\/IMG_0886-1024x683.jpg\" data-id=\"4741\" src=\"http:\/\/mos.kamienna-gora.pl\/wp-content\/uploads\/2026\/04\/IMG_0886-1024x683.jpg\" alt=\"\" class=\"wp-image-4741\" srcset=\"http:\/\/mos.kamienna-gora.pl\/wp-content\/uploads\/2026\/04\/IMG_0886-1024x683.jpg 1024w, http:\/\/mos.kamienna-gora.pl\/wp-content\/uploads\/2026\/04\/IMG_0886-300x200.jpg 300w, http:\/\/mos.kamienna-gora.pl\/wp-content\/uploads\/2026\/04\/IMG_0886-768x512.jpg 768w, http:\/\/mos.kamienna-gora.pl\/wp-content\/uploads\/2026\/04\/IMG_0886-1536x1024.jpg 1536w, http:\/\/mos.kamienna-gora.pl\/wp-content\/uploads\/2026\/04\/IMG_0886-2048x1365.jpg 2048w\" sizes=\"auto, (max-width: 1024px) 100vw, 1024px\" \/><\/figure>\n<\/figure>\n\n\n\n<figure class=\"wp-block-gallery has-nested-images columns-default is-cropped wp-block-gallery-4 is-layout-flex wp-block-gallery-is-layout-flex\">\n<figure class=\"wp-block-image size-large\"><img loading=\"lazy\" decoding=\"async\" width=\"1024\" height=\"683\" data-attachment-id=\"4742\" data-permalink=\"http:\/\/mos.kamienna-gora.pl\/index.php\/2026\/04\/21\/final-powiatowy-w-pilce-noznej-dziewczat-oraz-chlopcow-szkol-ponadpodstawowych\/img_0905\/\" data-orig-file=\"http:\/\/mos.kamienna-gora.pl\/wp-content\/uploads\/2026\/04\/IMG_0905-scaled.jpg\" data-orig-size=\"2560,1707\" data-comments-opened=\"1\" data-image-meta=\"{&quot;aperture&quot;:&quot;4&quot;,&quot;credit&quot;:&quot;&quot;,&quot;camera&quot;:&quot;Canon EOS 4000D&quot;,&quot;caption&quot;:&quot;&quot;,&quot;created_timestamp&quot;:&quot;1776769596&quot;,&quot;copyright&quot;:&quot;&quot;,&quot;focal_length&quot;:&quot;23&quot;,&quot;iso&quot;:&quot;100&quot;,&quot;shutter_speed&quot;:&quot;0.003125&quot;,&quot;title&quot;:&quot;&quot;,&quot;orientation&quot;:&quot;1&quot;}\" data-image-title=\"IMG_0905\" data-image-description=\"\" data-image-caption=\"\" data-large-file=\"http:\/\/mos.kamienna-gora.pl\/wp-content\/uploads\/2026\/04\/IMG_0905-1024x683.jpg\" data-id=\"4742\" src=\"http:\/\/mos.kamienna-gora.pl\/wp-content\/uploads\/2026\/04\/IMG_0905-1024x683.jpg\" alt=\"\" class=\"wp-image-4742\" srcset=\"http:\/\/mos.kamienna-gora.pl\/wp-content\/uploads\/2026\/04\/IMG_0905-1024x683.jpg 1024w, http:\/\/mos.kamienna-gora.pl\/wp-content\/uploads\/2026\/04\/IMG_0905-300x200.jpg 300w, http:\/\/mos.kamienna-gora.pl\/wp-content\/uploads\/2026\/04\/IMG_0905-768x512.jpg 768w, http:\/\/mos.kamienna-gora.pl\/wp-content\/uploads\/2026\/04\/IMG_0905-1536x1024.jpg 1536w, http:\/\/mos.kamienna-gora.pl\/wp-content\/uploads\/2026\/04\/IMG_0905-2048x1365.jpg 2048w\" sizes=\"auto, (max-width: 1024px) 100vw, 1024px\" \/><\/figure>\n<\/figure>\n\n\n\n<figure class=\"wp-block-gallery has-nested-images columns-default is-cropped wp-block-gallery-5 is-layout-flex wp-block-gallery-is-layout-flex\">\n<figure class=\"wp-block-image size-large\"><img loading=\"lazy\" decoding=\"async\" width=\"1024\" height=\"683\" data-attachment-id=\"4743\" data-permalink=\"http:\/\/mos.kamienna-gora.pl\/index.php\/2026\/04\/21\/final-powiatowy-w-pilce-noznej-dziewczat-oraz-chlopcow-szkol-ponadpodstawowych\/img_0934\/\" data-orig-file=\"http:\/\/mos.kamienna-gora.pl\/wp-content\/uploads\/2026\/04\/IMG_0934-scaled.jpg\" data-orig-size=\"2560,1707\" data-comments-opened=\"1\" data-image-meta=\"{&quot;aperture&quot;:&quot;4.5&quot;,&quot;credit&quot;:&quot;&quot;,&quot;camera&quot;:&quot;Canon EOS 4000D&quot;,&quot;caption&quot;:&quot;&quot;,&quot;created_timestamp&quot;:&quot;1776772646&quot;,&quot;copyright&quot;:&quot;&quot;,&quot;focal_length&quot;:&quot;30&quot;,&quot;iso&quot;:&quot;100&quot;,&quot;shutter_speed&quot;:&quot;0.0025&quot;,&quot;title&quot;:&quot;&quot;,&quot;orientation&quot;:&quot;1&quot;}\" data-image-title=\"IMG_0934\" data-image-description=\"\" data-image-caption=\"\" data-large-file=\"http:\/\/mos.kamienna-gora.pl\/wp-content\/uploads\/2026\/04\/IMG_0934-1024x683.jpg\" data-id=\"4743\" src=\"http:\/\/mos.kamienna-gora.pl\/wp-content\/uploads\/2026\/04\/IMG_0934-1024x683.jpg\" alt=\"\" class=\"wp-image-4743\" srcset=\"http:\/\/mos.kamienna-gora.pl\/wp-content\/uploads\/2026\/04\/IMG_0934-1024x683.jpg 1024w, http:\/\/mos.kamienna-gora.pl\/wp-content\/uploads\/2026\/04\/IMG_0934-300x200.jpg 300w, http:\/\/mos.kamienna-gora.pl\/wp-content\/uploads\/2026\/04\/IMG_0934-768x512.jpg 768w, http:\/\/mos.kamienna-gora.pl\/wp-content\/uploads\/2026\/04\/IMG_0934-1536x1024.jpg 1536w, http:\/\/mos.kamienna-gora.pl\/wp-content\/uploads\/2026\/04\/IMG_0934-2048x1365.jpg 2048w\" sizes=\"auto, (max-width: 1024px) 100vw, 1024px\" \/><\/figure>\n<\/figure>\n","protected":false},"excerpt":{"rendered":"<p>Dnia 21 kwietnia 2026 roku na orliku przy ulicy Lubawskiej Kamiennej G\u00f3rze odby\u0142 si\u0119 fina\u0142 powiatowy w pi\u0142ce no\u017cnej dziewcz\u0105t&hellip;<\/p>\n","protected":false},"author":1,"featured_media":4739,"comment_status":"open","ping_status":"open","sticky":false,"template":"","format":"standard","meta":{"jetpack_post_was_ever_published":false,"_jetpack_newsletter_access":"","_jetpack_dont_email_post_to_subs":false,"_jetpack_newsletter_tier_id":0,"_jetpack_memberships_contains_paywalled_content":false,"_jetpack_memberships_contains_paid_content":false,"footnotes":""},"categories":[1,7],"tags":[],"class_list":["post-4738","post","type-post","status-publish","format-standard","has-post-thumbnail","hentry","category-wydarzenia","category-zawody-powiatowe"],"jetpack_featured_media_url":"http:\/\/mos.kamienna-gora.pl\/wp-content\/uploads\/2026\/04\/IMG_0875-scaled.jpg","jetpack_sharing_enabled":true,"jetpack_shortlink":"https:\/\/wp.me\/paEJ1v-1eq","jetpack-related-posts":[],"_links":{"self":[{"href":"http:\/\/mos.kamienna-gora.pl\/index.php\/wp-json\/wp\/v2\/posts\/4738","targetHints":{"allow":["GET"]}}],"collection":[{"href":"http:\/\/mos.kamienna-gora.pl\/index.php\/wp-json\/wp\/v2\/posts"}],"about":[{"href":"http:\/\/mos.kamienna-gora.pl\/index.php\/wp-json\/wp\/v2\/types\/post"}],"author":[{"embeddable":true,"href":"http:\/\/mos.kamienna-gora.pl\/index.php\/wp-json\/wp\/v2\/users\/1"}],"replies":[{"embeddable":true,"href":"http:\/\/mos.kamienna-gora.pl\/index.php\/wp-json\/wp\/v2\/comments?post=4738"}],"version-history":[{"count":1,"href":"http:\/\/mos.kamienna-gora.pl\/index.php\/wp-json\/wp\/v2\/posts\/4738\/revisions"}],"predecessor-version":[{"id":4744,"href":"http:\/\/mos.kamienna-gora.pl\/index.php\/wp-json\/wp\/v2\/posts\/4738\/revisions\/4744"}],"wp:featuredmedia":[{"embeddable":true,"href":"http:\/\/mos.kamienna-gora.pl\/index.php\/wp-json\/wp\/v2\/media\/4739"}],"wp:attachment":[{"href":"http:\/\/mos.kamienna-gora.pl\/index.php\/wp-json\/wp\/v2\/media?parent=4738"}],"wp:term":[{"taxonomy":"category","embeddable":true,"href":"http:\/\/mos.kamienna-gora.pl\/index.php\/wp-json\/wp\/v2\/categories?post=4738"},{"taxonomy":"post_tag","embeddable":true,"href":"http:\/\/mos.kamienna-gora.pl\/index.php\/wp-json\/wp\/v2\/tags?post=4738"}],"curies":[{"name":"wp","href":"https:\/\/api.w.org\/{rel}","templated":true}]}}