{"id":4747,"date":"2026-04-27T13:41:32","date_gmt":"2026-04-27T11:41:32","guid":{"rendered":"http:\/\/mos.kamienna-gora.pl\/?p=4747"},"modified":"2026-04-27T13:41:32","modified_gmt":"2026-04-27T11:41:32","slug":"final-strefy-jeleniogorskiej-w-pilce-siatkowej-dziewczat-w-kategorii-3","status":"publish","type":"post","link":"http:\/\/mos.kamienna-gora.pl\/index.php\/2026\/04\/27\/final-strefy-jeleniogorskiej-w-pilce-siatkowej-dziewczat-w-kategorii-3\/","title":{"rendered":"Fina\u0142 Strefy Jeleniog\u00f3rskiej w pi\u0142ce siatkowej dziewcz\u0105t w kategorii &#8221;3&#8221;"},"content":{"rendered":"\n<p>Dnia 27 kwietnia 2026 roku na Hali Sportowej przy Szkole Podstawowej nr 2 w Kamiennej G\u00f3rze odby\u0142 si\u0119 fina\u0142 strefy jeleniog\u00f3rskiej w mini pi\u0142ce siatkowej w kategorii ,,3\u201d dziewcz\u0105t w ramach Igrzysk Dzieci. Zawody toczy\u0142y si\u0119 systemem ka\u017cdy z ka\u017cdym. Mecz do 2 wygranych set\u00f3w do 15 pkt., ewentualny tie-break do punkt\u00f3w 15.<\/p>\n<p>Do rywalizacji przyst\u0105pi\u0142y nast\u0119puj\u0105ce szko\u0142y:<\/p>\n<p>\u00a0<\/p>\n<p>&#8211; Szko\u0142a Podstawowa nr 1 Kamienna G\u00f3ra<\/p>\n<p>&#8211; Szko\u0142a Podstawowa \u00a0Mirsk<\/p>\n<p>&#8211; Szko\u0142a Podstawowa Smolnik<\/p>\n<p>&#8211; Szko\u0142a Podstawowa nr 2 Kamienna G\u00f3ra<\/p>\n<p>&#8211; Szko\u0142a Podstawowa 4 Bogatynia<\/p>\n<p>&#8211; Szko\u0142\u0105 Podstawowa Kra\u015bnik Dolny<\/p>\n<p>&#8211; Szko\u0142a Podstawowa Barcinek<\/p>\n<p>\u00a0<\/p>\n<p>Mini siatk\u00f3wka ,,3\u2019\u2019 dziewcz\u0119ta:<\/p>\n<p>SP 1 Kam. G\u00f3ra \u2013 SP Mirsk\u00a0 \u00a0 1 : 2<\/p>\n<p>SP 2 Kam. G\u00f3ra \u2013 SP Smolnik\u00a0 \u00a02 : 1<\/p>\n<p>SP 4 Bogatynia &#8211;\u00a0 SP Barcinek\u00a0 \u00a0 \u00a02 : 0<\/p>\n<p>SP 1 Kam. G\u00f3ra \u2013 SP Kra\u015bnik Dolny\u00a0 2 : 0<\/p>\n<p>SP 2 Mirsk \u00a0\u2013 SP Smolnik\u00a0 1 : 2<\/p>\n<p>SP 4 Bogatynia \u2013 SP 2 Kam. G\u00f3ra\u00a0 \u00a02 : 1<\/p>\n<p>SP Barcinek \u2013 SP Kra\u015bnik Dolny\u00a0 \u00a02 : 0<\/p>\n<p>SP 1 Kam. G\u00f3ra \u2013 SP Smolnik\u00a0 2 : 1<\/p>\n<p>SP Mirsk \u2013 SP 2 Kam. G\u00f3ra2 : 1<\/p>\n<p>SP 4 Bogatynia \u2013 SP Kra\u015bnik Dolny\u00a0 \u00a0 2 : 1<\/p>\n<p>SP 1 Kam. G\u00f3ra \u2013 SP Barcinek\u00a0 \u00a01 : 2<\/p>\n<p>SP Smolnik \u2013 SP 4 Bogatynia\u00a0 \u00a0 \u00a0 \u00a00 : 2<\/p>\n<p>SP Mirsk \u2013 SP Kra\u015bnik Dolny\u00a0 \u00a0 2 : 0<\/p>\n<p>SP 2 Kam. G\u00f3ra \u2013 SP Barcinek\u00a0 \u00a02 : 1<\/p>\n<p>SP 1 Kam. G\u00f3ra \u2013 SP 4 Bogatynia\u00a0 \u00a01 : 2<\/p>\n<p>SP Smolnik \u2013 SP Kra\u015bnik Dolny\u00a0 2 : 0<\/p>\n<p>SP Mirsk \u2013 SP Barcinek\u00a0 0 : 2<\/p>\n<p>SP 1 Kam. G\u00f3ra \u2013 SP 2 Kam. G\u00f3ra 0 : 2<\/p>\n<p>SP Mirsk \u2013 SP 4 Bogatynia\u00a0 0 : 2<\/p>\n<p>SP Smolnik \u2013 SP 4 Barcinek\u00a0 \u00a01 : 2<\/p>\n<p>SP 2 Kam. G\u00f3ra \u2013 SP Kra\u015bnik Dolny\u00a0 2 : 0<\/p>\n<p>\u00a0<\/p>\n<p>Kolejno\u015b\u0107 ko\u0144cowa:<\/p>\n<ol>\n<li><strong>Szko\u0142a Podstawowa <\/strong><strong>nr 4 Bogatynia<\/strong><\/li>\n<li>Szko\u0142a Podstawowa 2 Kamienna G\u00f3ra<\/li>\n<li>Szko\u0142\u0105 Podstawowa Barcinek<\/li>\n<li>Szko\u0142a Podstawowa Smolnik<\/li>\n<li>Szko\u0142a Podstawowa nr 1 Kamienna G\u00f3ra<\/li>\n<li>Szko\u0142a Podstawowa Mirsk<\/li>\n<li>Szko\u0142a Podstawowa Kra\u015bnik Dolny<\/li>\n<\/ol>\n<p><strong>SP 2 Kamienna G\u00f3ra:<\/strong><\/p>\n<p>Krajewska Maja, \u0141oza Martyna, Mordarska Barbara, Pogwizd Nadia, Sobieszkoda Oliwia, Wyszy\u0144ska Wiktoria, Yelizarowa Anhelina, opiekun &#8211; Daniel Gontko<\/p>\n<p><strong>SP 1 Kamienna G\u00f3ra:<\/strong><\/p>\n<p>Kolar Weronika, Lis Oliwia, Nejwewr Inez, Pastor Viktoria, Reszczy\u0144ska Laura, Skupi\u0144ska Justyna, Surmaj Larysa, \u015aliczy\u0144ska Nikola, Wojtkiewicz Anna, opiekun &#8211; Marta Malich<\/p>\n\n\n\n<figure class=\"wp-block-gallery has-nested-images columns-default is-cropped wp-block-gallery-1 is-layout-flex wp-block-gallery-is-layout-flex\">\n<figure class=\"wp-block-image size-large\"><img loading=\"lazy\" decoding=\"async\" width=\"1024\" height=\"683\" data-attachment-id=\"4748\" data-permalink=\"http:\/\/mos.kamienna-gora.pl\/index.php\/2026\/04\/27\/final-strefy-jeleniogorskiej-w-pilce-siatkowej-dziewczat-w-kategorii-3\/img_0938\/\" data-orig-file=\"http:\/\/mos.kamienna-gora.pl\/wp-content\/uploads\/2026\/04\/IMG_0938-scaled.jpg\" data-orig-size=\"2560,1707\" data-comments-opened=\"1\" data-image-meta=\"{&quot;aperture&quot;:&quot;3.5&quot;,&quot;credit&quot;:&quot;&quot;,&quot;camera&quot;:&quot;Canon EOS 4000D&quot;,&quot;caption&quot;:&quot;&quot;,&quot;created_timestamp&quot;:&quot;1777283097&quot;,&quot;copyright&quot;:&quot;&quot;,&quot;focal_length&quot;:&quot;18&quot;,&quot;iso&quot;:&quot;640&quot;,&quot;shutter_speed&quot;:&quot;0.003125&quot;,&quot;title&quot;:&quot;&quot;,&quot;orientation&quot;:&quot;1&quot;}\" data-image-title=\"IMG_0938\" data-image-description=\"\" data-image-caption=\"\" data-large-file=\"http:\/\/mos.kamienna-gora.pl\/wp-content\/uploads\/2026\/04\/IMG_0938-1024x683.jpg\" data-id=\"4748\" src=\"http:\/\/mos.kamienna-gora.pl\/wp-content\/uploads\/2026\/04\/IMG_0938-1024x683.jpg\" alt=\"\" class=\"wp-image-4748\" srcset=\"http:\/\/mos.kamienna-gora.pl\/wp-content\/uploads\/2026\/04\/IMG_0938-1024x683.jpg 1024w, http:\/\/mos.kamienna-gora.pl\/wp-content\/uploads\/2026\/04\/IMG_0938-300x200.jpg 300w, http:\/\/mos.kamienna-gora.pl\/wp-content\/uploads\/2026\/04\/IMG_0938-768x512.jpg 768w, http:\/\/mos.kamienna-gora.pl\/wp-content\/uploads\/2026\/04\/IMG_0938-1536x1024.jpg 1536w, http:\/\/mos.kamienna-gora.pl\/wp-content\/uploads\/2026\/04\/IMG_0938-2048x1365.jpg 2048w\" sizes=\"auto, (max-width: 1024px) 100vw, 1024px\" \/><\/figure>\n<\/figure>\n\n\n\n<figure class=\"wp-block-gallery has-nested-images columns-default is-cropped wp-block-gallery-2 is-layout-flex wp-block-gallery-is-layout-flex\">\n<figure class=\"wp-block-image size-large\"><img loading=\"lazy\" decoding=\"async\" width=\"1024\" height=\"683\" data-attachment-id=\"4749\" data-permalink=\"http:\/\/mos.kamienna-gora.pl\/index.php\/2026\/04\/27\/final-strefy-jeleniogorskiej-w-pilce-siatkowej-dziewczat-w-kategorii-3\/img_0941\/\" data-orig-file=\"http:\/\/mos.kamienna-gora.pl\/wp-content\/uploads\/2026\/04\/IMG_0941-scaled.jpg\" data-orig-size=\"2560,1707\" data-comments-opened=\"1\" data-image-meta=\"{&quot;aperture&quot;:&quot;4&quot;,&quot;credit&quot;:&quot;&quot;,&quot;camera&quot;:&quot;Canon EOS 4000D&quot;,&quot;caption&quot;:&quot;&quot;,&quot;created_timestamp&quot;:&quot;1777283638&quot;,&quot;copyright&quot;:&quot;&quot;,&quot;focal_length&quot;:&quot;24&quot;,&quot;iso&quot;:&quot;800&quot;,&quot;shutter_speed&quot;:&quot;0.003125&quot;,&quot;title&quot;:&quot;&quot;,&quot;orientation&quot;:&quot;1&quot;}\" data-image-title=\"IMG_0941\" data-image-description=\"\" data-image-caption=\"\" data-large-file=\"http:\/\/mos.kamienna-gora.pl\/wp-content\/uploads\/2026\/04\/IMG_0941-1024x683.jpg\" data-id=\"4749\" src=\"http:\/\/mos.kamienna-gora.pl\/wp-content\/uploads\/2026\/04\/IMG_0941-1024x683.jpg\" alt=\"\" class=\"wp-image-4749\" srcset=\"http:\/\/mos.kamienna-gora.pl\/wp-content\/uploads\/2026\/04\/IMG_0941-1024x683.jpg 1024w, http:\/\/mos.kamienna-gora.pl\/wp-content\/uploads\/2026\/04\/IMG_0941-300x200.jpg 300w, http:\/\/mos.kamienna-gora.pl\/wp-content\/uploads\/2026\/04\/IMG_0941-768x512.jpg 768w, http:\/\/mos.kamienna-gora.pl\/wp-content\/uploads\/2026\/04\/IMG_0941-1536x1024.jpg 1536w, http:\/\/mos.kamienna-gora.pl\/wp-content\/uploads\/2026\/04\/IMG_0941-2048x1365.jpg 2048w\" sizes=\"auto, (max-width: 1024px) 100vw, 1024px\" \/><\/figure>\n<\/figure>\n\n\n\n<figure class=\"wp-block-gallery has-nested-images columns-default is-cropped wp-block-gallery-3 is-layout-flex wp-block-gallery-is-layout-flex\">\n<figure class=\"wp-block-image size-large\"><img loading=\"lazy\" decoding=\"async\" width=\"1024\" height=\"683\" data-attachment-id=\"4750\" data-permalink=\"http:\/\/mos.kamienna-gora.pl\/index.php\/2026\/04\/27\/final-strefy-jeleniogorskiej-w-pilce-siatkowej-dziewczat-w-kategorii-3\/img_0947\/\" data-orig-file=\"http:\/\/mos.kamienna-gora.pl\/wp-content\/uploads\/2026\/04\/IMG_0947-scaled.jpg\" data-orig-size=\"2560,1707\" data-comments-opened=\"1\" data-image-meta=\"{&quot;aperture&quot;:&quot;4.5&quot;,&quot;credit&quot;:&quot;&quot;,&quot;camera&quot;:&quot;Canon EOS 4000D&quot;,&quot;caption&quot;:&quot;&quot;,&quot;created_timestamp&quot;:&quot;1777283811&quot;,&quot;copyright&quot;:&quot;&quot;,&quot;focal_length&quot;:&quot;34&quot;,&quot;iso&quot;:&quot;2000&quot;,&quot;shutter_speed&quot;:&quot;0.002&quot;,&quot;title&quot;:&quot;&quot;,&quot;orientation&quot;:&quot;1&quot;}\" data-image-title=\"IMG_0947\" data-image-description=\"\" data-image-caption=\"\" data-large-file=\"http:\/\/mos.kamienna-gora.pl\/wp-content\/uploads\/2026\/04\/IMG_0947-1024x683.jpg\" data-id=\"4750\" src=\"http:\/\/mos.kamienna-gora.pl\/wp-content\/uploads\/2026\/04\/IMG_0947-1024x683.jpg\" alt=\"\" class=\"wp-image-4750\" srcset=\"http:\/\/mos.kamienna-gora.pl\/wp-content\/uploads\/2026\/04\/IMG_0947-1024x683.jpg 1024w, http:\/\/mos.kamienna-gora.pl\/wp-content\/uploads\/2026\/04\/IMG_0947-300x200.jpg 300w, http:\/\/mos.kamienna-gora.pl\/wp-content\/uploads\/2026\/04\/IMG_0947-768x512.jpg 768w, http:\/\/mos.kamienna-gora.pl\/wp-content\/uploads\/2026\/04\/IMG_0947-1536x1024.jpg 1536w, http:\/\/mos.kamienna-gora.pl\/wp-content\/uploads\/2026\/04\/IMG_0947-2048x1365.jpg 2048w\" sizes=\"auto, (max-width: 1024px) 100vw, 1024px\" \/><\/figure>\n<\/figure>\n\n\n\n<figure class=\"wp-block-gallery has-nested-images columns-default is-cropped wp-block-gallery-4 is-layout-flex wp-block-gallery-is-layout-flex\">\n<figure class=\"wp-block-image size-large\"><img loading=\"lazy\" decoding=\"async\" width=\"1024\" height=\"683\" data-attachment-id=\"4751\" data-permalink=\"http:\/\/mos.kamienna-gora.pl\/index.php\/2026\/04\/27\/final-strefy-jeleniogorskiej-w-pilce-siatkowej-dziewczat-w-kategorii-3\/img_0977\/\" data-orig-file=\"http:\/\/mos.kamienna-gora.pl\/wp-content\/uploads\/2026\/04\/IMG_0977-scaled.jpg\" data-orig-size=\"2560,1707\" data-comments-opened=\"1\" data-image-meta=\"{&quot;aperture&quot;:&quot;4.5&quot;,&quot;credit&quot;:&quot;&quot;,&quot;camera&quot;:&quot;Canon EOS 4000D&quot;,&quot;caption&quot;:&quot;&quot;,&quot;created_timestamp&quot;:&quot;1777290827&quot;,&quot;copyright&quot;:&quot;&quot;,&quot;focal_length&quot;:&quot;32&quot;,&quot;iso&quot;:&quot;2500&quot;,&quot;shutter_speed&quot;:&quot;0.002&quot;,&quot;title&quot;:&quot;&quot;,&quot;orientation&quot;:&quot;1&quot;}\" data-image-title=\"IMG_0977\" data-image-description=\"\" data-image-caption=\"\" data-large-file=\"http:\/\/mos.kamienna-gora.pl\/wp-content\/uploads\/2026\/04\/IMG_0977-1024x683.jpg\" data-id=\"4751\" src=\"http:\/\/mos.kamienna-gora.pl\/wp-content\/uploads\/2026\/04\/IMG_0977-1024x683.jpg\" alt=\"\" class=\"wp-image-4751\" srcset=\"http:\/\/mos.kamienna-gora.pl\/wp-content\/uploads\/2026\/04\/IMG_0977-1024x683.jpg 1024w, http:\/\/mos.kamienna-gora.pl\/wp-content\/uploads\/2026\/04\/IMG_0977-300x200.jpg 300w, http:\/\/mos.kamienna-gora.pl\/wp-content\/uploads\/2026\/04\/IMG_0977-768x512.jpg 768w, http:\/\/mos.kamienna-gora.pl\/wp-content\/uploads\/2026\/04\/IMG_0977-1536x1024.jpg 1536w, http:\/\/mos.kamienna-gora.pl\/wp-content\/uploads\/2026\/04\/IMG_0977-2048x1365.jpg 2048w\" sizes=\"auto, (max-width: 1024px) 100vw, 1024px\" \/><\/figure>\n<\/figure>\n\n\n\n<figure class=\"wp-block-gallery has-nested-images columns-default is-cropped wp-block-gallery-5 is-layout-flex wp-block-gallery-is-layout-flex\">\n<figure class=\"wp-block-image size-large\"><img loading=\"lazy\" decoding=\"async\" width=\"1024\" height=\"683\" data-attachment-id=\"4752\" data-permalink=\"http:\/\/mos.kamienna-gora.pl\/index.php\/2026\/04\/27\/final-strefy-jeleniogorskiej-w-pilce-siatkowej-dziewczat-w-kategorii-3\/img_0981\/\" data-orig-file=\"http:\/\/mos.kamienna-gora.pl\/wp-content\/uploads\/2026\/04\/IMG_0981-scaled.jpg\" data-orig-size=\"2560,1707\" data-comments-opened=\"1\" data-image-meta=\"{&quot;aperture&quot;:&quot;4&quot;,&quot;credit&quot;:&quot;&quot;,&quot;camera&quot;:&quot;Canon EOS 4000D&quot;,&quot;caption&quot;:&quot;&quot;,&quot;created_timestamp&quot;:&quot;1777291673&quot;,&quot;copyright&quot;:&quot;&quot;,&quot;focal_length&quot;:&quot;24&quot;,&quot;iso&quot;:&quot;800&quot;,&quot;shutter_speed&quot;:&quot;0.003125&quot;,&quot;title&quot;:&quot;&quot;,&quot;orientation&quot;:&quot;1&quot;}\" data-image-title=\"IMG_0981\" data-image-description=\"\" data-image-caption=\"\" data-large-file=\"http:\/\/mos.kamienna-gora.pl\/wp-content\/uploads\/2026\/04\/IMG_0981-1024x683.jpg\" data-id=\"4752\" src=\"http:\/\/mos.kamienna-gora.pl\/wp-content\/uploads\/2026\/04\/IMG_0981-1024x683.jpg\" alt=\"\" class=\"wp-image-4752\" srcset=\"http:\/\/mos.kamienna-gora.pl\/wp-content\/uploads\/2026\/04\/IMG_0981-1024x683.jpg 1024w, http:\/\/mos.kamienna-gora.pl\/wp-content\/uploads\/2026\/04\/IMG_0981-300x200.jpg 300w, http:\/\/mos.kamienna-gora.pl\/wp-content\/uploads\/2026\/04\/IMG_0981-768x512.jpg 768w, http:\/\/mos.kamienna-gora.pl\/wp-content\/uploads\/2026\/04\/IMG_0981-1536x1024.jpg 1536w, http:\/\/mos.kamienna-gora.pl\/wp-content\/uploads\/2026\/04\/IMG_0981-2048x1365.jpg 2048w\" sizes=\"auto, (max-width: 1024px) 100vw, 1024px\" \/><\/figure>\n<\/figure>\n\n\n\n<figure class=\"wp-block-gallery has-nested-images columns-default is-cropped wp-block-gallery-6 is-layout-flex wp-block-gallery-is-layout-flex\">\n<figure class=\"wp-block-image size-large\"><img loading=\"lazy\" decoding=\"async\" width=\"1024\" height=\"683\" data-attachment-id=\"4753\" data-permalink=\"http:\/\/mos.kamienna-gora.pl\/index.php\/2026\/04\/27\/final-strefy-jeleniogorskiej-w-pilce-siatkowej-dziewczat-w-kategorii-3\/img_1000\/\" data-orig-file=\"http:\/\/mos.kamienna-gora.pl\/wp-content\/uploads\/2026\/04\/IMG_1000-scaled.jpg\" data-orig-size=\"2560,1707\" data-comments-opened=\"1\" data-image-meta=\"{&quot;aperture&quot;:&quot;4&quot;,&quot;credit&quot;:&quot;&quot;,&quot;camera&quot;:&quot;Canon EOS 4000D&quot;,&quot;caption&quot;:&quot;&quot;,&quot;created_timestamp&quot;:&quot;1777295279&quot;,&quot;copyright&quot;:&quot;&quot;,&quot;focal_length&quot;:&quot;25&quot;,&quot;iso&quot;:&quot;1250&quot;,&quot;shutter_speed&quot;:&quot;0.003125&quot;,&quot;title&quot;:&quot;&quot;,&quot;orientation&quot;:&quot;1&quot;}\" data-image-title=\"IMG_1000\" data-image-description=\"\" data-image-caption=\"\" data-large-file=\"http:\/\/mos.kamienna-gora.pl\/wp-content\/uploads\/2026\/04\/IMG_1000-1024x683.jpg\" data-id=\"4753\" src=\"http:\/\/mos.kamienna-gora.pl\/wp-content\/uploads\/2026\/04\/IMG_1000-1024x683.jpg\" alt=\"\" class=\"wp-image-4753\" srcset=\"http:\/\/mos.kamienna-gora.pl\/wp-content\/uploads\/2026\/04\/IMG_1000-1024x683.jpg 1024w, http:\/\/mos.kamienna-gora.pl\/wp-content\/uploads\/2026\/04\/IMG_1000-300x200.jpg 300w, http:\/\/mos.kamienna-gora.pl\/wp-content\/uploads\/2026\/04\/IMG_1000-768x512.jpg 768w, http:\/\/mos.kamienna-gora.pl\/wp-content\/uploads\/2026\/04\/IMG_1000-1536x1024.jpg 1536w, http:\/\/mos.kamienna-gora.pl\/wp-content\/uploads\/2026\/04\/IMG_1000-2048x1365.jpg 2048w\" sizes=\"auto, (max-width: 1024px) 100vw, 1024px\" \/><\/figure>\n<\/figure>\n","protected":false},"excerpt":{"rendered":"<p>Dnia 27 kwietnia 2026 roku na Hali Sportowej przy Szkole Podstawowej nr 2 w Kamiennej G\u00f3rze odby\u0142 si\u0119 fina\u0142 strefy&hellip;<\/p>\n","protected":false},"author":1,"featured_media":4753,"comment_status":"open","ping_status":"open","sticky":false,"template":"","format":"standard","meta":{"jetpack_post_was_ever_published":false,"_jetpack_newsletter_access":"","_jetpack_dont_email_post_to_subs":false,"_jetpack_newsletter_tier_id":0,"_jetpack_memberships_contains_paywalled_content":false,"_jetpack_memberships_contains_paid_content":false,"footnotes":""},"categories":[1,8],"tags":[],"class_list":["post-4747","post","type-post","status-publish","format-standard","has-post-thumbnail","hentry","category-wydarzenia","category-zawody-strefowe"],"jetpack_featured_media_url":"http:\/\/mos.kamienna-gora.pl\/wp-content\/uploads\/2026\/04\/IMG_1000-scaled.jpg","jetpack_sharing_enabled":true,"jetpack_shortlink":"https:\/\/wp.me\/paEJ1v-1ez","jetpack-related-posts":[],"_links":{"self":[{"href":"http:\/\/mos.kamienna-gora.pl\/index.php\/wp-json\/wp\/v2\/posts\/4747","targetHints":{"allow":["GET"]}}],"collection":[{"href":"http:\/\/mos.kamienna-gora.pl\/index.php\/wp-json\/wp\/v2\/posts"}],"about":[{"href":"http:\/\/mos.kamienna-gora.pl\/index.php\/wp-json\/wp\/v2\/types\/post"}],"author":[{"embeddable":true,"href":"http:\/\/mos.kamienna-gora.pl\/index.php\/wp-json\/wp\/v2\/users\/1"}],"replies":[{"embeddable":true,"href":"http:\/\/mos.kamienna-gora.pl\/index.php\/wp-json\/wp\/v2\/comments?post=4747"}],"version-history":[{"count":1,"href":"http:\/\/mos.kamienna-gora.pl\/index.php\/wp-json\/wp\/v2\/posts\/4747\/revisions"}],"predecessor-version":[{"id":4754,"href":"http:\/\/mos.kamienna-gora.pl\/index.php\/wp-json\/wp\/v2\/posts\/4747\/revisions\/4754"}],"wp:featuredmedia":[{"embeddable":true,"href":"http:\/\/mos.kamienna-gora.pl\/index.php\/wp-json\/wp\/v2\/media\/4753"}],"wp:attachment":[{"href":"http:\/\/mos.kamienna-gora.pl\/index.php\/wp-json\/wp\/v2\/media?parent=4747"}],"wp:term":[{"taxonomy":"category","embeddable":true,"href":"http:\/\/mos.kamienna-gora.pl\/index.php\/wp-json\/wp\/v2\/categories?post=4747"},{"taxonomy":"post_tag","embeddable":true,"href":"http:\/\/mos.kamienna-gora.pl\/index.php\/wp-json\/wp\/v2\/tags?post=4747"}],"curies":[{"name":"wp","href":"https:\/\/api.w.org\/{rel}","templated":true}]}}