{"id":475,"date":"2019-04-08T21:28:23","date_gmt":"2019-04-08T19:28:23","guid":{"rendered":"http:\/\/mos.kamienna-gora.pl\/?p=475"},"modified":"2019-04-08T21:28:26","modified_gmt":"2019-04-08T19:28:26","slug":"mundurowi-na-boisku","status":"publish","type":"post","link":"http:\/\/mos.kamienna-gora.pl\/index.php\/2019\/04\/08\/mundurowi-na-boisku\/","title":{"rendered":"Mundurowi na boisku"},"content":{"rendered":"\n<p>\u00a0<\/p>\n<p>\u00a0<\/p>\n<p>W dniu 08.04.2019 roku\u00a0 Mi\u0119dzyszkolny O\u015brodek Sportowy w Kamiennej G\u00f3rze by\u0142 organizatorem I Mistrzostw Klas Mundurowych Zespo\u0142u Szk\u00f3\u0142 Zawodowych i Og\u00f3lnokszta\u0142c\u0105cych w Halowej Pi\u0142ce No\u017cnej o Puchar Starosty Powiatu Kamiennog\u00f3rskiego. W zawodach wzi\u0119\u0142y udzia\u0142 cztery dru\u017cyny: Klasa I A, klasa I A, klasa III A, oraz klasa IV A. Wszystkie te klasy to klasy o profilu Mundurowym. W zawodach zwyci\u0119stwo uzyska\u0142a klasa I A.<\/p>\n<p>Wyniki poszczeg\u00f3lnych spotka\u0144:<\/p>\n<ol>\n<li>Klasa I A \u2013 Klasa III A 3-1<\/li>\n<li>Klasa II A \u2013 Klasa IV A 0-2<\/li>\n<li>Klasa III A \u2013 Klasa II A 4-1<\/li>\n<li>Klasa IV A \u2013 Klasa I A 1-1<\/li>\n<li>Klasa III A \u2013 Klasa IV A 2-1<\/li>\n<li>Klasa I A \u2013 Klasa II A 5-1<\/li>\n<\/ol>\n<p><strong>Kolejno\u015b\u0107 ko\u0144cowa:<\/strong><\/p>\n<ol>\n<li><strong> Klasa I A ZSZ i O Kamienna G\u00f3ra<\/strong><\/li>\n<li><strong> Klasa III A ZSZ i O Kamienna G\u00f3ra<\/strong><\/li>\n<li><strong> Klasa IV A ZSZ i O Kamienna G\u00f3ra<\/strong><\/li>\n<li><strong> Klasa II A ZSZ i O Kamienna G\u00f3ra <\/strong><\/li>\n<\/ol>\n\n\n\n<figure class=\"wp-block-image\"><img loading=\"lazy\" decoding=\"async\" width=\"1024\" height=\"768\" data-attachment-id=\"476\" data-permalink=\"http:\/\/mos.kamienna-gora.pl\/index.php\/2019\/04\/08\/mundurowi-na-boisku\/4d968a80-999c-42c6-ab70-9ab2c5586ab0\/\" data-orig-file=\"http:\/\/mos.kamienna-gora.pl\/wp-content\/uploads\/2019\/04\/4D968A80-999C-42C6-AB70-9AB2C5586AB0.jpeg\" data-orig-size=\"4032,3024\" data-comments-opened=\"1\" data-image-meta=\"{&quot;aperture&quot;:&quot;0&quot;,&quot;credit&quot;:&quot;&quot;,&quot;camera&quot;:&quot;&quot;,&quot;caption&quot;:&quot;&quot;,&quot;created_timestamp&quot;:&quot;0&quot;,&quot;copyright&quot;:&quot;&quot;,&quot;focal_length&quot;:&quot;0&quot;,&quot;iso&quot;:&quot;0&quot;,&quot;shutter_speed&quot;:&quot;0&quot;,&quot;title&quot;:&quot;&quot;,&quot;orientation&quot;:&quot;1&quot;}\" data-image-title=\"4D968A80-999C-42C6-AB70-9AB2C5586AB0\" data-image-description=\"\" data-image-caption=\"\" data-large-file=\"http:\/\/mos.kamienna-gora.pl\/wp-content\/uploads\/2019\/04\/4D968A80-999C-42C6-AB70-9AB2C5586AB0-1024x768.jpeg\" src=\"http:\/\/mos.kamienna-gora.pl\/wp-content\/uploads\/2019\/04\/4D968A80-999C-42C6-AB70-9AB2C5586AB0-1024x768.jpeg\" alt=\"\" class=\"wp-image-476\" srcset=\"http:\/\/mos.kamienna-gora.pl\/wp-content\/uploads\/2019\/04\/4D968A80-999C-42C6-AB70-9AB2C5586AB0-1024x768.jpeg 1024w, http:\/\/mos.kamienna-gora.pl\/wp-content\/uploads\/2019\/04\/4D968A80-999C-42C6-AB70-9AB2C5586AB0-300x225.jpeg 300w, http:\/\/mos.kamienna-gora.pl\/wp-content\/uploads\/2019\/04\/4D968A80-999C-42C6-AB70-9AB2C5586AB0-768x576.jpeg 768w, http:\/\/mos.kamienna-gora.pl\/wp-content\/uploads\/2019\/04\/4D968A80-999C-42C6-AB70-9AB2C5586AB0-160x120.jpeg 160w\" sizes=\"auto, (max-width: 1024px) 100vw, 1024px\" \/><\/figure>\n\n\n\n<figure class=\"wp-block-image\"><img loading=\"lazy\" decoding=\"async\" width=\"1024\" height=\"768\" data-attachment-id=\"477\" data-permalink=\"http:\/\/mos.kamienna-gora.pl\/index.php\/2019\/04\/08\/mundurowi-na-boisku\/5501598d-6e23-4c39-9893-5c2362912435\/\" data-orig-file=\"http:\/\/mos.kamienna-gora.pl\/wp-content\/uploads\/2019\/04\/5501598D-6E23-4C39-9893-5C2362912435.jpeg\" data-orig-size=\"4032,3024\" data-comments-opened=\"1\" data-image-meta=\"{&quot;aperture&quot;:&quot;0&quot;,&quot;credit&quot;:&quot;&quot;,&quot;camera&quot;:&quot;&quot;,&quot;caption&quot;:&quot;&quot;,&quot;created_timestamp&quot;:&quot;0&quot;,&quot;copyright&quot;:&quot;&quot;,&quot;focal_length&quot;:&quot;0&quot;,&quot;iso&quot;:&quot;0&quot;,&quot;shutter_speed&quot;:&quot;0&quot;,&quot;title&quot;:&quot;&quot;,&quot;orientation&quot;:&quot;1&quot;}\" data-image-title=\"5501598D-6E23-4C39-9893-5C2362912435\" data-image-description=\"\" data-image-caption=\"\" data-large-file=\"http:\/\/mos.kamienna-gora.pl\/wp-content\/uploads\/2019\/04\/5501598D-6E23-4C39-9893-5C2362912435-1024x768.jpeg\" src=\"http:\/\/mos.kamienna-gora.pl\/wp-content\/uploads\/2019\/04\/5501598D-6E23-4C39-9893-5C2362912435-1024x768.jpeg\" alt=\"\" class=\"wp-image-477\" srcset=\"http:\/\/mos.kamienna-gora.pl\/wp-content\/uploads\/2019\/04\/5501598D-6E23-4C39-9893-5C2362912435-1024x768.jpeg 1024w, http:\/\/mos.kamienna-gora.pl\/wp-content\/uploads\/2019\/04\/5501598D-6E23-4C39-9893-5C2362912435-300x225.jpeg 300w, http:\/\/mos.kamienna-gora.pl\/wp-content\/uploads\/2019\/04\/5501598D-6E23-4C39-9893-5C2362912435-768x576.jpeg 768w, http:\/\/mos.kamienna-gora.pl\/wp-content\/uploads\/2019\/04\/5501598D-6E23-4C39-9893-5C2362912435-160x120.jpeg 160w\" sizes=\"auto, (max-width: 1024px) 100vw, 1024px\" \/><\/figure>\n\n\n\n<figure class=\"wp-block-image\"><img loading=\"lazy\" decoding=\"async\" width=\"1024\" height=\"768\" data-attachment-id=\"478\" data-permalink=\"http:\/\/mos.kamienna-gora.pl\/index.php\/2019\/04\/08\/mundurowi-na-boisku\/91790626-8ed8-485f-b61f-76423c52e6e5\/\" data-orig-file=\"http:\/\/mos.kamienna-gora.pl\/wp-content\/uploads\/2019\/04\/91790626-8ED8-485F-B61F-76423C52E6E5.jpeg\" data-orig-size=\"4032,3024\" data-comments-opened=\"1\" data-image-meta=\"{&quot;aperture&quot;:&quot;0&quot;,&quot;credit&quot;:&quot;&quot;,&quot;camera&quot;:&quot;&quot;,&quot;caption&quot;:&quot;&quot;,&quot;created_timestamp&quot;:&quot;0&quot;,&quot;copyright&quot;:&quot;&quot;,&quot;focal_length&quot;:&quot;0&quot;,&quot;iso&quot;:&quot;0&quot;,&quot;shutter_speed&quot;:&quot;0&quot;,&quot;title&quot;:&quot;&quot;,&quot;orientation&quot;:&quot;1&quot;}\" data-image-title=\"91790626-8ED8-485F-B61F-76423C52E6E5\" data-image-description=\"\" data-image-caption=\"\" data-large-file=\"http:\/\/mos.kamienna-gora.pl\/wp-content\/uploads\/2019\/04\/91790626-8ED8-485F-B61F-76423C52E6E5-1024x768.jpeg\" src=\"http:\/\/mos.kamienna-gora.pl\/wp-content\/uploads\/2019\/04\/91790626-8ED8-485F-B61F-76423C52E6E5-1024x768.jpeg\" alt=\"\" class=\"wp-image-478\" srcset=\"http:\/\/mos.kamienna-gora.pl\/wp-content\/uploads\/2019\/04\/91790626-8ED8-485F-B61F-76423C52E6E5-1024x768.jpeg 1024w, http:\/\/mos.kamienna-gora.pl\/wp-content\/uploads\/2019\/04\/91790626-8ED8-485F-B61F-76423C52E6E5-300x225.jpeg 300w, http:\/\/mos.kamienna-gora.pl\/wp-content\/uploads\/2019\/04\/91790626-8ED8-485F-B61F-76423C52E6E5-768x576.jpeg 768w, http:\/\/mos.kamienna-gora.pl\/wp-content\/uploads\/2019\/04\/91790626-8ED8-485F-B61F-76423C52E6E5-160x120.jpeg 160w\" sizes=\"auto, (max-width: 1024px) 100vw, 1024px\" \/><\/figure>\n\n\n\n<figure class=\"wp-block-image\"><img loading=\"lazy\" decoding=\"async\" width=\"1024\" height=\"768\" data-attachment-id=\"479\" data-permalink=\"http:\/\/mos.kamienna-gora.pl\/index.php\/2019\/04\/08\/mundurowi-na-boisku\/7b858c20-6bd2-4c9c-95fd-bd278ac86cfa\/\" data-orig-file=\"http:\/\/mos.kamienna-gora.pl\/wp-content\/uploads\/2019\/04\/7B858C20-6BD2-4C9C-95FD-BD278AC86CFA.jpeg\" data-orig-size=\"4032,3024\" data-comments-opened=\"1\" data-image-meta=\"{&quot;aperture&quot;:&quot;0&quot;,&quot;credit&quot;:&quot;&quot;,&quot;camera&quot;:&quot;&quot;,&quot;caption&quot;:&quot;&quot;,&quot;created_timestamp&quot;:&quot;0&quot;,&quot;copyright&quot;:&quot;&quot;,&quot;focal_length&quot;:&quot;0&quot;,&quot;iso&quot;:&quot;0&quot;,&quot;shutter_speed&quot;:&quot;0&quot;,&quot;title&quot;:&quot;&quot;,&quot;orientation&quot;:&quot;1&quot;}\" data-image-title=\"7B858C20-6BD2-4C9C-95FD-BD278AC86CFA\" data-image-description=\"\" data-image-caption=\"\" data-large-file=\"http:\/\/mos.kamienna-gora.pl\/wp-content\/uploads\/2019\/04\/7B858C20-6BD2-4C9C-95FD-BD278AC86CFA-1024x768.jpeg\" src=\"http:\/\/mos.kamienna-gora.pl\/wp-content\/uploads\/2019\/04\/7B858C20-6BD2-4C9C-95FD-BD278AC86CFA-1024x768.jpeg\" alt=\"\" class=\"wp-image-479\" srcset=\"http:\/\/mos.kamienna-gora.pl\/wp-content\/uploads\/2019\/04\/7B858C20-6BD2-4C9C-95FD-BD278AC86CFA-1024x768.jpeg 1024w, http:\/\/mos.kamienna-gora.pl\/wp-content\/uploads\/2019\/04\/7B858C20-6BD2-4C9C-95FD-BD278AC86CFA-300x225.jpeg 300w, http:\/\/mos.kamienna-gora.pl\/wp-content\/uploads\/2019\/04\/7B858C20-6BD2-4C9C-95FD-BD278AC86CFA-768x576.jpeg 768w, http:\/\/mos.kamienna-gora.pl\/wp-content\/uploads\/2019\/04\/7B858C20-6BD2-4C9C-95FD-BD278AC86CFA-160x120.jpeg 160w\" sizes=\"auto, (max-width: 1024px) 100vw, 1024px\" \/><\/figure>\n","protected":false},"excerpt":{"rendered":"<p>\u00a0 \u00a0 W dniu 08.04.2019 roku\u00a0 Mi\u0119dzyszkolny O\u015brodek Sportowy w Kamiennej G\u00f3rze by\u0142 organizatorem I Mistrzostw Klas Mundurowych Zespo\u0142u Szk\u00f3\u0142&hellip;<\/p>\n","protected":false},"author":1,"featured_media":479,"comment_status":"open","ping_status":"open","sticky":false,"template":"","format":"standard","meta":{"jetpack_post_was_ever_published":false,"_jetpack_newsletter_access":"","_jetpack_dont_email_post_to_subs":false,"_jetpack_newsletter_tier_id":0,"_jetpack_memberships_contains_paywalled_content":false,"_jetpack_memberships_contains_paid_content":false,"footnotes":""},"categories":[1],"tags":[],"class_list":["post-475","post","type-post","status-publish","format-standard","has-post-thumbnail","hentry","category-wydarzenia"],"jetpack_featured_media_url":"http:\/\/mos.kamienna-gora.pl\/wp-content\/uploads\/2019\/04\/7B858C20-6BD2-4C9C-95FD-BD278AC86CFA.jpeg","jetpack_sharing_enabled":true,"jetpack_shortlink":"https:\/\/wp.me\/paEJ1v-7F","jetpack-related-posts":[],"_links":{"self":[{"href":"http:\/\/mos.kamienna-gora.pl\/index.php\/wp-json\/wp\/v2\/posts\/475","targetHints":{"allow":["GET"]}}],"collection":[{"href":"http:\/\/mos.kamienna-gora.pl\/index.php\/wp-json\/wp\/v2\/posts"}],"about":[{"href":"http:\/\/mos.kamienna-gora.pl\/index.php\/wp-json\/wp\/v2\/types\/post"}],"author":[{"embeddable":true,"href":"http:\/\/mos.kamienna-gora.pl\/index.php\/wp-json\/wp\/v2\/users\/1"}],"replies":[{"embeddable":true,"href":"http:\/\/mos.kamienna-gora.pl\/index.php\/wp-json\/wp\/v2\/comments?post=475"}],"version-history":[{"count":2,"href":"http:\/\/mos.kamienna-gora.pl\/index.php\/wp-json\/wp\/v2\/posts\/475\/revisions"}],"predecessor-version":[{"id":495,"href":"http:\/\/mos.kamienna-gora.pl\/index.php\/wp-json\/wp\/v2\/posts\/475\/revisions\/495"}],"wp:featuredmedia":[{"embeddable":true,"href":"http:\/\/mos.kamienna-gora.pl\/index.php\/wp-json\/wp\/v2\/media\/479"}],"wp:attachment":[{"href":"http:\/\/mos.kamienna-gora.pl\/index.php\/wp-json\/wp\/v2\/media?parent=475"}],"wp:term":[{"taxonomy":"category","embeddable":true,"href":"http:\/\/mos.kamienna-gora.pl\/index.php\/wp-json\/wp\/v2\/categories?post=475"},{"taxonomy":"post_tag","embeddable":true,"href":"http:\/\/mos.kamienna-gora.pl\/index.php\/wp-json\/wp\/v2\/tags?post=475"}],"curies":[{"name":"wp","href":"https:\/\/api.w.org\/{rel}","templated":true}]}}