{"id":4755,"date":"2026-04-28T12:28:52","date_gmt":"2026-04-28T10:28:52","guid":{"rendered":"http:\/\/mos.kamienna-gora.pl\/?p=4755"},"modified":"2026-04-28T12:28:52","modified_gmt":"2026-04-28T10:28:52","slug":"final-powiatowy-w-mini-pilce-siatkowej-3-w-kategorii-chlopcow-w-igrzyskach-dzieci","status":"publish","type":"post","link":"http:\/\/mos.kamienna-gora.pl\/index.php\/2026\/04\/28\/final-powiatowy-w-mini-pilce-siatkowej-3-w-kategorii-chlopcow-w-igrzyskach-dzieci\/","title":{"rendered":"Fina\u0142 Powiatowy w mini pi\u0142ce siatkowej &#8221;3&#8221; w kategorii ch\u0142opc\u00f3w w Igrzyskach Dzieci"},"content":{"rendered":"\n<p>Dnia 28 kwietnia 2026 roku na Hali Sportowej przy Szkole Podstawowej nr 2 w Kamiennej G\u00f3rze odby\u0142 si\u0119 fina\u0142 strefy jeleniog\u00f3rskiej w mini pi\u0142ce siatkowej w kategorii ,,3\u201d ch\u0142opc\u00f3w w ramach Igrzysk Dzieci. Zawody toczy\u0142y si\u0119 systemem ka\u017cdy z ka\u017cdym. Mecz do 2 wygranych set\u00f3w do 15 pkt., ewentualny tie-break do punkt\u00f3w 15.<\/p>\n<p>Do rywalizacji przyst\u0105pi\u0142y nast\u0119puj\u0105ce szko\u0142y:<\/p>\n<p>&#8211; Szko\u0142a Podstawowa \u00a0Lubawka<\/p>\n<p>&#8211; Szko\u0142a Podstawowa Smolnik<\/p>\n<p>&#8211; Szko\u0142a Podstawowa nr 2 Kamienna G\u00f3ra<\/p>\n<p>&#8211; Szko\u0142a Podstawowa Karpacz<\/p>\n<p>&#8211; Szko\u0142\u0105 Podstawowa Pie\u0144sk<\/p>\n<p>&#8211; Szko\u0142a Podstawowa Oxpress Boles\u0142awiec<\/p>\n<p>Mini siatk\u00f3wka ,,3\u2019\u2019 ch\u0142opcy:<\/p>\n<p>SP 2 Kam. G\u00f3ra \u2013 SP Karpacz\u00a0 \u00a0 2 : 1<\/p>\n<p>SP Lubawka \u2013 SP Smolnik\u00a0 \u00a01 : 2<\/p>\n<p>SP Boles\u0142awiec &#8211;\u00a0 SP Pie\u0144sk\u00a0 \u00a0 2 : 0<\/p>\n<p>SP Karpacz \u00a0\u2013 SP Lubawka\u00a0 \u00a02 : 0<\/p>\n<p>SP Pie\u0144sk \u00a0\u00a0\u2013 SP Smolnik\u00a0 \u00a00 : 2<\/p>\n<p>SP Boles\u0142awiec \u2013 SP 2 Kam. G\u00f3ra\u00a0 \u00a0 0 : 2<\/p>\n<p>SP Lubawka \u2013 SP Pie\u0144sk\u00a0 2 : 1<\/p>\n<p>SP Boles\u0142awiec \u2013 SP Karpacz\u00a0 \u00a0 2 : 0<\/p>\n<p>SP Smolnik \u2013 SP 2 Kam. G\u00f3ra\u00a0 \u00a0 \u00a01 : 2<\/p>\n<p>SP Pie\u0144sk \u00a0\u2013 SP Karpacz\u00a0 2 : 1<\/p>\n<p>SP 2 Kam. G\u00f3ra \u2013 SP Lubawka\u00a0 \u00a00 : 2<\/p>\n<p>\u00a0\u00a0\u00a0\u00a0\u00a0\u00a0\u00a0\u00a0\u00a0\u00a0\u00a0 SP Smolnik \u2013 SP Boles\u0142awiec\u00a0 \u00a0 0 : 2<\/p>\n<p>\u00a0\u00a0\u00a0\u00a0\u00a0\u00a0\u00a0\u00a0\u00a0\u00a0\u00a0 SP 2 kam. G\u00f3ra \u2013 SP Pie\u0144sk\u00a0 \u00a0 2 : 1<\/p>\n<p>\u00a0\u00a0\u00a0\u00a0\u00a0\u00a0\u00a0\u00a0\u00a0\u00a0\u00a0 SP Smolnik \u2013 SP Karpacz\u00a0 \u00a0 2 : 1<\/p>\n<p>\u00a0\u00a0\u00a0\u00a0\u00a0\u00a0\u00a0\u00a0\u00a0\u00a0\u00a0 SP Boles\u0142awiec \u2013 SP Lubawka\u00a0 \u00a02 : 1<\/p>\n<p>\u00a0<\/p>\n<p>Kolejno\u015b\u0107 ko\u0144cowa:<\/p>\n<ol>\n<li><strong>Prywatna Szko\u0142a Podstawowa \u2018\u2019Oxpress\u201d Boles\u0142awiec<\/strong><\/li>\n<li>Szko\u0142a Podstawowa 2 Kamienna G\u00f3ra<\/li>\n<li>Szko\u0142\u0105 Podstawowa Smolnik<\/li>\n<li>Szko\u0142a Podstawowa Lubawka<\/li>\n<li>Szko\u0142a Podstawowa Karpacz<\/li>\n<li>Szko\u0142a Podstawowa nr 2 Pie\u0144sk<\/li>\n<\/ol>\n<p><strong>SP 2 Kamienna G\u00f3ra:<\/strong><\/p>\n<p>Bandyk Jakub, Bikowski Kacper, Ditterla- Kasperski Miko\u0142aj, Gorzkiewicz Wiktor, Kwiatkowski Leon, Papierz Ignacy, Szwarc Karol, Trziszka Kacper, opiekun &#8211; Daniel Gontko<\/p>\n<p><strong>SP Lubawka:<\/strong><\/p>\n<p>Adamiak Igor, Jacewicz Patryk, Kobus Kajetan, Michalak Bartosz, Nawrocki Igor, Orzechowski Patryk, Orze\u0142 Igor, opiekun \u2013 Artur Bodzek<\/p>\n\n\n\n<figure class=\"wp-block-gallery has-nested-images columns-default is-cropped wp-block-gallery-1 is-layout-flex wp-block-gallery-is-layout-flex\">\n<figure class=\"wp-block-image size-large\"><img loading=\"lazy\" decoding=\"async\" width=\"1024\" height=\"683\" data-attachment-id=\"4756\" data-permalink=\"http:\/\/mos.kamienna-gora.pl\/index.php\/2026\/04\/28\/final-powiatowy-w-mini-pilce-siatkowej-3-w-kategorii-chlopcow-w-igrzyskach-dzieci\/img_1006\/\" data-orig-file=\"http:\/\/mos.kamienna-gora.pl\/wp-content\/uploads\/2026\/04\/IMG_1006-scaled.jpg\" data-orig-size=\"2560,1707\" data-comments-opened=\"1\" data-image-meta=\"{&quot;aperture&quot;:&quot;3.5&quot;,&quot;credit&quot;:&quot;&quot;,&quot;camera&quot;:&quot;Canon EOS 4000D&quot;,&quot;caption&quot;:&quot;&quot;,&quot;created_timestamp&quot;:&quot;1777368905&quot;,&quot;copyright&quot;:&quot;&quot;,&quot;focal_length&quot;:&quot;18&quot;,&quot;iso&quot;:&quot;320&quot;,&quot;shutter_speed&quot;:&quot;0.003125&quot;,&quot;title&quot;:&quot;&quot;,&quot;orientation&quot;:&quot;1&quot;}\" data-image-title=\"IMG_1006\" data-image-description=\"\" data-image-caption=\"\" data-large-file=\"http:\/\/mos.kamienna-gora.pl\/wp-content\/uploads\/2026\/04\/IMG_1006-1024x683.jpg\" data-id=\"4756\" src=\"http:\/\/mos.kamienna-gora.pl\/wp-content\/uploads\/2026\/04\/IMG_1006-1024x683.jpg\" alt=\"\" class=\"wp-image-4756\" srcset=\"http:\/\/mos.kamienna-gora.pl\/wp-content\/uploads\/2026\/04\/IMG_1006-1024x683.jpg 1024w, http:\/\/mos.kamienna-gora.pl\/wp-content\/uploads\/2026\/04\/IMG_1006-300x200.jpg 300w, http:\/\/mos.kamienna-gora.pl\/wp-content\/uploads\/2026\/04\/IMG_1006-768x512.jpg 768w, http:\/\/mos.kamienna-gora.pl\/wp-content\/uploads\/2026\/04\/IMG_1006-1536x1024.jpg 1536w, http:\/\/mos.kamienna-gora.pl\/wp-content\/uploads\/2026\/04\/IMG_1006-2048x1365.jpg 2048w\" sizes=\"auto, (max-width: 1024px) 100vw, 1024px\" \/><\/figure>\n<\/figure>\n\n\n\n<figure class=\"wp-block-gallery has-nested-images columns-default is-cropped wp-block-gallery-2 is-layout-flex wp-block-gallery-is-layout-flex\">\n<figure class=\"wp-block-image size-large\"><img loading=\"lazy\" decoding=\"async\" width=\"1024\" height=\"683\" data-attachment-id=\"4757\" data-permalink=\"http:\/\/mos.kamienna-gora.pl\/index.php\/2026\/04\/28\/final-powiatowy-w-mini-pilce-siatkowej-3-w-kategorii-chlopcow-w-igrzyskach-dzieci\/img_1010\/\" data-orig-file=\"http:\/\/mos.kamienna-gora.pl\/wp-content\/uploads\/2026\/04\/IMG_1010-scaled.jpg\" data-orig-size=\"2560,1707\" data-comments-opened=\"1\" data-image-meta=\"{&quot;aperture&quot;:&quot;4.5&quot;,&quot;credit&quot;:&quot;&quot;,&quot;camera&quot;:&quot;Canon EOS 4000D&quot;,&quot;caption&quot;:&quot;&quot;,&quot;created_timestamp&quot;:&quot;1777369232&quot;,&quot;copyright&quot;:&quot;&quot;,&quot;focal_length&quot;:&quot;30&quot;,&quot;iso&quot;:&quot;800&quot;,&quot;shutter_speed&quot;:&quot;0.0025&quot;,&quot;title&quot;:&quot;&quot;,&quot;orientation&quot;:&quot;1&quot;}\" data-image-title=\"IMG_1010\" data-image-description=\"\" data-image-caption=\"\" data-large-file=\"http:\/\/mos.kamienna-gora.pl\/wp-content\/uploads\/2026\/04\/IMG_1010-1024x683.jpg\" data-id=\"4757\" src=\"http:\/\/mos.kamienna-gora.pl\/wp-content\/uploads\/2026\/04\/IMG_1010-1024x683.jpg\" alt=\"\" class=\"wp-image-4757\" srcset=\"http:\/\/mos.kamienna-gora.pl\/wp-content\/uploads\/2026\/04\/IMG_1010-1024x683.jpg 1024w, http:\/\/mos.kamienna-gora.pl\/wp-content\/uploads\/2026\/04\/IMG_1010-300x200.jpg 300w, http:\/\/mos.kamienna-gora.pl\/wp-content\/uploads\/2026\/04\/IMG_1010-768x512.jpg 768w, http:\/\/mos.kamienna-gora.pl\/wp-content\/uploads\/2026\/04\/IMG_1010-1536x1024.jpg 1536w, http:\/\/mos.kamienna-gora.pl\/wp-content\/uploads\/2026\/04\/IMG_1010-2048x1365.jpg 2048w\" sizes=\"auto, (max-width: 1024px) 100vw, 1024px\" \/><\/figure>\n<\/figure>\n\n\n\n<figure class=\"wp-block-gallery has-nested-images columns-default is-cropped wp-block-gallery-3 is-layout-flex wp-block-gallery-is-layout-flex\">\n<figure class=\"wp-block-image size-large\"><img loading=\"lazy\" decoding=\"async\" width=\"1024\" height=\"683\" data-attachment-id=\"4758\" data-permalink=\"http:\/\/mos.kamienna-gora.pl\/index.php\/2026\/04\/28\/final-powiatowy-w-mini-pilce-siatkowej-3-w-kategorii-chlopcow-w-igrzyskach-dzieci\/img_1019\/\" data-orig-file=\"http:\/\/mos.kamienna-gora.pl\/wp-content\/uploads\/2026\/04\/IMG_1019-scaled.jpg\" data-orig-size=\"2560,1707\" data-comments-opened=\"1\" data-image-meta=\"{&quot;aperture&quot;:&quot;4.5&quot;,&quot;credit&quot;:&quot;&quot;,&quot;camera&quot;:&quot;Canon EOS 4000D&quot;,&quot;caption&quot;:&quot;&quot;,&quot;created_timestamp&quot;:&quot;1777369299&quot;,&quot;copyright&quot;:&quot;&quot;,&quot;focal_length&quot;:&quot;30&quot;,&quot;iso&quot;:&quot;640&quot;,&quot;shutter_speed&quot;:&quot;0.0025&quot;,&quot;title&quot;:&quot;&quot;,&quot;orientation&quot;:&quot;1&quot;}\" data-image-title=\"IMG_1019\" data-image-description=\"\" data-image-caption=\"\" data-large-file=\"http:\/\/mos.kamienna-gora.pl\/wp-content\/uploads\/2026\/04\/IMG_1019-1024x683.jpg\" data-id=\"4758\" src=\"http:\/\/mos.kamienna-gora.pl\/wp-content\/uploads\/2026\/04\/IMG_1019-1024x683.jpg\" alt=\"\" class=\"wp-image-4758\" srcset=\"http:\/\/mos.kamienna-gora.pl\/wp-content\/uploads\/2026\/04\/IMG_1019-1024x683.jpg 1024w, http:\/\/mos.kamienna-gora.pl\/wp-content\/uploads\/2026\/04\/IMG_1019-300x200.jpg 300w, http:\/\/mos.kamienna-gora.pl\/wp-content\/uploads\/2026\/04\/IMG_1019-768x512.jpg 768w, http:\/\/mos.kamienna-gora.pl\/wp-content\/uploads\/2026\/04\/IMG_1019-1536x1024.jpg 1536w, http:\/\/mos.kamienna-gora.pl\/wp-content\/uploads\/2026\/04\/IMG_1019-2048x1365.jpg 2048w\" sizes=\"auto, (max-width: 1024px) 100vw, 1024px\" \/><\/figure>\n<\/figure>\n\n\n\n<figure class=\"wp-block-gallery has-nested-images columns-default is-cropped wp-block-gallery-4 is-layout-flex wp-block-gallery-is-layout-flex\">\n<figure class=\"wp-block-image size-large\"><img loading=\"lazy\" decoding=\"async\" width=\"1024\" height=\"683\" data-attachment-id=\"4759\" data-permalink=\"http:\/\/mos.kamienna-gora.pl\/index.php\/2026\/04\/28\/final-powiatowy-w-mini-pilce-siatkowej-3-w-kategorii-chlopcow-w-igrzyskach-dzieci\/img_1033\/\" data-orig-file=\"http:\/\/mos.kamienna-gora.pl\/wp-content\/uploads\/2026\/04\/IMG_1033-scaled.jpg\" data-orig-size=\"2560,1707\" data-comments-opened=\"1\" data-image-meta=\"{&quot;aperture&quot;:&quot;5&quot;,&quot;credit&quot;:&quot;&quot;,&quot;camera&quot;:&quot;Canon EOS 4000D&quot;,&quot;caption&quot;:&quot;&quot;,&quot;created_timestamp&quot;:&quot;1777369767&quot;,&quot;copyright&quot;:&quot;&quot;,&quot;focal_length&quot;:&quot;35&quot;,&quot;iso&quot;:&quot;800&quot;,&quot;shutter_speed&quot;:&quot;0.002&quot;,&quot;title&quot;:&quot;&quot;,&quot;orientation&quot;:&quot;1&quot;}\" data-image-title=\"IMG_1033\" data-image-description=\"\" data-image-caption=\"\" data-large-file=\"http:\/\/mos.kamienna-gora.pl\/wp-content\/uploads\/2026\/04\/IMG_1033-1024x683.jpg\" data-id=\"4759\" src=\"http:\/\/mos.kamienna-gora.pl\/wp-content\/uploads\/2026\/04\/IMG_1033-1024x683.jpg\" alt=\"\" class=\"wp-image-4759\" srcset=\"http:\/\/mos.kamienna-gora.pl\/wp-content\/uploads\/2026\/04\/IMG_1033-1024x683.jpg 1024w, http:\/\/mos.kamienna-gora.pl\/wp-content\/uploads\/2026\/04\/IMG_1033-300x200.jpg 300w, http:\/\/mos.kamienna-gora.pl\/wp-content\/uploads\/2026\/04\/IMG_1033-768x512.jpg 768w, http:\/\/mos.kamienna-gora.pl\/wp-content\/uploads\/2026\/04\/IMG_1033-1536x1024.jpg 1536w, http:\/\/mos.kamienna-gora.pl\/wp-content\/uploads\/2026\/04\/IMG_1033-2048x1365.jpg 2048w\" sizes=\"auto, (max-width: 1024px) 100vw, 1024px\" \/><\/figure>\n<\/figure>\n\n\n\n<figure class=\"wp-block-gallery has-nested-images columns-default is-cropped wp-block-gallery-5 is-layout-flex wp-block-gallery-is-layout-flex\">\n<figure class=\"wp-block-image size-large\"><img loading=\"lazy\" decoding=\"async\" width=\"1024\" height=\"683\" data-attachment-id=\"4760\" data-permalink=\"http:\/\/mos.kamienna-gora.pl\/index.php\/2026\/04\/28\/final-powiatowy-w-mini-pilce-siatkowej-3-w-kategorii-chlopcow-w-igrzyskach-dzieci\/img_1093-2\/\" data-orig-file=\"http:\/\/mos.kamienna-gora.pl\/wp-content\/uploads\/2026\/04\/IMG_1093-scaled.jpg\" data-orig-size=\"2560,1707\" data-comments-opened=\"1\" data-image-meta=\"{&quot;aperture&quot;:&quot;4.5&quot;,&quot;credit&quot;:&quot;&quot;,&quot;camera&quot;:&quot;Canon EOS 4000D&quot;,&quot;caption&quot;:&quot;&quot;,&quot;created_timestamp&quot;:&quot;1777377698&quot;,&quot;copyright&quot;:&quot;&quot;,&quot;focal_length&quot;:&quot;29&quot;,&quot;iso&quot;:&quot;640&quot;,&quot;shutter_speed&quot;:&quot;0.0025&quot;,&quot;title&quot;:&quot;&quot;,&quot;orientation&quot;:&quot;1&quot;}\" data-image-title=\"IMG_1093\" data-image-description=\"\" data-image-caption=\"\" data-large-file=\"http:\/\/mos.kamienna-gora.pl\/wp-content\/uploads\/2026\/04\/IMG_1093-1024x683.jpg\" data-id=\"4760\" src=\"http:\/\/mos.kamienna-gora.pl\/wp-content\/uploads\/2026\/04\/IMG_1093-1024x683.jpg\" alt=\"\" class=\"wp-image-4760\" srcset=\"http:\/\/mos.kamienna-gora.pl\/wp-content\/uploads\/2026\/04\/IMG_1093-1024x683.jpg 1024w, http:\/\/mos.kamienna-gora.pl\/wp-content\/uploads\/2026\/04\/IMG_1093-300x200.jpg 300w, http:\/\/mos.kamienna-gora.pl\/wp-content\/uploads\/2026\/04\/IMG_1093-768x512.jpg 768w, http:\/\/mos.kamienna-gora.pl\/wp-content\/uploads\/2026\/04\/IMG_1093-1536x1024.jpg 1536w, http:\/\/mos.kamienna-gora.pl\/wp-content\/uploads\/2026\/04\/IMG_1093-2048x1365.jpg 2048w\" sizes=\"auto, (max-width: 1024px) 100vw, 1024px\" \/><\/figure>\n<\/figure>\n\n\n\n<figure class=\"wp-block-gallery has-nested-images columns-default is-cropped wp-block-gallery-6 is-layout-flex wp-block-gallery-is-layout-flex\">\n<figure class=\"wp-block-image size-large\"><img loading=\"lazy\" decoding=\"async\" width=\"1024\" height=\"683\" data-attachment-id=\"4761\" data-permalink=\"http:\/\/mos.kamienna-gora.pl\/index.php\/2026\/04\/28\/final-powiatowy-w-mini-pilce-siatkowej-3-w-kategorii-chlopcow-w-igrzyskach-dzieci\/img_1095\/\" data-orig-file=\"http:\/\/mos.kamienna-gora.pl\/wp-content\/uploads\/2026\/04\/IMG_1095-scaled.jpg\" data-orig-size=\"2560,1707\" data-comments-opened=\"1\" data-image-meta=\"{&quot;aperture&quot;:&quot;4&quot;,&quot;credit&quot;:&quot;&quot;,&quot;camera&quot;:&quot;Canon EOS 4000D&quot;,&quot;caption&quot;:&quot;&quot;,&quot;created_timestamp&quot;:&quot;1777377713&quot;,&quot;copyright&quot;:&quot;&quot;,&quot;focal_length&quot;:&quot;28&quot;,&quot;iso&quot;:&quot;1250&quot;,&quot;shutter_speed&quot;:&quot;0.0025&quot;,&quot;title&quot;:&quot;&quot;,&quot;orientation&quot;:&quot;1&quot;}\" data-image-title=\"IMG_1095\" data-image-description=\"\" data-image-caption=\"\" data-large-file=\"http:\/\/mos.kamienna-gora.pl\/wp-content\/uploads\/2026\/04\/IMG_1095-1024x683.jpg\" data-id=\"4761\" src=\"http:\/\/mos.kamienna-gora.pl\/wp-content\/uploads\/2026\/04\/IMG_1095-1024x683.jpg\" alt=\"\" class=\"wp-image-4761\" srcset=\"http:\/\/mos.kamienna-gora.pl\/wp-content\/uploads\/2026\/04\/IMG_1095-1024x683.jpg 1024w, http:\/\/mos.kamienna-gora.pl\/wp-content\/uploads\/2026\/04\/IMG_1095-300x200.jpg 300w, http:\/\/mos.kamienna-gora.pl\/wp-content\/uploads\/2026\/04\/IMG_1095-768x512.jpg 768w, http:\/\/mos.kamienna-gora.pl\/wp-content\/uploads\/2026\/04\/IMG_1095-1536x1024.jpg 1536w, http:\/\/mos.kamienna-gora.pl\/wp-content\/uploads\/2026\/04\/IMG_1095-2048x1365.jpg 2048w\" sizes=\"auto, (max-width: 1024px) 100vw, 1024px\" \/><\/figure>\n<\/figure>\n","protected":false},"excerpt":{"rendered":"<p>Dnia 28 kwietnia 2026 roku na Hali Sportowej przy Szkole Podstawowej nr 2 w Kamiennej G\u00f3rze odby\u0142 si\u0119 fina\u0142 strefy&hellip;<\/p>\n","protected":false},"author":1,"featured_media":4756,"comment_status":"open","ping_status":"open","sticky":false,"template":"","format":"standard","meta":{"jetpack_post_was_ever_published":false,"_jetpack_newsletter_access":"","_jetpack_dont_email_post_to_subs":false,"_jetpack_newsletter_tier_id":0,"_jetpack_memberships_contains_paywalled_content":false,"_jetpack_memberships_contains_paid_content":false,"footnotes":""},"categories":[1,8],"tags":[],"class_list":["post-4755","post","type-post","status-publish","format-standard","has-post-thumbnail","hentry","category-wydarzenia","category-zawody-strefowe"],"jetpack_featured_media_url":"http:\/\/mos.kamienna-gora.pl\/wp-content\/uploads\/2026\/04\/IMG_1006-scaled.jpg","jetpack_sharing_enabled":true,"jetpack_shortlink":"https:\/\/wp.me\/paEJ1v-1eH","jetpack-related-posts":[],"_links":{"self":[{"href":"http:\/\/mos.kamienna-gora.pl\/index.php\/wp-json\/wp\/v2\/posts\/4755","targetHints":{"allow":["GET"]}}],"collection":[{"href":"http:\/\/mos.kamienna-gora.pl\/index.php\/wp-json\/wp\/v2\/posts"}],"about":[{"href":"http:\/\/mos.kamienna-gora.pl\/index.php\/wp-json\/wp\/v2\/types\/post"}],"author":[{"embeddable":true,"href":"http:\/\/mos.kamienna-gora.pl\/index.php\/wp-json\/wp\/v2\/users\/1"}],"replies":[{"embeddable":true,"href":"http:\/\/mos.kamienna-gora.pl\/index.php\/wp-json\/wp\/v2\/comments?post=4755"}],"version-history":[{"count":1,"href":"http:\/\/mos.kamienna-gora.pl\/index.php\/wp-json\/wp\/v2\/posts\/4755\/revisions"}],"predecessor-version":[{"id":4762,"href":"http:\/\/mos.kamienna-gora.pl\/index.php\/wp-json\/wp\/v2\/posts\/4755\/revisions\/4762"}],"wp:featuredmedia":[{"embeddable":true,"href":"http:\/\/mos.kamienna-gora.pl\/index.php\/wp-json\/wp\/v2\/media\/4756"}],"wp:attachment":[{"href":"http:\/\/mos.kamienna-gora.pl\/index.php\/wp-json\/wp\/v2\/media?parent=4755"}],"wp:term":[{"taxonomy":"category","embeddable":true,"href":"http:\/\/mos.kamienna-gora.pl\/index.php\/wp-json\/wp\/v2\/categories?post=4755"},{"taxonomy":"post_tag","embeddable":true,"href":"http:\/\/mos.kamienna-gora.pl\/index.php\/wp-json\/wp\/v2\/tags?post=4755"}],"curies":[{"name":"wp","href":"https:\/\/api.w.org\/{rel}","templated":true}]}}