{"id":601,"date":"2019-10-03T09:35:11","date_gmt":"2019-10-03T07:35:11","guid":{"rendered":"http:\/\/mos.kamienna-gora.pl\/?p=601"},"modified":"2019-10-04T09:01:31","modified_gmt":"2019-10-04T07:01:31","slug":"sztafetowe-biegi-przelajowe-igrzyska-dzieci","status":"publish","type":"post","link":"http:\/\/mos.kamienna-gora.pl\/index.php\/2019\/10\/03\/sztafetowe-biegi-przelajowe-igrzyska-dzieci\/","title":{"rendered":"Sztafetowe Biegi Prze\u0142ajowe Igrzyska Dzieci"},"content":{"rendered":"\n<p><strong>Dnia (wtorek, 17 wrze\u015bnia) na stadionie przy ulicy S\u0142owackiego w Kamiennej G\u00f3rze zosta\u0142y rozegrane zawody powiatowe w sztafetowych biegach prze\u0142ajowych szk\u00f3\u0142 podstawowych klas IV-VI (Igrzyska Dzieci).<\/strong><\/p>\n<p>\u00a0<\/p>\n<p>W rywalizacji wystartowa\u0142y reprezentacje podstaw\u00f3wek z Krzeszowa, Lubawki oraz kamiennog\u00f3rskiej \u201edw\u00f3jki\u201d.<\/p>\n<p>Dziewcz\u0119ta rywalizowa\u0142y na dystansie 10 x 800 metr\u00f3w<\/p>\n<p>Wyniki:<br \/>1. Szko\u0142a Podstawowa Lubawka \u2013 17:46,39 min<br \/>2. Szko\u0142a Podstawowa nr 2 Kamienna G\u00f3ra \u2013 17;48,94<br \/>3. Szko\u0142a Podstawowa Krzesz\u00f3w \u2013 22;31,72<\/p>\n<p>Ch\u0142opcy rywalizowali na dystansie 10 x 1000 metr\u00f3w.<\/p>\n<p>Wyniki:<br \/>1. Szko\u0142a Podstawowa nr 2 Kamienna G\u00f3ra\u2013 35:13,51 min<br \/>2. Szko\u0142a Podstawowa Krzesz\u00f3w \u2013 36;51,43<br \/>3. Szko\u0142a Podstawowa Lubawka\u2013 38;37,09<\/p>\n<p>Zwyci\u0119zcy u dziewcz\u0105t jak i ch\u0142opc\u00f3w b\u0119d\u0105 reprezentowali powiat kamiennog\u00f3rski na zawodach wojew\u00f3dzkich, kt\u00f3re odb\u0119d\u0105 si\u0119 w Olszynie Luba\u0144skiej 10.10.2019 r.<\/p>\n\n\n\n<figure class=\"wp-block-image\"><img loading=\"lazy\" decoding=\"async\" width=\"1024\" height=\"768\" data-attachment-id=\"606\" data-permalink=\"http:\/\/mos.kamienna-gora.pl\/index.php\/2019\/10\/03\/sztafetowe-biegi-przelajowe-igrzyska-dzieci\/20190917_112715\/\" data-orig-file=\"http:\/\/mos.kamienna-gora.pl\/wp-content\/uploads\/2019\/10\/20190917_112715.jpg\" data-orig-size=\"4128,3096\" data-comments-opened=\"1\" data-image-meta=\"{&quot;aperture&quot;:&quot;1.7&quot;,&quot;credit&quot;:&quot;&quot;,&quot;camera&quot;:&quot;SM-J530F&quot;,&quot;caption&quot;:&quot;&quot;,&quot;created_timestamp&quot;:&quot;1568719635&quot;,&quot;copyright&quot;:&quot;&quot;,&quot;focal_length&quot;:&quot;3.71&quot;,&quot;iso&quot;:&quot;40&quot;,&quot;shutter_speed&quot;:&quot;0.00050709939148073&quot;,&quot;title&quot;:&quot;&quot;,&quot;orientation&quot;:&quot;1&quot;}\" data-image-title=\"20190917_112715\" data-image-description=\"\" data-image-caption=\"\" data-large-file=\"http:\/\/mos.kamienna-gora.pl\/wp-content\/uploads\/2019\/10\/20190917_112715-1024x768.jpg\" src=\"http:\/\/mos.kamienna-gora.pl\/wp-content\/uploads\/2019\/10\/20190917_112715-1024x768.jpg\" alt=\"\" class=\"wp-image-606\" srcset=\"http:\/\/mos.kamienna-gora.pl\/wp-content\/uploads\/2019\/10\/20190917_112715-1024x768.jpg 1024w, http:\/\/mos.kamienna-gora.pl\/wp-content\/uploads\/2019\/10\/20190917_112715-300x225.jpg 300w, http:\/\/mos.kamienna-gora.pl\/wp-content\/uploads\/2019\/10\/20190917_112715-768x576.jpg 768w, http:\/\/mos.kamienna-gora.pl\/wp-content\/uploads\/2019\/10\/20190917_112715-160x120.jpg 160w\" sizes=\"auto, (max-width: 1024px) 100vw, 1024px\" \/><\/figure>\n\n\n\n<figure class=\"wp-block-image\"><img loading=\"lazy\" decoding=\"async\" width=\"1024\" height=\"768\" data-attachment-id=\"605\" data-permalink=\"http:\/\/mos.kamienna-gora.pl\/index.php\/2019\/10\/03\/sztafetowe-biegi-przelajowe-igrzyska-dzieci\/20190917_102252\/\" data-orig-file=\"http:\/\/mos.kamienna-gora.pl\/wp-content\/uploads\/2019\/10\/20190917_102252.jpg\" data-orig-size=\"4128,3096\" data-comments-opened=\"1\" data-image-meta=\"{&quot;aperture&quot;:&quot;1.7&quot;,&quot;credit&quot;:&quot;&quot;,&quot;camera&quot;:&quot;SM-J530F&quot;,&quot;caption&quot;:&quot;&quot;,&quot;created_timestamp&quot;:&quot;1568715772&quot;,&quot;copyright&quot;:&quot;&quot;,&quot;focal_length&quot;:&quot;3.71&quot;,&quot;iso&quot;:&quot;40&quot;,&quot;shutter_speed&quot;:&quot;0.0007587253414264&quot;,&quot;title&quot;:&quot;&quot;,&quot;orientation&quot;:&quot;1&quot;}\" data-image-title=\"20190917_102252\" data-image-description=\"\" data-image-caption=\"\" data-large-file=\"http:\/\/mos.kamienna-gora.pl\/wp-content\/uploads\/2019\/10\/20190917_102252-1024x768.jpg\" src=\"http:\/\/mos.kamienna-gora.pl\/wp-content\/uploads\/2019\/10\/20190917_102252-1024x768.jpg\" alt=\"\" class=\"wp-image-605\" srcset=\"http:\/\/mos.kamienna-gora.pl\/wp-content\/uploads\/2019\/10\/20190917_102252-1024x768.jpg 1024w, http:\/\/mos.kamienna-gora.pl\/wp-content\/uploads\/2019\/10\/20190917_102252-300x225.jpg 300w, http:\/\/mos.kamienna-gora.pl\/wp-content\/uploads\/2019\/10\/20190917_102252-768x576.jpg 768w, http:\/\/mos.kamienna-gora.pl\/wp-content\/uploads\/2019\/10\/20190917_102252-160x120.jpg 160w\" sizes=\"auto, (max-width: 1024px) 100vw, 1024px\" \/><\/figure>\n\n\n\n<figure class=\"wp-block-image\"><img loading=\"lazy\" decoding=\"async\" width=\"1024\" height=\"768\" data-attachment-id=\"604\" data-permalink=\"http:\/\/mos.kamienna-gora.pl\/index.php\/2019\/10\/03\/sztafetowe-biegi-przelajowe-igrzyska-dzieci\/20190917_100339\/\" data-orig-file=\"http:\/\/mos.kamienna-gora.pl\/wp-content\/uploads\/2019\/10\/20190917_100339.jpg\" data-orig-size=\"4128,3096\" data-comments-opened=\"1\" data-image-meta=\"{&quot;aperture&quot;:&quot;1.7&quot;,&quot;credit&quot;:&quot;&quot;,&quot;camera&quot;:&quot;SM-J530F&quot;,&quot;caption&quot;:&quot;&quot;,&quot;created_timestamp&quot;:&quot;1568714619&quot;,&quot;copyright&quot;:&quot;&quot;,&quot;focal_length&quot;:&quot;3.71&quot;,&quot;iso&quot;:&quot;40&quot;,&quot;shutter_speed&quot;:&quot;0.0029154518950437&quot;,&quot;title&quot;:&quot;&quot;,&quot;orientation&quot;:&quot;1&quot;}\" data-image-title=\"20190917_100339\" data-image-description=\"\" data-image-caption=\"\" data-large-file=\"http:\/\/mos.kamienna-gora.pl\/wp-content\/uploads\/2019\/10\/20190917_100339-1024x768.jpg\" src=\"http:\/\/mos.kamienna-gora.pl\/wp-content\/uploads\/2019\/10\/20190917_100339-1024x768.jpg\" alt=\"\" class=\"wp-image-604\" srcset=\"http:\/\/mos.kamienna-gora.pl\/wp-content\/uploads\/2019\/10\/20190917_100339-1024x768.jpg 1024w, http:\/\/mos.kamienna-gora.pl\/wp-content\/uploads\/2019\/10\/20190917_100339-300x225.jpg 300w, http:\/\/mos.kamienna-gora.pl\/wp-content\/uploads\/2019\/10\/20190917_100339-768x576.jpg 768w, http:\/\/mos.kamienna-gora.pl\/wp-content\/uploads\/2019\/10\/20190917_100339-160x120.jpg 160w\" sizes=\"auto, (max-width: 1024px) 100vw, 1024px\" \/><\/figure>\n\n\n\n<figure class=\"wp-block-image\"><img loading=\"lazy\" decoding=\"async\" width=\"1024\" height=\"768\" data-attachment-id=\"603\" data-permalink=\"http:\/\/mos.kamienna-gora.pl\/index.php\/2019\/10\/03\/sztafetowe-biegi-przelajowe-igrzyska-dzieci\/20190917_095822\/\" data-orig-file=\"http:\/\/mos.kamienna-gora.pl\/wp-content\/uploads\/2019\/10\/20190917_095822.jpg\" data-orig-size=\"4128,3096\" data-comments-opened=\"1\" data-image-meta=\"{&quot;aperture&quot;:&quot;1.7&quot;,&quot;credit&quot;:&quot;&quot;,&quot;camera&quot;:&quot;SM-J530F&quot;,&quot;caption&quot;:&quot;&quot;,&quot;created_timestamp&quot;:&quot;1568714302&quot;,&quot;copyright&quot;:&quot;&quot;,&quot;focal_length&quot;:&quot;3.71&quot;,&quot;iso&quot;:&quot;40&quot;,&quot;shutter_speed&quot;:&quot;0.0014367816091954&quot;,&quot;title&quot;:&quot;&quot;,&quot;orientation&quot;:&quot;1&quot;}\" data-image-title=\"20190917_095822\" data-image-description=\"\" data-image-caption=\"\" data-large-file=\"http:\/\/mos.kamienna-gora.pl\/wp-content\/uploads\/2019\/10\/20190917_095822-1024x768.jpg\" src=\"http:\/\/mos.kamienna-gora.pl\/wp-content\/uploads\/2019\/10\/20190917_095822-1024x768.jpg\" alt=\"\" class=\"wp-image-603\" srcset=\"http:\/\/mos.kamienna-gora.pl\/wp-content\/uploads\/2019\/10\/20190917_095822-1024x768.jpg 1024w, http:\/\/mos.kamienna-gora.pl\/wp-content\/uploads\/2019\/10\/20190917_095822-300x225.jpg 300w, http:\/\/mos.kamienna-gora.pl\/wp-content\/uploads\/2019\/10\/20190917_095822-768x576.jpg 768w, http:\/\/mos.kamienna-gora.pl\/wp-content\/uploads\/2019\/10\/20190917_095822-160x120.jpg 160w\" sizes=\"auto, (max-width: 1024px) 100vw, 1024px\" \/><\/figure>\n\n\n\n<figure class=\"wp-block-image\"><img loading=\"lazy\" decoding=\"async\" width=\"1024\" height=\"768\" data-attachment-id=\"602\" data-permalink=\"http:\/\/mos.kamienna-gora.pl\/index.php\/2019\/10\/03\/sztafetowe-biegi-przelajowe-igrzyska-dzieci\/20190917_094131\/\" data-orig-file=\"http:\/\/mos.kamienna-gora.pl\/wp-content\/uploads\/2019\/10\/20190917_094131.jpg\" data-orig-size=\"4128,3096\" data-comments-opened=\"1\" data-image-meta=\"{&quot;aperture&quot;:&quot;1.7&quot;,&quot;credit&quot;:&quot;&quot;,&quot;camera&quot;:&quot;SM-J530F&quot;,&quot;caption&quot;:&quot;&quot;,&quot;created_timestamp&quot;:&quot;1568713290&quot;,&quot;copyright&quot;:&quot;&quot;,&quot;focal_length&quot;:&quot;3.71&quot;,&quot;iso&quot;:&quot;40&quot;,&quot;shutter_speed&quot;:&quot;0.0016051364365971&quot;,&quot;title&quot;:&quot;&quot;,&quot;orientation&quot;:&quot;1&quot;}\" data-image-title=\"20190917_094131\" data-image-description=\"\" data-image-caption=\"\" data-large-file=\"http:\/\/mos.kamienna-gora.pl\/wp-content\/uploads\/2019\/10\/20190917_094131-1024x768.jpg\" src=\"http:\/\/mos.kamienna-gora.pl\/wp-content\/uploads\/2019\/10\/20190917_094131-1024x768.jpg\" alt=\"\" class=\"wp-image-602\" srcset=\"http:\/\/mos.kamienna-gora.pl\/wp-content\/uploads\/2019\/10\/20190917_094131-1024x768.jpg 1024w, http:\/\/mos.kamienna-gora.pl\/wp-content\/uploads\/2019\/10\/20190917_094131-300x225.jpg 300w, http:\/\/mos.kamienna-gora.pl\/wp-content\/uploads\/2019\/10\/20190917_094131-768x576.jpg 768w, http:\/\/mos.kamienna-gora.pl\/wp-content\/uploads\/2019\/10\/20190917_094131-160x120.jpg 160w\" sizes=\"auto, (max-width: 1024px) 100vw, 1024px\" \/><\/figure>\n","protected":false},"excerpt":{"rendered":"<p>Dnia (wtorek, 17 wrze\u015bnia) na stadionie przy ulicy S\u0142owackiego w Kamiennej G\u00f3rze zosta\u0142y rozegrane zawody powiatowe w sztafetowych biegach prze\u0142ajowych&hellip;<\/p>\n","protected":false},"author":1,"featured_media":606,"comment_status":"open","ping_status":"open","sticky":false,"template":"","format":"standard","meta":{"jetpack_post_was_ever_published":false,"_jetpack_newsletter_access":"","_jetpack_dont_email_post_to_subs":false,"_jetpack_newsletter_tier_id":0,"_jetpack_memberships_contains_paywalled_content":false,"_jetpack_memberships_contains_paid_content":false,"footnotes":""},"categories":[1,7],"tags":[],"class_list":["post-601","post","type-post","status-publish","format-standard","has-post-thumbnail","hentry","category-wydarzenia","category-zawody-powiatowe"],"jetpack_featured_media_url":"http:\/\/mos.kamienna-gora.pl\/wp-content\/uploads\/2019\/10\/20190917_112715.jpg","jetpack_sharing_enabled":true,"jetpack_shortlink":"https:\/\/wp.me\/paEJ1v-9H","jetpack-related-posts":[],"_links":{"self":[{"href":"http:\/\/mos.kamienna-gora.pl\/index.php\/wp-json\/wp\/v2\/posts\/601","targetHints":{"allow":["GET"]}}],"collection":[{"href":"http:\/\/mos.kamienna-gora.pl\/index.php\/wp-json\/wp\/v2\/posts"}],"about":[{"href":"http:\/\/mos.kamienna-gora.pl\/index.php\/wp-json\/wp\/v2\/types\/post"}],"author":[{"embeddable":true,"href":"http:\/\/mos.kamienna-gora.pl\/index.php\/wp-json\/wp\/v2\/users\/1"}],"replies":[{"embeddable":true,"href":"http:\/\/mos.kamienna-gora.pl\/index.php\/wp-json\/wp\/v2\/comments?post=601"}],"version-history":[{"count":2,"href":"http:\/\/mos.kamienna-gora.pl\/index.php\/wp-json\/wp\/v2\/posts\/601\/revisions"}],"predecessor-version":[{"id":617,"href":"http:\/\/mos.kamienna-gora.pl\/index.php\/wp-json\/wp\/v2\/posts\/601\/revisions\/617"}],"wp:featuredmedia":[{"embeddable":true,"href":"http:\/\/mos.kamienna-gora.pl\/index.php\/wp-json\/wp\/v2\/media\/606"}],"wp:attachment":[{"href":"http:\/\/mos.kamienna-gora.pl\/index.php\/wp-json\/wp\/v2\/media?parent=601"}],"wp:term":[{"taxonomy":"category","embeddable":true,"href":"http:\/\/mos.kamienna-gora.pl\/index.php\/wp-json\/wp\/v2\/categories?post=601"},{"taxonomy":"post_tag","embeddable":true,"href":"http:\/\/mos.kamienna-gora.pl\/index.php\/wp-json\/wp\/v2\/tags?post=601"}],"curies":[{"name":"wp","href":"https:\/\/api.w.org\/{rel}","templated":true}]}}