{"id":651,"date":"2019-10-08T12:35:52","date_gmt":"2019-10-08T10:35:52","guid":{"rendered":"http:\/\/mos.kamienna-gora.pl\/?p=651"},"modified":"2019-10-08T12:52:51","modified_gmt":"2019-10-08T10:52:51","slug":"koszykowka-3x3-dziewczat-igrzyska-mlodziezy-szkolnej","status":"publish","type":"post","link":"http:\/\/mos.kamienna-gora.pl\/index.php\/2019\/10\/08\/koszykowka-3x3-dziewczat-igrzyska-mlodziezy-szkolnej\/","title":{"rendered":"Koszyk\u00f3wka 3&#215;3 dziewcz\u0105t &#8211; Igrzyska M\u0142odzie\u017cy Szkolnej"},"content":{"rendered":"\n<p>Dnia 8.10.2019 r. w Szkole Podstawiowej nr 2 w Kamiennej G\u00f3rze odby\u0142y si\u0119 zawody powiatowe w koszyk\u00f3wce 3 x 3 dziewcz\u0105t. By\u0142y to zawody zorganizowane dla szk\u00f3\u0142\u00a0 podstawowych w ramach Igrzysk M\u0142odzie\u017cy Szkolnej<\/p>\n<p>W zawodach wzi\u0119\u0142y 4 szko\u0142y.<\/p>\n<p>Wyniki:<\/p>\n<p>SP Ptaszk\u00f3w \u00a0\u2013 SP 2 Kam. G\u00f3ra \u2013 0 : 2<\/p>\n<p>SP Lubawka \u2013 SP Marcisz\u00f3w \u2013 4 : 3<\/p>\n<p>SP Ptaszk\u00f3w \u2013 SP Lubawka\u00a0 &#8211;\u00a0 6 : 5<\/p>\n<p>SP Marcisz\u00f3w \u00a0\u2013 SP 2 Kam. G\u00f3ra &#8211;\u00a0 2\u00a0 : 4<\/p>\n<p>SP Marcisz\u00f3w \u2013 SP Ptaszk\u00f3w\u00a0 &#8211; 3 : 1<\/p>\n<p>SP 2 Kam. G\u00f3ra \u2013 SP Lubawka\u00a0 &#8211;\u00a0\u00a0 2 : 4<\/p>\n<p>cja ko\u0144cowa<\/p>\n<ol>\n<li><strong>SP Lubawka<\/strong><\/li>\n<li>SP 2 Kamienna G\u00f3ra<\/li>\n<li>SP Ptaszk\u00f3w<\/li>\n<li>SP Marcisz\u00f3w PK<\/li>\n<\/ol>\n<p>SP Lubawka b\u0119dzie reprezentowa\u0107 nasz powiat w zawodach strefowych, kt\u00f3re odb\u0119d\u0105 si\u0119 28.11.2019 r. w Jeleniej G\u00f3rze<\/p>\n\n\n\n<figure class=\"wp-block-image\"><img loading=\"lazy\" decoding=\"async\" width=\"1024\" height=\"576\" data-attachment-id=\"652\" data-permalink=\"http:\/\/mos.kamienna-gora.pl\/index.php\/2019\/10\/08\/koszykowka-3x3-dziewczat-igrzyska-mlodziezy-szkolnej\/20191008_094858\/\" data-orig-file=\"http:\/\/mos.kamienna-gora.pl\/wp-content\/uploads\/2019\/10\/20191008_094858.jpg\" data-orig-size=\"3264,1836\" data-comments-opened=\"1\" data-image-meta=\"{&quot;aperture&quot;:&quot;1.7&quot;,&quot;credit&quot;:&quot;&quot;,&quot;camera&quot;:&quot;SM-J530F&quot;,&quot;caption&quot;:&quot;&quot;,&quot;created_timestamp&quot;:&quot;1570528137&quot;,&quot;copyright&quot;:&quot;&quot;,&quot;focal_length&quot;:&quot;3.71&quot;,&quot;iso&quot;:&quot;200&quot;,&quot;shutter_speed&quot;:&quot;0.02&quot;,&quot;title&quot;:&quot;&quot;,&quot;orientation&quot;:&quot;1&quot;}\" data-image-title=\"20191008_094858\" data-image-description=\"\" data-image-caption=\"\" data-large-file=\"http:\/\/mos.kamienna-gora.pl\/wp-content\/uploads\/2019\/10\/20191008_094858-1024x576.jpg\" src=\"http:\/\/mos.kamienna-gora.pl\/wp-content\/uploads\/2019\/10\/20191008_094858-1024x576.jpg\" alt=\"\" class=\"wp-image-652\" srcset=\"http:\/\/mos.kamienna-gora.pl\/wp-content\/uploads\/2019\/10\/20191008_094858-1024x576.jpg 1024w, http:\/\/mos.kamienna-gora.pl\/wp-content\/uploads\/2019\/10\/20191008_094858-300x169.jpg 300w, http:\/\/mos.kamienna-gora.pl\/wp-content\/uploads\/2019\/10\/20191008_094858-768x432.jpg 768w, http:\/\/mos.kamienna-gora.pl\/wp-content\/uploads\/2019\/10\/20191008_094858-1140x641.jpg 1140w, http:\/\/mos.kamienna-gora.pl\/wp-content\/uploads\/2019\/10\/20191008_094858-720x405.jpg 720w\" sizes=\"auto, (max-width: 1024px) 100vw, 1024px\" \/><\/figure>\n\n\n\n<figure class=\"wp-block-image\"><img loading=\"lazy\" decoding=\"async\" width=\"1024\" height=\"576\" data-attachment-id=\"653\" data-permalink=\"http:\/\/mos.kamienna-gora.pl\/index.php\/2019\/10\/08\/koszykowka-3x3-dziewczat-igrzyska-mlodziezy-szkolnej\/20191008_110558\/\" data-orig-file=\"http:\/\/mos.kamienna-gora.pl\/wp-content\/uploads\/2019\/10\/20191008_110558.jpg\" data-orig-size=\"3264,1836\" data-comments-opened=\"1\" data-image-meta=\"{&quot;aperture&quot;:&quot;1.7&quot;,&quot;credit&quot;:&quot;&quot;,&quot;camera&quot;:&quot;SM-J530F&quot;,&quot;caption&quot;:&quot;&quot;,&quot;created_timestamp&quot;:&quot;1570532758&quot;,&quot;copyright&quot;:&quot;&quot;,&quot;focal_length&quot;:&quot;3.71&quot;,&quot;iso&quot;:&quot;80&quot;,&quot;shutter_speed&quot;:&quot;0.02&quot;,&quot;title&quot;:&quot;&quot;,&quot;orientation&quot;:&quot;1&quot;}\" data-image-title=\"20191008_110558\" data-image-description=\"\" data-image-caption=\"\" data-large-file=\"http:\/\/mos.kamienna-gora.pl\/wp-content\/uploads\/2019\/10\/20191008_110558-1024x576.jpg\" src=\"http:\/\/mos.kamienna-gora.pl\/wp-content\/uploads\/2019\/10\/20191008_110558-1024x576.jpg\" alt=\"\" class=\"wp-image-653\" srcset=\"http:\/\/mos.kamienna-gora.pl\/wp-content\/uploads\/2019\/10\/20191008_110558-1024x576.jpg 1024w, http:\/\/mos.kamienna-gora.pl\/wp-content\/uploads\/2019\/10\/20191008_110558-300x169.jpg 300w, http:\/\/mos.kamienna-gora.pl\/wp-content\/uploads\/2019\/10\/20191008_110558-768x432.jpg 768w, http:\/\/mos.kamienna-gora.pl\/wp-content\/uploads\/2019\/10\/20191008_110558-1140x641.jpg 1140w, http:\/\/mos.kamienna-gora.pl\/wp-content\/uploads\/2019\/10\/20191008_110558-720x405.jpg 720w\" sizes=\"auto, (max-width: 1024px) 100vw, 1024px\" \/><\/figure>\n\n\n\n\n\n<figure class=\"wp-block-image\"><img loading=\"lazy\" decoding=\"async\" width=\"1024\" height=\"576\" data-attachment-id=\"654\" data-permalink=\"http:\/\/mos.kamienna-gora.pl\/index.php\/2019\/10\/08\/koszykowka-3x3-dziewczat-igrzyska-mlodziezy-szkolnej\/20191008_110610\/\" data-orig-file=\"http:\/\/mos.kamienna-gora.pl\/wp-content\/uploads\/2019\/10\/20191008_110610.jpg\" data-orig-size=\"3264,1836\" data-comments-opened=\"1\" data-image-meta=\"{&quot;aperture&quot;:&quot;1.7&quot;,&quot;credit&quot;:&quot;&quot;,&quot;camera&quot;:&quot;SM-J530F&quot;,&quot;caption&quot;:&quot;&quot;,&quot;created_timestamp&quot;:&quot;1570532770&quot;,&quot;copyright&quot;:&quot;&quot;,&quot;focal_length&quot;:&quot;3.71&quot;,&quot;iso&quot;:&quot;64&quot;,&quot;shutter_speed&quot;:&quot;0.02&quot;,&quot;title&quot;:&quot;&quot;,&quot;orientation&quot;:&quot;1&quot;}\" data-image-title=\"20191008_110610\" data-image-description=\"\" data-image-caption=\"\" data-large-file=\"http:\/\/mos.kamienna-gora.pl\/wp-content\/uploads\/2019\/10\/20191008_110610-1024x576.jpg\" src=\"http:\/\/mos.kamienna-gora.pl\/wp-content\/uploads\/2019\/10\/20191008_110610-1024x576.jpg\" alt=\"\" class=\"wp-image-654\" srcset=\"http:\/\/mos.kamienna-gora.pl\/wp-content\/uploads\/2019\/10\/20191008_110610-1024x576.jpg 1024w, http:\/\/mos.kamienna-gora.pl\/wp-content\/uploads\/2019\/10\/20191008_110610-300x169.jpg 300w, http:\/\/mos.kamienna-gora.pl\/wp-content\/uploads\/2019\/10\/20191008_110610-768x432.jpg 768w, http:\/\/mos.kamienna-gora.pl\/wp-content\/uploads\/2019\/10\/20191008_110610-1140x641.jpg 1140w, http:\/\/mos.kamienna-gora.pl\/wp-content\/uploads\/2019\/10\/20191008_110610-720x405.jpg 720w\" sizes=\"auto, (max-width: 1024px) 100vw, 1024px\" \/><\/figure>\n\n\n\n<figure class=\"wp-block-image\"><img loading=\"lazy\" decoding=\"async\" width=\"1024\" height=\"576\" data-attachment-id=\"655\" data-permalink=\"http:\/\/mos.kamienna-gora.pl\/index.php\/2019\/10\/08\/koszykowka-3x3-dziewczat-igrzyska-mlodziezy-szkolnej\/20191008_110620\/\" data-orig-file=\"http:\/\/mos.kamienna-gora.pl\/wp-content\/uploads\/2019\/10\/20191008_110620.jpg\" data-orig-size=\"3264,1836\" data-comments-opened=\"1\" data-image-meta=\"{&quot;aperture&quot;:&quot;1.7&quot;,&quot;credit&quot;:&quot;&quot;,&quot;camera&quot;:&quot;SM-J530F&quot;,&quot;caption&quot;:&quot;&quot;,&quot;created_timestamp&quot;:&quot;1570532780&quot;,&quot;copyright&quot;:&quot;&quot;,&quot;focal_length&quot;:&quot;3.71&quot;,&quot;iso&quot;:&quot;64&quot;,&quot;shutter_speed&quot;:&quot;0.02&quot;,&quot;title&quot;:&quot;&quot;,&quot;orientation&quot;:&quot;1&quot;}\" data-image-title=\"20191008_110620\" data-image-description=\"\" data-image-caption=\"\" data-large-file=\"http:\/\/mos.kamienna-gora.pl\/wp-content\/uploads\/2019\/10\/20191008_110620-1024x576.jpg\" src=\"http:\/\/mos.kamienna-gora.pl\/wp-content\/uploads\/2019\/10\/20191008_110620-1024x576.jpg\" alt=\"\" class=\"wp-image-655\" srcset=\"http:\/\/mos.kamienna-gora.pl\/wp-content\/uploads\/2019\/10\/20191008_110620-1024x576.jpg 1024w, http:\/\/mos.kamienna-gora.pl\/wp-content\/uploads\/2019\/10\/20191008_110620-300x169.jpg 300w, http:\/\/mos.kamienna-gora.pl\/wp-content\/uploads\/2019\/10\/20191008_110620-768x432.jpg 768w, http:\/\/mos.kamienna-gora.pl\/wp-content\/uploads\/2019\/10\/20191008_110620-1140x641.jpg 1140w, http:\/\/mos.kamienna-gora.pl\/wp-content\/uploads\/2019\/10\/20191008_110620-720x405.jpg 720w\" sizes=\"auto, (max-width: 1024px) 100vw, 1024px\" \/><\/figure>\n\n\n\n<figure class=\"wp-block-image\"><img loading=\"lazy\" decoding=\"async\" width=\"1024\" height=\"576\" data-attachment-id=\"656\" data-permalink=\"http:\/\/mos.kamienna-gora.pl\/index.php\/2019\/10\/08\/koszykowka-3x3-dziewczat-igrzyska-mlodziezy-szkolnej\/20191008_115237\/\" data-orig-file=\"http:\/\/mos.kamienna-gora.pl\/wp-content\/uploads\/2019\/10\/20191008_115237.jpg\" data-orig-size=\"3264,1836\" data-comments-opened=\"1\" data-image-meta=\"{&quot;aperture&quot;:&quot;1.7&quot;,&quot;credit&quot;:&quot;&quot;,&quot;camera&quot;:&quot;SM-J530F&quot;,&quot;caption&quot;:&quot;&quot;,&quot;created_timestamp&quot;:&quot;1570535557&quot;,&quot;copyright&quot;:&quot;&quot;,&quot;focal_length&quot;:&quot;3.71&quot;,&quot;iso&quot;:&quot;200&quot;,&quot;shutter_speed&quot;:&quot;0.03030303030303&quot;,&quot;title&quot;:&quot;&quot;,&quot;orientation&quot;:&quot;1&quot;}\" data-image-title=\"20191008_115237\" data-image-description=\"\" data-image-caption=\"\" data-large-file=\"http:\/\/mos.kamienna-gora.pl\/wp-content\/uploads\/2019\/10\/20191008_115237-1024x576.jpg\" src=\"http:\/\/mos.kamienna-gora.pl\/wp-content\/uploads\/2019\/10\/20191008_115237-1024x576.jpg\" alt=\"\" class=\"wp-image-656\" srcset=\"http:\/\/mos.kamienna-gora.pl\/wp-content\/uploads\/2019\/10\/20191008_115237-1024x576.jpg 1024w, http:\/\/mos.kamienna-gora.pl\/wp-content\/uploads\/2019\/10\/20191008_115237-300x169.jpg 300w, http:\/\/mos.kamienna-gora.pl\/wp-content\/uploads\/2019\/10\/20191008_115237-768x432.jpg 768w, http:\/\/mos.kamienna-gora.pl\/wp-content\/uploads\/2019\/10\/20191008_115237-1140x641.jpg 1140w, http:\/\/mos.kamienna-gora.pl\/wp-content\/uploads\/2019\/10\/20191008_115237-720x405.jpg 720w\" sizes=\"auto, (max-width: 1024px) 100vw, 1024px\" \/><\/figure>\n","protected":false},"excerpt":{"rendered":"<p>Dnia 8.10.2019 r. w Szkole Podstawiowej nr 2 w Kamiennej G\u00f3rze odby\u0142y si\u0119 zawody powiatowe w koszyk\u00f3wce 3 x 3&hellip;<\/p>\n","protected":false},"author":1,"featured_media":656,"comment_status":"open","ping_status":"open","sticky":false,"template":"","format":"standard","meta":{"jetpack_post_was_ever_published":false,"_jetpack_newsletter_access":"","_jetpack_dont_email_post_to_subs":false,"_jetpack_newsletter_tier_id":0,"_jetpack_memberships_contains_paywalled_content":false,"_jetpack_memberships_contains_paid_content":false,"footnotes":""},"categories":[1,7],"tags":[],"class_list":["post-651","post","type-post","status-publish","format-standard","has-post-thumbnail","hentry","category-wydarzenia","category-zawody-powiatowe"],"jetpack_featured_media_url":"http:\/\/mos.kamienna-gora.pl\/wp-content\/uploads\/2019\/10\/20191008_115237.jpg","jetpack_sharing_enabled":true,"jetpack_shortlink":"https:\/\/wp.me\/paEJ1v-av","jetpack-related-posts":[],"_links":{"self":[{"href":"http:\/\/mos.kamienna-gora.pl\/index.php\/wp-json\/wp\/v2\/posts\/651","targetHints":{"allow":["GET"]}}],"collection":[{"href":"http:\/\/mos.kamienna-gora.pl\/index.php\/wp-json\/wp\/v2\/posts"}],"about":[{"href":"http:\/\/mos.kamienna-gora.pl\/index.php\/wp-json\/wp\/v2\/types\/post"}],"author":[{"embeddable":true,"href":"http:\/\/mos.kamienna-gora.pl\/index.php\/wp-json\/wp\/v2\/users\/1"}],"replies":[{"embeddable":true,"href":"http:\/\/mos.kamienna-gora.pl\/index.php\/wp-json\/wp\/v2\/comments?post=651"}],"version-history":[{"count":3,"href":"http:\/\/mos.kamienna-gora.pl\/index.php\/wp-json\/wp\/v2\/posts\/651\/revisions"}],"predecessor-version":[{"id":659,"href":"http:\/\/mos.kamienna-gora.pl\/index.php\/wp-json\/wp\/v2\/posts\/651\/revisions\/659"}],"wp:featuredmedia":[{"embeddable":true,"href":"http:\/\/mos.kamienna-gora.pl\/index.php\/wp-json\/wp\/v2\/media\/656"}],"wp:attachment":[{"href":"http:\/\/mos.kamienna-gora.pl\/index.php\/wp-json\/wp\/v2\/media?parent=651"}],"wp:term":[{"taxonomy":"category","embeddable":true,"href":"http:\/\/mos.kamienna-gora.pl\/index.php\/wp-json\/wp\/v2\/categories?post=651"},{"taxonomy":"post_tag","embeddable":true,"href":"http:\/\/mos.kamienna-gora.pl\/index.php\/wp-json\/wp\/v2\/tags?post=651"}],"curies":[{"name":"wp","href":"https:\/\/api.w.org\/{rel}","templated":true}]}}