{"id":882,"date":"2020-01-16T13:09:34","date_gmt":"2020-01-16T12:09:34","guid":{"rendered":"http:\/\/mos.kamienna-gora.pl\/?p=882"},"modified":"2020-01-16T13:09:34","modified_gmt":"2020-01-16T12:09:34","slug":"polfinal-strefy-jeleniogorskiej-w-pilce-siatkowej-chlopcow-licealiada","status":"publish","type":"post","link":"http:\/\/mos.kamienna-gora.pl\/index.php\/2020\/01\/16\/polfinal-strefy-jeleniogorskiej-w-pilce-siatkowej-chlopcow-licealiada\/","title":{"rendered":"P\u00f3\u0142fina\u0142 Strefy Jeleniog\u00f3rskiej w pi\u0142ce siatkowej ch\u0142opc\u00f3w &#8211; Licealiada"},"content":{"rendered":"\n<p>Dnia 16 stycznia 2020 roku na Sali gimnastycznej w Szkole Podstawowej nr 2 w Kamiennej G\u00f3rze odby\u0142 si\u0119 p\u00f3\u0142fina\u0142fina\u0142 Strefy Jeleniog\u00f3rskiej w pi\u0142ce siatkowej ch\u0142opc\u00f3w w ramach Licealiady.<\/p>\n<p>Wyniki spotka\u0144:<\/p>\n<ol>\n<li>LO Kamienna G\u00f3ra \u00a0\u2013 ZS Elektronik Jel. G\u00f3ra\u00a0 \u00a0 \u00a0 \u00a0 \u00a0 \u00a0 \u00a0 \u00a0 \u00a0 \u00a0 \u00a0 \u00a0 2 : 0 ( 15 : 14 )<\/li>\n<li>LO Kamienna G\u00f3ra \u2013 ZS Mirsk\u00a0 \u00a0 \u00a0 \u00a0 \u00a0 \u00a0 \u00a0 \u00a0 \u00a0 \u00a0 \u00a0 \u00a0 \u00a0 \u00a0 \u00a0 \u00a0 \u00a0 \u00a0 \u00a0 \u00a0 \u00a0 \u00a0 \u00a0 \u00a0 \u00a0 2 : 0 ( 15 : 21 )<\/li>\n<li>ZS Mirsk \u2013 ZS Elektronik\u00a0 Jel. G\u00f3ra\u00a0 \u00a0 \u00a0 \u00a0 \u00a0 \u00a0 \u00a0 \u00a0 \u00a0 \u00a0 \u00a0 \u00a0 \u00a0 \u00a0 \u00a0 \u00a0 \u00a0 \u00a0 \u00a0 \u00a0 \u00a0 \u00a00 : 2 ( 23 : 23 )<\/li>\n<\/ol>\n<p>Kolejno\u015b\u0107 ko\u0144cowa:<\/p>\n<ol>\n<li><strong>Liceum Og\u00f3lnokszta\u0142c\u0105ce Kamienna G\u00f3ra <\/strong><\/li>\n<li><strong>Zesp\u00f3\u0142 Szk\u00f3l Elektronicznych Jelenia G\u00f3ra<\/strong><\/li>\n<li>Zesp\u00f3\u0142 Szk\u00f3\u0142 w Mirsku<\/li>\n<\/ol>\n<p><strong>Liceum Og\u00f3lnokszta\u0142c\u0105ce Kamienna G\u00f3ra oraz Zesp\u00f3\u0142 Szk\u00f3l Elektronicznych Jelenia G\u00f3ra uzyska\u0142y awans do Fina\u0142u Strefy Jeleniog\u00f3rskiej, kt\u00f3ry odb\u0119dzie si\u0119 w Kamiennej <\/strong><\/p>\n\n\n\n<figure class=\"wp-block-image size-large\"><img loading=\"lazy\" decoding=\"async\" width=\"1024\" height=\"576\" data-attachment-id=\"883\" data-permalink=\"http:\/\/mos.kamienna-gora.pl\/index.php\/2020\/01\/16\/polfinal-strefy-jeleniogorskiej-w-pilce-siatkowej-chlopcow-licealiada\/20200116_092038\/\" data-orig-file=\"http:\/\/mos.kamienna-gora.pl\/wp-content\/uploads\/2020\/01\/20200116_092038-scaled.jpg\" data-orig-size=\"2560,1440\" data-comments-opened=\"1\" data-image-meta=\"{&quot;aperture&quot;:&quot;1.7&quot;,&quot;credit&quot;:&quot;&quot;,&quot;camera&quot;:&quot;SM-J530F&quot;,&quot;caption&quot;:&quot;&quot;,&quot;created_timestamp&quot;:&quot;1579166438&quot;,&quot;copyright&quot;:&quot;&quot;,&quot;focal_length&quot;:&quot;3.71&quot;,&quot;iso&quot;:&quot;100&quot;,&quot;shutter_speed&quot;:&quot;0.02&quot;,&quot;title&quot;:&quot;&quot;,&quot;orientation&quot;:&quot;1&quot;}\" data-image-title=\"20200116_092038\" data-image-description=\"\" data-image-caption=\"\" data-large-file=\"http:\/\/mos.kamienna-gora.pl\/wp-content\/uploads\/2020\/01\/20200116_092038-1024x576.jpg\" src=\"http:\/\/mos.kamienna-gora.pl\/wp-content\/uploads\/2020\/01\/20200116_092038-1024x576.jpg\" alt=\"\" class=\"wp-image-883\" srcset=\"http:\/\/mos.kamienna-gora.pl\/wp-content\/uploads\/2020\/01\/20200116_092038-1024x576.jpg 1024w, http:\/\/mos.kamienna-gora.pl\/wp-content\/uploads\/2020\/01\/20200116_092038-300x169.jpg 300w, http:\/\/mos.kamienna-gora.pl\/wp-content\/uploads\/2020\/01\/20200116_092038-768x432.jpg 768w, http:\/\/mos.kamienna-gora.pl\/wp-content\/uploads\/2020\/01\/20200116_092038-1536x864.jpg 1536w, http:\/\/mos.kamienna-gora.pl\/wp-content\/uploads\/2020\/01\/20200116_092038-2048x1152.jpg 2048w, http:\/\/mos.kamienna-gora.pl\/wp-content\/uploads\/2020\/01\/20200116_092038-1140x641.jpg 1140w, http:\/\/mos.kamienna-gora.pl\/wp-content\/uploads\/2020\/01\/20200116_092038-720x405.jpg 720w\" sizes=\"auto, (max-width: 1024px) 100vw, 1024px\" \/><\/figure>\n\n\n\n<figure class=\"wp-block-image size-large\"><img loading=\"lazy\" decoding=\"async\" width=\"1024\" height=\"576\" data-attachment-id=\"884\" data-permalink=\"http:\/\/mos.kamienna-gora.pl\/index.php\/2020\/01\/16\/polfinal-strefy-jeleniogorskiej-w-pilce-siatkowej-chlopcow-licealiada\/20200116_092047\/\" data-orig-file=\"http:\/\/mos.kamienna-gora.pl\/wp-content\/uploads\/2020\/01\/20200116_092047-scaled.jpg\" data-orig-size=\"2560,1440\" data-comments-opened=\"1\" data-image-meta=\"{&quot;aperture&quot;:&quot;1.7&quot;,&quot;credit&quot;:&quot;&quot;,&quot;camera&quot;:&quot;SM-J530F&quot;,&quot;caption&quot;:&quot;&quot;,&quot;created_timestamp&quot;:&quot;1579166447&quot;,&quot;copyright&quot;:&quot;&quot;,&quot;focal_length&quot;:&quot;3.71&quot;,&quot;iso&quot;:&quot;200&quot;,&quot;shutter_speed&quot;:&quot;0.02&quot;,&quot;title&quot;:&quot;&quot;,&quot;orientation&quot;:&quot;1&quot;}\" data-image-title=\"20200116_092047\" data-image-description=\"\" data-image-caption=\"\" data-large-file=\"http:\/\/mos.kamienna-gora.pl\/wp-content\/uploads\/2020\/01\/20200116_092047-1024x576.jpg\" src=\"http:\/\/mos.kamienna-gora.pl\/wp-content\/uploads\/2020\/01\/20200116_092047-1024x576.jpg\" alt=\"\" class=\"wp-image-884\" srcset=\"http:\/\/mos.kamienna-gora.pl\/wp-content\/uploads\/2020\/01\/20200116_092047-1024x576.jpg 1024w, http:\/\/mos.kamienna-gora.pl\/wp-content\/uploads\/2020\/01\/20200116_092047-300x169.jpg 300w, http:\/\/mos.kamienna-gora.pl\/wp-content\/uploads\/2020\/01\/20200116_092047-768x432.jpg 768w, http:\/\/mos.kamienna-gora.pl\/wp-content\/uploads\/2020\/01\/20200116_092047-1536x864.jpg 1536w, http:\/\/mos.kamienna-gora.pl\/wp-content\/uploads\/2020\/01\/20200116_092047-2048x1152.jpg 2048w, http:\/\/mos.kamienna-gora.pl\/wp-content\/uploads\/2020\/01\/20200116_092047-1140x641.jpg 1140w, http:\/\/mos.kamienna-gora.pl\/wp-content\/uploads\/2020\/01\/20200116_092047-720x405.jpg 720w\" sizes=\"auto, (max-width: 1024px) 100vw, 1024px\" \/><\/figure>\n\n\n\n<figure class=\"wp-block-image size-large\"><img loading=\"lazy\" decoding=\"async\" width=\"1024\" height=\"576\" data-attachment-id=\"885\" data-permalink=\"http:\/\/mos.kamienna-gora.pl\/index.php\/2020\/01\/16\/polfinal-strefy-jeleniogorskiej-w-pilce-siatkowej-chlopcow-licealiada\/20200116_092113\/\" data-orig-file=\"http:\/\/mos.kamienna-gora.pl\/wp-content\/uploads\/2020\/01\/20200116_092113-scaled.jpg\" data-orig-size=\"2560,1440\" data-comments-opened=\"1\" data-image-meta=\"{&quot;aperture&quot;:&quot;1.7&quot;,&quot;credit&quot;:&quot;&quot;,&quot;camera&quot;:&quot;SM-J530F&quot;,&quot;caption&quot;:&quot;&quot;,&quot;created_timestamp&quot;:&quot;1579166473&quot;,&quot;copyright&quot;:&quot;&quot;,&quot;focal_length&quot;:&quot;3.71&quot;,&quot;iso&quot;:&quot;125&quot;,&quot;shutter_speed&quot;:&quot;0.02&quot;,&quot;title&quot;:&quot;&quot;,&quot;orientation&quot;:&quot;1&quot;}\" data-image-title=\"20200116_092113\" data-image-description=\"\" data-image-caption=\"\" data-large-file=\"http:\/\/mos.kamienna-gora.pl\/wp-content\/uploads\/2020\/01\/20200116_092113-1024x576.jpg\" src=\"http:\/\/mos.kamienna-gora.pl\/wp-content\/uploads\/2020\/01\/20200116_092113-1024x576.jpg\" alt=\"\" class=\"wp-image-885\" srcset=\"http:\/\/mos.kamienna-gora.pl\/wp-content\/uploads\/2020\/01\/20200116_092113-1024x576.jpg 1024w, http:\/\/mos.kamienna-gora.pl\/wp-content\/uploads\/2020\/01\/20200116_092113-300x169.jpg 300w, http:\/\/mos.kamienna-gora.pl\/wp-content\/uploads\/2020\/01\/20200116_092113-768x432.jpg 768w, http:\/\/mos.kamienna-gora.pl\/wp-content\/uploads\/2020\/01\/20200116_092113-1536x864.jpg 1536w, http:\/\/mos.kamienna-gora.pl\/wp-content\/uploads\/2020\/01\/20200116_092113-2048x1152.jpg 2048w, http:\/\/mos.kamienna-gora.pl\/wp-content\/uploads\/2020\/01\/20200116_092113-1140x641.jpg 1140w, http:\/\/mos.kamienna-gora.pl\/wp-content\/uploads\/2020\/01\/20200116_092113-720x405.jpg 720w\" sizes=\"auto, (max-width: 1024px) 100vw, 1024px\" \/><\/figure>\n\n\n\n<figure class=\"wp-block-image size-large\"><img loading=\"lazy\" decoding=\"async\" width=\"1024\" height=\"576\" data-attachment-id=\"886\" data-permalink=\"http:\/\/mos.kamienna-gora.pl\/index.php\/2020\/01\/16\/polfinal-strefy-jeleniogorskiej-w-pilce-siatkowej-chlopcow-licealiada\/20200116_092129\/\" data-orig-file=\"http:\/\/mos.kamienna-gora.pl\/wp-content\/uploads\/2020\/01\/20200116_092129-scaled.jpg\" data-orig-size=\"2560,1440\" data-comments-opened=\"1\" data-image-meta=\"{&quot;aperture&quot;:&quot;1.7&quot;,&quot;credit&quot;:&quot;&quot;,&quot;camera&quot;:&quot;SM-J530F&quot;,&quot;caption&quot;:&quot;&quot;,&quot;created_timestamp&quot;:&quot;1579166489&quot;,&quot;copyright&quot;:&quot;&quot;,&quot;focal_length&quot;:&quot;3.71&quot;,&quot;iso&quot;:&quot;100&quot;,&quot;shutter_speed&quot;:&quot;0.02&quot;,&quot;title&quot;:&quot;&quot;,&quot;orientation&quot;:&quot;1&quot;}\" data-image-title=\"20200116_092129\" data-image-description=\"\" data-image-caption=\"\" data-large-file=\"http:\/\/mos.kamienna-gora.pl\/wp-content\/uploads\/2020\/01\/20200116_092129-1024x576.jpg\" src=\"http:\/\/mos.kamienna-gora.pl\/wp-content\/uploads\/2020\/01\/20200116_092129-1024x576.jpg\" alt=\"\" class=\"wp-image-886\" srcset=\"http:\/\/mos.kamienna-gora.pl\/wp-content\/uploads\/2020\/01\/20200116_092129-1024x576.jpg 1024w, http:\/\/mos.kamienna-gora.pl\/wp-content\/uploads\/2020\/01\/20200116_092129-300x169.jpg 300w, http:\/\/mos.kamienna-gora.pl\/wp-content\/uploads\/2020\/01\/20200116_092129-768x432.jpg 768w, http:\/\/mos.kamienna-gora.pl\/wp-content\/uploads\/2020\/01\/20200116_092129-1536x864.jpg 1536w, http:\/\/mos.kamienna-gora.pl\/wp-content\/uploads\/2020\/01\/20200116_092129-2048x1152.jpg 2048w, http:\/\/mos.kamienna-gora.pl\/wp-content\/uploads\/2020\/01\/20200116_092129-1140x641.jpg 1140w, http:\/\/mos.kamienna-gora.pl\/wp-content\/uploads\/2020\/01\/20200116_092129-720x405.jpg 720w\" sizes=\"auto, (max-width: 1024px) 100vw, 1024px\" \/><\/figure>\n\n\n\n<figure class=\"wp-block-image size-large\"><img loading=\"lazy\" decoding=\"async\" width=\"1024\" height=\"576\" data-attachment-id=\"887\" data-permalink=\"http:\/\/mos.kamienna-gora.pl\/index.php\/2020\/01\/16\/polfinal-strefy-jeleniogorskiej-w-pilce-siatkowej-chlopcow-licealiada\/20200116_115040\/\" data-orig-file=\"http:\/\/mos.kamienna-gora.pl\/wp-content\/uploads\/2020\/01\/20200116_115040-scaled.jpg\" data-orig-size=\"2560,1440\" data-comments-opened=\"1\" data-image-meta=\"{&quot;aperture&quot;:&quot;1.7&quot;,&quot;credit&quot;:&quot;&quot;,&quot;camera&quot;:&quot;SM-J530F&quot;,&quot;caption&quot;:&quot;&quot;,&quot;created_timestamp&quot;:&quot;1579175440&quot;,&quot;copyright&quot;:&quot;&quot;,&quot;focal_length&quot;:&quot;3.71&quot;,&quot;iso&quot;:&quot;40&quot;,&quot;shutter_speed&quot;:&quot;0.0093457943925234&quot;,&quot;title&quot;:&quot;&quot;,&quot;orientation&quot;:&quot;1&quot;}\" data-image-title=\"20200116_115040\" data-image-description=\"\" data-image-caption=\"\" data-large-file=\"http:\/\/mos.kamienna-gora.pl\/wp-content\/uploads\/2020\/01\/20200116_115040-1024x576.jpg\" src=\"http:\/\/mos.kamienna-gora.pl\/wp-content\/uploads\/2020\/01\/20200116_115040-1024x576.jpg\" alt=\"\" class=\"wp-image-887\" srcset=\"http:\/\/mos.kamienna-gora.pl\/wp-content\/uploads\/2020\/01\/20200116_115040-1024x576.jpg 1024w, http:\/\/mos.kamienna-gora.pl\/wp-content\/uploads\/2020\/01\/20200116_115040-300x169.jpg 300w, http:\/\/mos.kamienna-gora.pl\/wp-content\/uploads\/2020\/01\/20200116_115040-768x432.jpg 768w, http:\/\/mos.kamienna-gora.pl\/wp-content\/uploads\/2020\/01\/20200116_115040-1536x864.jpg 1536w, http:\/\/mos.kamienna-gora.pl\/wp-content\/uploads\/2020\/01\/20200116_115040-2048x1152.jpg 2048w, http:\/\/mos.kamienna-gora.pl\/wp-content\/uploads\/2020\/01\/20200116_115040-1140x641.jpg 1140w, http:\/\/mos.kamienna-gora.pl\/wp-content\/uploads\/2020\/01\/20200116_115040-720x405.jpg 720w\" sizes=\"auto, (max-width: 1024px) 100vw, 1024px\" \/><\/figure>\n","protected":false},"excerpt":{"rendered":"<p>Dnia 16 stycznia 2020 roku na Sali gimnastycznej w Szkole Podstawowej nr 2 w Kamiennej G\u00f3rze odby\u0142 si\u0119 p\u00f3\u0142fina\u0142fina\u0142 Strefy&hellip;<\/p>\n","protected":false},"author":1,"featured_media":886,"comment_status":"open","ping_status":"open","sticky":false,"template":"","format":"standard","meta":{"jetpack_post_was_ever_published":false,"_jetpack_newsletter_access":"","_jetpack_dont_email_post_to_subs":false,"_jetpack_newsletter_tier_id":0,"_jetpack_memberships_contains_paywalled_content":false,"_jetpack_memberships_contains_paid_content":false,"footnotes":""},"categories":[1,8],"tags":[],"class_list":["post-882","post","type-post","status-publish","format-standard","has-post-thumbnail","hentry","category-wydarzenia","category-zawody-strefowe"],"jetpack_featured_media_url":"http:\/\/mos.kamienna-gora.pl\/wp-content\/uploads\/2020\/01\/20200116_092129-scaled.jpg","jetpack_sharing_enabled":true,"jetpack_shortlink":"https:\/\/wp.me\/paEJ1v-ee","jetpack-related-posts":[],"_links":{"self":[{"href":"http:\/\/mos.kamienna-gora.pl\/index.php\/wp-json\/wp\/v2\/posts\/882","targetHints":{"allow":["GET"]}}],"collection":[{"href":"http:\/\/mos.kamienna-gora.pl\/index.php\/wp-json\/wp\/v2\/posts"}],"about":[{"href":"http:\/\/mos.kamienna-gora.pl\/index.php\/wp-json\/wp\/v2\/types\/post"}],"author":[{"embeddable":true,"href":"http:\/\/mos.kamienna-gora.pl\/index.php\/wp-json\/wp\/v2\/users\/1"}],"replies":[{"embeddable":true,"href":"http:\/\/mos.kamienna-gora.pl\/index.php\/wp-json\/wp\/v2\/comments?post=882"}],"version-history":[{"count":1,"href":"http:\/\/mos.kamienna-gora.pl\/index.php\/wp-json\/wp\/v2\/posts\/882\/revisions"}],"predecessor-version":[{"id":888,"href":"http:\/\/mos.kamienna-gora.pl\/index.php\/wp-json\/wp\/v2\/posts\/882\/revisions\/888"}],"wp:featuredmedia":[{"embeddable":true,"href":"http:\/\/mos.kamienna-gora.pl\/index.php\/wp-json\/wp\/v2\/media\/886"}],"wp:attachment":[{"href":"http:\/\/mos.kamienna-gora.pl\/index.php\/wp-json\/wp\/v2\/media?parent=882"}],"wp:term":[{"taxonomy":"category","embeddable":true,"href":"http:\/\/mos.kamienna-gora.pl\/index.php\/wp-json\/wp\/v2\/categories?post=882"},{"taxonomy":"post_tag","embeddable":true,"href":"http:\/\/mos.kamienna-gora.pl\/index.php\/wp-json\/wp\/v2\/tags?post=882"}],"curies":[{"name":"wp","href":"https:\/\/api.w.org\/{rel}","templated":true}]}}