{"id":2024,"date":"2022-10-06T12:06:41","date_gmt":"2022-10-06T10:06:41","guid":{"rendered":"http:\/\/mos.kamienna-gora.pl\/?p=2024"},"modified":"2023-02-20T08:56:51","modified_gmt":"2023-02-20T07:56:51","slug":"final-powiatowy-w-unihokeju-chlopcow-w-imsz","status":"publish","type":"post","link":"https:\/\/mos.kamienna-gora.pl\/index.php\/2022\/10\/06\/final-powiatowy-w-unihokeju-chlopcow-w-imsz\/","title":{"rendered":"Fina\u0142 Powiatowy w unihokeju ch\u0142opc\u00f3w w IMS"},"content":{"rendered":"\n<p>Dnia 06 pa\u017adziernika 2022 r. \u00a0roku na Hali Sportowej w Lubawce odby\u0142 si\u0119 fina\u0142 powiatowy w unihokeju w ramach Igrzysk M\u0142odzie\u017cy Szkolnej w kategorii ch\u0142opc\u00f3w. Do rywalizacji przyst\u0105pi\u0142y 3 szko\u0142y. W turnieju gra\u0142 ka\u017cdy z ka\u017cdym a mecz trwa\u0142 3 x 5 min.<\/p>\n<p>W turnieju wzi\u0119\u0142y udzia\u0142 nast\u0119puj\u0105ce szko\u0142y:<\/p>\n<p>&#8211; SP Lubawka<\/p>\n<p>&#8211; SP 1 Kamienna G\u00f3ra<\/p>\n<p>&#8211; SP Krzesz\u00f3w<\/p>\n<p>Wyniki poszczeg\u00f3lnych spotka\u0144 dziewcz\u0119ta:<\/p>\n<ol>\n<li>SP 1 Kamienna G\u00f3ra \u2013 SP Krzesz\u00f3w\u00a0 0:6<\/li>\n<li>SP Lubawka \u2013 SP Krzesz\u00f3w\u00a0 \u00a02:2<\/li>\n<li>SP Lubawka \u2013 SP 1 Kamienna G\u00f3ra\u00a0 \u00a00:1<\/li>\n<\/ol>\n<p>Kolejno\u015b\u0107 ko\u0144cowa:<\/p>\n<ol>\n<li><strong>Szko\u0142a Podstawowa Krzesz\u00f3w<\/strong><\/li>\n<li>Szko\u0142a Podstawowa nr 1 w Kamiennej G\u00f3rze<\/li>\n<li>Szko\u0142a Podstawowa Lubawka<\/li>\n<\/ol>\n<p>Szko\u0142a Podstawowa z Krzeszowa oraz \u00a0gospodarz uzyska\u0142y awans do fina\u0142u strefy jeleniog\u00f3rskiej, kt\u00f3ry odb\u0119dzie si\u0119 w dniach 17.10.2022 r. w Lubawce.<\/p>\n<p>Sk\u0142ad SP Krzesz\u00f3w:<\/p>\n<p>Berdechowski Kacper, G\u0142owi\u0144ski Szymon, Homoncik Filip, Janor Damian, Kluczy\u0144ski Karol, Ksi\u0105\u017cek Szymon, Olszewski Gabriel, Pabis Jan, Wo\u017aniak Oliwier, Zaj\u0105c Bruno, opiekun \u2013 Szwaja Pawe\u0142<\/p>\n\n\n\n<figure class=\"wp-block-gallery has-nested-images columns-default is-cropped wp-block-gallery-1 is-layout-flex wp-block-gallery-is-layout-flex\">\n<figure class=\"wp-block-image size-large\"><img loading=\"lazy\" decoding=\"async\" width=\"2560\" height=\"1707\" data-attachment-id=\"2025\" data-permalink=\"https:\/\/mos.kamienna-gora.pl\/index.php\/2022\/10\/06\/final-powiatowy-w-unihokeju-chlopcow-w-imsz\/img_5988\/\" data-orig-file=\"https:\/\/mos.kamienna-gora.pl\/wp-content\/uploads\/2022\/10\/IMG_5988-scaled.jpg\" data-orig-size=\"2560,1707\" data-comments-opened=\"1\" data-image-meta=\"{&quot;aperture&quot;:&quot;3.5&quot;,&quot;credit&quot;:&quot;&quot;,&quot;camera&quot;:&quot;Canon EOS 4000D&quot;,&quot;caption&quot;:&quot;&quot;,&quot;created_timestamp&quot;:&quot;1665049198&quot;,&quot;copyright&quot;:&quot;&quot;,&quot;focal_length&quot;:&quot;18&quot;,&quot;iso&quot;:&quot;320&quot;,&quot;shutter_speed&quot;:&quot;0.0125&quot;,&quot;title&quot;:&quot;&quot;,&quot;orientation&quot;:&quot;1&quot;}\" data-image-title=\"IMG_5988\" data-image-description=\"\" data-image-caption=\"\" data-large-file=\"https:\/\/mos.kamienna-gora.pl\/wp-content\/uploads\/2022\/10\/IMG_5988-1024x683.jpg\" data-id=\"2025\" src=\"http:\/\/mos.kamienna-gora.pl\/wp-content\/uploads\/2022\/10\/IMG_5988-scaled.jpg\" alt=\"\" class=\"wp-image-2025\" srcset=\"https:\/\/mos.kamienna-gora.pl\/wp-content\/uploads\/2022\/10\/IMG_5988-scaled.jpg 2560w, https:\/\/mos.kamienna-gora.pl\/wp-content\/uploads\/2022\/10\/IMG_5988-300x200.jpg 300w, https:\/\/mos.kamienna-gora.pl\/wp-content\/uploads\/2022\/10\/IMG_5988-1024x683.jpg 1024w, https:\/\/mos.kamienna-gora.pl\/wp-content\/uploads\/2022\/10\/IMG_5988-768x512.jpg 768w, https:\/\/mos.kamienna-gora.pl\/wp-content\/uploads\/2022\/10\/IMG_5988-1536x1024.jpg 1536w, https:\/\/mos.kamienna-gora.pl\/wp-content\/uploads\/2022\/10\/IMG_5988-2048x1365.jpg 2048w\" sizes=\"auto, (max-width: 2560px) 100vw, 2560px\" \/><\/figure>\n<\/figure>\n\n\n\n<figure class=\"wp-block-gallery has-nested-images columns-default is-cropped wp-block-gallery-2 is-layout-flex wp-block-gallery-is-layout-flex\">\n<figure class=\"wp-block-image size-large\"><img loading=\"lazy\" decoding=\"async\" width=\"2560\" height=\"1707\" data-attachment-id=\"2026\" data-permalink=\"https:\/\/mos.kamienna-gora.pl\/index.php\/2022\/10\/06\/final-powiatowy-w-unihokeju-chlopcow-w-imsz\/img_5990\/\" data-orig-file=\"https:\/\/mos.kamienna-gora.pl\/wp-content\/uploads\/2022\/10\/IMG_5990-scaled.jpg\" data-orig-size=\"2560,1707\" data-comments-opened=\"1\" data-image-meta=\"{&quot;aperture&quot;:&quot;3.5&quot;,&quot;credit&quot;:&quot;&quot;,&quot;camera&quot;:&quot;Canon EOS 4000D&quot;,&quot;caption&quot;:&quot;&quot;,&quot;created_timestamp&quot;:&quot;1665049207&quot;,&quot;copyright&quot;:&quot;&quot;,&quot;focal_length&quot;:&quot;20&quot;,&quot;iso&quot;:&quot;640&quot;,&quot;shutter_speed&quot;:&quot;0.016666666666667&quot;,&quot;title&quot;:&quot;&quot;,&quot;orientation&quot;:&quot;1&quot;}\" data-image-title=\"IMG_5990\" data-image-description=\"\" data-image-caption=\"\" data-large-file=\"https:\/\/mos.kamienna-gora.pl\/wp-content\/uploads\/2022\/10\/IMG_5990-1024x683.jpg\" data-id=\"2026\" src=\"http:\/\/mos.kamienna-gora.pl\/wp-content\/uploads\/2022\/10\/IMG_5990-scaled.jpg\" alt=\"\" class=\"wp-image-2026\" srcset=\"https:\/\/mos.kamienna-gora.pl\/wp-content\/uploads\/2022\/10\/IMG_5990-scaled.jpg 2560w, https:\/\/mos.kamienna-gora.pl\/wp-content\/uploads\/2022\/10\/IMG_5990-300x200.jpg 300w, https:\/\/mos.kamienna-gora.pl\/wp-content\/uploads\/2022\/10\/IMG_5990-1024x683.jpg 1024w, https:\/\/mos.kamienna-gora.pl\/wp-content\/uploads\/2022\/10\/IMG_5990-768x512.jpg 768w, https:\/\/mos.kamienna-gora.pl\/wp-content\/uploads\/2022\/10\/IMG_5990-1536x1024.jpg 1536w, https:\/\/mos.kamienna-gora.pl\/wp-content\/uploads\/2022\/10\/IMG_5990-2048x1365.jpg 2048w\" sizes=\"auto, (max-width: 2560px) 100vw, 2560px\" \/><\/figure>\n<\/figure>\n\n\n\n<figure class=\"wp-block-gallery has-nested-images columns-default is-cropped wp-block-gallery-3 is-layout-flex wp-block-gallery-is-layout-flex\">\n<figure class=\"wp-block-image size-large\"><img loading=\"lazy\" decoding=\"async\" width=\"2560\" height=\"1707\" data-attachment-id=\"2027\" data-permalink=\"https:\/\/mos.kamienna-gora.pl\/index.php\/2022\/10\/06\/final-powiatowy-w-unihokeju-chlopcow-w-imsz\/img_5996\/\" data-orig-file=\"https:\/\/mos.kamienna-gora.pl\/wp-content\/uploads\/2022\/10\/IMG_5996-scaled.jpg\" data-orig-size=\"2560,1707\" data-comments-opened=\"1\" data-image-meta=\"{&quot;aperture&quot;:&quot;3.5&quot;,&quot;credit&quot;:&quot;&quot;,&quot;camera&quot;:&quot;Canon EOS 4000D&quot;,&quot;caption&quot;:&quot;&quot;,&quot;created_timestamp&quot;:&quot;1665049625&quot;,&quot;copyright&quot;:&quot;&quot;,&quot;focal_length&quot;:&quot;20&quot;,&quot;iso&quot;:&quot;250&quot;,&quot;shutter_speed&quot;:&quot;0.016666666666667&quot;,&quot;title&quot;:&quot;&quot;,&quot;orientation&quot;:&quot;1&quot;}\" data-image-title=\"IMG_5996\" data-image-description=\"\" data-image-caption=\"\" data-large-file=\"https:\/\/mos.kamienna-gora.pl\/wp-content\/uploads\/2022\/10\/IMG_5996-1024x683.jpg\" data-id=\"2027\" src=\"http:\/\/mos.kamienna-gora.pl\/wp-content\/uploads\/2022\/10\/IMG_5996-scaled.jpg\" alt=\"\" class=\"wp-image-2027\" srcset=\"https:\/\/mos.kamienna-gora.pl\/wp-content\/uploads\/2022\/10\/IMG_5996-scaled.jpg 2560w, https:\/\/mos.kamienna-gora.pl\/wp-content\/uploads\/2022\/10\/IMG_5996-300x200.jpg 300w, https:\/\/mos.kamienna-gora.pl\/wp-content\/uploads\/2022\/10\/IMG_5996-1024x683.jpg 1024w, https:\/\/mos.kamienna-gora.pl\/wp-content\/uploads\/2022\/10\/IMG_5996-768x512.jpg 768w, https:\/\/mos.kamienna-gora.pl\/wp-content\/uploads\/2022\/10\/IMG_5996-1536x1024.jpg 1536w, https:\/\/mos.kamienna-gora.pl\/wp-content\/uploads\/2022\/10\/IMG_5996-2048x1365.jpg 2048w\" sizes=\"auto, (max-width: 2560px) 100vw, 2560px\" \/><\/figure>\n<\/figure>\n\n\n\n<figure class=\"wp-block-gallery has-nested-images columns-default is-cropped wp-block-gallery-4 is-layout-flex wp-block-gallery-is-layout-flex\">\n<figure class=\"wp-block-image size-large\"><img loading=\"lazy\" decoding=\"async\" width=\"2560\" height=\"1707\" data-attachment-id=\"2028\" data-permalink=\"https:\/\/mos.kamienna-gora.pl\/index.php\/2022\/10\/06\/final-powiatowy-w-unihokeju-chlopcow-w-imsz\/img_6009\/\" data-orig-file=\"https:\/\/mos.kamienna-gora.pl\/wp-content\/uploads\/2022\/10\/IMG_6009-scaled.jpg\" data-orig-size=\"2560,1707\" data-comments-opened=\"1\" data-image-meta=\"{&quot;aperture&quot;:&quot;3.5&quot;,&quot;credit&quot;:&quot;&quot;,&quot;camera&quot;:&quot;Canon EOS 4000D&quot;,&quot;caption&quot;:&quot;&quot;,&quot;created_timestamp&quot;:&quot;1665050220&quot;,&quot;copyright&quot;:&quot;&quot;,&quot;focal_length&quot;:&quot;18&quot;,&quot;iso&quot;:&quot;200&quot;,&quot;shutter_speed&quot;:&quot;0.016666666666667&quot;,&quot;title&quot;:&quot;&quot;,&quot;orientation&quot;:&quot;1&quot;}\" data-image-title=\"IMG_6009\" data-image-description=\"\" data-image-caption=\"\" data-large-file=\"https:\/\/mos.kamienna-gora.pl\/wp-content\/uploads\/2022\/10\/IMG_6009-1024x683.jpg\" data-id=\"2028\" src=\"http:\/\/mos.kamienna-gora.pl\/wp-content\/uploads\/2022\/10\/IMG_6009-scaled.jpg\" alt=\"\" class=\"wp-image-2028\" srcset=\"https:\/\/mos.kamienna-gora.pl\/wp-content\/uploads\/2022\/10\/IMG_6009-scaled.jpg 2560w, https:\/\/mos.kamienna-gora.pl\/wp-content\/uploads\/2022\/10\/IMG_6009-300x200.jpg 300w, https:\/\/mos.kamienna-gora.pl\/wp-content\/uploads\/2022\/10\/IMG_6009-1024x683.jpg 1024w, https:\/\/mos.kamienna-gora.pl\/wp-content\/uploads\/2022\/10\/IMG_6009-768x512.jpg 768w, https:\/\/mos.kamienna-gora.pl\/wp-content\/uploads\/2022\/10\/IMG_6009-1536x1024.jpg 1536w, https:\/\/mos.kamienna-gora.pl\/wp-content\/uploads\/2022\/10\/IMG_6009-2048x1365.jpg 2048w\" sizes=\"auto, (max-width: 2560px) 100vw, 2560px\" \/><\/figure>\n<\/figure>\n","protected":false},"excerpt":{"rendered":"<p>Dnia 06 pa\u017adziernika 2022 r. \u00a0roku na Hali Sportowej w Lubawce odby\u0142 si\u0119 fina\u0142 powiatowy w unihokeju w ramach Igrzysk&hellip;<\/p>\n","protected":false},"author":1,"featured_media":2411,"comment_status":"open","ping_status":"open","sticky":false,"template":"","format":"standard","meta":{"jetpack_post_was_ever_published":false,"_jetpack_newsletter_access":"","_jetpack_dont_email_post_to_subs":false,"_jetpack_newsletter_tier_id":0,"_jetpack_memberships_contains_paywalled_content":false,"_jetpack_memberships_contains_paid_content":false,"footnotes":""},"categories":[1,7],"tags":[],"class_list":["post-2024","post","type-post","status-publish","format-standard","has-post-thumbnail","hentry","category-wydarzenia","category-zawody-powiatowe"],"jetpack_featured_media_url":"https:\/\/mos.kamienna-gora.pl\/wp-content\/uploads\/2022\/10\/IMG_5990-1-scaled.jpg","jetpack_sharing_enabled":true,"jetpack_shortlink":"https:\/\/wp.me\/paEJ1v-wE","jetpack-related-posts":[],"_links":{"self":[{"href":"https:\/\/mos.kamienna-gora.pl\/index.php\/wp-json\/wp\/v2\/posts\/2024","targetHints":{"allow":["GET"]}}],"collection":[{"href":"https:\/\/mos.kamienna-gora.pl\/index.php\/wp-json\/wp\/v2\/posts"}],"about":[{"href":"https:\/\/mos.kamienna-gora.pl\/index.php\/wp-json\/wp\/v2\/types\/post"}],"author":[{"embeddable":true,"href":"https:\/\/mos.kamienna-gora.pl\/index.php\/wp-json\/wp\/v2\/users\/1"}],"replies":[{"embeddable":true,"href":"https:\/\/mos.kamienna-gora.pl\/index.php\/wp-json\/wp\/v2\/comments?post=2024"}],"version-history":[{"count":3,"href":"https:\/\/mos.kamienna-gora.pl\/index.php\/wp-json\/wp\/v2\/posts\/2024\/revisions"}],"predecessor-version":[{"id":2412,"href":"https:\/\/mos.kamienna-gora.pl\/index.php\/wp-json\/wp\/v2\/posts\/2024\/revisions\/2412"}],"wp:featuredmedia":[{"embeddable":true,"href":"https:\/\/mos.kamienna-gora.pl\/index.php\/wp-json\/wp\/v2\/media\/2411"}],"wp:attachment":[{"href":"https:\/\/mos.kamienna-gora.pl\/index.php\/wp-json\/wp\/v2\/media?parent=2024"}],"wp:term":[{"taxonomy":"category","embeddable":true,"href":"https:\/\/mos.kamienna-gora.pl\/index.php\/wp-json\/wp\/v2\/categories?post=2024"},{"taxonomy":"post_tag","embeddable":true,"href":"https:\/\/mos.kamienna-gora.pl\/index.php\/wp-json\/wp\/v2\/tags?post=2024"}],"curies":[{"name":"wp","href":"https:\/\/api.w.org\/{rel}","templated":true}]}}