{"id":2250,"date":"2023-01-04T13:10:45","date_gmt":"2023-01-04T12:10:45","guid":{"rendered":"http:\/\/mos.kamienna-gora.pl\/?p=2250"},"modified":"2023-01-04T13:10:45","modified_gmt":"2023-01-04T12:10:45","slug":"final-powiatowy-w-halowej-pilce-noznej-dziewczat-i-chlopcow-szkol-ponadpodstawowych","status":"publish","type":"post","link":"https:\/\/mos.kamienna-gora.pl\/index.php\/2023\/01\/04\/final-powiatowy-w-halowej-pilce-noznej-dziewczat-i-chlopcow-szkol-ponadpodstawowych\/","title":{"rendered":"Fina\u0142 Powiatowy w halowej pi\u0142ce no\u017cnej dziewcz\u0105t i ch\u0142opc\u00f3w Szk\u00f3\u0142 Ponadpodstawowych"},"content":{"rendered":"\n\n\n<p>Dnia 04 stycznia 2023 roku na sali gimnastycznej Zespo\u0142u Szk\u00f3\u0142 Zawodowych i Og\u00f3lnokszta\u0142c\u0105cych w Kamiennej G\u00f3rze odby\u0142 si\u0119 fina\u0142 powiatowy w halowej pi\u0142ce no\u017cnej dziewcz\u0105t, oraz ch\u0142opc\u00f3w w ramach Licealiady. Mecze rozegrane zosta\u0142 w czasie 2 x 15 dziewcz\u0119ta , oraz 2 x 20 min ch\u0142opcy.<\/p>\n<p>Wyniki spotka\u0144:<\/p>\n<p><strong>Dziewcz\u0119ta:<\/strong><\/p>\n<p>ZSZ i O Kamienna G\u00f3ra \u00a0\u2013 LO Kamienna G\u00f3ra \u00a0\u00a0\u00a0\u00a0\u00a0\u00a0\u00a0\u00a0\u00a0\u00a0\u00a0\u00a0\u00a0\u00a0\u00a0\u00a0\u00a0\u00a0\u00a0\u00a0\u00a0\u00a0\u00a0\u00a0\u00a0\u00a0\u00a0\u00a0 4 : 1<\/p>\n<p>Kolejno\u015b\u0107 ko\u0144cowa:<strong>\u00a0 \u00a0 \u00a0 \u00a0 \u00a0 \u00a0 \u00a0 \u00a0 \u00a0 \u00a0 \u00a0 \u00a0 \u00a0 \u00a0 \u00a0 \u00a0 \u00a0 \u00a0 \u00a0 \u00a0 \u00a0 \u00a0 \u00a0 \u00a0 \u00a0 \u00a0 \u00a0 \u00a0<\/strong><\/p>\n<ol>\n<li><strong>Zesp\u00f3\u0142 Szk\u00f3\u0142 Zawodowych i Og\u00f3lnokszta\u0142c\u0105cych Kamienna G\u00f3ra <\/strong><\/li>\n<li>Liceum Og\u00f3lnokszta\u0142c\u0105ce Kamienna G\u00f3ra<\/li>\n<\/ol>\n<p>ZSZ i O Kamienna G\u00f3ra \u00a0\u2013 LO Kamienna G\u00f3ra \u00a0\u00a0\u00a0\u00a0\u00a0\u00a0\u00a0\u00a0\u00a0\u00a0\u00a0\u00a0\u00a0\u00a0\u00a0\u00a0\u00a0\u00a0\u00a0\u00a0\u00a0\u00a0\u00a0\u00a0\u00a0\u00a0\u00a0\u00a0 5 : 1<\/p>\n<p>Kolejno\u015b\u0107 ko\u0144cowa:<strong>\u00a0 \u00a0 \u00a0 \u00a0 \u00a0 \u00a0 \u00a0 \u00a0 \u00a0 \u00a0 \u00a0 \u00a0 \u00a0 \u00a0 \u00a0 \u00a0 \u00a0 \u00a0 \u00a0 \u00a0 \u00a0 \u00a0 \u00a0 \u00a0 \u00a0 \u00a0 \u00a0 \u00a0 \u00a0<\/strong><\/p>\n<ol>\n<li><strong>Zesp\u00f3\u0142 Szk\u00f3\u0142 Zawodowych i Og\u00f3lnokszta\u0142c\u0105cych Kamienna G\u00f3ra <\/strong><\/li>\n<li>Liceum Og\u00f3lnokszta\u0142c\u0105ce Kamienna G\u00f3ra<\/li>\n<\/ol>\n<p>Zesp\u00f3\u0142 Szk\u00f3\u0142 Zawodowych i Og\u00f3lnokszta\u0142c\u0105cych z Kamiennej G\u00f3ry w\u015br\u00f3d dziewcz\u0105t uzyska\u0142y awans do fina\u0142u Strefy Jeleniog\u00f3rskiej. Zawody zostan\u0105 rozegrane 27.01.2022 r. w Lubaniu 27.02.2023 r.<\/p>\n<p>Zesp\u00f3\u0142 Szk\u00f3\u0142 Zawodowych i Og\u00f3lnokszta\u0142c\u0105cych z Kamiennej G\u00f3ry w\u015br\u00f3d ch\u0142opc\u00f3w uzyskali awans do fina\u0142u Strefy Jeleniog\u00f3rskiej. Zawody zostan\u0105 rozegrane w Boles\u0142awcu 28.02.2023 r.<\/p>\n<p>Sk\u0142ad dziewcz\u0119ta:<\/p>\n<p>ZSZ i O Kamienna G\u00f3ra:<\/p>\n<p>Kami\u0144ska Alicja, Ko\u0142odziej Julia, Kulig Karolina, Liber Sylwia, Mika Estera, Morawska Karolina, Pachelska Alicja, Pokrzywa Martyna,Szczepanik Alicja, Szostak Anna, opiekun \u2013 Piotr Lema<\/p>\n<p>LO Kamienna G\u00f3ra:<\/p>\n<p>Arendarczyk Kornelia, Bagniuk Anna, Bochenek Emilia, Gotowt Zofia, Makowska Iwona Motyka Aleksandra, Motyka Martyna, Pa\u017adzior Anna, Potrawska Wiktoria, Skowro\u0144ska Anna , opiekun \u2013 Jaros\u0142aw Kawerski<\/p>\n<p>Sk\u0142ad ch\u0142opcy:<\/p>\n<p>ZSZ i O kamienna G\u00f3ra:<\/p>\n<p>Bo\u0142oz Jacek, Burhardt Kamil, Ferenc Pawew\u0142, Gorczyca Hubert,m Grygiel Gabriel, Janik Arkadiusz, Michalik Marcel, Mora\u0144ski Tomasz, Piekarczyk Wojciech, Plata Fabian, opiekun \u2013 Tomasz W\u0105sowski<\/p>\n<p>LO Kamienna G\u00f3ra:<\/p>\n<p>Bielak Filip, Chodkowski Grzegorz, Grygiel Kacper, Kwiatkowski Filip, Pado\u0142 Mi\u0142osz, Pakiet Oktawian, Pawlik Micha\u0142, Pow\u0105zka Jakub, Rusiecki Jakub, Stawiarski Maciej, opiekun \u2013 Rafa\u0142 Por\u0119ba<\/p>\n<p>\u00a0<\/p>\n<p>\u00a0<\/p>\n<p>\u00a0<\/p>\n<p>\u00a0<\/p>\n<p>\u00a0<\/p>\n<p>\u00a0<\/p>\n\n\n\n<figure class=\"wp-block-gallery has-nested-images columns-default is-cropped wp-block-gallery-1 is-layout-flex wp-block-gallery-is-layout-flex\">\n<figure class=\"wp-block-image size-large\"><img loading=\"lazy\" decoding=\"async\" width=\"1024\" height=\"768\" data-attachment-id=\"2251\" data-permalink=\"https:\/\/mos.kamienna-gora.pl\/index.php\/2023\/01\/04\/final-powiatowy-w-halowej-pilce-noznej-dziewczat-i-chlopcow-szkol-ponadpodstawowych\/img-20230104-wa0002\/\" data-orig-file=\"https:\/\/mos.kamienna-gora.pl\/wp-content\/uploads\/2023\/01\/IMG-20230104-WA0002.jpg\" data-orig-size=\"1024,768\" data-comments-opened=\"1\" data-image-meta=\"{&quot;aperture&quot;:&quot;0&quot;,&quot;credit&quot;:&quot;&quot;,&quot;camera&quot;:&quot;&quot;,&quot;caption&quot;:&quot;&quot;,&quot;created_timestamp&quot;:&quot;0&quot;,&quot;copyright&quot;:&quot;&quot;,&quot;focal_length&quot;:&quot;0&quot;,&quot;iso&quot;:&quot;0&quot;,&quot;shutter_speed&quot;:&quot;0&quot;,&quot;title&quot;:&quot;&quot;,&quot;orientation&quot;:&quot;0&quot;}\" data-image-title=\"IMG-20230104-WA0002\" data-image-description=\"\" data-image-caption=\"\" data-large-file=\"https:\/\/mos.kamienna-gora.pl\/wp-content\/uploads\/2023\/01\/IMG-20230104-WA0002.jpg\" data-id=\"2251\" src=\"http:\/\/mos.kamienna-gora.pl\/wp-content\/uploads\/2023\/01\/IMG-20230104-WA0002.jpg\" alt=\"\" class=\"wp-image-2251\" srcset=\"https:\/\/mos.kamienna-gora.pl\/wp-content\/uploads\/2023\/01\/IMG-20230104-WA0002.jpg 1024w, https:\/\/mos.kamienna-gora.pl\/wp-content\/uploads\/2023\/01\/IMG-20230104-WA0002-300x225.jpg 300w, https:\/\/mos.kamienna-gora.pl\/wp-content\/uploads\/2023\/01\/IMG-20230104-WA0002-768x576.jpg 768w, https:\/\/mos.kamienna-gora.pl\/wp-content\/uploads\/2023\/01\/IMG-20230104-WA0002-160x120.jpg 160w\" sizes=\"auto, (max-width: 1024px) 100vw, 1024px\" \/><\/figure>\n<\/figure>\n\n\n\n<figure class=\"wp-block-gallery has-nested-images columns-default is-cropped wp-block-gallery-2 is-layout-flex wp-block-gallery-is-layout-flex\">\n<figure class=\"wp-block-image size-large\"><img loading=\"lazy\" decoding=\"async\" width=\"1024\" height=\"768\" data-attachment-id=\"2252\" data-permalink=\"https:\/\/mos.kamienna-gora.pl\/index.php\/2023\/01\/04\/final-powiatowy-w-halowej-pilce-noznej-dziewczat-i-chlopcow-szkol-ponadpodstawowych\/img-20230104-wa00021\/\" data-orig-file=\"https:\/\/mos.kamienna-gora.pl\/wp-content\/uploads\/2023\/01\/IMG-20230104-WA00021.jpg\" data-orig-size=\"1024,768\" data-comments-opened=\"1\" data-image-meta=\"{&quot;aperture&quot;:&quot;0&quot;,&quot;credit&quot;:&quot;&quot;,&quot;camera&quot;:&quot;&quot;,&quot;caption&quot;:&quot;&quot;,&quot;created_timestamp&quot;:&quot;0&quot;,&quot;copyright&quot;:&quot;&quot;,&quot;focal_length&quot;:&quot;0&quot;,&quot;iso&quot;:&quot;0&quot;,&quot;shutter_speed&quot;:&quot;0&quot;,&quot;title&quot;:&quot;&quot;,&quot;orientation&quot;:&quot;0&quot;}\" data-image-title=\"IMG-20230104-WA0002(1)\" data-image-description=\"\" data-image-caption=\"\" data-large-file=\"https:\/\/mos.kamienna-gora.pl\/wp-content\/uploads\/2023\/01\/IMG-20230104-WA00021.jpg\" data-id=\"2252\" src=\"http:\/\/mos.kamienna-gora.pl\/wp-content\/uploads\/2023\/01\/IMG-20230104-WA00021.jpg\" alt=\"\" class=\"wp-image-2252\" srcset=\"https:\/\/mos.kamienna-gora.pl\/wp-content\/uploads\/2023\/01\/IMG-20230104-WA00021.jpg 1024w, https:\/\/mos.kamienna-gora.pl\/wp-content\/uploads\/2023\/01\/IMG-20230104-WA00021-300x225.jpg 300w, https:\/\/mos.kamienna-gora.pl\/wp-content\/uploads\/2023\/01\/IMG-20230104-WA00021-768x576.jpg 768w, https:\/\/mos.kamienna-gora.pl\/wp-content\/uploads\/2023\/01\/IMG-20230104-WA00021-160x120.jpg 160w\" sizes=\"auto, (max-width: 1024px) 100vw, 1024px\" \/><\/figure>\n<\/figure>\n\n\n\n<figure class=\"wp-block-gallery has-nested-images columns-default is-cropped wp-block-gallery-3 is-layout-flex wp-block-gallery-is-layout-flex\">\n<figure class=\"wp-block-image size-large\"><img loading=\"lazy\" decoding=\"async\" width=\"1024\" height=\"768\" data-attachment-id=\"2253\" data-permalink=\"https:\/\/mos.kamienna-gora.pl\/index.php\/2023\/01\/04\/final-powiatowy-w-halowej-pilce-noznej-dziewczat-i-chlopcow-szkol-ponadpodstawowych\/img_20230104_114748_resized_20230104_125658132\/\" data-orig-file=\"https:\/\/mos.kamienna-gora.pl\/wp-content\/uploads\/2023\/01\/IMG_20230104_114748_resized_20230104_125658132.jpg\" data-orig-size=\"2000,1500\" data-comments-opened=\"1\" data-image-meta=\"{&quot;aperture&quot;:&quot;0&quot;,&quot;credit&quot;:&quot;&quot;,&quot;camera&quot;:&quot;&quot;,&quot;caption&quot;:&quot;&quot;,&quot;created_timestamp&quot;:&quot;0&quot;,&quot;copyright&quot;:&quot;&quot;,&quot;focal_length&quot;:&quot;0&quot;,&quot;iso&quot;:&quot;0&quot;,&quot;shutter_speed&quot;:&quot;0&quot;,&quot;title&quot;:&quot;&quot;,&quot;orientation&quot;:&quot;0&quot;}\" data-image-title=\"IMG_20230104_114748_resized_20230104_125658132\" data-image-description=\"\" data-image-caption=\"\" data-large-file=\"https:\/\/mos.kamienna-gora.pl\/wp-content\/uploads\/2023\/01\/IMG_20230104_114748_resized_20230104_125658132-1024x768.jpg\" data-id=\"2253\" src=\"http:\/\/mos.kamienna-gora.pl\/wp-content\/uploads\/2023\/01\/IMG_20230104_114748_resized_20230104_125658132-1024x768.jpg\" alt=\"\" class=\"wp-image-2253\" srcset=\"https:\/\/mos.kamienna-gora.pl\/wp-content\/uploads\/2023\/01\/IMG_20230104_114748_resized_20230104_125658132-1024x768.jpg 1024w, https:\/\/mos.kamienna-gora.pl\/wp-content\/uploads\/2023\/01\/IMG_20230104_114748_resized_20230104_125658132-300x225.jpg 300w, https:\/\/mos.kamienna-gora.pl\/wp-content\/uploads\/2023\/01\/IMG_20230104_114748_resized_20230104_125658132-768x576.jpg 768w, https:\/\/mos.kamienna-gora.pl\/wp-content\/uploads\/2023\/01\/IMG_20230104_114748_resized_20230104_125658132-1536x1152.jpg 1536w, https:\/\/mos.kamienna-gora.pl\/wp-content\/uploads\/2023\/01\/IMG_20230104_114748_resized_20230104_125658132-160x120.jpg 160w, https:\/\/mos.kamienna-gora.pl\/wp-content\/uploads\/2023\/01\/IMG_20230104_114748_resized_20230104_125658132.jpg 2000w\" sizes=\"auto, (max-width: 1024px) 100vw, 1024px\" \/><\/figure>\n<\/figure>\n\n\n\n<figure class=\"wp-block-gallery has-nested-images columns-default is-cropped wp-block-gallery-4 is-layout-flex wp-block-gallery-is-layout-flex\">\n<figure class=\"wp-block-image size-large\"><img loading=\"lazy\" decoding=\"async\" width=\"1024\" height=\"768\" data-attachment-id=\"2254\" data-permalink=\"https:\/\/mos.kamienna-gora.pl\/index.php\/2023\/01\/04\/final-powiatowy-w-halowej-pilce-noznej-dziewczat-i-chlopcow-szkol-ponadpodstawowych\/img_20230104_105507_resized_20230104_125659100\/\" data-orig-file=\"https:\/\/mos.kamienna-gora.pl\/wp-content\/uploads\/2023\/01\/IMG_20230104_105507_resized_20230104_125659100.jpg\" data-orig-size=\"2000,1500\" data-comments-opened=\"1\" data-image-meta=\"{&quot;aperture&quot;:&quot;0&quot;,&quot;credit&quot;:&quot;&quot;,&quot;camera&quot;:&quot;&quot;,&quot;caption&quot;:&quot;&quot;,&quot;created_timestamp&quot;:&quot;0&quot;,&quot;copyright&quot;:&quot;&quot;,&quot;focal_length&quot;:&quot;0&quot;,&quot;iso&quot;:&quot;0&quot;,&quot;shutter_speed&quot;:&quot;0&quot;,&quot;title&quot;:&quot;&quot;,&quot;orientation&quot;:&quot;0&quot;}\" data-image-title=\"IMG_20230104_105507_resized_20230104_125659100\" data-image-description=\"\" data-image-caption=\"\" data-large-file=\"https:\/\/mos.kamienna-gora.pl\/wp-content\/uploads\/2023\/01\/IMG_20230104_105507_resized_20230104_125659100-1024x768.jpg\" data-id=\"2254\" src=\"http:\/\/mos.kamienna-gora.pl\/wp-content\/uploads\/2023\/01\/IMG_20230104_105507_resized_20230104_125659100-1024x768.jpg\" alt=\"\" class=\"wp-image-2254\" srcset=\"https:\/\/mos.kamienna-gora.pl\/wp-content\/uploads\/2023\/01\/IMG_20230104_105507_resized_20230104_125659100-1024x768.jpg 1024w, https:\/\/mos.kamienna-gora.pl\/wp-content\/uploads\/2023\/01\/IMG_20230104_105507_resized_20230104_125659100-300x225.jpg 300w, https:\/\/mos.kamienna-gora.pl\/wp-content\/uploads\/2023\/01\/IMG_20230104_105507_resized_20230104_125659100-768x576.jpg 768w, https:\/\/mos.kamienna-gora.pl\/wp-content\/uploads\/2023\/01\/IMG_20230104_105507_resized_20230104_125659100-1536x1152.jpg 1536w, https:\/\/mos.kamienna-gora.pl\/wp-content\/uploads\/2023\/01\/IMG_20230104_105507_resized_20230104_125659100-160x120.jpg 160w, https:\/\/mos.kamienna-gora.pl\/wp-content\/uploads\/2023\/01\/IMG_20230104_105507_resized_20230104_125659100.jpg 2000w\" sizes=\"auto, (max-width: 1024px) 100vw, 1024px\" \/><\/figure>\n<\/figure>\n","protected":false},"excerpt":{"rendered":"<p>Dnia 04 stycznia 2023 roku na sali gimnastycznej Zespo\u0142u Szk\u00f3\u0142 Zawodowych i Og\u00f3lnokszta\u0142c\u0105cych w Kamiennej G\u00f3rze odby\u0142 si\u0119 fina\u0142 powiatowy&hellip;<\/p>\n","protected":false},"author":1,"featured_media":2251,"comment_status":"open","ping_status":"open","sticky":false,"template":"","format":"standard","meta":{"jetpack_post_was_ever_published":false,"_jetpack_newsletter_access":"","_jetpack_dont_email_post_to_subs":false,"_jetpack_newsletter_tier_id":0,"_jetpack_memberships_contains_paywalled_content":false,"_jetpack_memberships_contains_paid_content":false,"footnotes":""},"categories":[1,7],"tags":[],"class_list":["post-2250","post","type-post","status-publish","format-standard","has-post-thumbnail","hentry","category-wydarzenia","category-zawody-powiatowe"],"jetpack_featured_media_url":"https:\/\/mos.kamienna-gora.pl\/wp-content\/uploads\/2023\/01\/IMG-20230104-WA0002.jpg","jetpack_sharing_enabled":true,"jetpack_shortlink":"https:\/\/wp.me\/paEJ1v-Ai","jetpack-related-posts":[],"_links":{"self":[{"href":"https:\/\/mos.kamienna-gora.pl\/index.php\/wp-json\/wp\/v2\/posts\/2250","targetHints":{"allow":["GET"]}}],"collection":[{"href":"https:\/\/mos.kamienna-gora.pl\/index.php\/wp-json\/wp\/v2\/posts"}],"about":[{"href":"https:\/\/mos.kamienna-gora.pl\/index.php\/wp-json\/wp\/v2\/types\/post"}],"author":[{"embeddable":true,"href":"https:\/\/mos.kamienna-gora.pl\/index.php\/wp-json\/wp\/v2\/users\/1"}],"replies":[{"embeddable":true,"href":"https:\/\/mos.kamienna-gora.pl\/index.php\/wp-json\/wp\/v2\/comments?post=2250"}],"version-history":[{"count":1,"href":"https:\/\/mos.kamienna-gora.pl\/index.php\/wp-json\/wp\/v2\/posts\/2250\/revisions"}],"predecessor-version":[{"id":2255,"href":"https:\/\/mos.kamienna-gora.pl\/index.php\/wp-json\/wp\/v2\/posts\/2250\/revisions\/2255"}],"wp:featuredmedia":[{"embeddable":true,"href":"https:\/\/mos.kamienna-gora.pl\/index.php\/wp-json\/wp\/v2\/media\/2251"}],"wp:attachment":[{"href":"https:\/\/mos.kamienna-gora.pl\/index.php\/wp-json\/wp\/v2\/media?parent=2250"}],"wp:term":[{"taxonomy":"category","embeddable":true,"href":"https:\/\/mos.kamienna-gora.pl\/index.php\/wp-json\/wp\/v2\/categories?post=2250"},{"taxonomy":"post_tag","embeddable":true,"href":"https:\/\/mos.kamienna-gora.pl\/index.php\/wp-json\/wp\/v2\/tags?post=2250"}],"curies":[{"name":"wp","href":"https:\/\/api.w.org\/{rel}","templated":true}]}}